{"id":2067666,"date":"2026-07-29T00:00:00","date_gmt":"2026-07-28T21:00:00","guid":{"rendered":"https:\/\/analyse.optim.biz\/?p=2067666"},"modified":"2026-07-29T00:00:00","modified_gmt":"2026-07-28T21:00:00","slug":"fostul-primar-psd-din-nufaru-solomencu-scapa-prin-prescriptie-intr-un-dosar-de-fals-intelectual","status":"publish","type":"post","link":"https:\/\/analyse.optim.biz\/?p=2067666","title":{"rendered":"Fostul primar PSD din Nuf\u0103ru, Solomencu, scap\u0103 prin prescrip\u021bie \u00eentr-un dosar de fals intelectual"},"content":{"rendered":"<p>[analyse_image type=&#8221;featured&#8221; src=&#8221;https:\/\/ziaruldetulcea.ro\/wp-content\/uploads\/2026\/07\/Screenshot_20231011_111005_Facebook-640&#215;300.jpg&#8221;]<\/p>\n<div class=\"post\">\n<p><img loading=\"lazy\" decoding=\"async\" class=\"alignleft size-full wp-image-43905\" src=\"https:\/\/ziaruldetulcea.ro\/wp-content\/uploads\/2026\/07\/Screenshot_20231011_111005_Facebook.jpg\" alt width=\"1080\" height=\"1017\">Fostul primar PSD al comunei Nuf\u0103ru, Ciprian Ionu\u021b Solomencu, nu va mai r\u0103spunde penal \u00een dosarul \u00een care procurorii \u00eel acuzau de fals intelectual. Dup\u0103 aproape \u0219apte ani de la presupusele fapte \u0219i la aproximativ un an de la trimiterea \u00een judecat\u0103, Judec\u0103toria Tulcea a constatat c\u0103 a intervenit prescrip\u021bia r\u0103spunderii penale \u0219i a dispus \u00eencetarea procesului.<\/p>\n<p>Dosarul avea \u00een centrul s\u0103u un proces-verbal de recep\u021bie final\u0103 \u00eentocmit la 22 noiembrie 2019 pentru un imobil din localitatea Malcoci. Potrivit rechizitoriului, procurorii au sus\u021binut c\u0103 documentul atesta finalizarea lucr\u0103rilor, de\u0219i acestea nu ar fi fost executate \u00een condi\u021biile consemnate \u00een actul oficial.<\/p>\n<p>\u00cen acela\u0219i dosar au fost trimi\u0219i \u00een judecat\u0103 Ramona Boscenco, acuzat\u0103 de instigare la fals intelectual \u0219i uz de fals, precum \u0219i Nicolae T\u00eer\u0219\u0103 \u0219i Dumitru Albulesei, acuza\u021bi de fals intelectual.<\/p>\n<p>De\u0219i procesul penal s-a \u00eencheiat prin efectul prescrip\u021biei, instan\u021ba nu a l\u0103sat documentul contestat s\u0103 produc\u0103 \u00een continuare efecte juridice. Prin Hot\u0103r\u00e2rea nr. 881 din 8 iunie 2026, Judec\u0103toria Tulcea a dispus desfiin\u021barea total\u0103 a procesului-verbal de recep\u021bie final\u0103 nr. 1 din 22 noiembrie 2019 \u0219i comunicarea dispozitivului hot\u0103r\u00e2rii c\u0103tre Prim\u0103ria comunei Nuf\u0103ru.<\/p>\n<p>Solu\u021bia nu stabile\u0219te vinov\u0103\u021bia sau nevinov\u0103\u021bia inculpa\u021bilor. \u00cencetarea procesului penal prin prescrip\u021bie \u00eenseamn\u0103 c\u0103 instan\u021ba nu a mai putut analiza fondul acuza\u021biilor, deoarece termenul legal \u00een care statul putea exercita ac\u021biunea penal\u0103 expirase.<\/p>\n<p>Un nou dosar dup\u0103 condamnarea definitiv\u0103 din 2023<\/p>\n<p>Dosarul privind presupusul fals intelectual nu este singura cauz\u0103 penal\u0103 \u00een care numele fostului edil a ap\u0103rut \u00een ultimii ani.<\/p>\n<p>\u00cen octombrie 2023, Curtea de Apel Constan\u021ba a men\u021binut condamnarea pronun\u021bat\u0103 de Judec\u0103toria Tulcea prin care Ciprian Ionu\u021b Solomencu a primit un an de \u00eenchisoare cu suspendarea execut\u0103rii pentru conducerea unui autovehicul sub influen\u021ba alcoolului. Hot\u0103r\u00e2rea a r\u0103mas definitiv\u0103, iar fostul primar \u0219i-a pierdut mandatul dup\u0103 pronun\u021barea deciziei.<\/p>\n<p>Pe l\u00e2ng\u0103 aceste dosare, numele fostului edil a fost asociat \u0219i cu o procedur\u0103 administrativ\u0103 instrumentat\u0103 de Agen\u021bia Na\u021bional\u0103 de Integritate, care a constatat existen\u021ba unui conflict de interese administrativ. Aceste constat\u0103ri sunt distincte de r\u0103spunderea penal\u0103 \u0219i au propriul regim juridic.<\/p>\n<p>Prescrip\u021bia, problema care continu\u0103 s\u0103 afecteze justi\u021bia<\/p>\n<p>Cazul fostului primar din Nuf\u0103ru este unul dintre numeroasele dosare \u00een care instan\u021bele au fost obligate s\u0103 \u00eenceteze procesul penal ca urmare a intervenirii prescrip\u021biei r\u0103spunderii penale.<\/p>\n<p>\u00cen ultimii ani, deciziile Cur\u021bii Constitu\u021bionale privind \u00eentreruperea cursului prescrip\u021biei \u0219i interpretarea lor de c\u0103tre \u00cenalta Curte de Casa\u021bie \u0219i Justi\u021bie au avut ca efect \u00eenchiderea unui num\u0103r semnificativ de cauze penale \u00eenainte ca instan\u021bele s\u0103 mai poat\u0103 pronun\u021ba o hot\u0103r\u00e2re asupra fondului.<\/p>\n<p>Din perspectiva opiniei publice, astfel de situa\u021bii alimenteaz\u0103 percep\u021bia c\u0103 durata excesiv\u0103 a anchetelor \u0219i proceselor poate conduce la imposibilitatea tragerii la r\u0103spundere penal\u0103 a persoanelor trimise \u00een judecat\u0103. Din perspectiv\u0103 juridic\u0103, \u00eens\u0103, prescrip\u021bia este o institu\u021bie prev\u0103zut\u0103 de lege \u0219i trebuie aplicat\u0103 ori de c\u00e2te ori sunt \u00eendeplinite condi\u021biile legale.<\/p>\n<p>\u00cen dosarul de la Nuf\u0103ru, rezultatul este unul neobi\u0219nuit: procesul penal s-a \u00eenchis prin prescrip\u021bie, f\u0103r\u0103 o solu\u021bie asupra acuza\u021biilor, \u00eens\u0103 documentul aflat \u00een centrul anchetei a fost desfiin\u021bat prin hot\u0103r\u00e2rea instan\u021bei.<\/p>\n<\/div>\n<p>[analyse_source url=&#8221;https:\/\/ziaruldetulcea.ro\/fostul-primar-psd-din-nufaru-solomencu-scapa-prin-prescriptie-intr-un-dosar-de-fals-intelectual\/&#8221;]<\/p>\n","protected":false},"excerpt":{"rendered":"<p>[analyse_image type=&#8221;featured&#8221; src=&#8221;https:\/\/ziaruldetulcea.ro\/wp-content\/uploads\/2026\/07\/Screenshot_20231011_111005_Facebook-640&#215;300.jpg&#8221;] Fostul primar PSD al comunei Nuf\u0103ru, Ciprian Ionu\u021b Solomencu, nu va mai r\u0103spunde penal \u00een dosarul \u00een care procurorii \u00eel acuzau de fals intelectual. Dup\u0103 aproape \u0219apte ani de la presupusele fapte \u0219i la aproximativ un an de la trimiterea \u00een judecat\u0103, Judec\u0103toria Tulcea a constatat c\u0103 a intervenit prescrip\u021bia r\u0103spunderii penale [&hellip;]<\/p>\n","protected":false},"author":1,"featured_media":0,"comment_status":"open","ping_status":"","sticky":false,"template":"","format":"standard","meta":{"footnotes":""},"categories":[89],"tags":[226,205],"class_list":["post-2067666","post","type-post","status-publish","format-standard","hentry","category-romania","tag-crawlmanager","tag-ziaruldetulcea-ro"],"_links":{"self":[{"href":"https:\/\/analyse.optim.biz\/index.php?rest_route=\/wp\/v2\/posts\/2067666","targetHints":{"allow":["GET"]}}],"collection":[{"href":"https:\/\/analyse.optim.biz\/index.php?rest_route=\/wp\/v2\/posts"}],"about":[{"href":"https:\/\/analyse.optim.biz\/index.php?rest_route=\/wp\/v2\/types\/post"}],"author":[{"embeddable":true,"href":"https:\/\/analyse.optim.biz\/index.php?rest_route=\/wp\/v2\/users\/1"}],"replies":[{"embeddable":true,"href":"https:\/\/analyse.optim.biz\/index.php?rest_route=%2Fwp%2Fv2%2Fcomments&post=2067666"}],"version-history":[{"count":0,"href":"https:\/\/analyse.optim.biz\/index.php?rest_route=\/wp\/v2\/posts\/2067666\/revisions"}],"wp:attachment":[{"href":"https:\/\/analyse.optim.biz\/index.php?rest_route=%2Fwp%2Fv2%2Fmedia&parent=2067666"}],"wp:term":[{"taxonomy":"category","embeddable":true,"href":"https:\/\/analyse.optim.biz\/index.php?rest_route=%2Fwp%2Fv2%2Fcategories&post=2067666"},{"taxonomy":"post_tag","embeddable":true,"href":"https:\/\/analyse.optim.biz\/index.php?rest_route=%2Fwp%2Fv2%2Ftags&post=2067666"}],"curies":[{"name":"wp","href":"https:\/\/api.w.org\/{rel}","templated":true}]}}