{"id":2067633,"date":"2026-07-27T08:59:56","date_gmt":"2026-07-27T05:59:56","guid":{"rendered":"https:\/\/analyse.optim.biz\/?p=2067633"},"modified":"2026-07-27T08:59:56","modified_gmt":"2026-07-27T05:59:56","slug":"lume-lume-hai-la-tirg-intre-31-iulie-si-2-august-la-muzeul-satului-bucovinean-simbata-de-la-ora-18-00-va-concerta-fuego","status":"publish","type":"post","link":"https:\/\/analyse.optim.biz\/?p=2067633","title":{"rendered":"\u201dLume, lume\u2026 hai la t\u00eerg!\u201d, \u00eentre 31 iulie \u0219i 2 august, la Muzeul Satului Bucovinean. S\u00eemb\u0103t\u0103, de la ora 18.00, va concerta Fuego"},"content":{"rendered":"<p>[analyse_image type=&#8221;featured&#8221; src=&#8221;https:\/\/www.radiotop.ro\/img\/media\/2025\/09\/muzeul-satului-floare.jpg&#8221;]<\/p>\n<div class=\"entry-content no-share\">\n<div class=\"content-inner \">\n<p>Muzeul Satului Bucovinean g\u0103zduie\u0219te, \u00eentre 31 iulie \u0219i 2 august, o nou\u0103 edi\u021bie a evenimentului \u201dLume, lume\u2026 hai la t\u00eerg!\u201d. Pe uli\u021bele muzeului vor fi prezen\u021bi me\u0219teri populari din mai multe zone ale \u021b\u0103rii \u0219i din Republica Moldova, care vor expune obiecte realizate manual.<\/p>\n<p>Vizitatorii vor putea cump\u0103ra \u0219i produse tradi\u021bionale, printre care vinuri, cozonaci, zacusc\u0103, produse din lavand\u0103 \u0219i miere, dar \u0219i obiecte handmade \u0219i de anticariat.<\/p>\n<p>Programul artistic include, vineri, de la ora 18.00, mai multe momente sus\u021binute de arti\u0219ti \u0219i grupuri folclorice. S\u00eemb\u0103t\u0103, de la ora 16.00, vor evolua grupurile \u201dPlaiurile Preute\u0219tiului\u201d \u0219i \u201dMo\u0219tenitorii Bucovinei\u201d, iar de la ora 18.00 va avea loc concertul sus\u021binut de Fuego. Duminic\u0103, programul artistic \u00eencepe la ora 17.00.<\/p>\n<p>Accesul la eveniment cost\u0103 8 lei pentru adul\u021bi, 4 lei pentru pensionari \u0219i 2 lei pentru elevi \u0219i studen\u021bi. Manifestarea este organizat\u0103 de Muzeul Na\u021bional al Bucovinei, cu finan\u021barea Consiliului Jude\u021bean Suceava.<\/p>\n<p>\u00a0<\/p>\n<\/div>\n<\/div>\n<div class=\"content-inner \">\n<p>Muzeul Satului Bucovinean g\u0103zduie\u0219te, \u00eentre 31 iulie \u0219i 2 august, o nou\u0103 edi\u021bie a evenimentului \u201dLume, lume\u2026 hai la t\u00eerg!\u201d. Pe uli\u021bele muzeului vor fi prezen\u021bi me\u0219teri populari din mai multe zone ale \u021b\u0103rii \u0219i din Republica Moldova, care vor expune obiecte realizate manual.<\/p>\n<p>Vizitatorii vor putea cump\u0103ra \u0219i produse tradi\u021bionale, printre care vinuri, cozonaci, zacusc\u0103, produse din lavand\u0103 \u0219i miere, dar \u0219i obiecte handmade \u0219i de anticariat.<\/p>\n<p>Programul artistic include, vineri, de la ora 18.00, mai multe momente sus\u021binute de arti\u0219ti \u0219i grupuri folclorice. S\u00eemb\u0103t\u0103, de la ora 16.00, vor evolua grupurile \u201dPlaiurile Preute\u0219tiului\u201d \u0219i \u201dMo\u0219tenitorii Bucovinei\u201d, iar de la ora 18.00 va avea loc concertul sus\u021binut de Fuego. Duminic\u0103, programul artistic \u00eencepe la ora 17.00.<\/p>\n<p>Accesul la eveniment cost\u0103 8 lei pentru adul\u021bi, 4 lei pentru pensionari \u0219i 2 lei pentru elevi \u0219i studen\u021bi. Manifestarea este organizat\u0103 de Muzeul Na\u021bional al Bucovinei, cu finan\u021barea Consiliului Jude\u021bean Suceava.<\/p>\n<p>\u00a0<\/p>\n<\/div>\n<p>[analyse_source url=&#8221;https:\/\/www.radiotop.ro\/timp-liber\/lume-lume-hai-la-tirg-intre-31-iulie-si-2-august-la-muzeul-satului-bucovinean-simbata-de-la-ora-18-00-va-concerta-fuego.html&#8221;]<\/p>\n","protected":false},"excerpt":{"rendered":"<p>[analyse_image type=&#8221;featured&#8221; src=&#8221;https:\/\/www.radiotop.ro\/img\/media\/2025\/09\/muzeul-satului-floare.jpg&#8221;] Muzeul Satului Bucovinean g\u0103zduie\u0219te, \u00eentre 31 iulie \u0219i 2 august, o nou\u0103 edi\u021bie a evenimentului \u201dLume, lume\u2026 hai la t\u00eerg!\u201d. Pe uli\u021bele muzeului vor fi prezen\u021bi me\u0219teri populari din mai multe zone ale \u021b\u0103rii \u0219i din Republica Moldova, care vor expune obiecte realizate manual. Vizitatorii vor putea cump\u0103ra \u0219i produse tradi\u021bionale, printre [&hellip;]<\/p>\n","protected":false},"author":1,"featured_media":0,"comment_status":"open","ping_status":"","sticky":false,"template":"","format":"standard","meta":{"footnotes":""},"categories":[89],"tags":[226,163],"class_list":["post-2067633","post","type-post","status-publish","format-standard","hentry","category-romania","tag-crawlmanager","tag-radiotop-ro"],"_links":{"self":[{"href":"https:\/\/analyse.optim.biz\/index.php?rest_route=\/wp\/v2\/posts\/2067633","targetHints":{"allow":["GET"]}}],"collection":[{"href":"https:\/\/analyse.optim.biz\/index.php?rest_route=\/wp\/v2\/posts"}],"about":[{"href":"https:\/\/analyse.optim.biz\/index.php?rest_route=\/wp\/v2\/types\/post"}],"author":[{"embeddable":true,"href":"https:\/\/analyse.optim.biz\/index.php?rest_route=\/wp\/v2\/users\/1"}],"replies":[{"embeddable":true,"href":"https:\/\/analyse.optim.biz\/index.php?rest_route=%2Fwp%2Fv2%2Fcomments&post=2067633"}],"version-history":[{"count":0,"href":"https:\/\/analyse.optim.biz\/index.php?rest_route=\/wp\/v2\/posts\/2067633\/revisions"}],"wp:attachment":[{"href":"https:\/\/analyse.optim.biz\/index.php?rest_route=%2Fwp%2Fv2%2Fmedia&parent=2067633"}],"wp:term":[{"taxonomy":"category","embeddable":true,"href":"https:\/\/analyse.optim.biz\/index.php?rest_route=%2Fwp%2Fv2%2Fcategories&post=2067633"},{"taxonomy":"post_tag","embeddable":true,"href":"https:\/\/analyse.optim.biz\/index.php?rest_route=%2Fwp%2Fv2%2Ftags&post=2067633"}],"curies":[{"name":"wp","href":"https:\/\/api.w.org\/{rel}","templated":true}]}}