{"id":2067614,"date":"2026-07-29T13:15:55","date_gmt":"2026-07-29T10:15:55","guid":{"rendered":"https:\/\/analyse.optim.biz\/?p=2067614"},"modified":"2026-07-29T13:15:55","modified_gmt":"2026-07-29T10:15:55","slug":"drona-doborata-la-padina-a-fost-identificata-oficial-specialistii-mapn-confirma-ca-era-un-aparat-rusesc-de-tip-shahed","status":"publish","type":"post","link":"https:\/\/analyse.optim.biz\/?p=2067614","title":{"rendered":"Drona dobor\u00e2t\u0103 la Padina a fost identificat\u0103 oficial! Speciali\u0219tii MApN confirm\u0103 c\u0103 era un aparat rusesc de tip Shahed"},"content":{"rendered":"<p>[analyse_image type=&#8221;featured&#8221; src=&#8221;https:\/\/gazetabuzoiana.ro\/wp-content\/uploads\/2026\/07\/images-1.jpeg&#8221;]<\/p>\n<div class=\"entry-content entry clearfix\">\n<p class=\"wp-block-paragraph\">Speciali\u0219tii Ministerului Ap\u0103r\u0103rii Na\u021bionale au confirmat oficial c\u0103 drona dobor\u00e2t\u0103 pe 24 iulie \u00een zona comunei Padina, jude\u021bul Buz\u0103u, era un aparat de zbor f\u0103r\u0103 pilot de tip Shahed, utilizat de armata rus\u0103 \u00een atacurile asupra Ucrainei. Confirmarea vine \u00een urma expertizelor efectuate asupra fragmentelor recuperate din teren.<\/p>\n<p class=\"wp-block-paragraph\">Potrivit Parchetului Cur\u021bii de Apel Ploie\u0219ti, a fost deschis un dosar penal in rem pentru infrac\u021biunea de operare a unei aeronave \u00eentr-o zon\u0103 interzis\u0103, fapt\u0103 prev\u0103zut\u0103 de Codul Aerian. Ancheta este desf\u0103\u0219urat\u0103 dup\u0103 ce aeronava f\u0103r\u0103 pilot a p\u0103truns \u00een spa\u021biul aerian al Rom\u00e2niei \u0219i a fost neutralizat\u0103 de un avion F-16 al For\u021belor Aeriene Rom\u00e2ne.<\/p>\n<p class=\"wp-block-paragraph\">\u00cen zona Padina au fost descoperite fragmente ale dronei, dar \u0219i racheta interceptoare folosit\u0103 \u00een timpul misiunii. Toate componentele au fost ridicate de militari \u0219i analizate de speciali\u0219ti, concluziile confirm\u00e2nd c\u0103 este vorba despre o dron\u0103 kamikaze de fabrica\u021bie iranian\u0103, utilizat\u0103 de Federa\u021bia Rus\u0103 \u00een conflictul din Ucraina.<\/p>\n<p class=\"wp-block-paragraph\">\u00cen aceea\u0219i zi, dou\u0103 aeronave Eurofighter Typhoon ale For\u021belor Aeriene Italiene, aflate \u00een misiune de Poli\u021bie Aerian\u0103 NATO \u00een Rom\u00e2nia, au fost ridicate pentru interceptare, \u00eens\u0103 drona a fost \u00een cele din urm\u0103 dobor\u00e2t\u0103 de un F-16 rom\u00e2nesc, \u00eentr-o zon\u0103 nelocuit\u0103 din jude\u021bul Buz\u0103u. Ministrul interimar al Ap\u0103r\u0103rii, Radu Miru\u021b\u0103, a precizat c\u0103 interven\u021bia demonstreaz\u0103 capacitatea de reac\u021bie a for\u021belor rom\u00e2ne \u0219i eficien\u021ba procedurilor dezvoltate \u00een contextul amenin\u021b\u0103rilor generate de r\u0103zboiul din Ucraina.<\/p>\n<p class=\"wp-block-paragraph\">Incidentul de la Padina reprezint\u0103 unul dintre cele mai grave episoade de \u00eenc\u0103lcare a spa\u021biului aerian rom\u00e2nesc din ultima perioad\u0103 \u0219i a determinat autorit\u0103\u021bile s\u0103 intensifice m\u0103surile de monitorizare \u0219i reac\u021bie \u00een zona de est a \u021b\u0103rii.<\/p>\n<div class=\"post-bottom-meta post-bottom-tags post-tags-modern\">\n<div class=\"post-bottom-meta-title\"> Etichete<\/div>\n<p><span class=\"tagcloud\"><a href=\"https:\/\/gazetabuzoiana.ro\/tag\/buzau-2\/\" rel=\"tag\">Buz\u0103u<\/a><a href=\"https:\/\/gazetabuzoiana.ro\/tag\/drona-ruseasca\/\" rel=\"tag\">dron\u0103 ruseasc\u0103<\/a><a href=\"https:\/\/gazetabuzoiana.ro\/tag\/drona-shahed\/\" rel=\"tag\">dron\u0103 Shahed<\/a><a href=\"https:\/\/gazetabuzoiana.ro\/tag\/eurofighter-typhoon\/\" rel=\"tag\">Eurofighter Typhoon<\/a><a href=\"https:\/\/gazetabuzoiana.ro\/tag\/f-16\/\" rel=\"tag\">F-16<\/a><a href=\"https:\/\/gazetabuzoiana.ro\/tag\/mapn\/\" rel=\"tag\">MApN<\/a><a href=\"https:\/\/gazetabuzoiana.ro\/tag\/ministerul-apararii-nationale\/\" rel=\"tag\">Ministerul Ap\u0103r\u0103rii Na\u021bionale<\/a><a href=\"https:\/\/gazetabuzoiana.ro\/tag\/padina\/\" rel=\"tag\">Padina<\/a><a href=\"https:\/\/gazetabuzoiana.ro\/tag\/parchetul-curtii-de-apel-ploiesti\/\" rel=\"tag\">Parchetul Cur\u021bii de Apel Ploie\u0219ti<\/a><a href=\"https:\/\/gazetabuzoiana.ro\/tag\/politia-aeriana-nato\/\" rel=\"tag\">Poli\u021bia Aerian\u0103 NATO<\/a><a href=\"https:\/\/gazetabuzoiana.ro\/tag\/radu-miruta\/\" rel=\"tag\">Radu Miru\u021b\u0103<\/a><a href=\"https:\/\/gazetabuzoiana.ro\/tag\/romania\/\" rel=\"tag\">Rom\u00e2nia<\/a><a href=\"https:\/\/gazetabuzoiana.ro\/tag\/spatiu-aerian\/\" rel=\"tag\">spa\u021biu aerian<\/a><a href=\"https:\/\/gazetabuzoiana.ro\/tag\/ucraina\/\" rel=\"tag\">Ucraina<\/a><\/span><\/div>\n<\/div>\n<p>[analyse_source url=&#8221;https:\/\/gazetabuzoiana.ro\/2026\/07\/29\/drona-doborata-la-padina-a-fost-identificata-oficial-specialistii-mapn-confirma-ca-era-un-aparat-rusesc-de-tip-shahed\/&#8221;]<\/p>\n","protected":false},"excerpt":{"rendered":"<p>[analyse_image type=&#8221;featured&#8221; src=&#8221;https:\/\/gazetabuzoiana.ro\/wp-content\/uploads\/2026\/07\/images-1.jpeg&#8221;] Speciali\u0219tii Ministerului Ap\u0103r\u0103rii Na\u021bionale au confirmat oficial c\u0103 drona dobor\u00e2t\u0103 pe 24 iulie \u00een zona comunei Padina, jude\u021bul Buz\u0103u, era un aparat de zbor f\u0103r\u0103 pilot de tip Shahed, utilizat de armata rus\u0103 \u00een atacurile asupra Ucrainei. Confirmarea vine \u00een urma expertizelor efectuate asupra fragmentelor recuperate din teren. Potrivit Parchetului Cur\u021bii de [&hellip;]<\/p>\n","protected":false},"author":1,"featured_media":0,"comment_status":"open","ping_status":"","sticky":false,"template":"","format":"standard","meta":{"footnotes":""},"categories":[2],"tags":[226,38],"class_list":["post-2067614","post","type-post","status-publish","format-standard","hentry","category-politics","tag-crawlmanager","tag-gazetabuzoiana-ro"],"_links":{"self":[{"href":"https:\/\/analyse.optim.biz\/index.php?rest_route=\/wp\/v2\/posts\/2067614","targetHints":{"allow":["GET"]}}],"collection":[{"href":"https:\/\/analyse.optim.biz\/index.php?rest_route=\/wp\/v2\/posts"}],"about":[{"href":"https:\/\/analyse.optim.biz\/index.php?rest_route=\/wp\/v2\/types\/post"}],"author":[{"embeddable":true,"href":"https:\/\/analyse.optim.biz\/index.php?rest_route=\/wp\/v2\/users\/1"}],"replies":[{"embeddable":true,"href":"https:\/\/analyse.optim.biz\/index.php?rest_route=%2Fwp%2Fv2%2Fcomments&post=2067614"}],"version-history":[{"count":0,"href":"https:\/\/analyse.optim.biz\/index.php?rest_route=\/wp\/v2\/posts\/2067614\/revisions"}],"wp:attachment":[{"href":"https:\/\/analyse.optim.biz\/index.php?rest_route=%2Fwp%2Fv2%2Fmedia&parent=2067614"}],"wp:term":[{"taxonomy":"category","embeddable":true,"href":"https:\/\/analyse.optim.biz\/index.php?rest_route=%2Fwp%2Fv2%2Fcategories&post=2067614"},{"taxonomy":"post_tag","embeddable":true,"href":"https:\/\/analyse.optim.biz\/index.php?rest_route=%2Fwp%2Fv2%2Ftags&post=2067614"}],"curies":[{"name":"wp","href":"https:\/\/api.w.org\/{rel}","templated":true}]}}