{"id":2067336,"date":"2026-07-29T12:17:30","date_gmt":"2026-07-29T09:17:30","guid":{"rendered":"https:\/\/analyse.optim.biz\/?p=2067336"},"modified":"2026-07-29T12:17:30","modified_gmt":"2026-07-29T09:17:30","slug":"piata-mocioni-intra-in-santier-primaria-timisoara-a-semnat-contractul-de-aproape-40-de-milioane-de-lei","status":"publish","type":"post","link":"https:\/\/analyse.optim.biz\/?p=2067336","title":{"rendered":"Pia\u021ba Mocioni intr\u0103 \u00een \u0219antier. Prim\u0103ria Timi\u0219oara a semnat contractul de aproape 40 de milioane de lei"},"content":{"rendered":"<p>[analyse_image type=&#8221;featured&#8221; src=&#8221;https:\/\/orasul-timisoara.ro\/wp-content\/uploads\/2024\/12\/regenerare-urbana-mocioni.jpg&#8221;]<\/p>\n<article id=\"post-39919\" class=\"td-post-template-7 post-39919 post type-post status-publish format-standard has-post-thumbnail category-administratie category-featured category-investitii-in-timisoara category-stiri-timisoara tag-dominic-fritz tag-fonduri-europene tag-infrastructura-urbana tag-iosefin tag-piata-mocioni-2 tag-piata-sfanta-maria tag-porr-construct tag-primaria-timisoara-2 tag-programul-regional-vest tag-regenerare-urbana-2 tag-stiri-timisoara tag-timisoara-2 td-container-wrap\">\n<div class=\"td-full-screen-header-image-wrap\">\n<div class=\"td-container td-post-header\">\n<div class=\"td-crumb-container\">\n<div class=\"entry-crumbs\"><span><a title=\"Vede\u021bi toate articolele \u00een Administra\u021bie local\u0103\" class=\"entry-crumb\" href=\"https:\/\/orasul-timisoara.ro\/local-category\/administratie\/\">Administra\u021bie local\u0103<\/a><\/span><span class=\"td-bred-no-url-last\">Pia\u021ba Mocioni intr\u0103 \u00een \u0219antier. Prim\u0103ria Timi\u0219oara a semnat contractul de aproape&#8230;<\/span><\/div>\n<\/div>\n<div class=\"td-post-header-holder\">\n<div class=\"td-parallax-header\">\n<header class=\"td-post-title\">\n<ul class=\"td-category\">\n<li class=\"entry-category\"><a href=\"https:\/\/orasul-timisoara.ro\/local-category\/administratie\/\">Administra\u021bie local\u0103<\/a><\/li>\n<li class=\"entry-category\"><a href=\"https:\/\/orasul-timisoara.ro\/local-category\/investitii-in-timisoara\/\">Investitii in Timisoara<\/a><\/li>\n<li class=\"entry-category\"><a href=\"https:\/\/orasul-timisoara.ro\/local-category\/stiri-timisoara\/\">\u0218tiri Locale<\/a><\/li>\n<\/ul>\n<h1 class=\"entry-title\">Pia\u021ba Mocioni intr\u0103 \u00een \u0219antier. Prim\u0103ria Timi\u0219oara a semnat contractul de aproape 40 de milioane de lei<\/h1>\n<div class=\"td-module-meta-info\">\n<div class=\"td-post-author-name\">\n<div class=\"td-author-by\">De c\u0103tre<\/div>\n<p><a href=\"https:\/\/orasul-timisoara.ro\/author\/timisoara\/\">redactia<\/a><\/p>\n<div class=\"td-author-line\"> &#8211; <\/div>\n<\/div>\n<p><span class=\"td-post-date\"><time class=\"entry-date updated td-module-date\" datetime=\"2026-07-29T15:17:30+03:00\">29\/07\/2026<\/time><\/span><\/div>\n<\/header>\n<\/div>\n<\/div>\n<\/div>\n<div id=\"td-full-screen-header-image\" class=\"td-image-gradient-style7\"><img decoding=\"async\" class=\"td-backstretch\" src=\"https:\/\/orasul-timisoara.ro\/wp-content\/uploads\/2024\/12\/regenerare-urbana-mocioni.jpg\"><\/div>\n<\/div>\n<div class=\"td-container\">\n<div class=\"td-pb-row\">\n<div class=\"td-pb-span8 td-main-content\" role=\"main\">\n<div class=\"td-ss-main-content\">\n<div class=\"td-post-sharing-top\">\n<div class=\"td-post-sharing-classic\"><iframe title=\"topFacebookLike\" frameborder src=\"https:\/\/www.facebook.com\/plugins\/like.php?href=https:\/\/orasul-timisoara.ro\/local-39919\/&amp;layout=button_count&amp;show_faces=false&amp;width=105&amp;action=like&amp;colorscheme=light&amp;height=21\"><\/iframe><\/div>\n<div id=\"td_social_sharing_article_top\" class=\"td-post-sharing td-ps-bg td-ps-notext td-post-sharing-style1 \">\n<div class=\"td-post-sharing-visible\"><a class=\"td-social-sharing-button td-social-sharing-button-js td-social-network td-social-facebook\" href=\"https:\/\/www.facebook.com\/sharer.php?u=https%3A%2F%2Forasul-timisoara.ro%2Flocal-39919%2F\" title=\"Facebook\"><\/p>\n<div class=\"td-social-but-text\">Facebook<\/div>\n<p><\/a><a class=\"td-social-sharing-button td-social-sharing-button-js td-social-network td-social-twitter\" href=\"https:\/\/twitter.com\/intent\/tweet?text=Pia%C8%9Ba+Mocioni+intr%C4%83+%C3%AEn+%C8%99antier.+Prim%C4%83ria+Timi%C8%99oara+a+semnat+contractul+de+aproape+40+de+milioane+de+lei&amp;url=https%3A%2F%2Forasul-timisoara.ro%2Flocal-39919%2F&amp;via=orasultm\" title=\"Twitter\"><\/p>\n<div class=\"td-social-but-text\">Twitter<\/div>\n<p><\/a><a class=\"td-social-sharing-button td-social-sharing-button-js td-social-network td-social-whatsapp\" href=\"https:\/\/api.whatsapp.com\/send?text=Pia%C8%9Ba+Mocioni+intr%C4%83+%C3%AEn+%C8%99antier.+Prim%C4%83ria+Timi%C8%99oara+a+semnat+contractul+de+aproape+40+de+milioane+de+lei%20%0A%0A%20https:\/\/orasul-timisoara.ro\/local-39919\/\" title=\"WhatsApp\"><\/p>\n<div class=\"td-social-but-text\">WhatsApp<\/div>\n<p><\/a><a class=\"td-social-sharing-button td-social-sharing-button-js td-social-network td-social-linkedin\" href=\"https:\/\/www.linkedin.com\/shareArticle?mini=true&amp;url=https:\/\/orasul-timisoara.ro\/local-39919\/&amp;title=Pia%C8%9Ba+Mocioni+intr%C4%83+%C3%AEn+%C8%99antier.+Prim%C4%83ria+Timi%C8%99oara+a+semnat+contractul+de+aproape+40+de+milioane+de+lei\" title=\"Linkedin\"><\/p>\n<div class=\"td-social-but-text\">Linkedin<\/div>\n<p><\/a><a class=\"td-social-sharing-button td-social-sharing-button-js td-social-network td-social-reddit\" href=\"https:\/\/reddit.com\/submit?url=https:\/\/orasul-timisoara.ro\/local-39919\/&amp;title=Pia%C8%9Ba+Mocioni+intr%C4%83+%C3%AEn+%C8%99antier.+Prim%C4%83ria+Timi%C8%99oara+a+semnat+contractul+de+aproape+40+de+milioane+de+lei\" title=\"ReddIt\"><\/p>\n<div class=\"td-social-but-text\">ReddIt<\/div>\n<p><\/a><a class=\"td-social-sharing-button td-social-sharing-button-js td-social-network td-social-mail\" href=\"mailto:?subject=Pia%C8%9Ba%20Mocioni%20intr%C4%83%20%C3%AEn%20%C8%99antier.%20Prim%C4%83ria%20Timi%C8%99oara%20a%20semnat%20contractul%20de%20aproape%2040%20de%20milioane%20de%20lei&amp;body=https:\/\/orasul-timisoara.ro\/local-39919\/\" title=\"Email\"><\/p>\n<div class=\"td-social-but-text\">Email<\/div>\n<p><\/a><a class=\"td-social-sharing-button td-social-sharing-button-js td-social-network td-social-print\" href=\"https:\/\/orasul-timisoara.ro\/local-39919\/\" title=\"Imprimare\"><\/p>\n<div class=\"td-social-but-text\">Imprimare<\/div>\n<p><\/a><\/div>\n<\/div>\n<\/div>\n<div class=\"td-post-content tagdiv-type\">\n<p class=\"wp-block-paragraph\">Prim\u0103ria Timi\u0219oara a semnat contractul pentru execu\u021bia lucr\u0103rilor de regenerare urban\u0103 din zona <strong>Pie\u021bei Mocioni<\/strong>, marc\u00e2nd lansarea celui de-al doilea mare proiect de acest tip din 2026, dup\u0103 investi\u021bia din cartierul Fabric, \u00een zona Traian. Proiectul vizeaz\u0103 transformarea unei suprafe\u021be de peste <strong>26.000 de metri p\u0103tra\u021bi<\/strong> \u00eentr-un spa\u021biu urban modern, cu mai multe zone verzi, infrastructur\u0103 pentru mobilitate alternativ\u0103 \u0219i facilit\u0103\u021bi destinate comunit\u0103\u021bii.<\/p>\n<p class=\"wp-block-paragraph\">Investi\u021bia este finan\u021bat\u0103 prin <strong>Programul Regional Vest 2021\u20132027<\/strong>, din fonduri europene nerambursabile \u0219i contribu\u021bia Municipiului Timi\u0219oara.<\/p>\n<h2 class=\"wp-block-heading\">Investi\u021bie de aproape 40 de milioane de lei<\/h2>\n<p class=\"wp-block-paragraph\">Contractul pentru realizarea lucr\u0103rilor a fost c\u00e2\u0219tigat, \u00een urma procedurii de achizi\u021bie public\u0103, de compania <strong>PORR Construct SRL<\/strong>.<\/p>\n<p class=\"wp-block-paragraph\">Valoarea contractului este de <strong>39.831.620 de lei<\/strong>, f\u0103r\u0103 TVA, iar perioada de execu\u021bie este de <strong>30 de luni<\/strong>. Constructorul va oferi o garan\u021bie de <strong>10 ani<\/strong> pentru lucr\u0103rile executate.<\/p>\n<figure class=\"wp-block-gallery has-nested-images columns-6 is-cropped td-modal-on-gallery wp-block-gallery-1 is-layout-flex wp-block-gallery-is-layout-flex\">\n<figure class=\"wp-block-image size-medium\"><img loading=\"lazy\" decoding=\"async\" width=\"1080\" height=\"608\" data-id=\"22942\" src=\"https:\/\/orasul-timisoara.ro\/wp-content\/uploads\/2023\/06\/regenerare-urbana-timisoara-piata-mocioni-1-1080x608.jpg\" alt class=\"wp-image-22942\"><\/figure>\n<figure class=\"wp-block-image size-medium\"><img loading=\"lazy\" decoding=\"async\" width=\"1080\" height=\"608\" data-id=\"22944\" src=\"https:\/\/orasul-timisoara.ro\/wp-content\/uploads\/2023\/06\/regenerare-urbana-timisoara-piata-mocioni-6-1080x608.jpg\" alt class=\"wp-image-22944\"><\/figure>\n<figure class=\"wp-block-image size-medium\"><img loading=\"lazy\" decoding=\"async\" width=\"1080\" height=\"608\" data-id=\"22941\" src=\"https:\/\/orasul-timisoara.ro\/wp-content\/uploads\/2023\/06\/regenerare-urbana-timisoara-piata-mocioni-3-1080x608.jpg\" alt class=\"wp-image-22941\"><\/figure>\n<figure class=\"wp-block-image size-medium\"><img decoding=\"async\" loading=\"lazy\" width=\"1080\" height=\"608\" data-id=\"22943\" src=\"https:\/\/orasul-timisoara.ro\/wp-content\/uploads\/2023\/06\/regenerare-urbana-timisoara-piata-mocioni-4-1080x608.jpg\" alt class=\"wp-image-22943\"><\/figure>\n<figure class=\"wp-block-image size-medium\"><img decoding=\"async\" loading=\"lazy\" width=\"1080\" height=\"608\" data-id=\"22945\" src=\"https:\/\/orasul-timisoara.ro\/wp-content\/uploads\/2023\/06\/regenerare-urbana-timisoara-piata-mocioni-2-1080x608.jpg\" alt class=\"wp-image-22945\"><\/figure>\n<figure class=\"wp-block-image size-medium\"><img decoding=\"async\" loading=\"lazy\" width=\"1080\" height=\"608\" data-id=\"22946\" src=\"https:\/\/orasul-timisoara.ro\/wp-content\/uploads\/2023\/06\/regenerare-urbana-timisoara-piata-mocioni-5-1080x608.jpg\" alt class=\"wp-image-22946\"><\/figure>\n<div><a href=\"https:\/\/orasul-timisoara.ro\/wp-content\/uploads\/2024\/12\/regenerare-urbana-mocioni-1080x608.jpg\" class=\"td-modal-image\"><\/p>\n<figure class=\"wp-block-image size-medium\"><img decoding=\"async\" loading=\"lazy\" width=\"1080\" height=\"608\" data-id=\"29589\" src=\"https:\/\/orasul-timisoara.ro\/wp-content\/uploads\/2024\/12\/regenerare-urbana-mocioni-1080x608.jpg\" alt class=\"wp-image-29589\"><\/figure>\n<p><\/a><\/div>\n<\/figure>\n<h2 class=\"wp-block-heading\">Dominic Fritz: \u201eVor readuce la via\u021b\u0103 cartierele istorice\u201d<\/h2>\n<p class=\"wp-block-paragraph\">Primarul Timi\u0219oarei, Dominic Fritz, afirm\u0103 c\u0103 proiectul face parte din strategia administra\u021biei de revitalizare a cartierelor istorice.<\/p>\n<p class=\"wp-block-paragraph\">\u201eEste cel de-al doilea mare \u0219antier de regenerare urban\u0103 pe care \u00eel \u00eencepem anul acesta, dup\u0103 cel din zona Traian. \u0218i aici, la finalul lucr\u0103rilor vom avea un mare spa\u021biu unitar, g\u00e2ndit pentru oameni, cu mai mult verde, cu zone pentru comunitate \u0219i cu infrastructur\u0103 modern\u0103 pentru pietoni, bicicli\u0219ti \u0219i transport public. Sunt \u00eencrez\u0103tor c\u0103 ambele proiecte \u2013 \u0219i cel din Traian, \u0219i cel din Iosefin \u2013 vor readuce la via\u021b\u0103 cartierele istorice ale Timi\u0219oarei \u0219i le vor pune \u00een valoare frumuse\u021bea arhitectural\u0103\u201d, a declarat primarul Dominic Fritz.<\/p>\n<h2 class=\"wp-block-heading\">Pia\u021ba Mocioni va avea mai mult spa\u021biu pentru pietoni \u0219i bicicli\u0219ti<\/h2>\n<p class=\"wp-block-paragraph\">Proiectul prevede o transformare ampl\u0103 a zonei, cu accent pe mobilitatea urban\u0103 \u0219i pe cre\u0219terea calit\u0103\u021bii spa\u021biului public.<\/p>\n<p class=\"wp-block-paragraph\">Vor fi reamenajate zonele pietonale, vor fi realizate piste pentru biciclete \u0219i benzi dedicate transportului public, iar sistemul de iluminat public \u0219i infrastructura de utilit\u0103\u021bi vor fi modernizate.<\/p>\n<p class=\"wp-block-paragraph\">\u00cen centrul Pie\u021bei Mocioni va fi construit\u0103 o <strong>f\u00e2nt\u00e2n\u0103 artezian\u0103 la nivelul solului<\/strong>, prev\u0103zut\u0103 cu jocuri de ap\u0103 \u0219i lumin\u0103. \u00cen jurul acesteia vor fi amenajate zone de relaxare cu b\u0103nci circulare.<\/p>\n<h2 class=\"wp-block-heading\">Circula\u021bie reorganizat\u0103 \u0219i noi locuri de parcare<\/h2>\n<p class=\"wp-block-paragraph\">Pentru cre\u0219terea siguran\u021bei \u00een trafic, proiectul include reorganizarea circula\u021biei \u0219i instalarea unor noi semafoare \u0219i indicatoare dedicate \u0219oferilor, pietonilor \u0219i bicicli\u0219tilor.<\/p>\n<p class=\"wp-block-paragraph\">De asemenea, vor fi amenajate <strong>68 de locuri de parcare<\/strong>, dintre care <strong>10 vor fi rezervate taxiurilor<\/strong>, iar <strong>patru vor fi destinate persoanelor cu dizabilit\u0103\u021bi<\/strong>.<\/p>\n<h2 class=\"wp-block-heading\">Lucr\u0103rile vor afecta mai multe str\u0103zi din Iosefin<\/h2>\n<p class=\"wp-block-paragraph\">Interven\u021biile vor fi realizate pe tronsonul <strong>Bulevardului 16 Decembrie 1989<\/strong>, \u00eentre <strong>Splaiul Tudor Vladimirescu<\/strong> \u0219i <strong>Pia\u021ba Mocioni<\/strong>, precum \u0219i \u00een <strong>Pia\u021ba Sf\u00e2nta Maria<\/strong> \u0219i pe por\u021biuni ale mai multor str\u0103zi adiacente.<\/p>\n<p class=\"wp-block-paragraph\">Printre acestea se num\u0103r\u0103 Gheorghe Doja, Miron Costin, Timotei Cipariu, Nedelcu Zugrav, Mo\u021bilor, Ady Endre, Emanoil Gojdu, Laurian August Treboniu \u0219i Ion Eliade R\u0103dulescu.<\/p>\n<h2 class=\"wp-block-heading\">Al doilea mare proiect de regenerare urban\u0103 din acest an<\/h2>\n<p class=\"wp-block-paragraph\">Regenerarea urban\u0103 a Pie\u021bei Mocioni reprezint\u0103 una dintre cele mai importante investi\u021bii preg\u0103tite de administra\u021bia local\u0103 pentru cartierul Iosefin. Al\u0103turi de proiectul aflat deja \u00een execu\u021bie \u00een zona Traian, investi\u021bia urm\u0103re\u0219te modernizarea spa\u021biilor publice, cre\u0219terea suprafe\u021belor verzi \u0219i \u00eembun\u0103t\u0103\u021birea mobilit\u0103\u021bii urbane \u00een cartierele istorice ale Timi\u0219oarei.<\/p>\n<p class=\"wp-block-paragraph\">Autorit\u0103\u021bile estimeaz\u0103 c\u0103, dup\u0103 finalizarea lucr\u0103rilor, Pia\u021ba Mocioni va deveni un spa\u021biu mai atractiv pentru locuitori \u0219i vizitatori, pun\u00e2nd \u00een valoare patrimoniul arhitectural \u0219i identitatea uneia dintre cele mai reprezentative zone ale ora\u0219ului.<\/p>\n<\/div>\n<footer>\n<div class=\"td-post-source-tags\">\n<ul class=\"td-tags td-post-small-box clearfix\">\n<li><span>ETICHETE<\/span><\/li>\n<li><a href=\"https:\/\/orasul-timisoara.ro\/local-tag\/dominic-fritz\/\">dominic fritz<\/a><\/li>\n<li><a href=\"https:\/\/orasul-timisoara.ro\/local-tag\/fonduri-europene\/\">fonduri europene<\/a><\/li>\n<li><a href=\"https:\/\/orasul-timisoara.ro\/local-tag\/infrastructura-urbana\/\">infrastructur\u0103 urban\u0103<\/a><\/li>\n<li><a href=\"https:\/\/orasul-timisoara.ro\/local-tag\/iosefin\/\">iosefin<\/a><\/li>\n<li><a href=\"https:\/\/orasul-timisoara.ro\/local-tag\/piata-mocioni-2\/\">Pia\u021ba Mocioni<\/a><\/li>\n<li><a href=\"https:\/\/orasul-timisoara.ro\/local-tag\/piata-sfanta-maria\/\">Pia\u021ba Sf\u00e2nta Maria<\/a><\/li>\n<li><a href=\"https:\/\/orasul-timisoara.ro\/local-tag\/porr-construct\/\">PORR Construct<\/a><\/li>\n<li><a href=\"https:\/\/orasul-timisoara.ro\/local-tag\/primaria-timisoara-2\/\">Prim\u0103ria Timi\u0219oara<\/a><\/li>\n<li><a href=\"https:\/\/orasul-timisoara.ro\/local-tag\/programul-regional-vest\/\">Programul Regional Vest<\/a><\/li>\n<li><a href=\"https:\/\/orasul-timisoara.ro\/local-tag\/regenerare-urbana-2\/\">regenerare urban\u0103<\/a><\/li>\n<li><a href=\"https:\/\/orasul-timisoara.ro\/local-tag\/stiri-timisoara\/\">stiri timisoara<\/a><\/li>\n<li><a href=\"https:\/\/orasul-timisoara.ro\/local-tag\/timisoara-2\/\">timi\u0219oara<\/a><\/li>\n<\/ul>\n<\/div>\n<div class=\"td-post-sharing-bottom\">\n<div class=\"td-post-sharing-classic\"><iframe title=\"bottomFacebookLike\" frameborder src=\"https:\/\/www.facebook.com\/plugins\/like.php?href=https:\/\/orasul-timisoara.ro\/local-39919\/&amp;layout=button_count&amp;show_faces=false&amp;width=105&amp;action=like&amp;colorscheme=light&amp;height=21\"><\/iframe><\/div>\n<div id=\"td_social_sharing_article_bottom\" class=\"td-post-sharing td-ps-bg td-ps-notext td-post-sharing-style1 \">\n<div class=\"td-post-sharing-visible\"><a class=\"td-social-sharing-button td-social-sharing-button-js td-social-network td-social-facebook\" href=\"https:\/\/www.facebook.com\/sharer.php?u=https%3A%2F%2Forasul-timisoara.ro%2Flocal-39919%2F\" title=\"Facebook\"><\/p>\n<div class=\"td-social-but-text\">Facebook<\/div>\n<p><\/a><a class=\"td-social-sharing-button td-social-sharing-button-js td-social-network td-social-twitter\" href=\"https:\/\/twitter.com\/intent\/tweet?text=Pia%C8%9Ba+Mocioni+intr%C4%83+%C3%AEn+%C8%99antier.+Prim%C4%83ria+Timi%C8%99oara+a+semnat+contractul+de+aproape+40+de+milioane+de+lei&amp;url=https%3A%2F%2Forasul-timisoara.ro%2Flocal-39919%2F&amp;via=orasultm\" title=\"Twitter\"><\/p>\n<div class=\"td-social-but-text\">Twitter<\/div>\n<p><\/a><a class=\"td-social-sharing-button td-social-sharing-button-js td-social-network td-social-whatsapp\" href=\"https:\/\/api.whatsapp.com\/send?text=Pia%C8%9Ba+Mocioni+intr%C4%83+%C3%AEn+%C8%99antier.+Prim%C4%83ria+Timi%C8%99oara+a+semnat+contractul+de+aproape+40+de+milioane+de+lei%20%0A%0A%20https:\/\/orasul-timisoara.ro\/local-39919\/\" title=\"WhatsApp\"><\/p>\n<div class=\"td-social-but-text\">WhatsApp<\/div>\n<p><\/a><a class=\"td-social-sharing-button td-social-sharing-button-js td-social-network td-social-linkedin\" href=\"https:\/\/www.linkedin.com\/shareArticle?mini=true&amp;url=https:\/\/orasul-timisoara.ro\/local-39919\/&amp;title=Pia%C8%9Ba+Mocioni+intr%C4%83+%C3%AEn+%C8%99antier.+Prim%C4%83ria+Timi%C8%99oara+a+semnat+contractul+de+aproape+40+de+milioane+de+lei\" title=\"Linkedin\"><\/p>\n<div class=\"td-social-but-text\">Linkedin<\/div>\n<p><\/a><a class=\"td-social-sharing-button td-social-sharing-button-js td-social-network td-social-reddit\" href=\"https:\/\/reddit.com\/submit?url=https:\/\/orasul-timisoara.ro\/local-39919\/&amp;title=Pia%C8%9Ba+Mocioni+intr%C4%83+%C3%AEn+%C8%99antier.+Prim%C4%83ria+Timi%C8%99oara+a+semnat+contractul+de+aproape+40+de+milioane+de+lei\" title=\"ReddIt\"><\/p>\n<div class=\"td-social-but-text\">ReddIt<\/div>\n<p><\/a><a class=\"td-social-sharing-button td-social-sharing-button-js td-social-network td-social-mail\" href=\"mailto:?subject=Pia%C8%9Ba%20Mocioni%20intr%C4%83%20%C3%AEn%20%C8%99antier.%20Prim%C4%83ria%20Timi%C8%99oara%20a%20semnat%20contractul%20de%20aproape%2040%20de%20milioane%20de%20lei&amp;body=https:\/\/orasul-timisoara.ro\/local-39919\/\" title=\"Email\"><\/p>\n<div class=\"td-social-but-text\">Email<\/div>\n<p><\/a><a class=\"td-social-sharing-button td-social-sharing-button-js td-social-network td-social-print\" href=\"https:\/\/orasul-timisoara.ro\/local-39919\/\" title=\"Imprimare\"><\/p>\n<div class=\"td-social-but-text\">Imprimare<\/div>\n<p><\/a><\/div>\n<\/div>\n<\/div>\n<div class=\"td-block-row td-post-next-prev\">\n<div class=\"td-block-span6 td-post-prev-post\">\n<div class=\"td-post-next-prev-content\"><span>Articolul precedent<\/span><a href=\"https:\/\/orasul-timisoara.ro\/local-39916\/\">Poli\u021bia Local\u0103 Timi\u0219oara a aplicat amenzi de 75.000 de lei dup\u0103 incendierea unor de\u0219euri<\/a><\/div>\n<\/div>\n<div class=\"td-block-span6 td-post-next-post\">\n<div class=\"td-post-next-prev-content\"><span>Articolul urm\u0103tor<\/span><a href=\"https:\/\/orasul-timisoara.ro\/local-39922\/\">Lucr\u0103ri la re\u021beaua de ap\u0103: Aquatim anun\u021b\u0103 \u00eentreruperea aliment\u0103rii \u00een B\u0103r\u0103teaz<\/a><\/div>\n<\/div>\n<\/div>\n<div class=\"td-author-name vcard author\"><span class=\"fn\"><a href=\"https:\/\/orasul-timisoara.ro\/author\/timisoara\/\">redactia<\/a><\/span><\/div>\n<p><span class=\"td-page-meta\"><\/span><span class=\"td-page-meta\"><span class=\"td-page-meta\"><\/span><\/span><span class=\"td-page-meta\"><\/span><\/footer>\n<div class=\"td_block_wrap td_block_related_posts tdi_3 td_with_ajax_pagination td-pb-border-top td_block_template_8\" data-td-block-uid=\"tdi_3\">\n<h4 class=\"td-related-title td-block-title\"><a id=\"tdi_4\" class=\"td-related-left td-cur-simple-item\" data-td_filter_value data-td_block_id=\"tdi_3\" href=\"https:\/\/orasul-timisoara.ro\/local-39919\/\">ARTICOLE SIMILARE<\/a><a id=\"tdi_5\" class=\"td-related-right\" data-td_filter_value=\"td_related_more_from_author\" data-td_block_id=\"tdi_3\" href=\"https:\/\/orasul-timisoara.ro\/local-39919\/\">DE LA ACELA\u0218I AUTOR<\/a><\/h4>\n<div id=\"tdi_3\" class=\"td_block_inner\">\n<div class=\"td-related-row\">\n<div class=\"td-related-span4\">\n<div class=\"td_module_related_posts td-animation-stack td_mod_related_posts\">\n<div class=\"td-module-image\">\n<div class=\"td-module-thumb\"><a href=\"https:\/\/orasul-timisoara.ro\/local-39863\/\" rel=\"bookmark\" class=\"td-image-wrap \" title=\"Deficitul bugetar al Rom\u00e2niei s-a redus la 2% din PIB \u00een primul semestru din 2026. Veniturile statului cresc cu peste 10%, iar investi\u021biile ajung la aproape 60 de miliarde de lei\"><img loading=\"lazy\" decoding=\"async\" class=\"entry-thumb\" src=\"https:\/\/orasul-timisoara.ro\/wp-content\/uploads\/2026\/07\/deficit-bani-reducere-436x300.jpg\" alt title=\"Deficitul bugetar al Rom\u00e2niei s-a redus la 2% din PIB \u00een primul semestru din 2026. Veniturile statului cresc cu peste 10%, iar investi\u021biile ajung la aproape 60 de miliarde de lei\" width=\"218\" height=\"150\"><\/a><\/div>\n<\/div>\n<div class=\"item-details\">\n<h3 class=\"entry-title td-module-title\"><a href=\"https:\/\/orasul-timisoara.ro\/local-39863\/\" rel=\"bookmark\" title=\"Deficitul bugetar al Rom\u00e2niei s-a redus la 2% din PIB \u00een primul semestru din 2026. Veniturile statului cresc cu peste 10%, iar investi\u021biile ajung la aproape 60 de miliarde de lei\">Deficitul bugetar al Rom\u00e2niei s-a redus la 2% din PIB \u00een primul semestru din 2026. Veniturile statului cresc cu peste 10%, iar investi\u021biile ajung&#8230;<\/a><\/h3>\n<\/div>\n<\/div>\n<\/div>\n<div class=\"td-related-span4\">\n<div class=\"td_module_related_posts td-animation-stack td_mod_related_posts\">\n<div class=\"td-module-image\">\n<div class=\"td-module-thumb\"><a href=\"https:\/\/orasul-timisoara.ro\/local-39842\/\" rel=\"bookmark\" class=\"td-image-wrap \" title=\"Alfred Simonis: Prim\u0103ria Timi\u0219oara \u00eent\u00e2rzie r\u0103spunsul pentru parcarea de l\u00e2ng\u0103 Spitalul Jude\u021bean\"><img loading=\"lazy\" decoding=\"async\" class=\"entry-thumb\" src=\"https:\/\/orasul-timisoara.ro\/wp-content\/uploads\/2026\/07\/753231628_3510704022431789_1277640302881157203_n-436x300.jpg\" alt title=\"Alfred Simonis: Prim\u0103ria Timi\u0219oara \u00eent\u00e2rzie r\u0103spunsul pentru parcarea de l\u00e2ng\u0103 Spitalul Jude\u021bean\" width=\"218\" height=\"150\"><\/a><\/div>\n<\/div>\n<div class=\"item-details\">\n<h3 class=\"entry-title td-module-title\"><a href=\"https:\/\/orasul-timisoara.ro\/local-39842\/\" rel=\"bookmark\" title=\"Alfred Simonis: Prim\u0103ria Timi\u0219oara \u00eent\u00e2rzie r\u0103spunsul pentru parcarea de l\u00e2ng\u0103 Spitalul Jude\u021bean\">Alfred Simonis: Prim\u0103ria Timi\u0219oara \u00eent\u00e2rzie r\u0103spunsul pentru parcarea de l\u00e2ng\u0103 Spitalul Jude\u021bean<\/a><\/h3>\n<\/div>\n<\/div>\n<\/div>\n<div class=\"td-related-span4\">\n<div class=\"td_module_related_posts td-animation-stack td_mod_related_posts\">\n<div class=\"td-module-image\">\n<div class=\"td-module-thumb\"><a href=\"https:\/\/orasul-timisoara.ro\/local-39822\/\" rel=\"bookmark\" class=\"td-image-wrap \" title=\"Timi\u0219oara red\u0103 comunit\u0103\u021bii Turnul de Ap\u0103 din Iosefin dup\u0103 o investi\u021bie de peste 10,5 milioane de lei\"><img loading=\"lazy\" decoding=\"async\" class=\"entry-thumb\" src=\"https:\/\/orasul-timisoara.ro\/wp-content\/uploads\/2026\/07\/Turn-5-436x300.jpg\" alt title=\"Timi\u0219oara red\u0103 comunit\u0103\u021bii Turnul de Ap\u0103 din Iosefin dup\u0103 o investi\u021bie de peste 10,5 milioane de lei\" width=\"218\" height=\"150\"><\/a><\/div>\n<\/div>\n<div class=\"item-details\">\n<h3 class=\"entry-title td-module-title\"><a href=\"https:\/\/orasul-timisoara.ro\/local-39822\/\" rel=\"bookmark\" title=\"Timi\u0219oara red\u0103 comunit\u0103\u021bii Turnul de Ap\u0103 din Iosefin dup\u0103 o investi\u021bie de peste 10,5 milioane de lei\">Timi\u0219oara red\u0103 comunit\u0103\u021bii Turnul de Ap\u0103 din Iosefin dup\u0103 o investi\u021bie de peste 10,5 milioane de lei<\/a><\/h3>\n<\/div>\n<\/div>\n<\/div>\n<\/div>\n<\/div>\n<\/div>\n<div class=\"comments\" id=\"comments\">\n<div id=\"respond\" class=\"comment-respond\">\n<h3 id=\"reply-title\" class=\"comment-reply-title\">L\u0102SA\u021aI UN MESAJ<\/h3>\n<div class=\"comment-form-input-wrap td-form-comment\">\n<div class=\"td-warning-comment\">V\u0103 rug\u0103m s\u0103 introduce\u021bi comentariul dvs.!<\/div>\n<\/div>\n<div class=\"comment-form-input-wrap td-form-author\">\n<div class=\"td-warning-author\">Introduce\u021bi aici numele dvs.<\/div>\n<\/div>\n<div class=\"comment-form-input-wrap td-form-email\">\n<div class=\"td-warning-email-error\">A\u021bi introdus o adres\u0103 de e-mail incorect\u0103!<\/div>\n<div class=\"td-warning-email\">V\u0103 rug\u0103m s\u0103 introduce\u021bi adresa dvs. de e-mail aici<\/div>\n<\/div>\n<\/div>\n<p class=\"akismet_comment_form_privacy_notice\">Acest site folose\u0219te Akismet pentru a reduce spamul. <a href=\"https:\/\/akismet.com\/privacy\/\" target=\"_blank\" rel=\"nofollow noopener\">Afl\u0103 cum sunt procesate datele comentariilor tale<\/a>.<\/p>\n<\/div>\n<\/div>\n<\/div>\n<div class=\"td-pb-span4 td-main-sidebar\" role=\"complementary\">\n<div class=\"td-ss-main-sidebar\">\n<aside id=\"block-4\" class=\"td_block_template_8 widget block-4 widget_block widget_media_image\">\n<figure class=\"wp-block-image size-full\"><img decoding=\"async\" loading=\"lazy\" width=\"336\" height=\"280\" src=\"https:\/\/orasul-timisoara.ro\/wp-content\/uploads\/2024\/11\/ReTIM-Abonamentul-Verde-Google-Ads-336x280px.gif\" alt class=\"wp-image-29257\"><\/figure>\n<\/aside>\n<div class=\"td_block_wrap td_block_social_counter td_block_widget tdi_6 td-social-style5 td-social-boxed td-pb-border-top td_block_template_8\">\n<div class=\"td-block-title-wrap\">\n<h4 class=\"td-block-title\"><span>Urm\u0103re\u0219te-ne pe Social Media<\/span><\/h4>\n<\/div>\n<div class=\"td-social-list\">\n<div class=\"td_social_type td-pb-margin-side td_social_facebook\">\n<div class=\"td-social-box\"><span class=\"td_social_info td_social_info_counter\">344,595<\/span><span class=\"td_social_info td_social_info_name\">Fani<\/span><span class=\"td_social_button\"><a href=\"https:\/\/www.facebook.com\/247timisoara\" target=\"_blank\" rel=\"nofollow\">\u00cemi place<\/a><\/span><\/div>\n<\/div>\n<div class=\"td_social_type td-pb-margin-side td_social_instagram\">\n<div class=\"td-social-box\"><span class=\"td_social_info td_social_info_counter\">4,416<\/span><span class=\"td_social_info td_social_info_name\">Cititori<\/span><span class=\"td_social_button\"><a href=\"https:\/\/instagram.com\/orasultimisoararo\/\" target=\"_blank\" rel=\"nofollow\">Conecta\u021bi-v\u0103<\/a><\/span><\/div>\n<\/div>\n<div class=\"td_social_type td-pb-margin-side td_social_rss\">\n<div class=\"td-social-box\"><span class=\"td_social_info td_social_info_counter\">12,506<\/span><span class=\"td_social_info td_social_info_name\">Cititori<\/span><span class=\"td_social_button\"><a href=\"https:\/\/orasul-timisoara.ro\/feed\/\" target=\"_blank\" rel=\"nofollow\">Conecta\u021bi-v\u0103<\/a><\/span><\/div>\n<\/div>\n<div class=\"td_social_type td-pb-margin-side td_social_tiktok\">\n<div class=\"td-social-box\"><span class=\"td_social_info td_social_info_counter\">1,500<\/span><span class=\"td_social_info td_social_info_name\">Cititori<\/span><span class=\"td_social_button\"><a href=\"https:\/\/www.tiktok.com\/@orasultimisoara\" target=\"_blank\" rel=\"nofollow\">Conecta\u021bi-v\u0103<\/a><\/span><\/div>\n<\/div>\n<div class=\"td_social_type td-pb-margin-side td_social_twitter\">\n<div class=\"td-social-box\"><span class=\"td_social_info td_social_info_counter\">1,595<\/span><span class=\"td_social_info td_social_info_name\">Cititori<\/span><span class=\"td_social_button\"><a href=\"https:\/\/twitter.com\/orasultm\" target=\"_blank\" rel=\"nofollow\">Conecta\u021bi-v\u0103<\/a><\/span><\/div>\n<\/div>\n<div class=\"td_social_type td-pb-margin-side td_social_youtube\">\n<div class=\"td-social-box\"><span class=\"td_social_info td_social_info_counter\">3,506<\/span><span class=\"td_social_info td_social_info_name\">Abona\u021bi<\/span><span class=\"td_social_button\"><a href=\"https:\/\/www.youtube.com\/channel\/UCQNsQvs2XCSIm1Z-AHRturw?sub_confirmation=1\" target=\"_blank\" rel=\"nofollow\">Abona\u021bi-v\u0103<\/a><\/span><\/div>\n<\/div>\n<\/div>\n<\/div>\n<aside id=\"text-7\" class=\"td_block_template_8 widget text-7 widget_text\">\n<h4 class=\"td-block-title\"><span>C\u0103ut\u0103ri populare pe OTM<\/span><\/h4>\n<div class=\"textwidget\"><a href=\"https:\/\/orasul-timisoara.ro\/?s=timisoara\"><span>Timisoara<\/span><\/a><a href=\"https:\/\/orasul-timisoara.ro\/?s=calin+dobra\"><span>Calin Dobra<\/span><\/a><a href=\"https:\/\/orasul-timisoara.ro\/?s=primaria+timisoara\"><span>Primaria Timisoara<\/span><\/a><a href=\"https:\/\/orasul-timisoara.ro\/?s=dominic+fritz\"><span>Dominic Fritz<\/span><\/a><a href=\"https:\/\/orasul-timisoara.ro\/?s=nicolae+robu\"><span>Nicolae Robu<\/span><\/a><a href=\"https:\/\/orasul-timisoara.ro\/?s=consiliul+local+timisoara\">Consiliul Local Timisoara<\/a><a href=\"https:\/\/orasul-timisoara.ro\/?s=consiliul+judetean+timis\"><span>Consiliul Judetean Timis<\/span><\/a><a href=\"https:\/\/orasul-timisoara.ro\/?s=cjt\"><span>CJT<\/span><\/a><a href=\"https:\/\/orasul-timisoara.ro\/?s=Alfred+Simonis\"><span>Alfred Simonis<\/span><\/a><a href=\"https:\/\/orasul-timisoara.ro\/?s=PNL\"><span>PNL<\/span><\/a><a href=\"https:\/\/orasul-timisoara.ro\/?s=coronavirus\"><span>coronavirus<\/span><\/a><a href=\"https:\/\/orasul-timisoara.ro\/?s=teatru+timisoara\">teatru Timisoara<\/a><a href=\"https:\/\/orasul-timisoara.ro\/?s=restaurante\"><span>restaurante Timisoara<\/span><\/a><a href=\"https:\/\/orasul-timisoara.ro\/?s=diskoteka\"><span>Diskoteka<\/span><\/a><a href=\"https:\/\/orasul-timisoara.ro\/?s=iulius+town\"><span>Iulius Town<\/span><\/a><a href=\"https:\/\/orasul-timisoara.ro\/?s=iulius+mall\"><span>Iulius Mall<\/span><\/a><a href=\"https:\/\/orasul-timisoara.ro\/?s=stpt\"><span>STPT<\/span><\/a><a href=\"https:\/\/orasul-timisoara.ro\/?s=alin+nica\"><span>Alin Nica<\/span><\/a><a href=\"https:\/\/orasul-timisoara.ro\/?s=psd\"><span>PSD<\/span><\/a><a href=\"https:\/\/orasul-timisoara.ro\/?s=aeroport\"><span>Aeroportul International Timisoara<\/span><\/a><a href=\"https:\/\/orasul-timisoara.ro\/?s=babes\"><span>Spitalul Victor Babes Timisoara<\/span><\/a><a href=\"https:\/\/orasul-timisoara.ro\/?s=poli\"><span>Poli Timi\u0219oara<\/span><\/a><a href=\"https:\/\/orasul-timisoara.ro\/?s=carantina\"><span>carantina<\/span><\/a><a href=\"https:\/\/orasul-timisoara.ro\/?s=aquatim\"><span>Aquatim<\/span><\/a><a href=\"https:\/\/orasul-timisoara.ro\/local-category\/stiri-timisoara\/\"><span>Stiri Timisoara<\/span><\/a><a href=\"https:\/\/orasul-timisoara.ro\/local-category\/investitii-in-timisoara\/\"><span>Investi\u021bii in Timi\u0219oara<\/span><\/a><a href=\"https:\/\/orasul-timisoara.ro\/local-9463\/\"><span>shaorma<\/span><\/a><a href=\"https:\/\/orasul-timisoara.ro\/?s=trafic\"><span>trafic rutier<\/span><\/a><a href=\"https:\/\/orasul-timisoara.ro\/?s=politia\"><span>politia locala timisoara<\/span><\/a><a href=\"https:\/\/orasul-timisoara.ro\/?s=roxana\"><span>Roxana Iliescu<\/span><\/a><a href=\"https:\/\/orasul-timisoara.ro\/?s=colterm\"><span>Colterm<\/span><\/a><a href=\"https:\/\/orasul-timisoara.ro\/?s=latcau\"><span>Ruben La\u021bc\u0103u<\/span><\/a><a href=\"https:\/\/orasul-timisoara.ro\/?s=timis\"><span>\u0218tiri din Timi\u0219<\/span><\/a><a href=\"https:\/\/orasul-timisoara.ro\/?s=spital\"><span>Spitale din Timi\u0219oara<\/span><\/a><a href=\"https:\/\/orasul-timisoara.ro\/?s=tabara\"><span>Cosmin Tab\u0103r\u0103<\/span><\/a><\/div>\n<\/aside>\n<aside id=\"rss-2\" class=\"td_block_template_8 widget rss-2 widget_rss\">\n<h4 class=\"td-block-title\"><span><a class=\"rsswidget rss-widget-feed\" href=\"https:\/\/fashionfridays.ro\/feed\"><img decoding=\"async\" class=\"rss-widget-icon\" width=\"14\" height=\"14\" src=\"https:\/\/orasul-timisoara.ro\/wp-includes\/images\/rss.png\" alt=\"RSS\" loading=\"lazy\"><\/a><a class=\"rsswidget rss-widget-title\" href=\"https:\/\/fashionfridays.ro\/\">Fashion Fridays<\/a><\/span><\/h4>\n<ul>\n<li><a class=\"rsswidget\" href=\"https:\/\/fashionfridays.ro\/romania-devine-a-29-a-piata-vogue-o-noua-era-pentru-industria-locala-de-moda\/\">Rom\u00e2nia devine a 29-a pia\u021b\u0103 Vogue: o nou\u0103 er\u0103 pentru industria local\u0103 de mod\u0103<\/a>\n<div class=\"rssSummary\">Revista Vogue \u00ee\u0219i extinde prezen\u021ba global\u0103 \u0219i va fi lansat\u0103 oficial \u00een Rom\u00e2nia \u00een prim\u0103vara anului 2027, marc\u00e2nd intrarea pe cea de-a 29-a pia\u021b\u0103 interna\u021bional\u0103. Proiectul este realizat \u00een parteneriat cu AEMME Publishing, o companie media recent \u00eenfiin\u021bat\u0103, care va publica edi\u021bia local\u0103 sub licen\u021b\u0103. Noua edi\u021bie, Vogue Rom\u00e2nia, \u00ee\u0219i propune s\u0103 combine autoritatea global\u0103 [\u2026]<\/div>\n<\/li>\n<\/ul>\n<\/aside>\n<aside id=\"rss-4\" class=\"td_block_template_8 widget rss-4 widget_rss\">\n<h4 class=\"td-block-title\"><span><a class=\"rsswidget rss-widget-feed\" href=\"https:\/\/emasini.ro\/feed\"><img decoding=\"async\" class=\"rss-widget-icon\" width=\"14\" height=\"14\" src=\"https:\/\/orasul-timisoara.ro\/wp-includes\/images\/rss.png\" alt=\"RSS\" loading=\"lazy\"><\/a><a class=\"rsswidget rss-widget-title\" href=\"https:\/\/emasini.ro\/\">eMasini<\/a><\/span><\/h4>\n<ul>\n<li><a class=\"rsswidget\" href=\"https:\/\/emasini.ro\/dacia-analizeaza-lansarea-lui-hipster-automobilul-urban-de-doar-3-metri-lungime\/\">Dacia analizeaz\u0103 lansarea lui Hipster, automobilul urban de doar 3 metri lungime (video)<\/a>\n<div class=\"rssSummary\">Dacia ar putea introduce pe pia\u021b\u0103 unul dintre cele mai neobi\u0219nuite modele din istoria sa recent\u0103. Conceptul Hipster, prezentat anul trecut ca o reinterpretare radical\u0103 a automobilului urban accesibil, se afl\u0103 \u00een prezent \u00eentr-o etap\u0103 de evaluare, iar decizia privind produc\u021bia de serie va fi luat\u0103 \u00een func\u021bie de reac\u021bia publicului \u0219i de evolu\u021bia reglement\u0103rilor [\u2026]<\/div>\n<\/li>\n<\/ul>\n<\/aside>\n<\/div>\n<\/div>\n<\/div>\n<\/div>\n<\/article>\n<div class=\"td-post-content tagdiv-type\">\n<p class=\"wp-block-paragraph\">Prim\u0103ria Timi\u0219oara a semnat contractul pentru execu\u021bia lucr\u0103rilor de regenerare urban\u0103 din zona <strong>Pie\u021bei Mocioni<\/strong>, marc\u00e2nd lansarea celui de-al doilea mare proiect de acest tip din 2026, dup\u0103 investi\u021bia din cartierul Fabric, \u00een zona Traian. Proiectul vizeaz\u0103 transformarea unei suprafe\u021be de peste <strong>26.000 de metri p\u0103tra\u021bi<\/strong> \u00eentr-un spa\u021biu urban modern, cu mai multe zone verzi, infrastructur\u0103 pentru mobilitate alternativ\u0103 \u0219i facilit\u0103\u021bi destinate comunit\u0103\u021bii.<\/p>\n<p class=\"wp-block-paragraph\">Investi\u021bia este finan\u021bat\u0103 prin <strong>Programul Regional Vest 2021\u20132027<\/strong>, din fonduri europene nerambursabile \u0219i contribu\u021bia Municipiului Timi\u0219oara.<\/p>\n<h2 class=\"wp-block-heading\">Investi\u021bie de aproape 40 de milioane de lei<\/h2>\n<p class=\"wp-block-paragraph\">Contractul pentru realizarea lucr\u0103rilor a fost c\u00e2\u0219tigat, \u00een urma procedurii de achizi\u021bie public\u0103, de compania <strong>PORR Construct SRL<\/strong>.<\/p>\n<p class=\"wp-block-paragraph\">Valoarea contractului este de <strong>39.831.620 de lei<\/strong>, f\u0103r\u0103 TVA, iar perioada de execu\u021bie este de <strong>30 de luni<\/strong>. Constructorul va oferi o garan\u021bie de <strong>10 ani<\/strong> pentru lucr\u0103rile executate.<\/p>\n<figure class=\"wp-block-gallery has-nested-images columns-6 is-cropped td-modal-on-gallery wp-block-gallery-1 is-layout-flex wp-block-gallery-is-layout-flex\">\n<figure class=\"wp-block-image size-medium\"><img loading=\"lazy\" decoding=\"async\" width=\"1080\" height=\"608\" data-id=\"22942\" src=\"https:\/\/orasul-timisoara.ro\/wp-content\/uploads\/2023\/06\/regenerare-urbana-timisoara-piata-mocioni-1-1080x608.jpg\" alt class=\"wp-image-22942\"><\/figure>\n<figure class=\"wp-block-image size-medium\"><img loading=\"lazy\" decoding=\"async\" width=\"1080\" height=\"608\" data-id=\"22944\" src=\"https:\/\/orasul-timisoara.ro\/wp-content\/uploads\/2023\/06\/regenerare-urbana-timisoara-piata-mocioni-6-1080x608.jpg\" alt class=\"wp-image-22944\"><\/figure>\n<figure class=\"wp-block-image size-medium\"><img loading=\"lazy\" decoding=\"async\" width=\"1080\" height=\"608\" data-id=\"22941\" src=\"https:\/\/orasul-timisoara.ro\/wp-content\/uploads\/2023\/06\/regenerare-urbana-timisoara-piata-mocioni-3-1080x608.jpg\" alt class=\"wp-image-22941\"><\/figure>\n<figure class=\"wp-block-image size-medium\"><img decoding=\"async\" loading=\"lazy\" width=\"1080\" height=\"608\" data-id=\"22943\" src=\"https:\/\/orasul-timisoara.ro\/wp-content\/uploads\/2023\/06\/regenerare-urbana-timisoara-piata-mocioni-4-1080x608.jpg\" alt class=\"wp-image-22943\"><\/figure>\n<figure class=\"wp-block-image size-medium\"><img decoding=\"async\" loading=\"lazy\" width=\"1080\" height=\"608\" data-id=\"22945\" src=\"https:\/\/orasul-timisoara.ro\/wp-content\/uploads\/2023\/06\/regenerare-urbana-timisoara-piata-mocioni-2-1080x608.jpg\" alt class=\"wp-image-22945\"><\/figure>\n<figure class=\"wp-block-image size-medium\"><img decoding=\"async\" loading=\"lazy\" width=\"1080\" height=\"608\" data-id=\"22946\" src=\"https:\/\/orasul-timisoara.ro\/wp-content\/uploads\/2023\/06\/regenerare-urbana-timisoara-piata-mocioni-5-1080x608.jpg\" alt class=\"wp-image-22946\"><\/figure>\n<div><a href=\"https:\/\/orasul-timisoara.ro\/wp-content\/uploads\/2024\/12\/regenerare-urbana-mocioni-1080x608.jpg\" class=\"td-modal-image\"><\/p>\n<figure class=\"wp-block-image size-medium\"><img decoding=\"async\" loading=\"lazy\" width=\"1080\" height=\"608\" data-id=\"29589\" src=\"https:\/\/orasul-timisoara.ro\/wp-content\/uploads\/2024\/12\/regenerare-urbana-mocioni-1080x608.jpg\" alt class=\"wp-image-29589\"><\/figure>\n<p><\/a><\/div>\n<\/figure>\n<h2 class=\"wp-block-heading\">Dominic Fritz: \u201eVor readuce la via\u021b\u0103 cartierele istorice\u201d<\/h2>\n<p class=\"wp-block-paragraph\">Primarul Timi\u0219oarei, Dominic Fritz, afirm\u0103 c\u0103 proiectul face parte din strategia administra\u021biei de revitalizare a cartierelor istorice.<\/p>\n<p class=\"wp-block-paragraph\">\u201eEste cel de-al doilea mare \u0219antier de regenerare urban\u0103 pe care \u00eel \u00eencepem anul acesta, dup\u0103 cel din zona Traian. \u0218i aici, la finalul lucr\u0103rilor vom avea un mare spa\u021biu unitar, g\u00e2ndit pentru oameni, cu mai mult verde, cu zone pentru comunitate \u0219i cu infrastructur\u0103 modern\u0103 pentru pietoni, bicicli\u0219ti \u0219i transport public. Sunt \u00eencrez\u0103tor c\u0103 ambele proiecte \u2013 \u0219i cel din Traian, \u0219i cel din Iosefin \u2013 vor readuce la via\u021b\u0103 cartierele istorice ale Timi\u0219oarei \u0219i le vor pune \u00een valoare frumuse\u021bea arhitectural\u0103\u201d, a declarat primarul Dominic Fritz.<\/p>\n<h2 class=\"wp-block-heading\">Pia\u021ba Mocioni va avea mai mult spa\u021biu pentru pietoni \u0219i bicicli\u0219ti<\/h2>\n<p class=\"wp-block-paragraph\">Proiectul prevede o transformare ampl\u0103 a zonei, cu accent pe mobilitatea urban\u0103 \u0219i pe cre\u0219terea calit\u0103\u021bii spa\u021biului public.<\/p>\n<p class=\"wp-block-paragraph\">Vor fi reamenajate zonele pietonale, vor fi realizate piste pentru biciclete \u0219i benzi dedicate transportului public, iar sistemul de iluminat public \u0219i infrastructura de utilit\u0103\u021bi vor fi modernizate.<\/p>\n<p class=\"wp-block-paragraph\">\u00cen centrul Pie\u021bei Mocioni va fi construit\u0103 o <strong>f\u00e2nt\u00e2n\u0103 artezian\u0103 la nivelul solului<\/strong>, prev\u0103zut\u0103 cu jocuri de ap\u0103 \u0219i lumin\u0103. \u00cen jurul acesteia vor fi amenajate zone de relaxare cu b\u0103nci circulare.<\/p>\n<h2 class=\"wp-block-heading\">Circula\u021bie reorganizat\u0103 \u0219i noi locuri de parcare<\/h2>\n<p class=\"wp-block-paragraph\">Pentru cre\u0219terea siguran\u021bei \u00een trafic, proiectul include reorganizarea circula\u021biei \u0219i instalarea unor noi semafoare \u0219i indicatoare dedicate \u0219oferilor, pietonilor \u0219i bicicli\u0219tilor.<\/p>\n<p class=\"wp-block-paragraph\">De asemenea, vor fi amenajate <strong>68 de locuri de parcare<\/strong>, dintre care <strong>10 vor fi rezervate taxiurilor<\/strong>, iar <strong>patru vor fi destinate persoanelor cu dizabilit\u0103\u021bi<\/strong>.<\/p>\n<h2 class=\"wp-block-heading\">Lucr\u0103rile vor afecta mai multe str\u0103zi din Iosefin<\/h2>\n<p class=\"wp-block-paragraph\">Interven\u021biile vor fi realizate pe tronsonul <strong>Bulevardului 16 Decembrie 1989<\/strong>, \u00eentre <strong>Splaiul Tudor Vladimirescu<\/strong> \u0219i <strong>Pia\u021ba Mocioni<\/strong>, precum \u0219i \u00een <strong>Pia\u021ba Sf\u00e2nta Maria<\/strong> \u0219i pe por\u021biuni ale mai multor str\u0103zi adiacente.<\/p>\n<p class=\"wp-block-paragraph\">Printre acestea se num\u0103r\u0103 Gheorghe Doja, Miron Costin, Timotei Cipariu, Nedelcu Zugrav, Mo\u021bilor, Ady Endre, Emanoil Gojdu, Laurian August Treboniu \u0219i Ion Eliade R\u0103dulescu.<\/p>\n<h2 class=\"wp-block-heading\">Al doilea mare proiect de regenerare urban\u0103 din acest an<\/h2>\n<p class=\"wp-block-paragraph\">Regenerarea urban\u0103 a Pie\u021bei Mocioni reprezint\u0103 una dintre cele mai importante investi\u021bii preg\u0103tite de administra\u021bia local\u0103 pentru cartierul Iosefin. Al\u0103turi de proiectul aflat deja \u00een execu\u021bie \u00een zona Traian, investi\u021bia urm\u0103re\u0219te modernizarea spa\u021biilor publice, cre\u0219terea suprafe\u021belor verzi \u0219i \u00eembun\u0103t\u0103\u021birea mobilit\u0103\u021bii urbane \u00een cartierele istorice ale Timi\u0219oarei.<\/p>\n<p class=\"wp-block-paragraph\">Autorit\u0103\u021bile estimeaz\u0103 c\u0103, dup\u0103 finalizarea lucr\u0103rilor, Pia\u021ba Mocioni va deveni un spa\u021biu mai atractiv pentru locuitori \u0219i vizitatori, pun\u00e2nd \u00een valoare patrimoniul arhitectural \u0219i identitatea uneia dintre cele mai reprezentative zone ale ora\u0219ului.<\/p>\n<\/div>\n<p>[analyse_source url=&#8221;https:\/\/orasul-timisoara.ro\/local-39919\/&#8221;]<\/p>\n","protected":false},"excerpt":{"rendered":"<p>[analyse_image type=&#8221;featured&#8221; src=&#8221;https:\/\/orasul-timisoara.ro\/wp-content\/uploads\/2024\/12\/regenerare-urbana-mocioni.jpg&#8221;] Administra\u021bie local\u0103Pia\u021ba Mocioni intr\u0103 \u00een \u0219antier. Prim\u0103ria Timi\u0219oara a semnat contractul de aproape&#8230; Administra\u021bie local\u0103 Investitii in Timisoara \u0218tiri Locale Pia\u021ba Mocioni intr\u0103 \u00een \u0219antier. Prim\u0103ria Timi\u0219oara a semnat contractul de aproape 40 de milioane de lei De c\u0103tre redactia &#8211; 29\/07\/2026 Facebook Twitter WhatsApp Linkedin ReddIt Email Imprimare Prim\u0103ria Timi\u0219oara a [&hellip;]<\/p>\n","protected":false},"author":1,"featured_media":0,"comment_status":"open","ping_status":"","sticky":false,"template":"","format":"standard","meta":{"footnotes":""},"categories":[89],"tags":[226,189],"class_list":["post-2067336","post","type-post","status-publish","format-standard","hentry","category-romania","tag-crawlmanager","tag-orasul-timisoara-ro"],"_links":{"self":[{"href":"https:\/\/analyse.optim.biz\/index.php?rest_route=\/wp\/v2\/posts\/2067336","targetHints":{"allow":["GET"]}}],"collection":[{"href":"https:\/\/analyse.optim.biz\/index.php?rest_route=\/wp\/v2\/posts"}],"about":[{"href":"https:\/\/analyse.optim.biz\/index.php?rest_route=\/wp\/v2\/types\/post"}],"author":[{"embeddable":true,"href":"https:\/\/analyse.optim.biz\/index.php?rest_route=\/wp\/v2\/users\/1"}],"replies":[{"embeddable":true,"href":"https:\/\/analyse.optim.biz\/index.php?rest_route=%2Fwp%2Fv2%2Fcomments&post=2067336"}],"version-history":[{"count":0,"href":"https:\/\/analyse.optim.biz\/index.php?rest_route=\/wp\/v2\/posts\/2067336\/revisions"}],"wp:attachment":[{"href":"https:\/\/analyse.optim.biz\/index.php?rest_route=%2Fwp%2Fv2%2Fmedia&parent=2067336"}],"wp:term":[{"taxonomy":"category","embeddable":true,"href":"https:\/\/analyse.optim.biz\/index.php?rest_route=%2Fwp%2Fv2%2Fcategories&post=2067336"},{"taxonomy":"post_tag","embeddable":true,"href":"https:\/\/analyse.optim.biz\/index.php?rest_route=%2Fwp%2Fv2%2Ftags&post=2067336"}],"curies":[{"name":"wp","href":"https:\/\/api.w.org\/{rel}","templated":true}]}}