{"id":2067324,"date":"2026-07-29T12:48:55","date_gmt":"2026-07-29T09:48:55","guid":{"rendered":"https:\/\/analyse.optim.biz\/?p=2067324"},"modified":"2026-07-29T12:48:55","modified_gmt":"2026-07-29T09:48:55","slug":"lucrari-la-reteaua-de-apa-aquatim-anunta-intreruperea-alimentarii-in-barateaz","status":"publish","type":"post","link":"https:\/\/analyse.optim.biz\/?p=2067324","title":{"rendered":"Lucr\u0103ri la re\u021beaua de ap\u0103: Aquatim anun\u021b\u0103 \u00eentreruperea aliment\u0103rii \u00een B\u0103r\u0103teaz"},"content":{"rendered":"<p>[analyse_image type=&#8221;featured&#8221; src=&#8221;https:\/\/orasul-timisoara.ro\/wp-content\/uploads\/2026\/07\/femeie-bea-apa-5.jpg&#8221;]<\/p>\n<article id=\"post-39922\" class=\"td-post-template-7 post-39922 post type-post status-publish format-standard has-post-thumbnail category-featured category-investitii-in-timisoara category-stiri-timisoara tag-alimentare-cu-apa-2 tag-aquatim tag-barateaz tag-gospodaria-de-apa tag-intrerupere-apa-2 tag-lucrari-2 tag-retea-de-distributie-2 tag-timis-2 tag-utilitati td-container-wrap\">\n<div class=\"td-full-screen-header-image-wrap\">\n<div class=\"td-container td-post-header\">\n<div class=\"td-crumb-container\">\n<div class=\"entry-crumbs\"><span><a title=\"Vede\u021bi toate articolele \u00een Investitii in Timisoara\" class=\"entry-crumb\" href=\"https:\/\/orasul-timisoara.ro\/local-category\/investitii-in-timisoara\/\">Investitii in Timisoara<\/a><\/span><span class=\"td-bred-no-url-last\">Lucr\u0103ri la re\u021beaua de ap\u0103: Aquatim anun\u021b\u0103 \u00eentreruperea aliment\u0103rii \u00een B\u0103r\u0103teaz<\/span><\/div>\n<\/div>\n<div class=\"td-post-header-holder\">\n<div class=\"td-parallax-header\">\n<header class=\"td-post-title\">\n<ul class=\"td-category\">\n<li class=\"entry-category\"><a href=\"https:\/\/orasul-timisoara.ro\/local-category\/investitii-in-timisoara\/\">Investitii in Timisoara<\/a><\/li>\n<li class=\"entry-category\"><a href=\"https:\/\/orasul-timisoara.ro\/local-category\/stiri-timisoara\/\">\u0218tiri Locale<\/a><\/li>\n<\/ul>\n<h1 class=\"entry-title\">Lucr\u0103ri la re\u021beaua de ap\u0103: Aquatim anun\u021b\u0103 \u00eentreruperea aliment\u0103rii \u00een B\u0103r\u0103teaz<\/h1>\n<div class=\"td-module-meta-info\">\n<div class=\"td-post-author-name\">\n<div class=\"td-author-by\">De c\u0103tre<\/div>\n<p><a href=\"https:\/\/orasul-timisoara.ro\/author\/timisoara\/\">redactia<\/a><\/p>\n<div class=\"td-author-line\"> &#8211; <\/div>\n<\/div>\n<p><span class=\"td-post-date\"><time class=\"entry-date updated td-module-date\" datetime=\"2026-07-29T15:48:55+03:00\">29\/07\/2026<\/time><\/span><\/div>\n<\/header>\n<\/div>\n<\/div>\n<\/div>\n<div id=\"td-full-screen-header-image\" class=\"td-image-gradient-style7\"><img decoding=\"async\" class=\"td-backstretch\" src=\"https:\/\/orasul-timisoara.ro\/wp-content\/uploads\/2026\/07\/femeie-bea-apa-5.jpg\"><\/div>\n<\/div>\n<div class=\"td-container\">\n<div class=\"td-pb-row\">\n<div class=\"td-pb-span8 td-main-content\" role=\"main\">\n<div class=\"td-ss-main-content\">\n<div class=\"td-post-sharing-top\">\n<div class=\"td-post-sharing-classic\"><iframe title=\"topFacebookLike\" frameborder src=\"https:\/\/www.facebook.com\/plugins\/like.php?href=https:\/\/orasul-timisoara.ro\/local-39922\/&amp;layout=button_count&amp;show_faces=false&amp;width=105&amp;action=like&amp;colorscheme=light&amp;height=21\"><\/iframe><\/div>\n<div id=\"td_social_sharing_article_top\" class=\"td-post-sharing td-ps-bg td-ps-notext td-post-sharing-style1 \">\n<div class=\"td-post-sharing-visible\"><a class=\"td-social-sharing-button td-social-sharing-button-js td-social-network td-social-facebook\" href=\"https:\/\/www.facebook.com\/sharer.php?u=https%3A%2F%2Forasul-timisoara.ro%2Flocal-39922%2F\" title=\"Facebook\"><\/p>\n<div class=\"td-social-but-text\">Facebook<\/div>\n<p><\/a><a class=\"td-social-sharing-button td-social-sharing-button-js td-social-network td-social-twitter\" href=\"https:\/\/twitter.com\/intent\/tweet?text=Lucr%C4%83ri+la+re%C8%9Beaua+de+ap%C4%83%3A+Aquatim+anun%C8%9B%C4%83+%C3%AEntreruperea+aliment%C4%83rii+%C3%AEn+B%C4%83r%C4%83teaz&amp;url=https%3A%2F%2Forasul-timisoara.ro%2Flocal-39922%2F&amp;via=orasultm\" title=\"Twitter\"><\/p>\n<div class=\"td-social-but-text\">Twitter<\/div>\n<p><\/a><a class=\"td-social-sharing-button td-social-sharing-button-js td-social-network td-social-whatsapp\" href=\"https:\/\/api.whatsapp.com\/send?text=Lucr%C4%83ri+la+re%C8%9Beaua+de+ap%C4%83%3A+Aquatim+anun%C8%9B%C4%83+%C3%AEntreruperea+aliment%C4%83rii+%C3%AEn+B%C4%83r%C4%83teaz%20%0A%0A%20https:\/\/orasul-timisoara.ro\/local-39922\/\" title=\"WhatsApp\"><\/p>\n<div class=\"td-social-but-text\">WhatsApp<\/div>\n<p><\/a><a class=\"td-social-sharing-button td-social-sharing-button-js td-social-network td-social-linkedin\" href=\"https:\/\/www.linkedin.com\/shareArticle?mini=true&amp;url=https:\/\/orasul-timisoara.ro\/local-39922\/&amp;title=Lucr%C4%83ri+la+re%C8%9Beaua+de+ap%C4%83%3A+Aquatim+anun%C8%9B%C4%83+%C3%AEntreruperea+aliment%C4%83rii+%C3%AEn+B%C4%83r%C4%83teaz\" title=\"Linkedin\"><\/p>\n<div class=\"td-social-but-text\">Linkedin<\/div>\n<p><\/a><a class=\"td-social-sharing-button td-social-sharing-button-js td-social-network td-social-reddit\" href=\"https:\/\/reddit.com\/submit?url=https:\/\/orasul-timisoara.ro\/local-39922\/&amp;title=Lucr%C4%83ri+la+re%C8%9Beaua+de+ap%C4%83%3A+Aquatim+anun%C8%9B%C4%83+%C3%AEntreruperea+aliment%C4%83rii+%C3%AEn+B%C4%83r%C4%83teaz\" title=\"ReddIt\"><\/p>\n<div class=\"td-social-but-text\">ReddIt<\/div>\n<p><\/a><a class=\"td-social-sharing-button td-social-sharing-button-js td-social-network td-social-mail\" href=\"mailto:?subject=Lucr%C4%83ri%20la%20re%C8%9Beaua%20de%20ap%C4%83:%20Aquatim%20anun%C8%9B%C4%83%20%C3%AEntreruperea%20aliment%C4%83rii%20%C3%AEn%20B%C4%83r%C4%83teaz&amp;body=https:\/\/orasul-timisoara.ro\/local-39922\/\" title=\"Email\"><\/p>\n<div class=\"td-social-but-text\">Email<\/div>\n<p><\/a><a class=\"td-social-sharing-button td-social-sharing-button-js td-social-network td-social-print\" href=\"https:\/\/orasul-timisoara.ro\/local-39922\/\" title=\"Imprimare\"><\/p>\n<div class=\"td-social-but-text\">Imprimare<\/div>\n<p><\/a><\/div>\n<\/div>\n<\/div>\n<div class=\"td-post-content tagdiv-type\">\n<p class=\"wp-block-paragraph\">Locuitorii din localitatea <strong>B\u0103r\u0103teaz<\/strong> vor r\u0103m\u00e2ne temporar f\u0103r\u0103 ap\u0103 potabil\u0103 <strong>joi, 30 iulie<\/strong>, \u00eentre orele <strong>09:00 \u0219i 16:00<\/strong>, ca urmare a unor lucr\u0103ri programate de Aquatim la sistemul de alimentare cu ap\u0103.<\/p>\n<p class=\"wp-block-paragraph\">\u00centreruperea este necesar\u0103 pentru <strong>conectarea re\u021belei de distribu\u021bie la Gospod\u0103ria de Ap\u0103<\/strong>, investi\u021bie care face parte din lucr\u0103rile de modernizare \u0219i dezvoltare a infrastructurii de alimentare cu ap\u0103.<\/p>\n<h2 class=\"wp-block-heading\">Furnizarea apei va fi \u00eentrerupt\u0103 timp de \u0219apte ore in B\u0103r\u0103teaz<\/h2>\n<p class=\"wp-block-paragraph\">Potrivit Aquatim, alimentarea cu ap\u0103 va fi sistat\u0103 pe durata desf\u0103\u0219ur\u0103rii lucr\u0103rilor, iar consumatorii sunt sf\u0103tui\u021bi s\u0103 \u00ee\u0219i asigure din timp rezervele necesare pentru intervalul \u00een care furnizarea va fi \u00eentrerupt\u0103.<\/p>\n<p class=\"wp-block-paragraph\">Compania recomand\u0103 stocarea unei cantit\u0103\u021bi suficiente de ap\u0103 pentru consumul casnic \u0219i alte activit\u0103\u021bi esen\u021biale pe perioada interven\u021biei.<\/p>\n<h2 class=\"wp-block-heading\">Apa poate fi tulbure dup\u0103 reluarea aliment\u0103rii<\/h2>\n<p class=\"wp-block-paragraph\">Reprezentan\u021bii Aquatim avertizeaz\u0103 c\u0103, dup\u0103 reluarea aliment\u0103rii \u00een regim normal, este posibil ca la robinete s\u0103 curg\u0103 ap\u0103 cu un grad temporar de turbiditate.<\/p>\n<p class=\"wp-block-paragraph\">Fenomenul este cauzat de manevrele efectuate \u00een re\u021beaua de distribu\u021bie \u0219i este unul obi\u0219nuit dup\u0103 astfel de interven\u021bii.<\/p>\n<h2 class=\"wp-block-heading\">Recomand\u0103ri pentru consumatori<\/h2>\n<p class=\"wp-block-paragraph\">Aquatim le recomand\u0103 locuitorilor din B\u0103r\u0103teaz s\u0103 nu utilizeze apa \u00een scopuri menajere imediat dup\u0103 reluarea furniz\u0103rii, p\u00e2n\u0103 c\u00e2nd aceasta devine complet limpede.<\/p>\n<p class=\"wp-block-paragraph\">Operatorul regional transmite scuze pentru disconfortul creat \u0219i precizeaz\u0103 c\u0103 lucr\u0103rile sunt necesare pentru \u00eembun\u0103t\u0103\u021birea serviciului de alimentare cu ap\u0103 \u0219i func\u021bionarea \u00een condi\u021bii optime a re\u021belei din localitate.<\/p>\n<\/div>\n<footer>\n<div class=\"td-post-source-tags\">\n<ul class=\"td-tags td-post-small-box clearfix\">\n<li><span>ETICHETE<\/span><\/li>\n<li><a href=\"https:\/\/orasul-timisoara.ro\/local-tag\/alimentare-cu-apa-2\/\">alimentare cu ap\u0103<\/a><\/li>\n<li><a href=\"https:\/\/orasul-timisoara.ro\/local-tag\/aquatim\/\">aquatim<\/a><\/li>\n<li><a href=\"https:\/\/orasul-timisoara.ro\/local-tag\/barateaz\/\">B\u0103r\u0103teaz<\/a><\/li>\n<li><a href=\"https:\/\/orasul-timisoara.ro\/local-tag\/gospodaria-de-apa\/\">Gospod\u0103ria de Ap\u0103<\/a><\/li>\n<li><a href=\"https:\/\/orasul-timisoara.ro\/local-tag\/intrerupere-apa-2\/\">\u00eentrerupere ap\u0103<\/a><\/li>\n<li><a href=\"https:\/\/orasul-timisoara.ro\/local-tag\/lucrari-2\/\">lucr\u0103ri<\/a><\/li>\n<li><a href=\"https:\/\/orasul-timisoara.ro\/local-tag\/retea-de-distributie-2\/\">re\u021bea de distribu\u021bie<\/a><\/li>\n<li><a href=\"https:\/\/orasul-timisoara.ro\/local-tag\/timis-2\/\">timi\u0219<\/a><\/li>\n<li><a href=\"https:\/\/orasul-timisoara.ro\/local-tag\/utilitati\/\">utilit\u0103\u021bi<\/a><\/li>\n<\/ul>\n<\/div>\n<div class=\"td-post-sharing-bottom\">\n<div class=\"td-post-sharing-classic\"><iframe title=\"bottomFacebookLike\" frameborder src=\"https:\/\/www.facebook.com\/plugins\/like.php?href=https:\/\/orasul-timisoara.ro\/local-39922\/&amp;layout=button_count&amp;show_faces=false&amp;width=105&amp;action=like&amp;colorscheme=light&amp;height=21\"><\/iframe><\/div>\n<div id=\"td_social_sharing_article_bottom\" class=\"td-post-sharing td-ps-bg td-ps-notext td-post-sharing-style1 \">\n<div class=\"td-post-sharing-visible\"><a class=\"td-social-sharing-button td-social-sharing-button-js td-social-network td-social-facebook\" href=\"https:\/\/www.facebook.com\/sharer.php?u=https%3A%2F%2Forasul-timisoara.ro%2Flocal-39922%2F\" title=\"Facebook\"><\/p>\n<div class=\"td-social-but-text\">Facebook<\/div>\n<p><\/a><a class=\"td-social-sharing-button td-social-sharing-button-js td-social-network td-social-twitter\" href=\"https:\/\/twitter.com\/intent\/tweet?text=Lucr%C4%83ri+la+re%C8%9Beaua+de+ap%C4%83%3A+Aquatim+anun%C8%9B%C4%83+%C3%AEntreruperea+aliment%C4%83rii+%C3%AEn+B%C4%83r%C4%83teaz&amp;url=https%3A%2F%2Forasul-timisoara.ro%2Flocal-39922%2F&amp;via=orasultm\" title=\"Twitter\"><\/p>\n<div class=\"td-social-but-text\">Twitter<\/div>\n<p><\/a><a class=\"td-social-sharing-button td-social-sharing-button-js td-social-network td-social-whatsapp\" href=\"https:\/\/api.whatsapp.com\/send?text=Lucr%C4%83ri+la+re%C8%9Beaua+de+ap%C4%83%3A+Aquatim+anun%C8%9B%C4%83+%C3%AEntreruperea+aliment%C4%83rii+%C3%AEn+B%C4%83r%C4%83teaz%20%0A%0A%20https:\/\/orasul-timisoara.ro\/local-39922\/\" title=\"WhatsApp\"><\/p>\n<div class=\"td-social-but-text\">WhatsApp<\/div>\n<p><\/a><a class=\"td-social-sharing-button td-social-sharing-button-js td-social-network td-social-linkedin\" href=\"https:\/\/www.linkedin.com\/shareArticle?mini=true&amp;url=https:\/\/orasul-timisoara.ro\/local-39922\/&amp;title=Lucr%C4%83ri+la+re%C8%9Beaua+de+ap%C4%83%3A+Aquatim+anun%C8%9B%C4%83+%C3%AEntreruperea+aliment%C4%83rii+%C3%AEn+B%C4%83r%C4%83teaz\" title=\"Linkedin\"><\/p>\n<div class=\"td-social-but-text\">Linkedin<\/div>\n<p><\/a><a class=\"td-social-sharing-button td-social-sharing-button-js td-social-network td-social-reddit\" href=\"https:\/\/reddit.com\/submit?url=https:\/\/orasul-timisoara.ro\/local-39922\/&amp;title=Lucr%C4%83ri+la+re%C8%9Beaua+de+ap%C4%83%3A+Aquatim+anun%C8%9B%C4%83+%C3%AEntreruperea+aliment%C4%83rii+%C3%AEn+B%C4%83r%C4%83teaz\" title=\"ReddIt\"><\/p>\n<div class=\"td-social-but-text\">ReddIt<\/div>\n<p><\/a><a class=\"td-social-sharing-button td-social-sharing-button-js td-social-network td-social-mail\" href=\"mailto:?subject=Lucr%C4%83ri%20la%20re%C8%9Beaua%20de%20ap%C4%83:%20Aquatim%20anun%C8%9B%C4%83%20%C3%AEntreruperea%20aliment%C4%83rii%20%C3%AEn%20B%C4%83r%C4%83teaz&amp;body=https:\/\/orasul-timisoara.ro\/local-39922\/\" title=\"Email\"><\/p>\n<div class=\"td-social-but-text\">Email<\/div>\n<p><\/a><a class=\"td-social-sharing-button td-social-sharing-button-js td-social-network td-social-print\" href=\"https:\/\/orasul-timisoara.ro\/local-39922\/\" title=\"Imprimare\"><\/p>\n<div class=\"td-social-but-text\">Imprimare<\/div>\n<p><\/a><\/div>\n<\/div>\n<\/div>\n<div class=\"td-block-row td-post-next-prev\">\n<div class=\"td-block-span6 td-post-prev-post\">\n<div class=\"td-post-next-prev-content\"><span>Articolul precedent<\/span><a href=\"https:\/\/orasul-timisoara.ro\/local-39919\/\">Pia\u021ba Mocioni intr\u0103 \u00een \u0219antier. Prim\u0103ria Timi\u0219oara a semnat contractul de aproape 40 de milioane de lei<\/a><\/div>\n<\/div>\n<div class=\"td-block-span6 td-post-next-post\">\n<div class=\"td-post-next-prev-content\"><span>Articolul urm\u0103tor<\/span><a href=\"https:\/\/orasul-timisoara.ro\/local-39924\/\">Frezare \u0219i asfaltare pe DN 66A, \u00eentre C\u00e2mpu lui Neag \u0219i Aninoasa<\/a><\/div>\n<\/div>\n<\/div>\n<div class=\"td-author-name vcard author\"><span class=\"fn\"><a href=\"https:\/\/orasul-timisoara.ro\/author\/timisoara\/\">redactia<\/a><\/span><\/div>\n<p><span class=\"td-page-meta\"><\/span><span class=\"td-page-meta\"><span class=\"td-page-meta\"><\/span><\/span><span class=\"td-page-meta\"><\/span><\/footer>\n<div class=\"td_block_wrap td_block_related_posts tdi_3 td_with_ajax_pagination td-pb-border-top td_block_template_8\" data-td-block-uid=\"tdi_3\">\n<h4 class=\"td-related-title td-block-title\"><a id=\"tdi_4\" class=\"td-related-left td-cur-simple-item\" data-td_filter_value data-td_block_id=\"tdi_3\" href=\"https:\/\/orasul-timisoara.ro\/local-39922\/\">ARTICOLE SIMILARE<\/a><a id=\"tdi_5\" class=\"td-related-right\" data-td_filter_value=\"td_related_more_from_author\" data-td_block_id=\"tdi_3\" href=\"https:\/\/orasul-timisoara.ro\/local-39922\/\">DE LA ACELA\u0218I AUTOR<\/a><\/h4>\n<div id=\"tdi_3\" class=\"td_block_inner\">\n<div class=\"td-related-row\">\n<div class=\"td-related-span4\">\n<div class=\"td_module_related_posts td-animation-stack td_mod_related_posts\">\n<div class=\"td-module-image\">\n<div class=\"td-module-thumb\"><a href=\"https:\/\/orasul-timisoara.ro\/local-39816\/\" rel=\"bookmark\" class=\"td-image-wrap \" title=\"Aquatim opre\u0219te apa \u00een Mo\u0219ni\u021ba Nou\u0103, Mo\u0219ni\u021ba Veche \u0219i Albina pe 23 iulie\"><img loading=\"lazy\" decoding=\"async\" class=\"entry-thumb\" src=\"https:\/\/orasul-timisoara.ro\/wp-content\/uploads\/2026\/07\/femeie-bea-apa-4-436x300.jpg\" alt title=\"Aquatim opre\u0219te apa \u00een Mo\u0219ni\u021ba Nou\u0103, Mo\u0219ni\u021ba Veche \u0219i Albina pe 23 iulie\" width=\"218\" height=\"150\"><\/a><\/div>\n<\/div>\n<div class=\"item-details\">\n<h3 class=\"entry-title td-module-title\"><a href=\"https:\/\/orasul-timisoara.ro\/local-39816\/\" rel=\"bookmark\" title=\"Aquatim opre\u0219te apa \u00een Mo\u0219ni\u021ba Nou\u0103, Mo\u0219ni\u021ba Veche \u0219i Albina pe 23 iulie\">Aquatim opre\u0219te apa \u00een Mo\u0219ni\u021ba Nou\u0103, Mo\u0219ni\u021ba Veche \u0219i Albina pe 23 iulie<\/a><\/h3>\n<\/div>\n<\/div>\n<\/div>\n<div class=\"td-related-span4\">\n<div class=\"td_module_related_posts td-animation-stack td_mod_related_posts\">\n<div class=\"td-module-image\">\n<div class=\"td-module-thumb\"><a href=\"https:\/\/orasul-timisoara.ro\/local-39703\/\" rel=\"bookmark\" class=\"td-image-wrap \" title=\"Aquatim organizeaz\u0103 activit\u0103\u021bi gratuite pentru copii la Muzeul Apei din Timi\u0219oara\"><img loading=\"lazy\" decoding=\"async\" class=\"entry-thumb\" src=\"https:\/\/orasul-timisoara.ro\/wp-content\/uploads\/2023\/06\/Muzeul-Apei_bird-eye-436x300.jpg\" alt title=\"Aquatim organizeaz\u0103 activit\u0103\u021bi gratuite pentru copii la Muzeul Apei din Timi\u0219oara\" width=\"218\" height=\"150\"><\/a><\/div>\n<\/div>\n<div class=\"item-details\">\n<h3 class=\"entry-title td-module-title\"><a href=\"https:\/\/orasul-timisoara.ro\/local-39703\/\" rel=\"bookmark\" title=\"Aquatim organizeaz\u0103 activit\u0103\u021bi gratuite pentru copii la Muzeul Apei din Timi\u0219oara\">Aquatim organizeaz\u0103 activit\u0103\u021bi gratuite pentru copii la Muzeul Apei din Timi\u0219oara<\/a><\/h3>\n<\/div>\n<\/div>\n<\/div>\n<div class=\"td-related-span4\">\n<div class=\"td_module_related_posts td-animation-stack td_mod_related_posts\">\n<div class=\"td-module-image\">\n<div class=\"td-module-thumb\"><a href=\"https:\/\/orasul-timisoara.ro\/local-39634\/\" rel=\"bookmark\" class=\"td-image-wrap \" title=\"Aquatim anun\u021b\u0103 lucr\u0103ri \u00een trei localit\u0103\u021bi din Timi\u0219. Unde va fi oprit\u0103 apa \u0219i unde scade presiunea\"><img loading=\"lazy\" decoding=\"async\" class=\"entry-thumb\" src=\"https:\/\/orasul-timisoara.ro\/wp-content\/uploads\/2026\/07\/femeie-bea-apa-4-436x300.jpg\" alt title=\"Aquatim anun\u021b\u0103 lucr\u0103ri \u00een trei localit\u0103\u021bi din Timi\u0219. Unde va fi oprit\u0103 apa \u0219i unde scade presiunea\" width=\"218\" height=\"150\"><\/a><\/div>\n<\/div>\n<div class=\"item-details\">\n<h3 class=\"entry-title td-module-title\"><a href=\"https:\/\/orasul-timisoara.ro\/local-39634\/\" rel=\"bookmark\" title=\"Aquatim anun\u021b\u0103 lucr\u0103ri \u00een trei localit\u0103\u021bi din Timi\u0219. Unde va fi oprit\u0103 apa \u0219i unde scade presiunea\">Aquatim anun\u021b\u0103 lucr\u0103ri \u00een trei localit\u0103\u021bi din Timi\u0219. Unde va fi oprit\u0103 apa \u0219i unde scade presiunea<\/a><\/h3>\n<\/div>\n<\/div>\n<\/div>\n<\/div>\n<\/div>\n<\/div>\n<div class=\"comments\" id=\"comments\">\n<div id=\"respond\" class=\"comment-respond\">\n<h3 id=\"reply-title\" class=\"comment-reply-title\">L\u0102SA\u021aI UN MESAJ<\/h3>\n<div class=\"comment-form-input-wrap td-form-comment\">\n<div class=\"td-warning-comment\">V\u0103 rug\u0103m s\u0103 introduce\u021bi comentariul dvs.!<\/div>\n<\/div>\n<div class=\"comment-form-input-wrap td-form-author\">\n<div class=\"td-warning-author\">Introduce\u021bi aici numele dvs.<\/div>\n<\/div>\n<div class=\"comment-form-input-wrap td-form-email\">\n<div class=\"td-warning-email-error\">A\u021bi introdus o adres\u0103 de e-mail incorect\u0103!<\/div>\n<div class=\"td-warning-email\">V\u0103 rug\u0103m s\u0103 introduce\u021bi adresa dvs. de e-mail aici<\/div>\n<\/div>\n<\/div>\n<p class=\"akismet_comment_form_privacy_notice\">Acest site folose\u0219te Akismet pentru a reduce spamul. <a href=\"https:\/\/akismet.com\/privacy\/\" target=\"_blank\" rel=\"nofollow noopener\">Afl\u0103 cum sunt procesate datele comentariilor tale<\/a>.<\/p>\n<\/div>\n<\/div>\n<\/div>\n<div class=\"td-pb-span4 td-main-sidebar\" role=\"complementary\">\n<div class=\"td-ss-main-sidebar\">\n<aside id=\"block-4\" class=\"td_block_template_8 widget block-4 widget_block widget_media_image\">\n<figure class=\"wp-block-image size-full\"><img loading=\"lazy\" decoding=\"async\" width=\"336\" height=\"280\" src=\"https:\/\/orasul-timisoara.ro\/wp-content\/uploads\/2024\/11\/ReTIM-Abonamentul-Verde-Google-Ads-336x280px.gif\" alt class=\"wp-image-29257\"><\/figure>\n<\/aside>\n<div class=\"td_block_wrap td_block_social_counter td_block_widget tdi_6 td-social-style5 td-social-boxed td-pb-border-top td_block_template_8\">\n<div class=\"td-block-title-wrap\">\n<h4 class=\"td-block-title\"><span>Urm\u0103re\u0219te-ne pe Social Media<\/span><\/h4>\n<\/div>\n<div class=\"td-social-list\">\n<div class=\"td_social_type td-pb-margin-side td_social_facebook\">\n<div class=\"td-social-box\"><span class=\"td_social_info td_social_info_counter\">344,595<\/span><span class=\"td_social_info td_social_info_name\">Fani<\/span><span class=\"td_social_button\"><a href=\"https:\/\/www.facebook.com\/247timisoara\" target=\"_blank\" rel=\"nofollow\">\u00cemi place<\/a><\/span><\/div>\n<\/div>\n<div class=\"td_social_type td-pb-margin-side td_social_instagram\">\n<div class=\"td-social-box\"><span class=\"td_social_info td_social_info_counter\">4,416<\/span><span class=\"td_social_info td_social_info_name\">Cititori<\/span><span class=\"td_social_button\"><a href=\"https:\/\/instagram.com\/orasultimisoararo\/\" target=\"_blank\" rel=\"nofollow\">Conecta\u021bi-v\u0103<\/a><\/span><\/div>\n<\/div>\n<div class=\"td_social_type td-pb-margin-side td_social_rss\">\n<div class=\"td-social-box\"><span class=\"td_social_info td_social_info_counter\">12,506<\/span><span class=\"td_social_info td_social_info_name\">Cititori<\/span><span class=\"td_social_button\"><a href=\"https:\/\/orasul-timisoara.ro\/feed\/\" target=\"_blank\" rel=\"nofollow\">Conecta\u021bi-v\u0103<\/a><\/span><\/div>\n<\/div>\n<div class=\"td_social_type td-pb-margin-side td_social_tiktok\">\n<div class=\"td-social-box\"><span class=\"td_social_info td_social_info_counter\">1,500<\/span><span class=\"td_social_info td_social_info_name\">Cititori<\/span><span class=\"td_social_button\"><a href=\"https:\/\/www.tiktok.com\/@orasultimisoara\" target=\"_blank\" rel=\"nofollow\">Conecta\u021bi-v\u0103<\/a><\/span><\/div>\n<\/div>\n<div class=\"td_social_type td-pb-margin-side td_social_twitter\">\n<div class=\"td-social-box\"><span class=\"td_social_info td_social_info_counter\">1,595<\/span><span class=\"td_social_info td_social_info_name\">Cititori<\/span><span class=\"td_social_button\"><a href=\"https:\/\/twitter.com\/orasultm\" target=\"_blank\" rel=\"nofollow\">Conecta\u021bi-v\u0103<\/a><\/span><\/div>\n<\/div>\n<div class=\"td_social_type td-pb-margin-side td_social_youtube\">\n<div class=\"td-social-box\"><span class=\"td_social_info td_social_info_counter\">3,506<\/span><span class=\"td_social_info td_social_info_name\">Abona\u021bi<\/span><span class=\"td_social_button\"><a href=\"https:\/\/www.youtube.com\/channel\/UCQNsQvs2XCSIm1Z-AHRturw?sub_confirmation=1\" target=\"_blank\" rel=\"nofollow\">Abona\u021bi-v\u0103<\/a><\/span><\/div>\n<\/div>\n<\/div>\n<\/div>\n<aside id=\"text-7\" class=\"td_block_template_8 widget text-7 widget_text\">\n<h4 class=\"td-block-title\"><span>C\u0103ut\u0103ri populare pe OTM<\/span><\/h4>\n<div class=\"textwidget\"><a href=\"https:\/\/orasul-timisoara.ro\/?s=timisoara\"><span>Timisoara<\/span><\/a><a href=\"https:\/\/orasul-timisoara.ro\/?s=calin+dobra\"><span>Calin Dobra<\/span><\/a><a href=\"https:\/\/orasul-timisoara.ro\/?s=primaria+timisoara\"><span>Primaria Timisoara<\/span><\/a><a href=\"https:\/\/orasul-timisoara.ro\/?s=dominic+fritz\"><span>Dominic Fritz<\/span><\/a><a href=\"https:\/\/orasul-timisoara.ro\/?s=nicolae+robu\"><span>Nicolae Robu<\/span><\/a><a href=\"https:\/\/orasul-timisoara.ro\/?s=consiliul+local+timisoara\">Consiliul Local Timisoara<\/a><a href=\"https:\/\/orasul-timisoara.ro\/?s=consiliul+judetean+timis\"><span>Consiliul Judetean Timis<\/span><\/a><a href=\"https:\/\/orasul-timisoara.ro\/?s=cjt\"><span>CJT<\/span><\/a><a href=\"https:\/\/orasul-timisoara.ro\/?s=Alfred+Simonis\"><span>Alfred Simonis<\/span><\/a><a href=\"https:\/\/orasul-timisoara.ro\/?s=PNL\"><span>PNL<\/span><\/a><a href=\"https:\/\/orasul-timisoara.ro\/?s=coronavirus\"><span>coronavirus<\/span><\/a><a href=\"https:\/\/orasul-timisoara.ro\/?s=teatru+timisoara\">teatru Timisoara<\/a><a href=\"https:\/\/orasul-timisoara.ro\/?s=restaurante\"><span>restaurante Timisoara<\/span><\/a><a href=\"https:\/\/orasul-timisoara.ro\/?s=diskoteka\"><span>Diskoteka<\/span><\/a><a href=\"https:\/\/orasul-timisoara.ro\/?s=iulius+town\"><span>Iulius Town<\/span><\/a><a href=\"https:\/\/orasul-timisoara.ro\/?s=iulius+mall\"><span>Iulius Mall<\/span><\/a><a href=\"https:\/\/orasul-timisoara.ro\/?s=stpt\"><span>STPT<\/span><\/a><a href=\"https:\/\/orasul-timisoara.ro\/?s=alin+nica\"><span>Alin Nica<\/span><\/a><a href=\"https:\/\/orasul-timisoara.ro\/?s=psd\"><span>PSD<\/span><\/a><a href=\"https:\/\/orasul-timisoara.ro\/?s=aeroport\"><span>Aeroportul International Timisoara<\/span><\/a><a href=\"https:\/\/orasul-timisoara.ro\/?s=babes\"><span>Spitalul Victor Babes Timisoara<\/span><\/a><a href=\"https:\/\/orasul-timisoara.ro\/?s=poli\"><span>Poli Timi\u0219oara<\/span><\/a><a href=\"https:\/\/orasul-timisoara.ro\/?s=carantina\"><span>carantina<\/span><\/a><a href=\"https:\/\/orasul-timisoara.ro\/?s=aquatim\"><span>Aquatim<\/span><\/a><a href=\"https:\/\/orasul-timisoara.ro\/local-category\/stiri-timisoara\/\"><span>Stiri Timisoara<\/span><\/a><a href=\"https:\/\/orasul-timisoara.ro\/local-category\/investitii-in-timisoara\/\"><span>Investi\u021bii in Timi\u0219oara<\/span><\/a><a href=\"https:\/\/orasul-timisoara.ro\/local-9463\/\"><span>shaorma<\/span><\/a><a href=\"https:\/\/orasul-timisoara.ro\/?s=trafic\"><span>trafic rutier<\/span><\/a><a href=\"https:\/\/orasul-timisoara.ro\/?s=politia\"><span>politia locala timisoara<\/span><\/a><a href=\"https:\/\/orasul-timisoara.ro\/?s=roxana\"><span>Roxana Iliescu<\/span><\/a><a href=\"https:\/\/orasul-timisoara.ro\/?s=colterm\"><span>Colterm<\/span><\/a><a href=\"https:\/\/orasul-timisoara.ro\/?s=latcau\"><span>Ruben La\u021bc\u0103u<\/span><\/a><a href=\"https:\/\/orasul-timisoara.ro\/?s=timis\"><span>\u0218tiri din Timi\u0219<\/span><\/a><a href=\"https:\/\/orasul-timisoara.ro\/?s=spital\"><span>Spitale din Timi\u0219oara<\/span><\/a><a href=\"https:\/\/orasul-timisoara.ro\/?s=tabara\"><span>Cosmin Tab\u0103r\u0103<\/span><\/a><\/div>\n<\/aside>\n<aside id=\"rss-2\" class=\"td_block_template_8 widget rss-2 widget_rss\">\n<h4 class=\"td-block-title\"><span><a class=\"rsswidget rss-widget-feed\" href=\"https:\/\/fashionfridays.ro\/feed\"><img decoding=\"async\" class=\"rss-widget-icon\" width=\"14\" height=\"14\" src=\"https:\/\/orasul-timisoara.ro\/wp-includes\/images\/rss.png\" alt=\"RSS\" loading=\"lazy\"><\/a><a class=\"rsswidget rss-widget-title\" href=\"https:\/\/fashionfridays.ro\/\">Fashion Fridays<\/a><\/span><\/h4>\n<ul>\n<li><a class=\"rsswidget\" href=\"https:\/\/fashionfridays.ro\/romania-devine-a-29-a-piata-vogue-o-noua-era-pentru-industria-locala-de-moda\/\">Rom\u00e2nia devine a 29-a pia\u021b\u0103 Vogue: o nou\u0103 er\u0103 pentru industria local\u0103 de mod\u0103<\/a>\n<div class=\"rssSummary\">Revista Vogue \u00ee\u0219i extinde prezen\u021ba global\u0103 \u0219i va fi lansat\u0103 oficial \u00een Rom\u00e2nia \u00een prim\u0103vara anului 2027, marc\u00e2nd intrarea pe cea de-a 29-a pia\u021b\u0103 interna\u021bional\u0103. Proiectul este realizat \u00een parteneriat cu AEMME Publishing, o companie media recent \u00eenfiin\u021bat\u0103, care va publica edi\u021bia local\u0103 sub licen\u021b\u0103. Noua edi\u021bie, Vogue Rom\u00e2nia, \u00ee\u0219i propune s\u0103 combine autoritatea global\u0103 [\u2026]<\/div>\n<\/li>\n<\/ul>\n<\/aside>\n<aside id=\"rss-4\" class=\"td_block_template_8 widget rss-4 widget_rss\">\n<h4 class=\"td-block-title\"><span><a class=\"rsswidget rss-widget-feed\" href=\"https:\/\/emasini.ro\/feed\"><img decoding=\"async\" class=\"rss-widget-icon\" width=\"14\" height=\"14\" src=\"https:\/\/orasul-timisoara.ro\/wp-includes\/images\/rss.png\" alt=\"RSS\" loading=\"lazy\"><\/a><a class=\"rsswidget rss-widget-title\" href=\"https:\/\/emasini.ro\/\">eMasini<\/a><\/span><\/h4>\n<ul>\n<li><a class=\"rsswidget\" href=\"https:\/\/emasini.ro\/dacia-analizeaza-lansarea-lui-hipster-automobilul-urban-de-doar-3-metri-lungime\/\">Dacia analizeaz\u0103 lansarea lui Hipster, automobilul urban de doar 3 metri lungime (video)<\/a>\n<div class=\"rssSummary\">Dacia ar putea introduce pe pia\u021b\u0103 unul dintre cele mai neobi\u0219nuite modele din istoria sa recent\u0103. Conceptul Hipster, prezentat anul trecut ca o reinterpretare radical\u0103 a automobilului urban accesibil, se afl\u0103 \u00een prezent \u00eentr-o etap\u0103 de evaluare, iar decizia privind produc\u021bia de serie va fi luat\u0103 \u00een func\u021bie de reac\u021bia publicului \u0219i de evolu\u021bia reglement\u0103rilor [\u2026]<\/div>\n<\/li>\n<\/ul>\n<\/aside>\n<\/div>\n<\/div>\n<\/div>\n<\/div>\n<\/article>\n<div class=\"td-post-content tagdiv-type\">\n<p class=\"wp-block-paragraph\">Locuitorii din localitatea <strong>B\u0103r\u0103teaz<\/strong> vor r\u0103m\u00e2ne temporar f\u0103r\u0103 ap\u0103 potabil\u0103 <strong>joi, 30 iulie<\/strong>, \u00eentre orele <strong>09:00 \u0219i 16:00<\/strong>, ca urmare a unor lucr\u0103ri programate de Aquatim la sistemul de alimentare cu ap\u0103.<\/p>\n<p class=\"wp-block-paragraph\">\u00centreruperea este necesar\u0103 pentru <strong>conectarea re\u021belei de distribu\u021bie la Gospod\u0103ria de Ap\u0103<\/strong>, investi\u021bie care face parte din lucr\u0103rile de modernizare \u0219i dezvoltare a infrastructurii de alimentare cu ap\u0103.<\/p>\n<h2 class=\"wp-block-heading\">Furnizarea apei va fi \u00eentrerupt\u0103 timp de \u0219apte ore in B\u0103r\u0103teaz<\/h2>\n<p class=\"wp-block-paragraph\">Potrivit Aquatim, alimentarea cu ap\u0103 va fi sistat\u0103 pe durata desf\u0103\u0219ur\u0103rii lucr\u0103rilor, iar consumatorii sunt sf\u0103tui\u021bi s\u0103 \u00ee\u0219i asigure din timp rezervele necesare pentru intervalul \u00een care furnizarea va fi \u00eentrerupt\u0103.<\/p>\n<p class=\"wp-block-paragraph\">Compania recomand\u0103 stocarea unei cantit\u0103\u021bi suficiente de ap\u0103 pentru consumul casnic \u0219i alte activit\u0103\u021bi esen\u021biale pe perioada interven\u021biei.<\/p>\n<h2 class=\"wp-block-heading\">Apa poate fi tulbure dup\u0103 reluarea aliment\u0103rii<\/h2>\n<p class=\"wp-block-paragraph\">Reprezentan\u021bii Aquatim avertizeaz\u0103 c\u0103, dup\u0103 reluarea aliment\u0103rii \u00een regim normal, este posibil ca la robinete s\u0103 curg\u0103 ap\u0103 cu un grad temporar de turbiditate.<\/p>\n<p class=\"wp-block-paragraph\">Fenomenul este cauzat de manevrele efectuate \u00een re\u021beaua de distribu\u021bie \u0219i este unul obi\u0219nuit dup\u0103 astfel de interven\u021bii.<\/p>\n<h2 class=\"wp-block-heading\">Recomand\u0103ri pentru consumatori<\/h2>\n<p class=\"wp-block-paragraph\">Aquatim le recomand\u0103 locuitorilor din B\u0103r\u0103teaz s\u0103 nu utilizeze apa \u00een scopuri menajere imediat dup\u0103 reluarea furniz\u0103rii, p\u00e2n\u0103 c\u00e2nd aceasta devine complet limpede.<\/p>\n<p class=\"wp-block-paragraph\">Operatorul regional transmite scuze pentru disconfortul creat \u0219i precizeaz\u0103 c\u0103 lucr\u0103rile sunt necesare pentru \u00eembun\u0103t\u0103\u021birea serviciului de alimentare cu ap\u0103 \u0219i func\u021bionarea \u00een condi\u021bii optime a re\u021belei din localitate.<\/p>\n<\/div>\n<p>[analyse_source url=&#8221;https:\/\/orasul-timisoara.ro\/local-39922\/&#8221;]<\/p>\n","protected":false},"excerpt":{"rendered":"<p>[analyse_image type=&#8221;featured&#8221; src=&#8221;https:\/\/orasul-timisoara.ro\/wp-content\/uploads\/2026\/07\/femeie-bea-apa-5.jpg&#8221;] Investitii in TimisoaraLucr\u0103ri la re\u021beaua de ap\u0103: Aquatim anun\u021b\u0103 \u00eentreruperea aliment\u0103rii \u00een B\u0103r\u0103teaz Investitii in Timisoara \u0218tiri Locale Lucr\u0103ri la re\u021beaua de ap\u0103: Aquatim anun\u021b\u0103 \u00eentreruperea aliment\u0103rii \u00een B\u0103r\u0103teaz De c\u0103tre redactia &#8211; 29\/07\/2026 Facebook Twitter WhatsApp Linkedin ReddIt Email Imprimare Locuitorii din localitatea B\u0103r\u0103teaz vor r\u0103m\u00e2ne temporar f\u0103r\u0103 ap\u0103 potabil\u0103 joi, [&hellip;]<\/p>\n","protected":false},"author":1,"featured_media":0,"comment_status":"open","ping_status":"","sticky":false,"template":"","format":"standard","meta":{"footnotes":""},"categories":[89],"tags":[226,189],"class_list":["post-2067324","post","type-post","status-publish","format-standard","hentry","category-romania","tag-crawlmanager","tag-orasul-timisoara-ro"],"_links":{"self":[{"href":"https:\/\/analyse.optim.biz\/index.php?rest_route=\/wp\/v2\/posts\/2067324","targetHints":{"allow":["GET"]}}],"collection":[{"href":"https:\/\/analyse.optim.biz\/index.php?rest_route=\/wp\/v2\/posts"}],"about":[{"href":"https:\/\/analyse.optim.biz\/index.php?rest_route=\/wp\/v2\/types\/post"}],"author":[{"embeddable":true,"href":"https:\/\/analyse.optim.biz\/index.php?rest_route=\/wp\/v2\/users\/1"}],"replies":[{"embeddable":true,"href":"https:\/\/analyse.optim.biz\/index.php?rest_route=%2Fwp%2Fv2%2Fcomments&post=2067324"}],"version-history":[{"count":0,"href":"https:\/\/analyse.optim.biz\/index.php?rest_route=\/wp\/v2\/posts\/2067324\/revisions"}],"wp:attachment":[{"href":"https:\/\/analyse.optim.biz\/index.php?rest_route=%2Fwp%2Fv2%2Fmedia&parent=2067324"}],"wp:term":[{"taxonomy":"category","embeddable":true,"href":"https:\/\/analyse.optim.biz\/index.php?rest_route=%2Fwp%2Fv2%2Fcategories&post=2067324"},{"taxonomy":"post_tag","embeddable":true,"href":"https:\/\/analyse.optim.biz\/index.php?rest_route=%2Fwp%2Fv2%2Ftags&post=2067324"}],"curies":[{"name":"wp","href":"https:\/\/api.w.org\/{rel}","templated":true}]}}