{"id":2067271,"date":"2026-07-29T11:59:41","date_gmt":"2026-07-29T08:59:41","guid":{"rendered":"https:\/\/analyse.optim.biz\/?p=2067271"},"modified":"2026-07-29T11:59:41","modified_gmt":"2026-07-29T08:59:41","slug":"tribunalul-constitutional-din-polonia-opreste-recunoasterea-pe-teritoriul-tarii-a-casatoriilor-persoanelor-de-acelasi-sex-incheiate-in-uniunea-europeana","status":"publish","type":"post","link":"https:\/\/analyse.optim.biz\/?p=2067271","title":{"rendered":"Tribunalul Constitu\u021bional din Polonia opre\u0219te recunoa\u0219terea pe teritoriul \u021b\u0103rii a c\u0103s\u0103toriilor persoanelor de acela\u0219i sex \u00eencheiate \u00een Uniunea European\u0103"},"content":{"rendered":"<p>[analyse_image type=&#8221;featured&#8221; src=&#8221;https:\/\/r3media.ro\/wp-content\/uploads\/2026\/05\/homosexuali.pnghttps:\/\/r3media.ro\/wp-content\/uploads\/2026\/05\/homosexuali.png&#8221;]<\/p>\n<article id=\"template-id-109\" class=\"post-109 tdb_templates type-tdb_templates status-publish post\">\n<div id=\"tdi_2\" class=\"tdc-zone\">\n<div class=\"tdc_zone tdi_3  wpb_row td-pb-row\">\n<div id=\"tdi_4\" class=\"tdc-row\">\n<div class=\"vc_row tdi_5  wpb_row td-pb-row\">\n<div class=\"vc_column tdi_7  wpb_column vc_column_container tdc-column td-pb-span8\">\n<div class=\"wpb_wrapper\">\n<div class=\"td_block_wrap tdb_breadcrumbs tdi_8 td-pb-border-top td_block_template_1 tdb-breadcrumbs \" data-td-block-uid=\"tdi_8\">\n<div class=\"tdb-block-inner td-fix-index\"><span><a title=\"Vede\u021bi toate articolele \u00een FEATURED\" class=\"tdb-entry-crumb\" href=\"https:\/\/r3media.ro\/category\/featured\/\">FEATURED<\/a><\/span><span class=\"tdb-bred-no-url-last\">Tribunalul Constitu\u021bional din Polonia opre\u0219te recunoa\u0219terea pe teritoriul \u021b\u0103rii a c\u0103s\u0103toriilor persoanelor&#8230;<\/span><\/div>\n<\/div>\n<div class=\"td_block_wrap tdb_single_categories tdi_9 td-pb-border-top td_block_template_1 \" data-td-block-uid=\"tdi_9\">\n<div class=\"tdb-category td-fix-index\"><a class=\"tdb-entry-category\" href=\"https:\/\/r3media.ro\/category\/featured\/\">FEATURED<\/a><a class=\"tdb-entry-category\" href=\"https:\/\/r3media.ro\/category\/stiri\/\">\u0218TIRI<\/a><\/div>\n<\/div>\n<div class=\"td_block_wrap tdb_title tdi_10 tdb-single-title td-pb-border-top td_block_template_1\" data-td-block-uid=\"tdi_10\">\n<div class=\"tdb-block-inner td-fix-index\">\n<h1 class=\"tdb-title-text\">Tribunalul Constitu\u021bional din Polonia opre\u0219te recunoa\u0219terea pe teritoriul \u021b\u0103rii a c\u0103s\u0103toriilor persoanelor de acela\u0219i sex \u00eencheiate \u00een Uniunea European\u0103<\/h1>\n<\/div>\n<\/div>\n<div class=\"vc_row_inner tdi_12  vc_row vc_inner wpb_row td-pb-row\">\n<div class=\"vc_column_inner tdi_14  wpb_column vc_column_container tdc-inner-column td-pb-span12\">\n<div class=\"vc_column-inner\">\n<div class=\"wpb_wrapper\">\n<div class=\"td_block_wrap tdb_single_author tdi_15 td-pb-border-top td_block_template_1 tdb-post-meta\" data-td-block-uid=\"tdi_15\">\n<div class=\"tdb-block-inner td-fix-index\">\n<div class=\"tdb-author-name-wrap\"><a class=\"tdb-author-name\" href=\"https:\/\/r3media.ro\/author\/oana\/\">Oana Ivan<\/a><\/div>\n<\/div>\n<\/div>\n<div class=\"td_block_wrap tdb_single_date tdi_16 td-pb-border-top td_block_template_1 tdb-post-meta\" data-td-block-uid=\"tdi_16\">\n<div class=\"tdb-block-inner td-fix-index\"><time class=\"entry-date updated td-module-date\" datetime=\"2026-07-29T14:59:41+03:00\">29\/07\/2026<\/time><\/div>\n<\/div>\n<\/div>\n<\/div>\n<\/div>\n<\/div>\n<div class=\"td_block_wrap tdb_single_featured_image tdi_17 tdb-content-horiz-left td-pb-border-top td_block_template_1\" data-td-block-uid=\"tdi_17\">\n<div class=\"tdb-block-inner td-fix-index\">\n<figure><figcaption class=\"tdb-caption-text\">Surs\u0103 &#8211; Unsplash<\/figcaption><\/figure>\n<\/div>\n<\/div>\n<div class=\"td_block_wrap tdb_single_content tdi_18 td-pb-border-top td_block_template_1 td-post-content tagdiv-type\" data-td-block-uid=\"tdi_18\">\n<div class=\"tdb-block-inner td-fix-index\">\n<p><strong>Tribunalul Constitu\u021bional din <a href=\"https:\/\/r3media.ro\/tag\/polonia\/\" target=\"_blank\" rel=\"noopener\">Polonia<\/a> consider\u0103 neconstitu\u021bional\u0103 reglementarea care permite recunoa\u0219terea \u00een \u021bar\u0103 a c\u0103s\u0103toriilor \u00eentre persoane de acela\u0219i sex \u00eencheiate \u00een UE, potrivit <a href=\"https:\/\/notesfrompoland.com\/2026\/07\/28\/polish-court-finds-regulation-allowing-foreign-same-sex-marriage-registration-unconstitutional\/\" target=\"_blank\" rel=\"noopener\">Notes from Poland<\/a>.<\/strong><\/p>\n<p>Tribunalul Constitu\u021bional (TK) din Polonia a decis c\u0103 o nou\u0103 reglementare care permite \u00eenregistrarea certificatelor de c\u0103s\u0103torie \u00eentre persoane de acela\u0219i sex \u00een str\u0103in\u0103tate \u00een Polonia este par\u021bial neconstitu\u021bional\u0103. TK precizeaz\u0103 c\u0103 recunoa\u0219terea dep\u0103\u0219e\u0219te modific\u0103rile administrative tehnice \u0219i intr\u0103 \u00een conflict cu defini\u021bia c\u0103s\u0103toriei din constitu\u021bie.<\/p>\n<p>Regulamentul a fost introdus de ministerul afacerilor digitale dup\u0103 deciziile CJUE \u0219i ale Cur\u021bii Administrative Supreme a Poloniei (NSA). Acesta urma s\u0103 intre \u00een vigoare pe 23 august. Guvernul, care consider\u0103 c\u0103 instan\u021ba este constituit\u0103 necorespunz\u0103tor, declar\u0103 c\u0103 nu va implementa hot\u0103r\u00e2rea.<\/p>\n<h2><strong>Polonia nu permite c\u0103s\u0103torii \u00eentre persoane de acela\u0219i sex<\/strong><\/h2>\n<p>\u00a0<\/p>\n<p>Legisla\u021bia polonez\u0103 nu permite cuplurilor de acela\u0219i sex s\u0103 se c\u0103s\u0103toreasc\u0103 sau s\u0103 \u00eencheie uniuni civile. Un proiect de lege care ar fi acordat astfel de drepturi limitate cuplurilor nec\u0103s\u0103torite a fost recent respins de pre\u0219edintele <strong><a href=\"https:\/\/r3media.ro\/tag\/karol-nawrocki\/\" target=\"_blank\" rel=\"noopener\">Karol Nawrocki<\/a><\/strong>.<\/p>\n<p>P\u00e2n\u0103 \u00een acest an, cuplurile de acela\u0219i sex care se c\u0103s\u0103toriser\u0103 \u00een str\u0103in\u0103tate nu \u00ee\u0219i puteau \u00eenregistra certificatele de c\u0103s\u0103torie \u00een Polonia.<\/p>\n<p>Dup\u0103 ce CJUE a decis c\u0103 Polonia trebuie s\u0103 recunoasc\u0103 astfel de c\u0103s\u0103torii, statul a modificat formularele de stare civil\u0103. \u00cen loc de c\u00e2mpuri separate pentru \u201eb\u0103rbat\u201d \u0219i \u201efemeie\u201d, noile \u0219abloane folosesc \u201eb\u0103rbat\/femeie\u201d. Astfel, le permite oficiilor de stare civil\u0103 s\u0103 \u00eenregistreze \u0219i <strong><a href=\"https:\/\/r3media.ro\/tag\/casatorii-homosexuale\/\" target=\"_blank\" rel=\"noopener\">c\u0103s\u0103toriile homosexuale<\/a><\/strong>.<\/p>\n<p>Parlamentarii din Partidul Lege \u0219i Justi\u021bie (PiS) au contestat \u00eens\u0103 regulamentul. Ei au argumentat c\u0103 ministrul afacerilor digitale \u0219i-a dep\u0103\u0219it atribu\u021biile, deoarece modific\u0103rile nu au fost doar tehnice, ci au afectat defini\u021bia legal\u0103 a c\u0103s\u0103toriei.<\/p>\n<h2><strong>Puterea de la Var\u0219ovia nu vrea s\u0103 respecte decizia<\/strong><\/h2>\n<p>\u00a0<\/p>\n<p>Tribunalul, care este considerat pe scar\u0103 larg\u0103 ca fiind sub influen\u021ba PiS, a fost de acord. Tribunalul a declarat c\u0103 noile formulare permit \u00eenregistrarea ca \u0219i c\u0103s\u0103torii a rela\u021biilor care nu corespund defini\u021biei constitu\u021bionale a c\u0103s\u0103toriei ca o uniune \u00eentre un b\u0103rbat \u0219i o femeie.<\/p>\n<p>Tribunalul a mai spus c\u0103 \u00eenregistrarea unui certificat de c\u0103s\u0103torie str\u0103in nu poate produce efecte juridice care intr\u0103 \u00een conflict cu principiile de baz\u0103 ale dreptului polonez. TK a ad\u0103ugat c\u0103 modificarea defini\u021biei constitu\u021bionale a c\u0103s\u0103toriei ar necesita modific\u0103ri ale constitu\u021biei \u0219i ale legilor conexe.<\/p>\n<p>La scurt timp dup\u0103 hot\u0103r\u00e2re, membrii guvernului au declarat c\u0103 nu vor respecta decizia tribunalului. Ei au precizat c\u0103 regulamentul va intra \u00een vigoare conform planului.<\/p>\n<p>\u201eTribunalul Constitu\u021bional ilegal \u00eencearc\u0103 din nou s\u0103 obstruc\u021bioneze un stat care aplic\u0103 legea \u00een vigoare \u0219i hot\u0103r\u00e2rile instan\u021belor europene\u201d, a declarat ministrul afacerilor digitale, Krzysztof Gawkowski.<\/p>\n<p>\u201eTranscrierea certificatelor de c\u0103s\u0103torie str\u0103ine \u00eentre persoane de acela\u0219i sex este \u0219i va r\u0103m\u00e2ne legal\u0103\u201d, a spus Gawkowski.\u00a0 El a ad\u0103ugat c\u0103 p\u00e2n\u0103 \u00een prezent, 184 de cupluri de acela\u0219i sex au avut certificatele de c\u0103s\u0103torie str\u0103ine transcrise.<\/p>\n<h2><strong>Reac\u021bia Bisericii Ortodoxe Rom\u00e2ne (BOR)<\/strong><\/h2>\n<p>\u00a0<\/p>\n<p>O reac\u021bie dup\u0103 decizia Tribunalului Constitu\u021bional din Polonia a venit \u0219i din partea Bisericii Ortodoxe Rom\u00e2ne. Purt\u0103torul de cuv\u00e2nt, <a href=\"https:\/\/r3media.ro\/tag\/adrian-agachi\/\" target=\"_blank\" rel=\"noopener\"><strong>Adrian Agachi<\/strong><\/a>, a precizat c\u0103 instan\u021ba de la Var\u0219ovia \u201ea oprit recunoa\u0219terea oficial\u0103 pe teritoriul \u021b\u0103rii a c\u0103s\u0103toriilor \u00eentre persoane de acela\u0219i sex \u00eencheiate \u00een Uniunea European\u0103\u201c.<\/p>\n<p>\u201eDe asemenea, Constitu\u021bia Poloniei define\u0219te c\u0103s\u0103toria ca unirea \u00eentre un b\u0103rbat \u0219i o femeie.<\/p>\n<p>Con\u0219tiin\u021ba cre\u0219tin\u0103 r\u0103m\u00e2ne vie \u0219i lucreaz\u0103 \u00een pofida tuturor presiunilor de ordin politic, economic \u0219i social.<\/p>\n<p>Se poate, dac\u0103 se vrea.<\/p>\n<p>Sper\u0103m c\u0103 \u0219i \u00een Rom\u00e2nia parteneriatul civil, recunoa\u0219terea c\u0103s\u0103toriilor \u00eentre persoane de acela\u0219i sex \u0219i adoptarea copiilor de astfel de cupluri nu vor fi vreodat\u0103 legiferate.<\/p>\n<p>\u00cenv\u0103\u021b\u0103tura Bisericii r\u0103m\u00e2ne neschimbat\u0103: familia poate fi \u00eentemeiat\u0103 doar prin c\u0103s\u0103toria dintre un b\u0103rbat \u0219i o femeie. Totodat\u0103, na\u0219terea \u0219i cre\u0219terea copiilor reprezint\u0103 rodul firesc al acestei leg\u0103turi.<\/p>\n<p>A\u0219a cum ne-a \u00eenv\u0103\u021bat Dumnezeu, nu p\u0103rerile schimb\u0103toare ale omului\u201c, a scris Agachi pe Facebook.<\/p>\n<div class=\"crp_related     crp-masonry\">\n<h2>\u00ceN CONTEXT<\/h2>\n<ul>\n<li><a href=\"https:\/\/r3media.ro\/diana-sosoaca-mediere-dialog-ue-rusia-scrisoare-deschisa\/\" class=\"crp_link post-118074\"><span class=\"crp_title\">Diana \u0218o\u0219oac\u0103 se ofer\u0103 s\u0103 medieze dialogul UE &#8211; Rusia: Scrisoare deschis\u0103 adresat\u0103 liderilor\u2026<\/span><\/a><\/li>\n<li><a href=\"https:\/\/r3media.ro\/discurs-fulminant-presedinte-polonia-karol-nawrocki-unitate-suveranitate-respingere-adoptare-moneda-euro-ue\/\" class=\"crp_link post-112181\"><span class=\"crp_title\">Discurs fulminant al noului pre\u0219edinte al Poloniei | Karol Nawrocki a promis unitate,\u2026<\/span><\/a><\/li>\n<li><a href=\"https:\/\/r3media.ro\/imparateasa-goala-scoasa-la-tabla-corigenta-amanata\/\" class=\"crp_link post-112360\"><span class=\"crp_title\">\u00cemp\u0103r\u0103teasa goal\u0103, scoas\u0103 la tabl\u0103. Corigen\u021ba, am\u00e2nat\u0103<\/span><\/a><\/li>\n<li><a href=\"https:\/\/r3media.ro\/ursula-von-der-leyen-bate-cui-sicriu-fermieri-uniunea-europeana-polonezi-revolta-agricultura\/\" class=\"crp_link post-115064\"><span class=\"crp_title\">Ursula von der Leyen vrea s\u0103 mai bat\u0103 un cui \u00een sicriul fermierilor din Uniunea European\u0103.\u2026<\/span><\/a><\/li>\n<li><a href=\"https:\/\/r3media.ro\/polonezii-plecati-germania-intoarcere-numar-impresionant-tara-lor-crestere-economica-taxe-mici-administratie-eficienta\/\" class=\"crp_link post-112444\"><span class=\"crp_title\">Polonezii pleca\u021bi \u00een Germania se \u00eentorc \u00een num\u0103r impresionant \u00een \u021bara lor, atra\u0219i de\u2026<\/span><\/a><\/li>\n<li><a href=\"https:\/\/r3media.ro\/mercosur-uniunea-europeana-decizie-import-carne-de-pui-vita-peste-miere-produse-brazilia\/\" class=\"crp_link post-118185\"><span class=\"crp_title\">Mercosur: Uniunea European\u0103 a decis s\u0103 nu mai importe carne de pui, vit\u0103, pe\u0219te, miere \u0219i\u2026<\/span><\/a><\/li>\n<li><a href=\"https:\/\/r3media.ro\/polonia-critici-dure-zelenski-grupari-masacru-lech-walesa\/\" class=\"crp_link post-117415\"><span class=\"crp_title\">Polonia \u00eel critic\u0103 dur pe Zelenski pentru onorarea unei grup\u0103ri acuzate c\u0103 a masacrat\u2026<\/span><\/a><\/li>\n<li><a href=\"https:\/\/r3media.ro\/uniunea-europeana-pregateste-aprobare-experiment-supraveghere-istorie-mesaje-sms-email-aplicatii-facebook-instagram-tiktok-servicii-whatsapp-telegram\/\" class=\"crp_link post-112212\"><span class=\"crp_title\">UE preg\u0103te\u0219te aprobarea celui mai mare experiment de supraveghere pe timp de pace: Mesajele\u2026<\/span><\/a><\/li>\n<\/ul>\n<\/div>\n<\/div>\n<\/div>\n<div class=\"td_block_wrap tdb_single_tags tdi_19 td-pb-border-top td_block_template_1\" data-td-block-uid=\"tdi_19\">\n<div class=\"tdb-block-inner td-fix-index\">\n<ul class=\"tdb-tags\">\n<li><span>SUBIECTE FIERBIN\u021aI<\/span><\/li>\n<li><a href=\"https:\/\/r3media.ro\/tag\/casatorii-homosexuale\/\">casatorii homosexuale<\/a><\/li>\n<li><a href=\"https:\/\/r3media.ro\/tag\/polonia\/\">polonia<\/a><\/li>\n<li><a href=\"https:\/\/r3media.ro\/tag\/uniunea-europeana-ue\/\">Uniunea Europeana (ue)<\/a><\/li>\n<\/ul>\n<\/div>\n<\/div>\n<div class=\"td_block_wrap td_block_9 tdi_20 td_with_ajax_pagination td-pb-border-top td_block_template_1 td-column-2 td_block_padding td_block_bot_line\" data-td-block-uid=\"tdi_20\">\n<div class=\"td-block-title-wrap\">\n<h4 class=\"block-title td-block-title\"><span class=\"td-pulldown-size\">CITE\u0218TE MAI MULT<\/span><\/h4>\n<\/div>\n<div id=\"tdi_20\" class=\"td_block_inner\">\n<div class=\"td-block-row\">\n<div class=\"td-block-span6\">\n<div class=\"td_module_8 td_module_wrap\">\n<div class=\"item-details\">\n<h3 class=\"entry-title td-module-title\"><a href=\"https:\/\/r3media.ro\/cornel-nistorescu-drone-razboi-ucraina\/\" rel=\"bookmark\" title=\"Cornel Nistorescu, dup\u0103 incidentele cu drone: Adie a aer de r\u0103zboi. De mirare c\u0103 dronele ucrainene nu au st\u00e2rnit at\u00e2ta t\u0103r\u0103boi\">Cornel Nistorescu, dup\u0103 incidentele cu drone: Adie a aer de r\u0103zboi. De mirare c\u0103&#8230;<\/a><\/h3>\n<div class=\"td-module-meta-info\"><a href=\"https:\/\/r3media.ro\/category\/actualitate\/\" class=\"td-post-category\">ACTUALITATE<\/a><span class=\"td-post-author-name\"><a href=\"https:\/\/r3media.ro\/author\/radu_ursan\/\">Radu Ursan<\/a><span>&#8211;<\/span><\/span><span class=\"td-post-date\"><time class=\"entry-date updated td-module-date\" datetime=\"2026-07-28T10:21:51+03:00\">28\/07\/2026<\/time><\/span><\/div>\n<\/div>\n<\/div>\n<\/div>\n<div class=\"td-block-span6\">\n<div class=\"td_module_8 td_module_wrap\">\n<div class=\"item-details\">\n<h3 class=\"entry-title td-module-title\"><a href=\"https:\/\/r3media.ro\/bnr-recomanda-romani-rezerve-de-cash-atacuri-cibernetice-numerar-relevant-criza\/\" rel=\"bookmark\" title=\"BNR le recomand\u0103 rom\u00e2nilor s\u0103 p\u0103streze rezerve de cash: Numerarul se poate dovedi relevant \u00een criz\u0103\">BNR le recomand\u0103 rom\u00e2nilor s\u0103 p\u0103streze rezerve de cash: Numerarul se poate dovedi relevant&#8230;<\/a><\/h3>\n<div class=\"td-module-meta-info\"><a href=\"https:\/\/r3media.ro\/category\/actualitate\/\" class=\"td-post-category\">ACTUALITATE<\/a><span class=\"td-post-author-name\"><a href=\"https:\/\/r3media.ro\/author\/oana\/\">Oana Ivan<\/a><span>&#8211;<\/span><\/span><span class=\"td-post-date\"><time class=\"entry-date updated td-module-date\" datetime=\"2026-07-27T13:11:47+03:00\">27\/07\/2026<\/time><\/span><\/div>\n<\/div>\n<\/div>\n<\/div>\n<\/div>\n<div class=\"td-block-row\">\n<div class=\"td-block-span6\">\n<div class=\"td_module_8 td_module_wrap\">\n<div class=\"item-details\">\n<h3 class=\"entry-title td-module-title\"><a href=\"https:\/\/r3media.ro\/statul-roman-a-semnat-actul-propriei-disparitii\/\" rel=\"bookmark\" title=\"Statul rom\u00e2n a semnat actul propriei dispari\u021bii?\">Statul rom\u00e2n a semnat actul propriei dispari\u021bii?<\/a><\/h3>\n<div class=\"td-module-meta-info\"><a href=\"https:\/\/r3media.ro\/category\/opinii\/\" class=\"td-post-category\">OPINII<\/a><span class=\"td-post-author-name\"><a href=\"https:\/\/r3media.ro\/author\/gabipopa\/\">Gabriel Popa<\/a><span>&#8211;<\/span><\/span><span class=\"td-post-date\"><time class=\"entry-date updated td-module-date\" datetime=\"2026-07-27T15:07:05+03:00\">27\/07\/2026<\/time><\/span><\/div>\n<\/div>\n<\/div>\n<\/div>\n<div class=\"td-block-span6\">\n<div class=\"td_module_8 td_module_wrap\">\n<div class=\"item-details\">\n<h3 class=\"entry-title td-module-title\"><a href=\"https:\/\/r3media.ro\/prima-oara-istorie-presedintia-document-primplan-patriotism-european\/\" rel=\"bookmark\" title=\"Pentru prima oar\u0103 \u00een istorie, Pre\u0219edin\u021bia Rom\u00e2niei emite un document care pune pe primul plan o alt\u0103 entitate dec\u00e2t \u021bara noastr\u0103: patriotismul european\">Pentru prima oar\u0103 \u00een istorie, Pre\u0219edin\u021bia Rom\u00e2niei emite un document care pune pe primul&#8230;<\/a><\/h3>\n<div class=\"td-module-meta-info\"><a href=\"https:\/\/r3media.ro\/category\/actualitate\/\" class=\"td-post-category\">ACTUALITATE<\/a><span class=\"td-post-author-name\"><a href=\"https:\/\/r3media.ro\/author\/teodor_stan\/\">Teodor Stan<\/a><span>&#8211;<\/span><\/span><span class=\"td-post-date\"><time class=\"entry-date updated td-module-date\" datetime=\"2026-07-26T11:44:31+03:00\">26\/07\/2026<\/time><\/span><\/div>\n<\/div>\n<\/div>\n<\/div>\n<\/div>\n<div class=\"td-block-row\">\n<div class=\"td-block-span6\">\n<div class=\"td_module_8 td_module_wrap\">\n<div class=\"item-details\">\n<h3 class=\"entry-title td-module-title\"><a href=\"https:\/\/r3media.ro\/film-nou-stapanul-inelelor-corect-politic-regizor-andy-serkis-diversitate-tolkien-mitologie-nordica\/\" rel=\"bookmark\" title=\"Noul film \u201eSt\u0103p\u00e2nul Inelelor\u201d nu va fi corect politic. Regizorul Andy Serkis: J.R.R. Tolkien a fost influen\u021bat de mitologia nordic\u0103. Nu vrem o distribu\u021bie de dragul de a bifa c\u0103su\u021be\">Noul film \u201eSt\u0103p\u00e2nul Inelelor\u201d nu va fi corect politic. Regizorul Andy Serkis: J.R.R. Tolkien&#8230;<\/a><\/h3>\n<div class=\"td-module-meta-info\"><a href=\"https:\/\/r3media.ro\/category\/actualitate\/\" class=\"td-post-category\">ACTUALITATE<\/a><span class=\"td-post-author-name\"><a href=\"https:\/\/r3media.ro\/author\/oana\/\">Oana Ivan<\/a><span>&#8211;<\/span><\/span><span class=\"td-post-date\"><time class=\"entry-date updated td-module-date\" datetime=\"2026-07-26T15:49:31+03:00\">26\/07\/2026<\/time><\/span><\/div>\n<\/div>\n<\/div>\n<\/div>\n<div class=\"td-block-span6\">\n<div class=\"td_module_8 td_module_wrap\">\n<div class=\"item-details\">\n<h3 class=\"entry-title td-module-title\"><a href=\"https:\/\/r3media.ro\/dictatura-forma-suprema-a-democratiei\/\" rel=\"bookmark\" title=\"Dictatura \u2013 forma suprem\u0103 a democra\u021biei\">Dictatura \u2013 forma suprem\u0103 a democra\u021biei<\/a><\/h3>\n<div class=\"td-module-meta-info\"><a href=\"https:\/\/r3media.ro\/category\/opinii\/\" class=\"td-post-category\">OPINII<\/a><span class=\"td-post-author-name\"><a href=\"https:\/\/r3media.ro\/author\/tru\/\">TRU (Traian Ungureanu)<\/a><span>&#8211;<\/span><\/span><span class=\"td-post-date\"><time class=\"entry-date updated td-module-date\" datetime=\"2026-07-25T16:43:11+03:00\">25\/07\/2026<\/time><\/span><\/div>\n<\/div>\n<\/div>\n<\/div>\n<\/div>\n<div class=\"td-block-row\">\n<div class=\"td-block-span6\">\n<div class=\"td_module_8 td_module_wrap\">\n<div class=\"item-details\">\n<h3 class=\"entry-title td-module-title\"><a href=\"https:\/\/r3media.ro\/marea-britanie-apa-inteligenta-artificiala-romania-centru-ai-restrictii-consum-apa\/\" rel=\"bookmark\" title=\"Marea Britanie nu mai are suficient\u0103 ap\u0103 pentru Inteligen\u021ba Artificial\u0103, dar Rom\u00e2nia vrea s\u0103 g\u0103zduiasc\u0103 un centru AI care consum\u0103 c\u00e2t sute de mii de oameni \u0219i impune restric\u021bii la consumul de ap\u0103 al popula\u021biei\">Marea Britanie nu mai are suficient\u0103 ap\u0103 pentru Inteligen\u021ba Artificial\u0103, dar Rom\u00e2nia vrea s\u0103&#8230;<\/a><\/h3>\n<div class=\"td-module-meta-info\"><a href=\"https:\/\/r3media.ro\/category\/actualitate\/\" class=\"td-post-category\">ACTUALITATE<\/a><span class=\"td-post-author-name\"><a href=\"https:\/\/r3media.ro\/author\/radu_ursan\/\">Radu Ursan<\/a><span>&#8211;<\/span><\/span><span class=\"td-post-date\"><time class=\"entry-date updated td-module-date\" datetime=\"2026-07-23T11:44:13+03:00\">23\/07\/2026<\/time><\/span><\/div>\n<\/div>\n<\/div>\n<\/div>\n<div class=\"td-block-span6\">\n<div class=\"td_module_8 td_module_wrap\">\n<div class=\"item-details\">\n<h3 class=\"entry-title td-module-title\"><a href=\"https:\/\/r3media.ro\/campion-olimpic-olaf-tufte-mort-subit-50-ani\/\" rel=\"bookmark\" title=\"Campionul olimpic Olaf Tufte a murit subit la 50 de ani\">Campionul olimpic Olaf Tufte a murit subit la 50 de ani<\/a><\/h3>\n<div class=\"td-module-meta-info\"><a href=\"https:\/\/r3media.ro\/category\/actualitate\/\" class=\"td-post-category\">ACTUALITATE<\/a><span class=\"td-post-author-name\"><a href=\"https:\/\/r3media.ro\/author\/oana\/\">Oana Ivan<\/a><span>&#8211;<\/span><\/span><span class=\"td-post-date\"><time class=\"entry-date updated td-module-date\" datetime=\"2026-07-22T12:11:02+03:00\">22\/07\/2026<\/time><\/span><\/div>\n<\/div>\n<\/div>\n<\/div>\n<\/div>\n<div class=\"td-block-row\">\n<div class=\"td-block-span6\">\n<div class=\"td_module_8 td_module_wrap\">\n<div class=\"item-details\">\n<h3 class=\"entry-title td-module-title\"><a href=\"https:\/\/r3media.ro\/explozie-incendiu-fabrica-kronospan-brasov-video\/\" rel=\"bookmark\" title=\"VIDEO | Explozie urmat\u0103 de un incendiu la fabrica Kronospan din Bra\u0219ov. \u00cen timp ce pompierii \u00eencercau s\u0103 sting\u0103 focul s-a produs o alt\u0103 explozie\">VIDEO | Explozie urmat\u0103 de un incendiu la fabrica Kronospan din Bra\u0219ov. \u00cen timp&#8230;<\/a><\/h3>\n<div class=\"td-module-meta-info\"><a href=\"https:\/\/r3media.ro\/category\/actualitate\/\" class=\"td-post-category\">ACTUALITATE<\/a><span class=\"td-post-author-name\"><a href=\"https:\/\/r3media.ro\/author\/oana\/\">Oana Ivan<\/a><span>&#8211;<\/span><\/span><span class=\"td-post-date\"><time class=\"entry-date updated td-module-date\" datetime=\"2026-07-22T10:01:28+03:00\">22\/07\/2026<\/time><\/span><\/div>\n<\/div>\n<\/div>\n<\/div>\n<div class=\"td-block-span6\">\n<div class=\"td_module_8 td_module_wrap\">\n<div class=\"item-details\">\n<h3 class=\"entry-title td-module-title\"><a href=\"https:\/\/r3media.ro\/asa-incepe-compania-openai-afirma-un-model-de-inteligenta-artificiala-a-atacat-din-proprie-initiativa-sistemele-unei-alte-companii\/\" rel=\"bookmark\" title=\"A\u0219a \u00eencepe? Compania OpenAI afirm\u0103 un model de inteligen\u021b\u0103 artificial\u0103 a ATACAT din proprie ini\u021biativ\u0103 sistemele unei alte companii\">A\u0219a \u00eencepe? Compania OpenAI afirm\u0103 un model de inteligen\u021b\u0103 artificial\u0103 a ATACAT din proprie&#8230;<\/a><\/h3>\n<div class=\"td-module-meta-info\"><a href=\"https:\/\/r3media.ro\/category\/actualitate\/\" class=\"td-post-category\">ACTUALITATE<\/a><span class=\"td-post-author-name\"><a href=\"https:\/\/r3media.ro\/author\/teodor_stan\/\">Teodor Stan<\/a><span>&#8211;<\/span><\/span><span class=\"td-post-date\"><time class=\"entry-date updated td-module-date\" datetime=\"2026-07-22T09:10:53+03:00\">22\/07\/2026<\/time><\/span><\/div>\n<\/div>\n<\/div>\n<\/div>\n<\/div>\n<div class=\"td-block-row\">\n<div class=\"td-block-span6\">\n<div class=\"td_module_8 td_module_wrap\">\n<div class=\"item-details\">\n<h3 class=\"entry-title td-module-title\"><a href=\"https:\/\/r3media.ro\/episcopul-husilor-oameni-animale-therieni-degradare-progresism\/\" rel=\"bookmark\" title=\"Episcopul Hu\u0219ilor, despre oamenii care se cred animale: V\u0103 da\u021bi seama c\u00e2t\u0103 degradare uman\u0103 este? De ce? Pentru c\u0103 se \u00eencred \u00een progresism\">Episcopul Hu\u0219ilor, despre oamenii care se cred animale: V\u0103 da\u021bi seama c\u00e2t\u0103 degradare uman\u0103&#8230;<\/a><\/h3>\n<div class=\"td-module-meta-info\"><a href=\"https:\/\/r3media.ro\/category\/actualitate\/\" class=\"td-post-category\">ACTUALITATE<\/a><span class=\"td-post-author-name\"><a href=\"https:\/\/r3media.ro\/author\/radu_ursan\/\">Radu Ursan<\/a><span>&#8211;<\/span><\/span><span class=\"td-post-date\"><time class=\"entry-date updated td-module-date\" datetime=\"2026-07-21T19:30:46+03:00\">21\/07\/2026<\/time><\/span><\/div>\n<\/div>\n<\/div>\n<\/div>\n<div class=\"td-block-span6\">\n<div class=\"td_module_8 td_module_wrap\">\n<div class=\"item-details\">\n<h3 class=\"entry-title td-module-title\"><a href=\"https:\/\/r3media.ro\/video-cult-femeie-dumnezeu-mama-romania\/\" rel=\"bookmark\" title=\"VIDEO | Un cult care consider\u0103 o femeie coreean\u0103 drept \u201eDumnezeu Mama\u201d face prozeli\u021bi \u00een Rom\u00e2nia\">VIDEO | Un cult care consider\u0103 o femeie coreean\u0103 drept \u201eDumnezeu Mama\u201d face prozeli\u021bi&#8230;<\/a><\/h3>\n<div class=\"td-module-meta-info\"><a href=\"https:\/\/r3media.ro\/category\/actualitate\/\" class=\"td-post-category\">ACTUALITATE<\/a><span class=\"td-post-author-name\"><a href=\"https:\/\/r3media.ro\/author\/redactia\/\">Redac\u021bia<\/a><span>&#8211;<\/span><\/span><span class=\"td-post-date\"><time class=\"entry-date updated td-module-date\" datetime=\"2026-07-21T11:14:08+03:00\">21\/07\/2026<\/time><\/span><\/div>\n<\/div>\n<\/div>\n<\/div>\n<\/div>\n<\/div>\n<div class=\"td-load-more-wrap td-load-more-infinite-wrap\" id=\"infinite-lm-tdi_20\"><a href=\"https:\/\/r3media.ro\/tribunal-constitutional-polonia-opreste-recunoastere-tara-casatorii-persoane-acelasi-sex-incheiate-uniunea-europeana\/\" class=\"td_ajax_load_more td_ajax_load_more_js\" aria-label=\"\u00cenc\u0103rca\u021bi mai multe\" id=\"next-page-tdi_20\" data-td_block_id=\"tdi_20\">\u00cenc\u0103rca\u021bi mai multe<\/a><\/div>\n<\/div>\n<div class=\"td_block_wrap tdb_single_comments tdi_21 tdb-comm-layout2 td-pb-border-top td_block_template_1\" data-td-block-uid=\"tdi_21\">\n<div class=\"tdb-block-inner td-fix-index\">\n<div class=\"comments\" id=\"comments\">\n<div id=\"respond\" class=\"comment-respond\">\n<h3 id=\"reply-title\" class=\"comment-reply-title\">AI CEVA DE SPUS? <small><a rel=\"nofollow\" id=\"cancel-comment-reply-link\" href=\"https:\/\/r3media.ro\/tribunal-constitutional-polonia-opreste-recunoastere-tara-casatorii-persoane-acelasi-sex-incheiate-uniunea-europeana\/#respond\">Renun\u021ba\u021bi la r\u0103spuns<\/a><\/small><\/h3>\n<div class=\"comment-form-input-wrap td-form-comment\">\n<div class=\"td-warning-comment\">V\u0103 rug\u0103m s\u0103 introduce\u021bi comentariul dvs.!<\/div>\n<\/div>\n<div class=\"comment-form-input-wrap td-form-author\">\n<div class=\"td-warning-author\">Introduce\u021bi aici numele dvs.<\/div>\n<\/div>\n<div class=\"comment-form-input-wrap td-form-email\">\n<div class=\"td-warning-email-error\">A\u021bi introdus o adres\u0103 de e-mail incorect\u0103!<\/div>\n<div class=\"td-warning-email\">V\u0103 rug\u0103m s\u0103 introduce\u021bi adresa dvs. de e-mail aici<\/div>\n<\/div>\n<\/div>\n<\/div>\n<\/div>\n<\/div>\n<\/div>\n<\/div>\n<div class=\"vc_column tdi_23  wpb_column vc_column_container tdc-column td-pb-span4 td-is-sticky\">\n<div class=\"wpb_wrapper\" data-sticky-enabled-on=\"W3RydWUsdHJ1ZSx0cnVlLHRydWVd\" data-sticky-offset=\"20\" data-sticky-is-width-auto=\"W2ZhbHNlLGZhbHNlLGZhbHNlLGZhbHNlXQ==\">\n<div class=\"wpb_wrapper td_block_wrap vc_widget_sidebar tdi_25 \">\n<div class=\"td_block_wrap td_block_7 td_block_widget tdi_26 td-pb-border-top td_block_template_1 td-column-1 td_block_padding\" data-td-block-uid=\"tdi_26\">\n<div class=\"td-block-title-wrap\">\n<h4 class=\"block-title td-block-title\"><span class=\"td-pulldown-size\">Articole RELA\u021aIONATE<\/span><\/h4>\n<\/div>\n<div id=\"tdi_26\" class=\"td_block_inner\">\n<div class=\"td-block-span12\">\n<div class=\"td_module_6 td_module_wrap td-animation-stack\">\n<div class=\"td-module-thumb\"><a href=\"https:\/\/r3media.ro\/alerta-bomba-port-constanta-radu-miruta-amenintare-transmisa-numere-telefon-ucraina-polonia\/\" rel=\"bookmark\" class=\"td-image-wrap \" title=\"Alert\u0103 cu bomb\u0103 \u00een Portul Constan\u021ba. Radu Miru\u021b\u0103 spune c\u0103 amenin\u021barea a fost transmis\u0103 de pe numere de telefon din Ucraina \u0219i Polonia\"><img loading=\"lazy\" decoding=\"async\" class=\"entry-thumb\" src=\"https:\/\/r3media.ro\/wp-content\/uploads\/2023\/08\/port-constanta-e1691187858708-100x70.jpg\" alt title=\"Alert\u0103 cu bomb\u0103 \u00een Portul Constan\u021ba. Radu Miru\u021b\u0103 spune c\u0103 amenin\u021barea a fost transmis\u0103 de pe numere de telefon din Ucraina \u0219i Polonia\" width=\"100\" height=\"70\"><\/a><\/div>\n<div class=\"item-details\">\n<h3 class=\"entry-title td-module-title\"><a href=\"https:\/\/r3media.ro\/alerta-bomba-port-constanta-radu-miruta-amenintare-transmisa-numere-telefon-ucraina-polonia\/\" rel=\"bookmark\" title=\"Alert\u0103 cu bomb\u0103 \u00een Portul Constan\u021ba. Radu Miru\u021b\u0103 spune c\u0103 amenin\u021barea a fost transmis\u0103 de pe numere de telefon din Ucraina \u0219i Polonia\">Alert\u0103 cu bomb\u0103 \u00een Portul Constan\u021ba. Radu Miru\u021b\u0103 spune c\u0103 amenin\u021barea&#8230;<\/a><\/h3>\n<div class=\"td-module-meta-info\"><span class=\"td-post-date\"><time class=\"entry-date updated td-module-date\" datetime=\"2026-07-29T14:42:30+03:00\">29\/07\/2026<\/time><\/span><\/div>\n<\/div>\n<\/div>\n<\/div>\n<div class=\"td-block-span12\">\n<div class=\"td_module_6 td_module_wrap td-animation-stack\">\n<div class=\"td-module-thumb\"><a href=\"https:\/\/r3media.ro\/pretul-motorinei\/\" rel=\"bookmark\" class=\"td-image-wrap \" title=\"Pre\u021bul motorinei se apropie de 10,20 lei\/litru. Ce se \u00eent\u00e2mpl\u0103 la pomp\u0103 \u00een aceast\u0103 s\u0103pt\u0103m\u00e2n\u0103\"><img loading=\"lazy\" decoding=\"async\" class=\"entry-thumb\" src=\"https:\/\/r3media.ro\/wp-content\/uploads\/2022\/09\/masina-la-pompa-e1664128776559-100x70.jpg\" alt title=\"Pre\u021bul motorinei se apropie de 10,20 lei\/litru. Ce se \u00eent\u00e2mpl\u0103 la pomp\u0103 \u00een aceast\u0103 s\u0103pt\u0103m\u00e2n\u0103\" width=\"100\" height=\"70\"><\/a><\/div>\n<div class=\"item-details\">\n<h3 class=\"entry-title td-module-title\"><a href=\"https:\/\/r3media.ro\/pretul-motorinei\/\" rel=\"bookmark\" title=\"Pre\u021bul motorinei se apropie de 10,20 lei\/litru. Ce se \u00eent\u00e2mpl\u0103 la pomp\u0103 \u00een aceast\u0103 s\u0103pt\u0103m\u00e2n\u0103\">Pre\u021bul motorinei se apropie de 10,20 lei\/litru. Ce se \u00eent\u00e2mpl\u0103 la&#8230;<\/a><\/h3>\n<div class=\"td-module-meta-info\"><span class=\"td-post-date\"><time class=\"entry-date updated td-module-date\" datetime=\"2026-07-29T11:54:15+03:00\">29\/07\/2026<\/time><\/span><\/div>\n<\/div>\n<\/div>\n<\/div>\n<div class=\"td-block-span12\">\n<div class=\"td_module_6 td_module_wrap td-animation-stack\">\n<div class=\"td-module-thumb\"><a href=\"https:\/\/r3media.ro\/burkina-faso-creste-rezerve-de-aur-romania-londra-tara-africa-control-stat-resurse-minerale-strategice\/\" rel=\"bookmark\" class=\"td-image-wrap \" title=\"Burkina Faso \u0219i-a crescut masiv rezervele de aur. \u00cen timp ce Rom\u00e2nia \u00ee\u0219i \u021bine aurul la Londra, \u021bara african\u0103 vrea un control mai bun al statului asupra resurselor minerale strategice\"><img loading=\"lazy\" decoding=\"async\" class=\"entry-thumb\" src=\"https:\/\/r3media.ro\/wp-content\/uploads\/2026\/07\/lingouri-de-aur-100x70.jpg\" alt title=\"Burkina Faso \u0219i-a crescut masiv rezervele de aur. \u00cen timp ce Rom\u00e2nia \u00ee\u0219i \u021bine aurul la Londra, \u021bara african\u0103 vrea un control mai bun al statului asupra resurselor minerale strategice\" width=\"100\" height=\"70\"><\/a><\/div>\n<div class=\"item-details\">\n<h3 class=\"entry-title td-module-title\"><a href=\"https:\/\/r3media.ro\/burkina-faso-creste-rezerve-de-aur-romania-londra-tara-africa-control-stat-resurse-minerale-strategice\/\" rel=\"bookmark\" title=\"Burkina Faso \u0219i-a crescut masiv rezervele de aur. \u00cen timp ce Rom\u00e2nia \u00ee\u0219i \u021bine aurul la Londra, \u021bara african\u0103 vrea un control mai bun al statului asupra resurselor minerale strategice\">Burkina Faso \u0219i-a crescut masiv rezervele de aur. \u00cen timp ce&#8230;<\/a><\/h3>\n<div class=\"td-module-meta-info\"><span class=\"td-post-date\"><time class=\"entry-date updated td-module-date\" datetime=\"2026-07-29T11:44:09+03:00\">29\/07\/2026<\/time><\/span><\/div>\n<\/div>\n<\/div>\n<\/div>\n<div class=\"td-block-span12\">\n<div class=\"td_module_6 td_module_wrap td-animation-stack\">\n<div class=\"td-module-thumb\"><a href=\"https:\/\/r3media.ro\/jonathan-pageau-crestinii-nu-pot-fi-capitalisti-puri\/\" rel=\"bookmark\" class=\"td-image-wrap \" title=\"Jonathan Pageau: Cre\u0219tinii nu pot fi capitali\u0219ti puri\"><img loading=\"lazy\" decoding=\"async\" class=\"entry-thumb\" src=\"https:\/\/r3media.ro\/wp-content\/uploads\/2026\/07\/pageau-capitalism-crestinism-100x70.jpg\" alt title=\"Jonathan Pageau: Cre\u0219tinii nu pot fi capitali\u0219ti puri\" width=\"100\" height=\"70\"><\/a><\/div>\n<div class=\"item-details\">\n<h3 class=\"entry-title td-module-title\"><a href=\"https:\/\/r3media.ro\/jonathan-pageau-crestinii-nu-pot-fi-capitalisti-puri\/\" rel=\"bookmark\" title=\"Jonathan Pageau: Cre\u0219tinii nu pot fi capitali\u0219ti puri\">Jonathan Pageau: Cre\u0219tinii nu pot fi capitali\u0219ti puri<\/a><\/h3>\n<div class=\"td-module-meta-info\"><span class=\"td-post-date\"><time class=\"entry-date updated td-module-date\" datetime=\"2026-07-29T11:33:14+03:00\">29\/07\/2026<\/time><\/span><\/div>\n<\/div>\n<\/div>\n<\/div>\n<div class=\"td-block-span12\">\n<div class=\"td_module_6 td_module_wrap td-animation-stack\">\n<div class=\"td-module-thumb\"><a href=\"https:\/\/r3media.ro\/adrian-cioroianu-adrian-paunescu-flacara-secol-xx\/\" rel=\"bookmark\" class=\"td-image-wrap \" title=\"Adrian Cioroianu despre Adrian P\u0103unescu: \u00cen el s-a str\u00eens ceva din flac\u0103ra \u015fi din melancolia unei jum\u0103t\u0103\u0163i de secol XX\"><img loading=\"lazy\" decoding=\"async\" class=\"entry-thumb\" src=\"https:\/\/r3media.ro\/wp-content\/uploads\/2026\/07\/adrian-paunescu-adrian-cioroianu-100x70.png\" alt title=\"Adrian Cioroianu despre Adrian P\u0103unescu: \u00cen el s-a str\u00eens ceva din flac\u0103ra \u015fi din melancolia unei jum\u0103t\u0103\u0163i de secol XX\" width=\"100\" height=\"70\"><\/a><\/div>\n<div class=\"item-details\">\n<h3 class=\"entry-title td-module-title\"><a href=\"https:\/\/r3media.ro\/adrian-cioroianu-adrian-paunescu-flacara-secol-xx\/\" rel=\"bookmark\" title=\"Adrian Cioroianu despre Adrian P\u0103unescu: \u00cen el s-a str\u00eens ceva din flac\u0103ra \u015fi din melancolia unei jum\u0103t\u0103\u0163i de secol XX\">Adrian Cioroianu despre Adrian P\u0103unescu: \u00cen el s-a str\u00eens ceva din&#8230;<\/a><\/h3>\n<div class=\"td-module-meta-info\"><span class=\"td-post-date\"><time class=\"entry-date updated td-module-date\" datetime=\"2026-07-29T10:14:52+03:00\">29\/07\/2026<\/time><\/span><\/div>\n<\/div>\n<\/div>\n<\/div>\n<div class=\"td-block-span12\">\n<div class=\"td_module_6 td_module_wrap td-animation-stack\">\n<div class=\"td-module-thumb\"><a href=\"https:\/\/r3media.ro\/europarlamentarul-gheorghe-piperea-psd-pnl-usr-udmr-sunt-de-fapt-pro-ucraineni-noi-preferam-sa-fim-pro-romani\/\" rel=\"bookmark\" class=\"td-image-wrap \" title=\"Europarlamentarul Gheorghe Piperea: PSD-PNL-USR-UDMR sunt de fapt, pro-ucraineni. Noi prefer\u0103m s\u0103 fim pro-rom\u00e2ni\"><img loading=\"lazy\" decoding=\"async\" class=\"entry-thumb\" src=\"https:\/\/r3media.ro\/wp-content\/uploads\/2020\/11\/piperea-2-e1611410431192-100x70.jpg\" alt title=\"Europarlamentarul Gheorghe Piperea: PSD-PNL-USR-UDMR sunt de fapt, pro-ucraineni. Noi prefer\u0103m s\u0103 fim pro-rom\u00e2ni\" width=\"100\" height=\"70\"><\/a><\/div>\n<div class=\"item-details\">\n<h3 class=\"entry-title td-module-title\"><a href=\"https:\/\/r3media.ro\/europarlamentarul-gheorghe-piperea-psd-pnl-usr-udmr-sunt-de-fapt-pro-ucraineni-noi-preferam-sa-fim-pro-romani\/\" rel=\"bookmark\" title=\"Europarlamentarul Gheorghe Piperea: PSD-PNL-USR-UDMR sunt de fapt, pro-ucraineni. Noi prefer\u0103m s\u0103 fim pro-rom\u00e2ni\">Europarlamentarul Gheorghe Piperea: PSD-PNL-USR-UDMR sunt de fapt, pro-ucraineni. Noi prefer\u0103m s\u0103&#8230;<\/a><\/h3>\n<div class=\"td-module-meta-info\"><span class=\"td-post-date\"><time class=\"entry-date updated td-module-date\" datetime=\"2026-07-29T08:43:38+03:00\">29\/07\/2026<\/time><\/span><\/div>\n<\/div>\n<\/div>\n<\/div>\n<div class=\"td-block-span12\">\n<div class=\"td_module_6 td_module_wrap td-animation-stack\">\n<div class=\"td-module-thumb\"><a href=\"https:\/\/r3media.ro\/steinhardt-caragiale-si-sufletul-romanesc\/\" rel=\"bookmark\" class=\"td-image-wrap \" title=\"Steinhardt, Caragiale \u015fi sufletul rom\u00e2nesc\"><img loading=\"lazy\" decoding=\"async\" class=\"entry-thumb\" src=\"https:\/\/r3media.ro\/wp-content\/uploads\/2026\/07\/N-Steinhardt-100x70.jpg\" alt title=\"Steinhardt, Caragiale \u015fi sufletul rom\u00e2nesc\" width=\"100\" height=\"70\"><\/a><\/div>\n<div class=\"item-details\">\n<h3 class=\"entry-title td-module-title\"><a href=\"https:\/\/r3media.ro\/steinhardt-caragiale-si-sufletul-romanesc\/\" rel=\"bookmark\" title=\"Steinhardt, Caragiale \u015fi sufletul rom\u00e2nesc\">Steinhardt, Caragiale \u015fi sufletul rom\u00e2nesc<\/a><\/h3>\n<div class=\"td-module-meta-info\"><span class=\"td-post-date\"><time class=\"entry-date updated td-module-date\" datetime=\"2026-07-29T08:33:02+03:00\">29\/07\/2026<\/time><\/span><\/div>\n<\/div>\n<\/div>\n<\/div>\n<\/div>\n<\/div>\n<aside class=\"td_block_template_1 widget widget_recent_comments\">\n<h4 class=\"block-title\"><span>INTR\u0102 \u00ceN DISCU\u021aIE!<\/span><\/h4>\n<ul id=\"recentcomments\">\n<li class=\"recentcomments\"><span class=\"comment-author-link\">Pav\u0103l \u0218tefan<\/span> la <a href=\"https:\/\/r3media.ro\/film-nou-stapanul-inelelor-corect-politic-regizor-andy-serkis-diversitate-tolkien-mitologie-nordica\/#comment-40327\">Noul film \u201eSt\u0103p\u00e2nul Inelelor\u201d nu va fi corect politic. Regizorul Andy Serkis: J.R.R. Tolkien a fost influen\u021bat de mitologia nordic\u0103. Nu vrem o distribu\u021bie de dragul de a bifa c\u0103su\u021be<\/a><\/li>\n<li class=\"recentcomments\"><span class=\"comment-author-link\">Nicu<\/span> la <a href=\"https:\/\/r3media.ro\/avioane-americane-bulgaria-energie-radev-sua\/#comment-40326\">Avioane americane la Bezmer, la schimb cu avantaje \u00een zona energetic\u0103 pentru Bulgaria: ce a ob\u021binut guvernul Radev de la SUA<\/a><\/li>\n<li class=\"recentcomments\"><span class=\"comment-author-link\">Constantin<\/span> la <a href=\"https:\/\/r3media.ro\/prima-oara-istorie-presedintia-document-primplan-patriotism-european\/#comment-40325\">Pentru prima oar\u0103 \u00een istorie, Pre\u0219edin\u021bia Rom\u00e2niei emite un document care pune pe primul plan o alt\u0103 entitate dec\u00e2t \u021bara noastr\u0103: patriotismul european<\/a><\/li>\n<li class=\"recentcomments\"><span class=\"comment-author-link\">Constantin<\/span> la <a href=\"https:\/\/r3media.ro\/statul-roman-a-semnat-actul-propriei-disparitii\/#comment-40324\">Statul rom\u00e2n a semnat actul propriei dispari\u021bii?<\/a><\/li>\n<li class=\"recentcomments\"><span class=\"comment-author-link\">Nicu<\/span> la <a href=\"https:\/\/r3media.ro\/statul-roman-a-semnat-actul-propriei-disparitii\/#comment-40323\">Statul rom\u00e2n a semnat actul propriei dispari\u021bii?<\/a><\/li>\n<li class=\"recentcomments\"><span class=\"comment-author-link\">Nicu<\/span> la <a href=\"https:\/\/r3media.ro\/dan-dungaciu-patriotism-european-natiunea-identitatea-europeana\/#comment-40322\">Prof. Dan Dungaciu despre raportul privind \u201epatriotismul european\u201d emis de la Cotroceni: Dac\u0103 na\u021biunea e un construct, atunci \u201eidentitatea european\u0103\u201d ce este?<\/a><\/li>\n<li class=\"recentcomments\"><span class=\"comment-author-link\">boiu<\/span> la <a href=\"https:\/\/r3media.ro\/rusia-romania-drona-ambasador-moscova-porturi-dunare\/#comment-40321\">Rusia, avertizat\u0103 de Rom\u00e2nia dup\u0103 incidentele cu drona. Ambasadorul Moscovei acuz\u0103 Bucure\u0219tiul c\u0103 folose\u0219te porturile de la Dun\u0103re pentru a transporta arme \u00een Ucraina<\/a><\/li>\n<\/ul>\n<\/aside>\n<aside class=\"td_block_template_1 widget widget_search\">\n<h4 class=\"block-title\"><span>CAUT\u0102 \u0218I VEI G\u0102SI<\/span><\/h4>\n<\/aside>\n<\/div>\n<\/div>\n<\/div>\n<\/div>\n<\/div>\n<\/div>\n<\/div>\n<p><span class=\"td-page-meta\"><\/span><span class=\"td-page-meta\"><span class=\"td-page-meta\"><\/span><\/span><span class=\"td-page-meta\"><\/span><\/article>\n<\/p>\n<div class=\"td_block_wrap tdb_single_content tdi_18 td-pb-border-top td_block_template_1 td-post-content tagdiv-type\" data-td-block-uid=\"tdi_18\">\n<div class=\"tdb-block-inner td-fix-index\">\n<p><strong>Tribunalul Constitu\u021bional din <a href=\"https:\/\/r3media.ro\/tag\/polonia\/\" target=\"_blank\" rel=\"noopener\">Polonia<\/a> consider\u0103 neconstitu\u021bional\u0103 reglementarea care permite recunoa\u0219terea \u00een \u021bar\u0103 a c\u0103s\u0103toriilor \u00eentre persoane de acela\u0219i sex \u00eencheiate \u00een UE, potrivit <a href=\"https:\/\/notesfrompoland.com\/2026\/07\/28\/polish-court-finds-regulation-allowing-foreign-same-sex-marriage-registration-unconstitutional\/\" target=\"_blank\" rel=\"noopener\">Notes from Poland<\/a>.<\/strong><\/p>\n<p>Tribunalul Constitu\u021bional (TK) din Polonia a decis c\u0103 o nou\u0103 reglementare care permite \u00eenregistrarea certificatelor de c\u0103s\u0103torie \u00eentre persoane de acela\u0219i sex \u00een str\u0103in\u0103tate \u00een Polonia este par\u021bial neconstitu\u021bional\u0103. TK precizeaz\u0103 c\u0103 recunoa\u0219terea dep\u0103\u0219e\u0219te modific\u0103rile administrative tehnice \u0219i intr\u0103 \u00een conflict cu defini\u021bia c\u0103s\u0103toriei din constitu\u021bie.<\/p>\n<p>Regulamentul a fost introdus de ministerul afacerilor digitale dup\u0103 deciziile CJUE \u0219i ale Cur\u021bii Administrative Supreme a Poloniei (NSA). Acesta urma s\u0103 intre \u00een vigoare pe 23 august. Guvernul, care consider\u0103 c\u0103 instan\u021ba este constituit\u0103 necorespunz\u0103tor, declar\u0103 c\u0103 nu va implementa hot\u0103r\u00e2rea.<\/p>\n<h2><strong>Polonia nu permite c\u0103s\u0103torii \u00eentre persoane de acela\u0219i sex<\/strong><\/h2>\n<p>\u00a0<\/p>\n<p>Legisla\u021bia polonez\u0103 nu permite cuplurilor de acela\u0219i sex s\u0103 se c\u0103s\u0103toreasc\u0103 sau s\u0103 \u00eencheie uniuni civile. Un proiect de lege care ar fi acordat astfel de drepturi limitate cuplurilor nec\u0103s\u0103torite a fost recent respins de pre\u0219edintele <strong><a href=\"https:\/\/r3media.ro\/tag\/karol-nawrocki\/\" target=\"_blank\" rel=\"noopener\">Karol Nawrocki<\/a><\/strong>.<\/p>\n<p>P\u00e2n\u0103 \u00een acest an, cuplurile de acela\u0219i sex care se c\u0103s\u0103toriser\u0103 \u00een str\u0103in\u0103tate nu \u00ee\u0219i puteau \u00eenregistra certificatele de c\u0103s\u0103torie \u00een Polonia.<\/p>\n<p>Dup\u0103 ce CJUE a decis c\u0103 Polonia trebuie s\u0103 recunoasc\u0103 astfel de c\u0103s\u0103torii, statul a modificat formularele de stare civil\u0103. \u00cen loc de c\u00e2mpuri separate pentru \u201eb\u0103rbat\u201d \u0219i \u201efemeie\u201d, noile \u0219abloane folosesc \u201eb\u0103rbat\/femeie\u201d. Astfel, le permite oficiilor de stare civil\u0103 s\u0103 \u00eenregistreze \u0219i <strong><a href=\"https:\/\/r3media.ro\/tag\/casatorii-homosexuale\/\" target=\"_blank\" rel=\"noopener\">c\u0103s\u0103toriile homosexuale<\/a><\/strong>.<\/p>\n<p>Parlamentarii din Partidul Lege \u0219i Justi\u021bie (PiS) au contestat \u00eens\u0103 regulamentul. Ei au argumentat c\u0103 ministrul afacerilor digitale \u0219i-a dep\u0103\u0219it atribu\u021biile, deoarece modific\u0103rile nu au fost doar tehnice, ci au afectat defini\u021bia legal\u0103 a c\u0103s\u0103toriei.<\/p>\n<h2><strong>Puterea de la Var\u0219ovia nu vrea s\u0103 respecte decizia<\/strong><\/h2>\n<p>\u00a0<\/p>\n<p>Tribunalul, care este considerat pe scar\u0103 larg\u0103 ca fiind sub influen\u021ba PiS, a fost de acord. Tribunalul a declarat c\u0103 noile formulare permit \u00eenregistrarea ca \u0219i c\u0103s\u0103torii a rela\u021biilor care nu corespund defini\u021biei constitu\u021bionale a c\u0103s\u0103toriei ca o uniune \u00eentre un b\u0103rbat \u0219i o femeie.<\/p>\n<p>Tribunalul a mai spus c\u0103 \u00eenregistrarea unui certificat de c\u0103s\u0103torie str\u0103in nu poate produce efecte juridice care intr\u0103 \u00een conflict cu principiile de baz\u0103 ale dreptului polonez. TK a ad\u0103ugat c\u0103 modificarea defini\u021biei constitu\u021bionale a c\u0103s\u0103toriei ar necesita modific\u0103ri ale constitu\u021biei \u0219i ale legilor conexe.<\/p>\n<p>La scurt timp dup\u0103 hot\u0103r\u00e2re, membrii guvernului au declarat c\u0103 nu vor respecta decizia tribunalului. Ei au precizat c\u0103 regulamentul va intra \u00een vigoare conform planului.<\/p>\n<p>\u201eTribunalul Constitu\u021bional ilegal \u00eencearc\u0103 din nou s\u0103 obstruc\u021bioneze un stat care aplic\u0103 legea \u00een vigoare \u0219i hot\u0103r\u00e2rile instan\u021belor europene\u201d, a declarat ministrul afacerilor digitale, Krzysztof Gawkowski.<\/p>\n<p>\u201eTranscrierea certificatelor de c\u0103s\u0103torie str\u0103ine \u00eentre persoane de acela\u0219i sex este \u0219i va r\u0103m\u00e2ne legal\u0103\u201d, a spus Gawkowski.\u00a0 El a ad\u0103ugat c\u0103 p\u00e2n\u0103 \u00een prezent, 184 de cupluri de acela\u0219i sex au avut certificatele de c\u0103s\u0103torie str\u0103ine transcrise.<\/p>\n<h2><strong>Reac\u021bia Bisericii Ortodoxe Rom\u00e2ne (BOR)<\/strong><\/h2>\n<p>\u00a0<\/p>\n<p>O reac\u021bie dup\u0103 decizia Tribunalului Constitu\u021bional din Polonia a venit \u0219i din partea Bisericii Ortodoxe Rom\u00e2ne. Purt\u0103torul de cuv\u00e2nt, <a href=\"https:\/\/r3media.ro\/tag\/adrian-agachi\/\" target=\"_blank\" rel=\"noopener\"><strong>Adrian Agachi<\/strong><\/a>, a precizat c\u0103 instan\u021ba de la Var\u0219ovia \u201ea oprit recunoa\u0219terea oficial\u0103 pe teritoriul \u021b\u0103rii a c\u0103s\u0103toriilor \u00eentre persoane de acela\u0219i sex \u00eencheiate \u00een Uniunea European\u0103\u201c.<\/p>\n<p>\u201eDe asemenea, Constitu\u021bia Poloniei define\u0219te c\u0103s\u0103toria ca unirea \u00eentre un b\u0103rbat \u0219i o femeie.<\/p>\n<p>Con\u0219tiin\u021ba cre\u0219tin\u0103 r\u0103m\u00e2ne vie \u0219i lucreaz\u0103 \u00een pofida tuturor presiunilor de ordin politic, economic \u0219i social.<\/p>\n<p>Se poate, dac\u0103 se vrea.<\/p>\n<p>Sper\u0103m c\u0103 \u0219i \u00een Rom\u00e2nia parteneriatul civil, recunoa\u0219terea c\u0103s\u0103toriilor \u00eentre persoane de acela\u0219i sex \u0219i adoptarea copiilor de astfel de cupluri nu vor fi vreodat\u0103 legiferate.<\/p>\n<p>\u00cenv\u0103\u021b\u0103tura Bisericii r\u0103m\u00e2ne neschimbat\u0103: familia poate fi \u00eentemeiat\u0103 doar prin c\u0103s\u0103toria dintre un b\u0103rbat \u0219i o femeie. Totodat\u0103, na\u0219terea \u0219i cre\u0219terea copiilor reprezint\u0103 rodul firesc al acestei leg\u0103turi.<\/p>\n<p>A\u0219a cum ne-a \u00eenv\u0103\u021bat Dumnezeu, nu p\u0103rerile schimb\u0103toare ale omului\u201c, a scris Agachi pe Facebook.<\/p>\n<div class=\"crp_related     crp-masonry\">\n<h2>\u00ceN CONTEXT<\/h2>\n<ul>\n<li><a href=\"https:\/\/r3media.ro\/diana-sosoaca-mediere-dialog-ue-rusia-scrisoare-deschisa\/\" class=\"crp_link post-118074\"><span class=\"crp_title\">Diana \u0218o\u0219oac\u0103 se ofer\u0103 s\u0103 medieze dialogul UE &#8211; Rusia: Scrisoare deschis\u0103 adresat\u0103 liderilor\u2026<\/span><\/a><\/li>\n<li><a href=\"https:\/\/r3media.ro\/discurs-fulminant-presedinte-polonia-karol-nawrocki-unitate-suveranitate-respingere-adoptare-moneda-euro-ue\/\" class=\"crp_link post-112181\"><span class=\"crp_title\">Discurs fulminant al noului pre\u0219edinte al Poloniei | Karol Nawrocki a promis unitate,\u2026<\/span><\/a><\/li>\n<li><a href=\"https:\/\/r3media.ro\/imparateasa-goala-scoasa-la-tabla-corigenta-amanata\/\" class=\"crp_link post-112360\"><span class=\"crp_title\">\u00cemp\u0103r\u0103teasa goal\u0103, scoas\u0103 la tabl\u0103. Corigen\u021ba, am\u00e2nat\u0103<\/span><\/a><\/li>\n<li><a href=\"https:\/\/r3media.ro\/ursula-von-der-leyen-bate-cui-sicriu-fermieri-uniunea-europeana-polonezi-revolta-agricultura\/\" class=\"crp_link post-115064\"><span class=\"crp_title\">Ursula von der Leyen vrea s\u0103 mai bat\u0103 un cui \u00een sicriul fermierilor din Uniunea European\u0103.\u2026<\/span><\/a><\/li>\n<li><a href=\"https:\/\/r3media.ro\/polonezii-plecati-germania-intoarcere-numar-impresionant-tara-lor-crestere-economica-taxe-mici-administratie-eficienta\/\" class=\"crp_link post-112444\"><span class=\"crp_title\">Polonezii pleca\u021bi \u00een Germania se \u00eentorc \u00een num\u0103r impresionant \u00een \u021bara lor, atra\u0219i de\u2026<\/span><\/a><\/li>\n<li><a href=\"https:\/\/r3media.ro\/mercosur-uniunea-europeana-decizie-import-carne-de-pui-vita-peste-miere-produse-brazilia\/\" class=\"crp_link post-118185\"><span class=\"crp_title\">Mercosur: Uniunea European\u0103 a decis s\u0103 nu mai importe carne de pui, vit\u0103, pe\u0219te, miere \u0219i\u2026<\/span><\/a><\/li>\n<li><a href=\"https:\/\/r3media.ro\/polonia-critici-dure-zelenski-grupari-masacru-lech-walesa\/\" class=\"crp_link post-117415\"><span class=\"crp_title\">Polonia \u00eel critic\u0103 dur pe Zelenski pentru onorarea unei grup\u0103ri acuzate c\u0103 a masacrat\u2026<\/span><\/a><\/li>\n<li><a href=\"https:\/\/r3media.ro\/uniunea-europeana-pregateste-aprobare-experiment-supraveghere-istorie-mesaje-sms-email-aplicatii-facebook-instagram-tiktok-servicii-whatsapp-telegram\/\" class=\"crp_link post-112212\"><span class=\"crp_title\">UE preg\u0103te\u0219te aprobarea celui mai mare experiment de supraveghere pe timp de pace: Mesajele\u2026<\/span><\/a><\/li>\n<\/ul>\n<\/div>\n<\/div>\n<\/div>\n<p>[analyse_source url=&#8221;https:\/\/r3media.ro\/tribunal-constitutional-polonia-opreste-recunoastere-tara-casatorii-persoane-acelasi-sex-incheiate-uniunea-europeana\/&#8221;]<\/p>\n","protected":false},"excerpt":{"rendered":"<p>[analyse_image type=&#8221;featured&#8221; src=&#8221;https:\/\/r3media.ro\/wp-content\/uploads\/2026\/05\/homosexuali.pnghttps:\/\/r3media.ro\/wp-content\/uploads\/2026\/05\/homosexuali.png&#8221;] FEATUREDTribunalul Constitu\u021bional din Polonia opre\u0219te recunoa\u0219terea pe teritoriul \u021b\u0103rii a c\u0103s\u0103toriilor persoanelor&#8230; FEATURED\u0218TIRI Tribunalul Constitu\u021bional din Polonia opre\u0219te recunoa\u0219terea pe teritoriul \u021b\u0103rii a c\u0103s\u0103toriilor persoanelor de acela\u0219i sex \u00eencheiate \u00een Uniunea European\u0103 Oana Ivan 29\/07\/2026 Surs\u0103 &#8211; Unsplash Tribunalul Constitu\u021bional din Polonia consider\u0103 neconstitu\u021bional\u0103 reglementarea care permite recunoa\u0219terea \u00een \u021bar\u0103 a c\u0103s\u0103toriilor [&hellip;]<\/p>\n","protected":false},"author":1,"featured_media":0,"comment_status":"open","ping_status":"","sticky":false,"template":"","format":"standard","meta":{"footnotes":""},"categories":[89],"tags":[226,93],"class_list":["post-2067271","post","type-post","status-publish","format-standard","hentry","category-romania","tag-crawlmanager","tag-r3media-ro"],"_links":{"self":[{"href":"https:\/\/analyse.optim.biz\/index.php?rest_route=\/wp\/v2\/posts\/2067271","targetHints":{"allow":["GET"]}}],"collection":[{"href":"https:\/\/analyse.optim.biz\/index.php?rest_route=\/wp\/v2\/posts"}],"about":[{"href":"https:\/\/analyse.optim.biz\/index.php?rest_route=\/wp\/v2\/types\/post"}],"author":[{"embeddable":true,"href":"https:\/\/analyse.optim.biz\/index.php?rest_route=\/wp\/v2\/users\/1"}],"replies":[{"embeddable":true,"href":"https:\/\/analyse.optim.biz\/index.php?rest_route=%2Fwp%2Fv2%2Fcomments&post=2067271"}],"version-history":[{"count":0,"href":"https:\/\/analyse.optim.biz\/index.php?rest_route=\/wp\/v2\/posts\/2067271\/revisions"}],"wp:attachment":[{"href":"https:\/\/analyse.optim.biz\/index.php?rest_route=%2Fwp%2Fv2%2Fmedia&parent=2067271"}],"wp:term":[{"taxonomy":"category","embeddable":true,"href":"https:\/\/analyse.optim.biz\/index.php?rest_route=%2Fwp%2Fv2%2Fcategories&post=2067271"},{"taxonomy":"post_tag","embeddable":true,"href":"https:\/\/analyse.optim.biz\/index.php?rest_route=%2Fwp%2Fv2%2Ftags&post=2067271"}],"curies":[{"name":"wp","href":"https:\/\/api.w.org\/{rel}","templated":true}]}}