{"id":2067270,"date":"2026-07-29T11:42:30","date_gmt":"2026-07-29T08:42:30","guid":{"rendered":"https:\/\/analyse.optim.biz\/?p=2067270"},"modified":"2026-07-29T11:42:30","modified_gmt":"2026-07-29T08:42:30","slug":"alerta-cu-bomba-in-portul-constanta-radu-miruta-spune-ca-amenintarea-a-fost-transmisa-de-pe-numere-de-telefon-din-ucraina-si-polonia","status":"publish","type":"post","link":"https:\/\/analyse.optim.biz\/?p=2067270","title":{"rendered":"Alert\u0103 cu bomb\u0103 \u00een Portul Constan\u021ba. Radu Miru\u021b\u0103 spune c\u0103 amenin\u021barea a fost transmis\u0103 de pe numere de telefon din Ucraina \u0219i Polonia"},"content":{"rendered":"<p>[analyse_image type=&#8221;featured&#8221; src=&#8221;https:\/\/r3media.ro\/wp-content\/uploads\/2023\/08\/port-constanta-e1691187858708.jpghttps:\/\/r3media.ro\/wp-content\/uploads\/2023\/08\/port-constanta-e1691187858708.jpg&#8221;]<\/p>\n<article id=\"template-id-109\" class=\"post-109 tdb_templates type-tdb_templates status-publish post\">\n<div id=\"tdi_2\" class=\"tdc-zone\">\n<div class=\"tdc_zone tdi_3  wpb_row td-pb-row\">\n<div id=\"tdi_4\" class=\"tdc-row\">\n<div class=\"vc_row tdi_5  wpb_row td-pb-row\">\n<div class=\"vc_column tdi_7  wpb_column vc_column_container tdc-column td-pb-span8\">\n<div class=\"wpb_wrapper\">\n<div class=\"td_block_wrap tdb_breadcrumbs tdi_8 td-pb-border-top td_block_template_1 tdb-breadcrumbs \" data-td-block-uid=\"tdi_8\">\n<div class=\"tdb-block-inner td-fix-index\"><span><a title=\"Vede\u021bi toate articolele \u00een FEATURED\" class=\"tdb-entry-crumb\" href=\"https:\/\/r3media.ro\/category\/featured\/\">FEATURED<\/a><\/span><span class=\"tdb-bred-no-url-last\">Alert\u0103 cu bomb\u0103 \u00een Portul Constan\u021ba. Radu Miru\u021b\u0103 spune c\u0103 amenin\u021barea a&#8230;<\/span><\/div>\n<\/div>\n<div class=\"td_block_wrap tdb_single_categories tdi_9 td-pb-border-top td_block_template_1 \" data-td-block-uid=\"tdi_9\">\n<div class=\"tdb-category td-fix-index\"><a class=\"tdb-entry-category\" href=\"https:\/\/r3media.ro\/category\/featured\/\">FEATURED<\/a><a class=\"tdb-entry-category\" href=\"https:\/\/r3media.ro\/category\/stiri\/\">\u0218TIRI<\/a><\/div>\n<\/div>\n<div class=\"td_block_wrap tdb_title tdi_10 tdb-single-title td-pb-border-top td_block_template_1\" data-td-block-uid=\"tdi_10\">\n<div class=\"tdb-block-inner td-fix-index\">\n<h1 class=\"tdb-title-text\">Alert\u0103 cu bomb\u0103 \u00een Portul Constan\u021ba. Radu Miru\u021b\u0103 spune c\u0103 amenin\u021barea a fost transmis\u0103 de pe numere de telefon din Ucraina \u0219i Polonia<\/h1>\n<\/div>\n<\/div>\n<div class=\"vc_row_inner tdi_12  vc_row vc_inner wpb_row td-pb-row\">\n<div class=\"vc_column_inner tdi_14  wpb_column vc_column_container tdc-inner-column td-pb-span12\">\n<div class=\"vc_column-inner\">\n<div class=\"wpb_wrapper\">\n<div class=\"td_block_wrap tdb_single_author tdi_15 td-pb-border-top td_block_template_1 tdb-post-meta\" data-td-block-uid=\"tdi_15\">\n<div class=\"tdb-block-inner td-fix-index\">\n<div class=\"tdb-author-name-wrap\"><a class=\"tdb-author-name\" href=\"https:\/\/r3media.ro\/author\/oana\/\">Oana Ivan<\/a><\/div>\n<\/div>\n<\/div>\n<div class=\"td_block_wrap tdb_single_date tdi_16 td-pb-border-top td_block_template_1 tdb-post-meta\" data-td-block-uid=\"tdi_16\">\n<div class=\"tdb-block-inner td-fix-index\"><time class=\"entry-date updated td-module-date\" datetime=\"2026-07-29T14:42:30+03:00\">29\/07\/2026<\/time><\/div>\n<\/div>\n<\/div>\n<\/div>\n<\/div>\n<\/div>\n<div class=\"td_block_wrap tdb_single_content tdi_18 td-pb-border-top td_block_template_1 td-post-content tagdiv-type\" data-td-block-uid=\"tdi_18\">\n<div class=\"tdb-block-inner td-fix-index\">\n<p><strong>O alert\u0103 cu bomb\u0103 a determinat evacuarea Portului <a href=\"https:\/\/r3media.ro\/tag\/constanta\/\" target=\"_blank\" rel=\"noopener\">Constan\u021ba<\/a> miercuri. Potrivit ministrului Radu Miru\u021b\u0103, amenin\u021barea a fost transmis\u0103 de pe numere de telefon din Ucraina \u0219i Polonia.<\/strong><\/p>\n<p>\u00cen prezent, autorit\u0103\u021bile fac verific\u0103ri la fa\u021ba locului.<\/p>\n<p>\u201eA fost semnalizat\u0103 o alert\u0103 cu bomb\u0103 de pe dou\u0103 numere de telefon din afara Rom\u00e2niei. Un num\u0103r de telefon cu prefix de Ucraina \u0219i num\u0103r de telefon cu prefix de Polonia. Se fac investiga\u021bii cu privire la aceste numere de telefon. E o procedur\u0103 standard care se deruleaz\u0103 \u00een astfel de situa\u021bii. A fost transmis prin aceste telefoane un mesaj audio \u00een limba rom\u00e2n\u0103, pe care speciali\u0219tii no\u0219tri \u00eel apreciaz\u0103 c\u0103 este compus cu inteligen\u021b\u0103 artificial\u0103, generat cu inteligen\u021ba artificial\u0103\u201d, a declarat Radu Miru\u021b\u0103 la Digi24.<\/p>\n<h2><strong>Alert\u0103 cu bomb\u0103 \u00een Portul Constan\u021ba. SRI face investiga\u021bii la fa\u021ba locului<\/strong><\/h2>\n<p>\u00a0<\/p>\n<p>Ministrul Ap\u0103r\u0103rii Na\u021bionale a spus c\u0103 portul nu a fost \u00eenchis, \u00eens\u0103 oamenii au fost evacua\u021bi.<\/p>\n<p>\u201eAu fost oameni evacua\u021bi din ni\u0219te cl\u0103diri, unde au considerat cei de la Serviciul Rom\u00e2n de Informa\u021bii au considerat\u201d, a mai spus ministrul.<\/p>\n<p>\u00cen prim\u0103 faz\u0103 presa local\u0103 din Constan\u021ba anun\u021base c\u0103 autorit\u0103\u021bile intervin \u00een zona Por\u021bii 1 a Portului Constan\u021ba, traficul \u00een port \u00eenchis, iar personalul a fost evacuat. Prefectul jude\u021bului Constan\u021ba, Adrian Picoiu, a declarat c\u0103 \u00een jurul orei 11.30 a fost primit un apel prin 112 cu un mesaj f\u0103cut cu inteligen\u021ba artificial\u0103 prin care se anun\u021bau mai multe bombe \u00een zona Terminalului de Pasageri, Dana 0.<\/p>\n<h2><strong>Dron\u0103 ucrainean\u0103, explodat\u0103 \u00een Portul Constan\u021ba<\/strong><\/h2>\n<p>\u00a0<\/p>\n<p>O dron\u0103 marin\u0103 ucrainean\u0103 <strong><a href=\"https:\/\/r3media.ro\/drona-marina-constanta-explozie-mapn-razboi-rusia-ucraina-video\/\" target=\"_blank\" rel=\"noopener\">s-a autodetonat<\/a><\/strong> la \u00eenceput de iunie diminea\u021b\u0103 \u00een Portul Constan\u021ba. Momentul exploziei a fost surprins din mai multe unghiuri \u0219i chiar \u00een direct, la TVR INFO. Incidentul a avut loc la dana 78 din port.<\/p>\n<p>De\u0219i drona a fost detectat\u0103 de la primele ore ale dimine\u021bii, p\u00e2n\u0103 \u00een jurul orei c\u00e2nd a explodat nu s-au luat m\u0103suri de protec\u021bie a popula\u021biei, conform jurnali\u0219tilor locali. Din fericire, nu au fost raportate victime.<\/p>\n<p>Traian B\u0103sescu a spus c\u0103 drona ucrainean\u0103 a fost dirijat\u0103 inten\u021bionat \u00een portul Constan\u021ba. Conform fostului pre\u0219edinte, faptul c\u0103 Rom\u00e2nia nu a reac\u021bionat la adresa acestui stat este \u201eo ru\u0219ine\u201d.<\/p>\n<p>\u201eFaptul c\u0103 n-am reac\u021bionat s\u0103-i bu\u0219im pe ucraineni e o ru\u0219ine. Eu am intrat pe l\u00e2ng\u0103 acest dig de sute de ori \u0219i am operat nava \u00een acele dane c\u00e2nd eram comandant de nav\u0103. Acolo nu se poate intra dec\u00e2t dirijat. Deci acea dron\u0103 a fost dirijat\u0103. Norocul a fost c\u0103 acea dron\u0103 s-a lovit de acest sistem de protec\u021bie \u0219i s-a rupt elicea.<\/p>\n<p>N-am reac\u021bionat s\u0103-i bu\u0219im pe ucraineni e o ru\u0219ine. Nu au nicio justificare. Putea s\u0103 fie \u0219i mama r\u0103zboiului\u201d, a spus Traian B\u0103sescu la<strong>\u00a0<\/strong><a href=\"https:\/\/tvrinfo.ro\/\" target=\"_blank\" rel=\"noopener\"><strong>Televiziunea Rom\u00e2n\u0103<\/strong><\/a>.<\/p>\n<div class=\"crp_related     crp-masonry\">\n<h2>\u00ceN CONTEXT<\/h2>\n<ul>\n<li><a href=\"https:\/\/r3media.ro\/fara-tine-in-google-r3media-dispare-iata-ce-poti-face-in-10-secunde\/\" class=\"crp_link post-119031\"><span class=\"crp_title\">F\u0103r\u0103 tine \u00een Google, R3media dispare. Iat\u0103 ce po\u021bi face \u00een 10 secunde<\/span><\/a><\/li>\n<li><a href=\"https:\/\/r3media.ro\/ministrul-apararii-usr-radu-miruta-scutul-deveselu-conceput-rusia-valentin-stan-tampit-romania-pericol-miscare-americana\/\" class=\"crp_link post-115741\"><span class=\"crp_title\">VIDEO | Ministrul Ap\u0103r\u0103rii, Radu Miru\u021b\u0103, spune c\u0103 scutul de la Deveselu a fost proiectat\u2026<\/span><\/a><\/li>\n<li><a href=\"https:\/\/r3media.ro\/directorul-romarm-critica-ministrul-apararii-radu-miruta\/\" class=\"crp_link post-117008\"><span class=\"crp_title\">Directorul Romarm \u00eel critic\u0103 pe Ministrul Ap\u0103r\u0103rii, Radu Miru\u021b\u0103: S\u0103 evite derapajele \u0219i\u2026<\/span><\/a><\/li>\n<li><a href=\"https:\/\/r3media.ro\/diplomatie-uitata-radu-miruta-ministrul-apararii-tricou-summitul-nato-ankara\/\" class=\"crp_link post-119506\"><span class=\"crp_title\">Diploma\u021bia a fost uitat\u0103 acas\u0103 de Radu Miru\u021b\u0103: Ministrul Ap\u0103r\u0103rii a mers \u00een tricou la\u2026<\/span><\/a><\/li>\n<li><a href=\"https:\/\/r3media.ro\/george-simion-drona-galati-reactii\/\" class=\"crp_link post-117247\"><span class=\"crp_title\">George Simion, dup\u0103 drona de la Gala\u021bi: A\u021bi fi fost \u00een stare chiar \u0219i pentru drona din\u2026<\/span><\/a><\/li>\n<li><a href=\"https:\/\/r3media.ro\/ministrul-apararii-nationale-usr-radu-miruta-anunta-romania-trimite-trupe-groenlanda-aparare-donald-trump\/\" class=\"crp_link post-114749\"><span class=\"crp_title\">Halucinant! Ministrul Ap\u0103r\u0103rii de la USR, Radu Miru\u021b\u0103, anun\u021b\u0103 c\u0103 Rom\u00e2nia ar putea trimite\u2026<\/span><\/a><\/li>\n<li><a href=\"https:\/\/r3media.ro\/nicusor-dan-romania-adoptare-euro-stiri-importante\/\" class=\"crp_link post-115209\"><span class=\"crp_title\">Pre\u0219edintele Nicu\u0219or Dan anun\u021b\u0103 c\u0103 adoptarea monedei euro ar fi posibil\u0103 \u00een urm\u0103torii 3-4\u2026<\/span><\/a><\/li>\n<li><a href=\"https:\/\/r3media.ro\/guvernul-tusk-bani-spitale-polonia-ucraina-polonezi-romani-fonduri-kiev\/\" class=\"crp_link post-114222\"><span class=\"crp_title\">Guvernul Tusk nu mai are bani pentru spitalele din Polonia, dar are pentru Ucraina.\u2026<\/span><\/a><\/li>\n<\/ul>\n<\/div>\n<\/div>\n<\/div>\n<div class=\"td_block_wrap tdb_single_tags tdi_19 td-pb-border-top td_block_template_1\" data-td-block-uid=\"tdi_19\">\n<div class=\"tdb-block-inner td-fix-index\">\n<ul class=\"tdb-tags\">\n<li><span>SUBIECTE FIERBIN\u021aI<\/span><\/li>\n<li><a href=\"https:\/\/r3media.ro\/tag\/portul-constanta\/\">portul constanta<\/a><\/li>\n<li><a href=\"https:\/\/r3media.ro\/tag\/radu-miruta\/\">radu miruta<\/a><\/li>\n<li><a href=\"https:\/\/r3media.ro\/tag\/ucraina\/\">ucraina<\/a><\/li>\n<\/ul>\n<\/div>\n<\/div>\n<div class=\"td_block_wrap td_block_9 tdi_20 td_with_ajax_pagination td-pb-border-top td_block_template_1 td-column-2 td_block_padding td_block_bot_line\" data-td-block-uid=\"tdi_20\">\n<div class=\"td-block-title-wrap\">\n<h4 class=\"block-title td-block-title\"><span class=\"td-pulldown-size\">CITE\u0218TE MAI MULT<\/span><\/h4>\n<\/div>\n<div id=\"tdi_20\" class=\"td_block_inner\">\n<div class=\"td-block-row\">\n<div class=\"td-block-span6\">\n<div class=\"td_module_8 td_module_wrap\">\n<div class=\"item-details\">\n<h3 class=\"entry-title td-module-title\"><a href=\"https:\/\/r3media.ro\/cornel-nistorescu-drone-razboi-ucraina\/\" rel=\"bookmark\" title=\"Cornel Nistorescu, dup\u0103 incidentele cu drone: Adie a aer de r\u0103zboi. De mirare c\u0103 dronele ucrainene nu au st\u00e2rnit at\u00e2ta t\u0103r\u0103boi\">Cornel Nistorescu, dup\u0103 incidentele cu drone: Adie a aer de r\u0103zboi. De mirare c\u0103&#8230;<\/a><\/h3>\n<div class=\"td-module-meta-info\"><a href=\"https:\/\/r3media.ro\/category\/actualitate\/\" class=\"td-post-category\">ACTUALITATE<\/a><span class=\"td-post-author-name\"><a href=\"https:\/\/r3media.ro\/author\/radu_ursan\/\">Radu Ursan<\/a><span>&#8211;<\/span><\/span><span class=\"td-post-date\"><time class=\"entry-date updated td-module-date\" datetime=\"2026-07-28T10:21:51+03:00\">28\/07\/2026<\/time><\/span><\/div>\n<\/div>\n<\/div>\n<\/div>\n<div class=\"td-block-span6\">\n<div class=\"td_module_8 td_module_wrap\">\n<div class=\"item-details\">\n<h3 class=\"entry-title td-module-title\"><a href=\"https:\/\/r3media.ro\/bnr-recomanda-romani-rezerve-de-cash-atacuri-cibernetice-numerar-relevant-criza\/\" rel=\"bookmark\" title=\"BNR le recomand\u0103 rom\u00e2nilor s\u0103 p\u0103streze rezerve de cash: Numerarul se poate dovedi relevant \u00een criz\u0103\">BNR le recomand\u0103 rom\u00e2nilor s\u0103 p\u0103streze rezerve de cash: Numerarul se poate dovedi relevant&#8230;<\/a><\/h3>\n<div class=\"td-module-meta-info\"><a href=\"https:\/\/r3media.ro\/category\/actualitate\/\" class=\"td-post-category\">ACTUALITATE<\/a><span class=\"td-post-author-name\"><a href=\"https:\/\/r3media.ro\/author\/oana\/\">Oana Ivan<\/a><span>&#8211;<\/span><\/span><span class=\"td-post-date\"><time class=\"entry-date updated td-module-date\" datetime=\"2026-07-27T13:11:47+03:00\">27\/07\/2026<\/time><\/span><\/div>\n<\/div>\n<\/div>\n<\/div>\n<\/div>\n<div class=\"td-block-row\">\n<div class=\"td-block-span6\">\n<div class=\"td_module_8 td_module_wrap\">\n<div class=\"item-details\">\n<h3 class=\"entry-title td-module-title\"><a href=\"https:\/\/r3media.ro\/statul-roman-a-semnat-actul-propriei-disparitii\/\" rel=\"bookmark\" title=\"Statul rom\u00e2n a semnat actul propriei dispari\u021bii?\">Statul rom\u00e2n a semnat actul propriei dispari\u021bii?<\/a><\/h3>\n<div class=\"td-module-meta-info\"><a href=\"https:\/\/r3media.ro\/category\/opinii\/\" class=\"td-post-category\">OPINII<\/a><span class=\"td-post-author-name\"><a href=\"https:\/\/r3media.ro\/author\/gabipopa\/\">Gabriel Popa<\/a><span>&#8211;<\/span><\/span><span class=\"td-post-date\"><time class=\"entry-date updated td-module-date\" datetime=\"2026-07-27T15:07:05+03:00\">27\/07\/2026<\/time><\/span><\/div>\n<\/div>\n<\/div>\n<\/div>\n<div class=\"td-block-span6\">\n<div class=\"td_module_8 td_module_wrap\">\n<div class=\"item-details\">\n<h3 class=\"entry-title td-module-title\"><a href=\"https:\/\/r3media.ro\/prima-oara-istorie-presedintia-document-primplan-patriotism-european\/\" rel=\"bookmark\" title=\"Pentru prima oar\u0103 \u00een istorie, Pre\u0219edin\u021bia Rom\u00e2niei emite un document care pune pe primul plan o alt\u0103 entitate dec\u00e2t \u021bara noastr\u0103: patriotismul european\">Pentru prima oar\u0103 \u00een istorie, Pre\u0219edin\u021bia Rom\u00e2niei emite un document care pune pe primul&#8230;<\/a><\/h3>\n<div class=\"td-module-meta-info\"><a href=\"https:\/\/r3media.ro\/category\/actualitate\/\" class=\"td-post-category\">ACTUALITATE<\/a><span class=\"td-post-author-name\"><a href=\"https:\/\/r3media.ro\/author\/teodor_stan\/\">Teodor Stan<\/a><span>&#8211;<\/span><\/span><span class=\"td-post-date\"><time class=\"entry-date updated td-module-date\" datetime=\"2026-07-26T11:44:31+03:00\">26\/07\/2026<\/time><\/span><\/div>\n<\/div>\n<\/div>\n<\/div>\n<\/div>\n<div class=\"td-block-row\">\n<div class=\"td-block-span6\">\n<div class=\"td_module_8 td_module_wrap\">\n<div class=\"item-details\">\n<h3 class=\"entry-title td-module-title\"><a href=\"https:\/\/r3media.ro\/film-nou-stapanul-inelelor-corect-politic-regizor-andy-serkis-diversitate-tolkien-mitologie-nordica\/\" rel=\"bookmark\" title=\"Noul film \u201eSt\u0103p\u00e2nul Inelelor\u201d nu va fi corect politic. Regizorul Andy Serkis: J.R.R. Tolkien a fost influen\u021bat de mitologia nordic\u0103. Nu vrem o distribu\u021bie de dragul de a bifa c\u0103su\u021be\">Noul film \u201eSt\u0103p\u00e2nul Inelelor\u201d nu va fi corect politic. Regizorul Andy Serkis: J.R.R. Tolkien&#8230;<\/a><\/h3>\n<div class=\"td-module-meta-info\"><a href=\"https:\/\/r3media.ro\/category\/actualitate\/\" class=\"td-post-category\">ACTUALITATE<\/a><span class=\"td-post-author-name\"><a href=\"https:\/\/r3media.ro\/author\/oana\/\">Oana Ivan<\/a><span>&#8211;<\/span><\/span><span class=\"td-post-date\"><time class=\"entry-date updated td-module-date\" datetime=\"2026-07-26T15:49:31+03:00\">26\/07\/2026<\/time><\/span><\/div>\n<\/div>\n<\/div>\n<\/div>\n<div class=\"td-block-span6\">\n<div class=\"td_module_8 td_module_wrap\">\n<div class=\"item-details\">\n<h3 class=\"entry-title td-module-title\"><a href=\"https:\/\/r3media.ro\/dictatura-forma-suprema-a-democratiei\/\" rel=\"bookmark\" title=\"Dictatura \u2013 forma suprem\u0103 a democra\u021biei\">Dictatura \u2013 forma suprem\u0103 a democra\u021biei<\/a><\/h3>\n<div class=\"td-module-meta-info\"><a href=\"https:\/\/r3media.ro\/category\/opinii\/\" class=\"td-post-category\">OPINII<\/a><span class=\"td-post-author-name\"><a href=\"https:\/\/r3media.ro\/author\/tru\/\">TRU (Traian Ungureanu)<\/a><span>&#8211;<\/span><\/span><span class=\"td-post-date\"><time class=\"entry-date updated td-module-date\" datetime=\"2026-07-25T16:43:11+03:00\">25\/07\/2026<\/time><\/span><\/div>\n<\/div>\n<\/div>\n<\/div>\n<\/div>\n<div class=\"td-block-row\">\n<div class=\"td-block-span6\">\n<div class=\"td_module_8 td_module_wrap\">\n<div class=\"item-details\">\n<h3 class=\"entry-title td-module-title\"><a href=\"https:\/\/r3media.ro\/marea-britanie-apa-inteligenta-artificiala-romania-centru-ai-restrictii-consum-apa\/\" rel=\"bookmark\" title=\"Marea Britanie nu mai are suficient\u0103 ap\u0103 pentru Inteligen\u021ba Artificial\u0103, dar Rom\u00e2nia vrea s\u0103 g\u0103zduiasc\u0103 un centru AI care consum\u0103 c\u00e2t sute de mii de oameni \u0219i impune restric\u021bii la consumul de ap\u0103 al popula\u021biei\">Marea Britanie nu mai are suficient\u0103 ap\u0103 pentru Inteligen\u021ba Artificial\u0103, dar Rom\u00e2nia vrea s\u0103&#8230;<\/a><\/h3>\n<div class=\"td-module-meta-info\"><a href=\"https:\/\/r3media.ro\/category\/actualitate\/\" class=\"td-post-category\">ACTUALITATE<\/a><span class=\"td-post-author-name\"><a href=\"https:\/\/r3media.ro\/author\/radu_ursan\/\">Radu Ursan<\/a><span>&#8211;<\/span><\/span><span class=\"td-post-date\"><time class=\"entry-date updated td-module-date\" datetime=\"2026-07-23T11:44:13+03:00\">23\/07\/2026<\/time><\/span><\/div>\n<\/div>\n<\/div>\n<\/div>\n<div class=\"td-block-span6\">\n<div class=\"td_module_8 td_module_wrap\">\n<div class=\"item-details\">\n<h3 class=\"entry-title td-module-title\"><a href=\"https:\/\/r3media.ro\/campion-olimpic-olaf-tufte-mort-subit-50-ani\/\" rel=\"bookmark\" title=\"Campionul olimpic Olaf Tufte a murit subit la 50 de ani\">Campionul olimpic Olaf Tufte a murit subit la 50 de ani<\/a><\/h3>\n<div class=\"td-module-meta-info\"><a href=\"https:\/\/r3media.ro\/category\/actualitate\/\" class=\"td-post-category\">ACTUALITATE<\/a><span class=\"td-post-author-name\"><a href=\"https:\/\/r3media.ro\/author\/oana\/\">Oana Ivan<\/a><span>&#8211;<\/span><\/span><span class=\"td-post-date\"><time class=\"entry-date updated td-module-date\" datetime=\"2026-07-22T12:11:02+03:00\">22\/07\/2026<\/time><\/span><\/div>\n<\/div>\n<\/div>\n<\/div>\n<\/div>\n<div class=\"td-block-row\">\n<div class=\"td-block-span6\">\n<div class=\"td_module_8 td_module_wrap\">\n<div class=\"item-details\">\n<h3 class=\"entry-title td-module-title\"><a href=\"https:\/\/r3media.ro\/explozie-incendiu-fabrica-kronospan-brasov-video\/\" rel=\"bookmark\" title=\"VIDEO | Explozie urmat\u0103 de un incendiu la fabrica Kronospan din Bra\u0219ov. \u00cen timp ce pompierii \u00eencercau s\u0103 sting\u0103 focul s-a produs o alt\u0103 explozie\">VIDEO | Explozie urmat\u0103 de un incendiu la fabrica Kronospan din Bra\u0219ov. \u00cen timp&#8230;<\/a><\/h3>\n<div class=\"td-module-meta-info\"><a href=\"https:\/\/r3media.ro\/category\/actualitate\/\" class=\"td-post-category\">ACTUALITATE<\/a><span class=\"td-post-author-name\"><a href=\"https:\/\/r3media.ro\/author\/oana\/\">Oana Ivan<\/a><span>&#8211;<\/span><\/span><span class=\"td-post-date\"><time class=\"entry-date updated td-module-date\" datetime=\"2026-07-22T10:01:28+03:00\">22\/07\/2026<\/time><\/span><\/div>\n<\/div>\n<\/div>\n<\/div>\n<div class=\"td-block-span6\">\n<div class=\"td_module_8 td_module_wrap\">\n<div class=\"item-details\">\n<h3 class=\"entry-title td-module-title\"><a href=\"https:\/\/r3media.ro\/asa-incepe-compania-openai-afirma-un-model-de-inteligenta-artificiala-a-atacat-din-proprie-initiativa-sistemele-unei-alte-companii\/\" rel=\"bookmark\" title=\"A\u0219a \u00eencepe? Compania OpenAI afirm\u0103 un model de inteligen\u021b\u0103 artificial\u0103 a ATACAT din proprie ini\u021biativ\u0103 sistemele unei alte companii\">A\u0219a \u00eencepe? Compania OpenAI afirm\u0103 un model de inteligen\u021b\u0103 artificial\u0103 a ATACAT din proprie&#8230;<\/a><\/h3>\n<div class=\"td-module-meta-info\"><a href=\"https:\/\/r3media.ro\/category\/actualitate\/\" class=\"td-post-category\">ACTUALITATE<\/a><span class=\"td-post-author-name\"><a href=\"https:\/\/r3media.ro\/author\/teodor_stan\/\">Teodor Stan<\/a><span>&#8211;<\/span><\/span><span class=\"td-post-date\"><time class=\"entry-date updated td-module-date\" datetime=\"2026-07-22T09:10:53+03:00\">22\/07\/2026<\/time><\/span><\/div>\n<\/div>\n<\/div>\n<\/div>\n<\/div>\n<div class=\"td-block-row\">\n<div class=\"td-block-span6\">\n<div class=\"td_module_8 td_module_wrap\">\n<div class=\"item-details\">\n<h3 class=\"entry-title td-module-title\"><a href=\"https:\/\/r3media.ro\/episcopul-husilor-oameni-animale-therieni-degradare-progresism\/\" rel=\"bookmark\" title=\"Episcopul Hu\u0219ilor, despre oamenii care se cred animale: V\u0103 da\u021bi seama c\u00e2t\u0103 degradare uman\u0103 este? De ce? Pentru c\u0103 se \u00eencred \u00een progresism\">Episcopul Hu\u0219ilor, despre oamenii care se cred animale: V\u0103 da\u021bi seama c\u00e2t\u0103 degradare uman\u0103&#8230;<\/a><\/h3>\n<div class=\"td-module-meta-info\"><a href=\"https:\/\/r3media.ro\/category\/actualitate\/\" class=\"td-post-category\">ACTUALITATE<\/a><span class=\"td-post-author-name\"><a href=\"https:\/\/r3media.ro\/author\/radu_ursan\/\">Radu Ursan<\/a><span>&#8211;<\/span><\/span><span class=\"td-post-date\"><time class=\"entry-date updated td-module-date\" datetime=\"2026-07-21T19:30:46+03:00\">21\/07\/2026<\/time><\/span><\/div>\n<\/div>\n<\/div>\n<\/div>\n<div class=\"td-block-span6\">\n<div class=\"td_module_8 td_module_wrap\">\n<div class=\"item-details\">\n<h3 class=\"entry-title td-module-title\"><a href=\"https:\/\/r3media.ro\/video-cult-femeie-dumnezeu-mama-romania\/\" rel=\"bookmark\" title=\"VIDEO | Un cult care consider\u0103 o femeie coreean\u0103 drept \u201eDumnezeu Mama\u201d face prozeli\u021bi \u00een Rom\u00e2nia\">VIDEO | Un cult care consider\u0103 o femeie coreean\u0103 drept \u201eDumnezeu Mama\u201d face prozeli\u021bi&#8230;<\/a><\/h3>\n<div class=\"td-module-meta-info\"><a href=\"https:\/\/r3media.ro\/category\/actualitate\/\" class=\"td-post-category\">ACTUALITATE<\/a><span class=\"td-post-author-name\"><a href=\"https:\/\/r3media.ro\/author\/redactia\/\">Redac\u021bia<\/a><span>&#8211;<\/span><\/span><span class=\"td-post-date\"><time class=\"entry-date updated td-module-date\" datetime=\"2026-07-21T11:14:08+03:00\">21\/07\/2026<\/time><\/span><\/div>\n<\/div>\n<\/div>\n<\/div>\n<\/div>\n<\/div>\n<div class=\"td-load-more-wrap td-load-more-infinite-wrap\" id=\"infinite-lm-tdi_20\"><a href=\"https:\/\/r3media.ro\/alerta-bomba-port-constanta-radu-miruta-amenintare-transmisa-numere-telefon-ucraina-polonia\/\" class=\"td_ajax_load_more td_ajax_load_more_js\" aria-label=\"\u00cenc\u0103rca\u021bi mai multe\" id=\"next-page-tdi_20\" data-td_block_id=\"tdi_20\">\u00cenc\u0103rca\u021bi mai multe<\/a><\/div>\n<\/div>\n<div class=\"td_block_wrap tdb_single_comments tdi_21 tdb-comm-layout2 td-pb-border-top td_block_template_1\" data-td-block-uid=\"tdi_21\">\n<div class=\"tdb-block-inner td-fix-index\">\n<div class=\"comments\" id=\"comments\">\n<div id=\"respond\" class=\"comment-respond\">\n<h3 id=\"reply-title\" class=\"comment-reply-title\">AI CEVA DE SPUS? <small><a rel=\"nofollow\" id=\"cancel-comment-reply-link\" href=\"https:\/\/r3media.ro\/alerta-bomba-port-constanta-radu-miruta-amenintare-transmisa-numere-telefon-ucraina-polonia\/#respond\">Renun\u021ba\u021bi la r\u0103spuns<\/a><\/small><\/h3>\n<div class=\"comment-form-input-wrap td-form-comment\">\n<div class=\"td-warning-comment\">V\u0103 rug\u0103m s\u0103 introduce\u021bi comentariul dvs.!<\/div>\n<\/div>\n<div class=\"comment-form-input-wrap td-form-author\">\n<div class=\"td-warning-author\">Introduce\u021bi aici numele dvs.<\/div>\n<\/div>\n<div class=\"comment-form-input-wrap td-form-email\">\n<div class=\"td-warning-email-error\">A\u021bi introdus o adres\u0103 de e-mail incorect\u0103!<\/div>\n<div class=\"td-warning-email\">V\u0103 rug\u0103m s\u0103 introduce\u021bi adresa dvs. de e-mail aici<\/div>\n<\/div>\n<\/div>\n<\/div>\n<\/div>\n<\/div>\n<\/div>\n<\/div>\n<div class=\"vc_column tdi_23  wpb_column vc_column_container tdc-column td-pb-span4 td-is-sticky\">\n<div class=\"wpb_wrapper\" data-sticky-enabled-on=\"W3RydWUsdHJ1ZSx0cnVlLHRydWVd\" data-sticky-offset=\"20\" data-sticky-is-width-auto=\"W2ZhbHNlLGZhbHNlLGZhbHNlLGZhbHNlXQ==\">\n<div class=\"wpb_wrapper td_block_wrap vc_widget_sidebar tdi_25 \">\n<div class=\"td_block_wrap td_block_7 td_block_widget tdi_26 td-pb-border-top td_block_template_1 td-column-1 td_block_padding\" data-td-block-uid=\"tdi_26\">\n<div class=\"td-block-title-wrap\">\n<h4 class=\"block-title td-block-title\"><span class=\"td-pulldown-size\">Articole RELA\u021aIONATE<\/span><\/h4>\n<\/div>\n<div id=\"tdi_26\" class=\"td_block_inner\">\n<div class=\"td-block-span12\">\n<div class=\"td_module_6 td_module_wrap td-animation-stack\">\n<div class=\"td-module-thumb\"><a href=\"https:\/\/r3media.ro\/tribunal-constitutional-polonia-opreste-recunoastere-tara-casatorii-persoane-acelasi-sex-incheiate-uniunea-europeana\/\" rel=\"bookmark\" class=\"td-image-wrap \" title=\"Tribunalul Constitu\u021bional din Polonia opre\u0219te recunoa\u0219terea pe teritoriul \u021b\u0103rii a c\u0103s\u0103toriilor persoanelor de acela\u0219i sex \u00eencheiate \u00een Uniunea European\u0103\"><img loading=\"lazy\" decoding=\"async\" class=\"entry-thumb\" src=\"https:\/\/r3media.ro\/wp-content\/uploads\/2026\/05\/homosexuali-100x70.png\" alt title=\"Tribunalul Constitu\u021bional din Polonia opre\u0219te recunoa\u0219terea pe teritoriul \u021b\u0103rii a c\u0103s\u0103toriilor persoanelor de acela\u0219i sex \u00eencheiate \u00een Uniunea European\u0103\" width=\"100\" height=\"70\"><\/a><\/div>\n<div class=\"item-details\">\n<h3 class=\"entry-title td-module-title\"><a href=\"https:\/\/r3media.ro\/tribunal-constitutional-polonia-opreste-recunoastere-tara-casatorii-persoane-acelasi-sex-incheiate-uniunea-europeana\/\" rel=\"bookmark\" title=\"Tribunalul Constitu\u021bional din Polonia opre\u0219te recunoa\u0219terea pe teritoriul \u021b\u0103rii a c\u0103s\u0103toriilor persoanelor de acela\u0219i sex \u00eencheiate \u00een Uniunea European\u0103\">Tribunalul Constitu\u021bional din Polonia opre\u0219te recunoa\u0219terea pe teritoriul \u021b\u0103rii a c\u0103s\u0103toriilor&#8230;<\/a><\/h3>\n<div class=\"td-module-meta-info\"><span class=\"td-post-date\"><time class=\"entry-date updated td-module-date\" datetime=\"2026-07-29T14:59:41+03:00\">29\/07\/2026<\/time><\/span><\/div>\n<\/div>\n<\/div>\n<\/div>\n<div class=\"td-block-span12\">\n<div class=\"td_module_6 td_module_wrap td-animation-stack\">\n<div class=\"td-module-thumb\"><a href=\"https:\/\/r3media.ro\/pretul-motorinei\/\" rel=\"bookmark\" class=\"td-image-wrap \" title=\"Pre\u021bul motorinei se apropie de 10,20 lei\/litru. Ce se \u00eent\u00e2mpl\u0103 la pomp\u0103 \u00een aceast\u0103 s\u0103pt\u0103m\u00e2n\u0103\"><img loading=\"lazy\" decoding=\"async\" class=\"entry-thumb\" src=\"https:\/\/r3media.ro\/wp-content\/uploads\/2022\/09\/masina-la-pompa-e1664128776559-100x70.jpg\" alt title=\"Pre\u021bul motorinei se apropie de 10,20 lei\/litru. Ce se \u00eent\u00e2mpl\u0103 la pomp\u0103 \u00een aceast\u0103 s\u0103pt\u0103m\u00e2n\u0103\" width=\"100\" height=\"70\"><\/a><\/div>\n<div class=\"item-details\">\n<h3 class=\"entry-title td-module-title\"><a href=\"https:\/\/r3media.ro\/pretul-motorinei\/\" rel=\"bookmark\" title=\"Pre\u021bul motorinei se apropie de 10,20 lei\/litru. Ce se \u00eent\u00e2mpl\u0103 la pomp\u0103 \u00een aceast\u0103 s\u0103pt\u0103m\u00e2n\u0103\">Pre\u021bul motorinei se apropie de 10,20 lei\/litru. Ce se \u00eent\u00e2mpl\u0103 la&#8230;<\/a><\/h3>\n<div class=\"td-module-meta-info\"><span class=\"td-post-date\"><time class=\"entry-date updated td-module-date\" datetime=\"2026-07-29T11:54:15+03:00\">29\/07\/2026<\/time><\/span><\/div>\n<\/div>\n<\/div>\n<\/div>\n<div class=\"td-block-span12\">\n<div class=\"td_module_6 td_module_wrap td-animation-stack\">\n<div class=\"td-module-thumb\"><a href=\"https:\/\/r3media.ro\/burkina-faso-creste-rezerve-de-aur-romania-londra-tara-africa-control-stat-resurse-minerale-strategice\/\" rel=\"bookmark\" class=\"td-image-wrap \" title=\"Burkina Faso \u0219i-a crescut masiv rezervele de aur. \u00cen timp ce Rom\u00e2nia \u00ee\u0219i \u021bine aurul la Londra, \u021bara african\u0103 vrea un control mai bun al statului asupra resurselor minerale strategice\"><img loading=\"lazy\" decoding=\"async\" class=\"entry-thumb\" src=\"https:\/\/r3media.ro\/wp-content\/uploads\/2026\/07\/lingouri-de-aur-100x70.jpg\" alt title=\"Burkina Faso \u0219i-a crescut masiv rezervele de aur. \u00cen timp ce Rom\u00e2nia \u00ee\u0219i \u021bine aurul la Londra, \u021bara african\u0103 vrea un control mai bun al statului asupra resurselor minerale strategice\" width=\"100\" height=\"70\"><\/a><\/div>\n<div class=\"item-details\">\n<h3 class=\"entry-title td-module-title\"><a href=\"https:\/\/r3media.ro\/burkina-faso-creste-rezerve-de-aur-romania-londra-tara-africa-control-stat-resurse-minerale-strategice\/\" rel=\"bookmark\" title=\"Burkina Faso \u0219i-a crescut masiv rezervele de aur. \u00cen timp ce Rom\u00e2nia \u00ee\u0219i \u021bine aurul la Londra, \u021bara african\u0103 vrea un control mai bun al statului asupra resurselor minerale strategice\">Burkina Faso \u0219i-a crescut masiv rezervele de aur. \u00cen timp ce&#8230;<\/a><\/h3>\n<div class=\"td-module-meta-info\"><span class=\"td-post-date\"><time class=\"entry-date updated td-module-date\" datetime=\"2026-07-29T11:44:09+03:00\">29\/07\/2026<\/time><\/span><\/div>\n<\/div>\n<\/div>\n<\/div>\n<div class=\"td-block-span12\">\n<div class=\"td_module_6 td_module_wrap td-animation-stack\">\n<div class=\"td-module-thumb\"><a href=\"https:\/\/r3media.ro\/jonathan-pageau-crestinii-nu-pot-fi-capitalisti-puri\/\" rel=\"bookmark\" class=\"td-image-wrap \" title=\"Jonathan Pageau: Cre\u0219tinii nu pot fi capitali\u0219ti puri\"><img loading=\"lazy\" decoding=\"async\" class=\"entry-thumb\" src=\"https:\/\/r3media.ro\/wp-content\/uploads\/2026\/07\/pageau-capitalism-crestinism-100x70.jpg\" alt title=\"Jonathan Pageau: Cre\u0219tinii nu pot fi capitali\u0219ti puri\" width=\"100\" height=\"70\"><\/a><\/div>\n<div class=\"item-details\">\n<h3 class=\"entry-title td-module-title\"><a href=\"https:\/\/r3media.ro\/jonathan-pageau-crestinii-nu-pot-fi-capitalisti-puri\/\" rel=\"bookmark\" title=\"Jonathan Pageau: Cre\u0219tinii nu pot fi capitali\u0219ti puri\">Jonathan Pageau: Cre\u0219tinii nu pot fi capitali\u0219ti puri<\/a><\/h3>\n<div class=\"td-module-meta-info\"><span class=\"td-post-date\"><time class=\"entry-date updated td-module-date\" datetime=\"2026-07-29T11:33:14+03:00\">29\/07\/2026<\/time><\/span><\/div>\n<\/div>\n<\/div>\n<\/div>\n<div class=\"td-block-span12\">\n<div class=\"td_module_6 td_module_wrap td-animation-stack\">\n<div class=\"td-module-thumb\"><a href=\"https:\/\/r3media.ro\/adrian-cioroianu-adrian-paunescu-flacara-secol-xx\/\" rel=\"bookmark\" class=\"td-image-wrap \" title=\"Adrian Cioroianu despre Adrian P\u0103unescu: \u00cen el s-a str\u00eens ceva din flac\u0103ra \u015fi din melancolia unei jum\u0103t\u0103\u0163i de secol XX\"><img loading=\"lazy\" decoding=\"async\" class=\"entry-thumb\" src=\"https:\/\/r3media.ro\/wp-content\/uploads\/2026\/07\/adrian-paunescu-adrian-cioroianu-100x70.png\" alt title=\"Adrian Cioroianu despre Adrian P\u0103unescu: \u00cen el s-a str\u00eens ceva din flac\u0103ra \u015fi din melancolia unei jum\u0103t\u0103\u0163i de secol XX\" width=\"100\" height=\"70\"><\/a><\/div>\n<div class=\"item-details\">\n<h3 class=\"entry-title td-module-title\"><a href=\"https:\/\/r3media.ro\/adrian-cioroianu-adrian-paunescu-flacara-secol-xx\/\" rel=\"bookmark\" title=\"Adrian Cioroianu despre Adrian P\u0103unescu: \u00cen el s-a str\u00eens ceva din flac\u0103ra \u015fi din melancolia unei jum\u0103t\u0103\u0163i de secol XX\">Adrian Cioroianu despre Adrian P\u0103unescu: \u00cen el s-a str\u00eens ceva din&#8230;<\/a><\/h3>\n<div class=\"td-module-meta-info\"><span class=\"td-post-date\"><time class=\"entry-date updated td-module-date\" datetime=\"2026-07-29T10:14:52+03:00\">29\/07\/2026<\/time><\/span><\/div>\n<\/div>\n<\/div>\n<\/div>\n<div class=\"td-block-span12\">\n<div class=\"td_module_6 td_module_wrap td-animation-stack\">\n<div class=\"td-module-thumb\"><a href=\"https:\/\/r3media.ro\/europarlamentarul-gheorghe-piperea-psd-pnl-usr-udmr-sunt-de-fapt-pro-ucraineni-noi-preferam-sa-fim-pro-romani\/\" rel=\"bookmark\" class=\"td-image-wrap \" title=\"Europarlamentarul Gheorghe Piperea: PSD-PNL-USR-UDMR sunt de fapt, pro-ucraineni. Noi prefer\u0103m s\u0103 fim pro-rom\u00e2ni\"><img loading=\"lazy\" decoding=\"async\" class=\"entry-thumb\" src=\"https:\/\/r3media.ro\/wp-content\/uploads\/2020\/11\/piperea-2-e1611410431192-100x70.jpg\" alt title=\"Europarlamentarul Gheorghe Piperea: PSD-PNL-USR-UDMR sunt de fapt, pro-ucraineni. Noi prefer\u0103m s\u0103 fim pro-rom\u00e2ni\" width=\"100\" height=\"70\"><\/a><\/div>\n<div class=\"item-details\">\n<h3 class=\"entry-title td-module-title\"><a href=\"https:\/\/r3media.ro\/europarlamentarul-gheorghe-piperea-psd-pnl-usr-udmr-sunt-de-fapt-pro-ucraineni-noi-preferam-sa-fim-pro-romani\/\" rel=\"bookmark\" title=\"Europarlamentarul Gheorghe Piperea: PSD-PNL-USR-UDMR sunt de fapt, pro-ucraineni. Noi prefer\u0103m s\u0103 fim pro-rom\u00e2ni\">Europarlamentarul Gheorghe Piperea: PSD-PNL-USR-UDMR sunt de fapt, pro-ucraineni. Noi prefer\u0103m s\u0103&#8230;<\/a><\/h3>\n<div class=\"td-module-meta-info\"><span class=\"td-post-date\"><time class=\"entry-date updated td-module-date\" datetime=\"2026-07-29T08:43:38+03:00\">29\/07\/2026<\/time><\/span><\/div>\n<\/div>\n<\/div>\n<\/div>\n<div class=\"td-block-span12\">\n<div class=\"td_module_6 td_module_wrap td-animation-stack\">\n<div class=\"td-module-thumb\"><a href=\"https:\/\/r3media.ro\/steinhardt-caragiale-si-sufletul-romanesc\/\" rel=\"bookmark\" class=\"td-image-wrap \" title=\"Steinhardt, Caragiale \u015fi sufletul rom\u00e2nesc\"><img loading=\"lazy\" decoding=\"async\" class=\"entry-thumb\" src=\"https:\/\/r3media.ro\/wp-content\/uploads\/2026\/07\/N-Steinhardt-100x70.jpg\" alt title=\"Steinhardt, Caragiale \u015fi sufletul rom\u00e2nesc\" width=\"100\" height=\"70\"><\/a><\/div>\n<div class=\"item-details\">\n<h3 class=\"entry-title td-module-title\"><a href=\"https:\/\/r3media.ro\/steinhardt-caragiale-si-sufletul-romanesc\/\" rel=\"bookmark\" title=\"Steinhardt, Caragiale \u015fi sufletul rom\u00e2nesc\">Steinhardt, Caragiale \u015fi sufletul rom\u00e2nesc<\/a><\/h3>\n<div class=\"td-module-meta-info\"><span class=\"td-post-date\"><time class=\"entry-date updated td-module-date\" datetime=\"2026-07-29T08:33:02+03:00\">29\/07\/2026<\/time><\/span><\/div>\n<\/div>\n<\/div>\n<\/div>\n<\/div>\n<\/div>\n<aside class=\"td_block_template_1 widget widget_recent_comments\">\n<h4 class=\"block-title\"><span>INTR\u0102 \u00ceN DISCU\u021aIE!<\/span><\/h4>\n<ul id=\"recentcomments\">\n<li class=\"recentcomments\"><span class=\"comment-author-link\">Pav\u0103l \u0218tefan<\/span> la <a href=\"https:\/\/r3media.ro\/film-nou-stapanul-inelelor-corect-politic-regizor-andy-serkis-diversitate-tolkien-mitologie-nordica\/#comment-40327\">Noul film \u201eSt\u0103p\u00e2nul Inelelor\u201d nu va fi corect politic. Regizorul Andy Serkis: J.R.R. Tolkien a fost influen\u021bat de mitologia nordic\u0103. Nu vrem o distribu\u021bie de dragul de a bifa c\u0103su\u021be<\/a><\/li>\n<li class=\"recentcomments\"><span class=\"comment-author-link\">Nicu<\/span> la <a href=\"https:\/\/r3media.ro\/avioane-americane-bulgaria-energie-radev-sua\/#comment-40326\">Avioane americane la Bezmer, la schimb cu avantaje \u00een zona energetic\u0103 pentru Bulgaria: ce a ob\u021binut guvernul Radev de la SUA<\/a><\/li>\n<li class=\"recentcomments\"><span class=\"comment-author-link\">Constantin<\/span> la <a href=\"https:\/\/r3media.ro\/prima-oara-istorie-presedintia-document-primplan-patriotism-european\/#comment-40325\">Pentru prima oar\u0103 \u00een istorie, Pre\u0219edin\u021bia Rom\u00e2niei emite un document care pune pe primul plan o alt\u0103 entitate dec\u00e2t \u021bara noastr\u0103: patriotismul european<\/a><\/li>\n<li class=\"recentcomments\"><span class=\"comment-author-link\">Constantin<\/span> la <a href=\"https:\/\/r3media.ro\/statul-roman-a-semnat-actul-propriei-disparitii\/#comment-40324\">Statul rom\u00e2n a semnat actul propriei dispari\u021bii?<\/a><\/li>\n<li class=\"recentcomments\"><span class=\"comment-author-link\">Nicu<\/span> la <a href=\"https:\/\/r3media.ro\/statul-roman-a-semnat-actul-propriei-disparitii\/#comment-40323\">Statul rom\u00e2n a semnat actul propriei dispari\u021bii?<\/a><\/li>\n<li class=\"recentcomments\"><span class=\"comment-author-link\">Nicu<\/span> la <a href=\"https:\/\/r3media.ro\/dan-dungaciu-patriotism-european-natiunea-identitatea-europeana\/#comment-40322\">Prof. Dan Dungaciu despre raportul privind \u201epatriotismul european\u201d emis de la Cotroceni: Dac\u0103 na\u021biunea e un construct, atunci \u201eidentitatea european\u0103\u201d ce este?<\/a><\/li>\n<li class=\"recentcomments\"><span class=\"comment-author-link\">boiu<\/span> la <a href=\"https:\/\/r3media.ro\/rusia-romania-drona-ambasador-moscova-porturi-dunare\/#comment-40321\">Rusia, avertizat\u0103 de Rom\u00e2nia dup\u0103 incidentele cu drona. Ambasadorul Moscovei acuz\u0103 Bucure\u0219tiul c\u0103 folose\u0219te porturile de la Dun\u0103re pentru a transporta arme \u00een Ucraina<\/a><\/li>\n<\/ul>\n<\/aside>\n<aside class=\"td_block_template_1 widget widget_search\">\n<h4 class=\"block-title\"><span>CAUT\u0102 \u0218I VEI G\u0102SI<\/span><\/h4>\n<\/aside>\n<\/div>\n<\/div>\n<\/div>\n<\/div>\n<\/div>\n<\/div>\n<\/div>\n<p><span class=\"td-page-meta\"><\/span><span class=\"td-page-meta\"><span class=\"td-page-meta\"><\/span><\/span><span class=\"td-page-meta\"><\/span><\/article>\n<\/p>\n<div class=\"td_block_wrap tdb_single_content tdi_18 td-pb-border-top td_block_template_1 td-post-content tagdiv-type\" data-td-block-uid=\"tdi_18\">\n<div class=\"tdb-block-inner td-fix-index\">\n<p><strong>O alert\u0103 cu bomb\u0103 a determinat evacuarea Portului <a href=\"https:\/\/r3media.ro\/tag\/constanta\/\" target=\"_blank\" rel=\"noopener\">Constan\u021ba<\/a> miercuri. Potrivit ministrului Radu Miru\u021b\u0103, amenin\u021barea a fost transmis\u0103 de pe numere de telefon din Ucraina \u0219i Polonia.<\/strong><\/p>\n<p>\u00cen prezent, autorit\u0103\u021bile fac verific\u0103ri la fa\u021ba locului.<\/p>\n<p>\u201eA fost semnalizat\u0103 o alert\u0103 cu bomb\u0103 de pe dou\u0103 numere de telefon din afara Rom\u00e2niei. Un num\u0103r de telefon cu prefix de Ucraina \u0219i num\u0103r de telefon cu prefix de Polonia. Se fac investiga\u021bii cu privire la aceste numere de telefon. E o procedur\u0103 standard care se deruleaz\u0103 \u00een astfel de situa\u021bii. A fost transmis prin aceste telefoane un mesaj audio \u00een limba rom\u00e2n\u0103, pe care speciali\u0219tii no\u0219tri \u00eel apreciaz\u0103 c\u0103 este compus cu inteligen\u021b\u0103 artificial\u0103, generat cu inteligen\u021ba artificial\u0103\u201d, a declarat Radu Miru\u021b\u0103 la Digi24.<\/p>\n<h2><strong>Alert\u0103 cu bomb\u0103 \u00een Portul Constan\u021ba. SRI face investiga\u021bii la fa\u021ba locului<\/strong><\/h2>\n<p>\u00a0<\/p>\n<p>Ministrul Ap\u0103r\u0103rii Na\u021bionale a spus c\u0103 portul nu a fost \u00eenchis, \u00eens\u0103 oamenii au fost evacua\u021bi.<\/p>\n<p>\u201eAu fost oameni evacua\u021bi din ni\u0219te cl\u0103diri, unde au considerat cei de la Serviciul Rom\u00e2n de Informa\u021bii au considerat\u201d, a mai spus ministrul.<\/p>\n<p>\u00cen prim\u0103 faz\u0103 presa local\u0103 din Constan\u021ba anun\u021base c\u0103 autorit\u0103\u021bile intervin \u00een zona Por\u021bii 1 a Portului Constan\u021ba, traficul \u00een port \u00eenchis, iar personalul a fost evacuat. Prefectul jude\u021bului Constan\u021ba, Adrian Picoiu, a declarat c\u0103 \u00een jurul orei 11.30 a fost primit un apel prin 112 cu un mesaj f\u0103cut cu inteligen\u021ba artificial\u0103 prin care se anun\u021bau mai multe bombe \u00een zona Terminalului de Pasageri, Dana 0.<\/p>\n<h2><strong>Dron\u0103 ucrainean\u0103, explodat\u0103 \u00een Portul Constan\u021ba<\/strong><\/h2>\n<p>\u00a0<\/p>\n<p>O dron\u0103 marin\u0103 ucrainean\u0103 <strong><a href=\"https:\/\/r3media.ro\/drona-marina-constanta-explozie-mapn-razboi-rusia-ucraina-video\/\" target=\"_blank\" rel=\"noopener\">s-a autodetonat<\/a><\/strong> la \u00eenceput de iunie diminea\u021b\u0103 \u00een Portul Constan\u021ba. Momentul exploziei a fost surprins din mai multe unghiuri \u0219i chiar \u00een direct, la TVR INFO. Incidentul a avut loc la dana 78 din port.<\/p>\n<p>De\u0219i drona a fost detectat\u0103 de la primele ore ale dimine\u021bii, p\u00e2n\u0103 \u00een jurul orei c\u00e2nd a explodat nu s-au luat m\u0103suri de protec\u021bie a popula\u021biei, conform jurnali\u0219tilor locali. Din fericire, nu au fost raportate victime.<\/p>\n<p>Traian B\u0103sescu a spus c\u0103 drona ucrainean\u0103 a fost dirijat\u0103 inten\u021bionat \u00een portul Constan\u021ba. Conform fostului pre\u0219edinte, faptul c\u0103 Rom\u00e2nia nu a reac\u021bionat la adresa acestui stat este \u201eo ru\u0219ine\u201d.<\/p>\n<p>\u201eFaptul c\u0103 n-am reac\u021bionat s\u0103-i bu\u0219im pe ucraineni e o ru\u0219ine. Eu am intrat pe l\u00e2ng\u0103 acest dig de sute de ori \u0219i am operat nava \u00een acele dane c\u00e2nd eram comandant de nav\u0103. Acolo nu se poate intra dec\u00e2t dirijat. Deci acea dron\u0103 a fost dirijat\u0103. Norocul a fost c\u0103 acea dron\u0103 s-a lovit de acest sistem de protec\u021bie \u0219i s-a rupt elicea.<\/p>\n<p>N-am reac\u021bionat s\u0103-i bu\u0219im pe ucraineni e o ru\u0219ine. Nu au nicio justificare. Putea s\u0103 fie \u0219i mama r\u0103zboiului\u201d, a spus Traian B\u0103sescu la<strong>\u00a0<\/strong><a href=\"https:\/\/tvrinfo.ro\/\" target=\"_blank\" rel=\"noopener\"><strong>Televiziunea Rom\u00e2n\u0103<\/strong><\/a>.<\/p>\n<div class=\"crp_related     crp-masonry\">\n<h2>\u00ceN CONTEXT<\/h2>\n<ul>\n<li><a href=\"https:\/\/r3media.ro\/fara-tine-in-google-r3media-dispare-iata-ce-poti-face-in-10-secunde\/\" class=\"crp_link post-119031\"><span class=\"crp_title\">F\u0103r\u0103 tine \u00een Google, R3media dispare. Iat\u0103 ce po\u021bi face \u00een 10 secunde<\/span><\/a><\/li>\n<li><a href=\"https:\/\/r3media.ro\/ministrul-apararii-usr-radu-miruta-scutul-deveselu-conceput-rusia-valentin-stan-tampit-romania-pericol-miscare-americana\/\" class=\"crp_link post-115741\"><span class=\"crp_title\">VIDEO | Ministrul Ap\u0103r\u0103rii, Radu Miru\u021b\u0103, spune c\u0103 scutul de la Deveselu a fost proiectat\u2026<\/span><\/a><\/li>\n<li><a href=\"https:\/\/r3media.ro\/directorul-romarm-critica-ministrul-apararii-radu-miruta\/\" class=\"crp_link post-117008\"><span class=\"crp_title\">Directorul Romarm \u00eel critic\u0103 pe Ministrul Ap\u0103r\u0103rii, Radu Miru\u021b\u0103: S\u0103 evite derapajele \u0219i\u2026<\/span><\/a><\/li>\n<li><a href=\"https:\/\/r3media.ro\/diplomatie-uitata-radu-miruta-ministrul-apararii-tricou-summitul-nato-ankara\/\" class=\"crp_link post-119506\"><span class=\"crp_title\">Diploma\u021bia a fost uitat\u0103 acas\u0103 de Radu Miru\u021b\u0103: Ministrul Ap\u0103r\u0103rii a mers \u00een tricou la\u2026<\/span><\/a><\/li>\n<li><a href=\"https:\/\/r3media.ro\/george-simion-drona-galati-reactii\/\" class=\"crp_link post-117247\"><span class=\"crp_title\">George Simion, dup\u0103 drona de la Gala\u021bi: A\u021bi fi fost \u00een stare chiar \u0219i pentru drona din\u2026<\/span><\/a><\/li>\n<li><a href=\"https:\/\/r3media.ro\/ministrul-apararii-nationale-usr-radu-miruta-anunta-romania-trimite-trupe-groenlanda-aparare-donald-trump\/\" class=\"crp_link post-114749\"><span class=\"crp_title\">Halucinant! Ministrul Ap\u0103r\u0103rii de la USR, Radu Miru\u021b\u0103, anun\u021b\u0103 c\u0103 Rom\u00e2nia ar putea trimite\u2026<\/span><\/a><\/li>\n<li><a href=\"https:\/\/r3media.ro\/nicusor-dan-romania-adoptare-euro-stiri-importante\/\" class=\"crp_link post-115209\"><span class=\"crp_title\">Pre\u0219edintele Nicu\u0219or Dan anun\u021b\u0103 c\u0103 adoptarea monedei euro ar fi posibil\u0103 \u00een urm\u0103torii 3-4\u2026<\/span><\/a><\/li>\n<li><a href=\"https:\/\/r3media.ro\/guvernul-tusk-bani-spitale-polonia-ucraina-polonezi-romani-fonduri-kiev\/\" class=\"crp_link post-114222\"><span class=\"crp_title\">Guvernul Tusk nu mai are bani pentru spitalele din Polonia, dar are pentru Ucraina.\u2026<\/span><\/a><\/li>\n<\/ul>\n<\/div>\n<\/div>\n<\/div>\n<p>[analyse_source url=&#8221;https:\/\/r3media.ro\/alerta-bomba-port-constanta-radu-miruta-amenintare-transmisa-numere-telefon-ucraina-polonia\/&#8221;]<\/p>\n","protected":false},"excerpt":{"rendered":"<p>[analyse_image type=&#8221;featured&#8221; src=&#8221;https:\/\/r3media.ro\/wp-content\/uploads\/2023\/08\/port-constanta-e1691187858708.jpghttps:\/\/r3media.ro\/wp-content\/uploads\/2023\/08\/port-constanta-e1691187858708.jpg&#8221;] FEATUREDAlert\u0103 cu bomb\u0103 \u00een Portul Constan\u021ba. Radu Miru\u021b\u0103 spune c\u0103 amenin\u021barea a&#8230; FEATURED\u0218TIRI Alert\u0103 cu bomb\u0103 \u00een Portul Constan\u021ba. Radu Miru\u021b\u0103 spune c\u0103 amenin\u021barea a fost transmis\u0103 de pe numere de telefon din Ucraina \u0219i Polonia Oana Ivan 29\/07\/2026 O alert\u0103 cu bomb\u0103 a determinat evacuarea Portului Constan\u021ba miercuri. Potrivit ministrului Radu [&hellip;]<\/p>\n","protected":false},"author":1,"featured_media":0,"comment_status":"open","ping_status":"","sticky":false,"template":"","format":"standard","meta":{"footnotes":""},"categories":[89],"tags":[226,93],"class_list":["post-2067270","post","type-post","status-publish","format-standard","hentry","category-romania","tag-crawlmanager","tag-r3media-ro"],"_links":{"self":[{"href":"https:\/\/analyse.optim.biz\/index.php?rest_route=\/wp\/v2\/posts\/2067270","targetHints":{"allow":["GET"]}}],"collection":[{"href":"https:\/\/analyse.optim.biz\/index.php?rest_route=\/wp\/v2\/posts"}],"about":[{"href":"https:\/\/analyse.optim.biz\/index.php?rest_route=\/wp\/v2\/types\/post"}],"author":[{"embeddable":true,"href":"https:\/\/analyse.optim.biz\/index.php?rest_route=\/wp\/v2\/users\/1"}],"replies":[{"embeddable":true,"href":"https:\/\/analyse.optim.biz\/index.php?rest_route=%2Fwp%2Fv2%2Fcomments&post=2067270"}],"version-history":[{"count":0,"href":"https:\/\/analyse.optim.biz\/index.php?rest_route=\/wp\/v2\/posts\/2067270\/revisions"}],"wp:attachment":[{"href":"https:\/\/analyse.optim.biz\/index.php?rest_route=%2Fwp%2Fv2%2Fmedia&parent=2067270"}],"wp:term":[{"taxonomy":"category","embeddable":true,"href":"https:\/\/analyse.optim.biz\/index.php?rest_route=%2Fwp%2Fv2%2Fcategories&post=2067270"},{"taxonomy":"post_tag","embeddable":true,"href":"https:\/\/analyse.optim.biz\/index.php?rest_route=%2Fwp%2Fv2%2Ftags&post=2067270"}],"curies":[{"name":"wp","href":"https:\/\/api.w.org\/{rel}","templated":true}]}}