{"id":2067267,"date":"2026-07-29T12:37:01","date_gmt":"2026-07-29T09:37:01","guid":{"rendered":"https:\/\/analyse.optim.biz\/?p=2067267"},"modified":"2026-07-29T12:37:01","modified_gmt":"2026-07-29T09:37:01","slug":"aquaparkul-de-12-milioane-de-euro-va-fi-finantat-din-credite-inclusiv-in-2028-fostul-prefect-al-buzaului-silviu-iordache-despre-indatorarea-buzaului","status":"publish","type":"post","link":"https:\/\/analyse.optim.biz\/?p=2067267","title":{"rendered":"Aquaparkul de 12 milioane de euro va fi finan\u021bat din credite inclusiv \u00een 2028. Fostul prefect al Buz\u0103ului Silviu Iordache, despre \u00eendatorarea Buz\u0103ului"},"content":{"rendered":"<p>[analyse_image type=&#8221;featured&#8221; src=&#8221;https:\/\/gazetabuzoiana.ro\/wp-content\/uploads\/2026\/05\/Silviu-Iordache-e1779824977523.jpg&#8221;]<\/p>\n<div class=\"entry-content entry clearfix\">\n<p class=\"wp-block-paragraph\">Fostul prefect al jude\u021bului Buz\u0103u, Silviu Iordache, sus\u021bine c\u0103 documentele publicate de Prim\u0103ria Buz\u0103u \u00een cadrul proiectelor de hot\u0103r\u00e2re nr. <strong><a href=\"https:\/\/primariabuzau.ro\/wp-content\/uploads\/2026\/07\/Pr.-151-modificare-HCL-7-din-2024-contractare-finantare-rambursabila.pdf\">151<\/a><\/strong> \u0219i nr. <strong><a href=\"https:\/\/primariabuzau.ro\/wp-content\/uploads\/2026\/07\/Pr.-152-modificare-HCL-78-din-2026-contractare-finantare-rambursabila.pdf\">152<\/a><\/strong> arat\u0103 c\u0103 finan\u021barea aquaparkului este prev\u0103zut\u0103 inclusiv pentru anul 2028, de\u0219i proiectul a fost prezentat ini\u021bial ca o investi\u021bie care urma s\u0103 fie finalizat\u0103 \u00een vara acestui an.<\/p>\n<p class=\"wp-block-paragraph\">\u00centr-o postare publicat\u0103 pe Facebook, Iordache afirm\u0103 c\u0103 a analizat cele dou\u0103 proiecte de hot\u0103r\u00e2re prin care administra\u021bia local\u0103 modific\u0103 dou\u0103 hot\u0103r\u00e2ri privind contractarea unor finan\u021b\u0103ri rambursabile.<\/p>\n<p class=\"wp-block-paragraph\">Potrivit fostului prefect, aproximativ 10 milioane de lei destina\u021bi aquaparkului sunt muta\u021bi din creditul contractat \u00een 2024 \u00eentr-un nou \u00eemprumut, iar graficul de finan\u021bare aferent acestuia prevede aloc\u0103ri pentru investi\u021bie inclusiv \u00een anul 2028.<\/p>\n<p class=\"wp-block-paragraph\"><strong><mark class=\"has-inline-color has-vivid-red-color\">\u201ePrim\u0103ria Buz\u0103u v-a spus c\u00e2nd va fi gata aquaparkul? Nu. Dar b\u0103ncii i-a spus\u201d<\/mark><\/strong>, afirm\u0103 Silviu Iordache, sus\u021bin\u00e2nd c\u0103 documentele oficiale indic\u0103 un calendar diferit de cel prezentat public p\u00e2n\u0103 acum.<\/p>\n<p class=\"wp-block-paragraph\">Fostul prefect critic\u0103 \u0219i valoarea investi\u021biei, care se ridic\u0103 la aproximativ 61 de milioane de lei, echivalentul a circa 12 milioane de euro, sum\u0103 finan\u021bat\u0103 prin credite bancare. \u00cen opinia sa, administra\u021bia local\u0103 ar fi trebuit s\u0103 prioritizeze construirea unui bazin didactic public de \u00eenot, \u00een condi\u021biile \u00een care municipiul Buz\u0103u nu dispune de o astfel de facilitate destinat\u0103 copiilor.<\/p>\n<p class=\"wp-block-paragraph\">Ca exemplu, Iordache men\u021bioneaz\u0103 bazinul construit \u00een comuna Merei, despre care spune c\u0103 a fost realizat \u00een aproximativ \u0219ase luni, cu o investi\u021bie de circa 450.000 de euro, \u0219i care este utilizat pe tot parcursul anului.<\/p>\n<p class=\"wp-block-paragraph\">\u00cen finalul mesajului, fostul prefect \u00eei \u00eendeamn\u0103 pe buzoieni s\u0103 consulte documentele aferente proiectelor de hot\u0103r\u00e2re nr. 151 \u0219i nr. 152, publicate pe site-ul Prim\u0103riei Buz\u0103u, sus\u021bin\u00e2nd c\u0103 acestea confirm\u0103 calendarul de finan\u021bare al investi\u021biei.<\/p>\n<div class=\"post-bottom-meta post-bottom-tags post-tags-modern\">\n<div class=\"post-bottom-meta-title\"> Etichete<\/div>\n<p><span class=\"tagcloud\"><a href=\"https:\/\/gazetabuzoiana.ro\/tag\/aquapark-buzau-2\/\" rel=\"tag\">aquapark Buz\u0103u<\/a><a href=\"https:\/\/gazetabuzoiana.ro\/tag\/bazin-de-inot\/\" rel=\"tag\">bazin de \u00eenot<\/a><a href=\"https:\/\/gazetabuzoiana.ro\/tag\/buzau-2\/\" rel=\"tag\">Buz\u0103u<\/a><a href=\"https:\/\/gazetabuzoiana.ro\/tag\/consiliul-local-buzau\/\" rel=\"tag\">Consiliul Local Buz\u0103u<\/a><a href=\"https:\/\/gazetabuzoiana.ro\/tag\/constantin-toma\/\" rel=\"tag\">constantin toma<\/a><a href=\"https:\/\/gazetabuzoiana.ro\/tag\/credit-bancar\/\" rel=\"tag\">credit bancar<\/a><a href=\"https:\/\/gazetabuzoiana.ro\/tag\/investitii-buzau-2\/\" rel=\"tag\">investi\u021bii Buz\u0103u<\/a><a href=\"https:\/\/gazetabuzoiana.ro\/tag\/merei\/\" rel=\"tag\">Merei<\/a><a href=\"https:\/\/gazetabuzoiana.ro\/tag\/primaria-buzau\/\" rel=\"tag\">Prim\u0103ria Buz\u0103u<\/a><a href=\"https:\/\/gazetabuzoiana.ro\/tag\/silviu-iordache\/\" rel=\"tag\">Silviu Iordache<\/a><\/span><\/div>\n<\/div>\n<p>[analyse_source url=&#8221;https:\/\/gazetabuzoiana.ro\/2026\/07\/29\/aquaparkul-de-12-milioane-de-euro-va-fi-finantat-din-credite-inclusiv-in-2028-fostul-prefect-al-buzaului-silviu-iordache-despre-indatorarea-buzaului\/&#8221;]<\/p>\n","protected":false},"excerpt":{"rendered":"<p>[analyse_image type=&#8221;featured&#8221; src=&#8221;https:\/\/gazetabuzoiana.ro\/wp-content\/uploads\/2026\/05\/Silviu-Iordache-e1779824977523.jpg&#8221;] Fostul prefect al jude\u021bului Buz\u0103u, Silviu Iordache, sus\u021bine c\u0103 documentele publicate de Prim\u0103ria Buz\u0103u \u00een cadrul proiectelor de hot\u0103r\u00e2re nr. 151 \u0219i nr. 152 arat\u0103 c\u0103 finan\u021barea aquaparkului este prev\u0103zut\u0103 inclusiv pentru anul 2028, de\u0219i proiectul a fost prezentat ini\u021bial ca o investi\u021bie care urma s\u0103 fie finalizat\u0103 \u00een vara acestui an. [&hellip;]<\/p>\n","protected":false},"author":1,"featured_media":0,"comment_status":"open","ping_status":"","sticky":false,"template":"","format":"standard","meta":{"footnotes":""},"categories":[2],"tags":[226,38],"class_list":["post-2067267","post","type-post","status-publish","format-standard","hentry","category-politics","tag-crawlmanager","tag-gazetabuzoiana-ro"],"_links":{"self":[{"href":"https:\/\/analyse.optim.biz\/index.php?rest_route=\/wp\/v2\/posts\/2067267","targetHints":{"allow":["GET"]}}],"collection":[{"href":"https:\/\/analyse.optim.biz\/index.php?rest_route=\/wp\/v2\/posts"}],"about":[{"href":"https:\/\/analyse.optim.biz\/index.php?rest_route=\/wp\/v2\/types\/post"}],"author":[{"embeddable":true,"href":"https:\/\/analyse.optim.biz\/index.php?rest_route=\/wp\/v2\/users\/1"}],"replies":[{"embeddable":true,"href":"https:\/\/analyse.optim.biz\/index.php?rest_route=%2Fwp%2Fv2%2Fcomments&post=2067267"}],"version-history":[{"count":0,"href":"https:\/\/analyse.optim.biz\/index.php?rest_route=\/wp\/v2\/posts\/2067267\/revisions"}],"wp:attachment":[{"href":"https:\/\/analyse.optim.biz\/index.php?rest_route=%2Fwp%2Fv2%2Fmedia&parent=2067267"}],"wp:term":[{"taxonomy":"category","embeddable":true,"href":"https:\/\/analyse.optim.biz\/index.php?rest_route=%2Fwp%2Fv2%2Fcategories&post=2067267"},{"taxonomy":"post_tag","embeddable":true,"href":"https:\/\/analyse.optim.biz\/index.php?rest_route=%2Fwp%2Fv2%2Ftags&post=2067267"}],"curies":[{"name":"wp","href":"https:\/\/api.w.org\/{rel}","templated":true}]}}