{"id":2067264,"date":"2026-07-29T11:23:13","date_gmt":"2026-07-29T08:23:13","guid":{"rendered":"https:\/\/analyse.optim.biz\/?p=2067264"},"modified":"2026-07-29T11:23:13","modified_gmt":"2026-07-29T08:23:13","slug":"sefia-ipj-buzau-scoasa-la-concurs-actualul-inspector-sef-stefan-doloiu-isi-anunta-candidatura","status":"publish","type":"post","link":"https:\/\/analyse.optim.biz\/?p=2067264","title":{"rendered":"\u0218efia IPJ Buz\u0103u, scoas\u0103 la concurs. Actualul inspector-\u0219ef, \u0218tefan Doloiu, \u00ee\u0219i anun\u021b\u0103 candidatura"},"content":{"rendered":"<p>[analyse_image type=&#8221;featured&#8221; src=&#8221;https:\/\/gazetabuzoiana.ro\/wp-content\/uploads\/2026\/07\/stefan-doloiu.webp&#8221;]<\/p>\n<div class=\"entry-content entry clearfix\">\n<p class=\"wp-block-paragraph\">Func\u021bia de inspector-\u0219ef al Inspectoratului de Poli\u021bie Jude\u021bean Buz\u0103u a fost scoas\u0103 oficial la concurs de Inspectoratul General al Poli\u021biei Rom\u00e2ne, dup\u0103 aproape doi ani \u00een care conducerea institu\u021biei a fost asigurat\u0103 prin \u00eemputernicire. Concursul va avea loc \u00een luna august, iar prima candidatur\u0103 anun\u021bat\u0103 este chiar cea a actualului inspector-\u0219ef, comisar-\u0219ef \u0218tefan Doloiu.<\/p>\n<p class=\"wp-block-paragraph\">Potrivit anun\u021bului publicat de IGPR, postul este ocupat pe perioad\u0103 nedeterminat\u0103, iar dosarele de \u00eensiere pot fi depuse p\u00e2n\u0103 la data de 3 august, ora 16:00.<\/p>\n<h1 class=\"wp-block-heading\">Cine poate candida<\/h1>\n<p class=\"wp-block-paragraph\">Func\u021bia poate fi ocupat\u0103 doar de ofi\u021beri de poli\u021bie care \u00eendeplinesc o serie de condi\u021bii stricte de experien\u021b\u0103 \u0219i preg\u0103tire profesional\u0103. Printre acestea se num\u0103r\u0103: gradul minim de subcomisar de poli\u021bie, cel pu\u021bin \u0219apte ani vechime \u00een munc\u0103, dintre care minimum cinci ani \u00een cadrul Ministerului Afacerilor Interne, minimum cinci ani \u00een specialitatea studiilor \u0219i cel pu\u021bin trei ani \u00een func\u021bii de conducere.<\/p>\n<p class=\"wp-block-paragraph\">Candida\u021bii trebuie, de asemenea, s\u0103 de\u021bin\u0103 studii universitare \u0219i programe de master sau postuniversitare \u00een domenii precum drept, management, ordine public\u0103 ori alte specializ\u0103ri compatibile cu func\u021bia.<\/p>\n<p class=\"wp-block-paragraph\">\u00cen plus, ace\u0219tia trebuie s\u0103 fie declara\u021bi ap\u021bi din punct de vedere medical \u0219i psihologic, s\u0103 nu se afle sub efectul unei sanc\u021biuni disciplinare \u0219i s\u0103 nu fie cerceta\u021bi penal. Totodat\u0103, este necesar s\u0103 fi ob\u021binut calificativul de cel pu\u021bin \u201ebine\u201d la ultimele dou\u0103 evalu\u0103ri anuale de serviciu.<\/p>\n<p class=\"wp-block-paragraph\">Procesul de selec\u021bie \u00eencepe cu evaluarea psihologic\u0103. Candida\u021bii declara\u021bi inap\u021bi nu vor putea participa mai departe la concurs.<\/p>\n<p class=\"wp-block-paragraph\">Proba propriu-zis\u0103 const\u0103 \u00eentr-un interviu structurat pe subiecte profesionale, programat pentru 20 august, la sediul IGPR. Pentru promovare este necesar\u0103 ob\u021binerea unei note de minimum 7.<\/p>\n<h1 class=\"wp-block-heading\">Prima candidatur\u0103, actualul inspector-\u0219ef<\/h1>\n<p class=\"wp-block-paragraph\">Potrivit informa\u021biilor ap\u0103rute \u00een spa\u021biul public \u0219i confirmate de surse din cadrul IPJ Buz\u0103u, actualul inspector-\u0219ef, comisar-\u0219ef \u0218tefan Doloiu, inten\u021bioneaz\u0103 s\u0103 participe la concurs.<\/p>\n<p class=\"wp-block-paragraph\">Doloiu conduce Inspectoratul de Poli\u021bie Jude\u021bean Buz\u0103u prin \u00eemputernicire de aproape doi ani, de\u0219i mandatul ini\u021bial fusese acordat pentru o perioad\u0103 de trei luni. O eventual\u0103 promovare i-ar permite s\u0103 ocupe definitiv func\u021bia.<\/p>\n<p class=\"wp-block-paragraph\">\u00cen prezent, acesta este titular al unui post \u00een cadrul Brig\u0103zii de Combatere a Criminalit\u0103\u021bii Organizate Bucure\u0219ti, structur\u0103 specializat\u0103 \u00een investigarea infrac\u021biunilor grave, precum traficul de droguri, criminalitatea informatic\u0103 \u0219i traficul de persoane. Dac\u0103 va c\u00e2\u0219tiga concursul, va renun\u021ba la acel post pentru a prelua definitiv conducerea IPJ Buz\u0103u.<\/p>\n<h1 class=\"wp-block-heading\">Accent pe combaterea criminalit\u0103\u021bii<\/h1>\n<p class=\"wp-block-paragraph\">\u00cen perioada \u00een care a condus inspectoratul, activitatea IPJ Buz\u0103u s-a concentrat pe m\u0103surile preventive \u0219i combaterea criminalit\u0103\u021bii. Potrivit datelor prezentate \u00een spa\u021biul public, \u00een primele cinci luni ale acestui an au fost dispuse aproximativ 200 de m\u0103suri de re\u021binere pentru 24 de ore, un num\u0103r mai mare comparativ cu anii anteriori, c\u00e2nd au fost \u00eenregistrate 191 de astfel de m\u0103suri \u00een 2025 \u0219i 163 \u00een 2024.<\/p>\n<p class=\"wp-block-paragraph\">\u0218tefan Doloiu este absolvent al mai multor programe de specializare \u00een domeniul combaterii traficului de droguri \u0219i al crimei organizate. N\u0103scut \u00een 1970, acesta a ocupat, de-a lungul carierei, mai multe func\u021bii de conducere \u00een cadrul Poli\u021biei Rom\u00e2ne.<\/p>\n<p class=\"wp-block-paragraph\">\u00cen prezent, conducerea IPJ Buz\u0103u este asigurat\u0103 de comisarul-\u0219ef \u0218tefan Doloiu, al\u0103turi de adjunctul inspectoratului, comisar-\u0219ef Valentin Dorin Miric\u0103.<\/p>\n<p class=\"wp-block-paragraph\"><strong>Sursa:<\/strong> informa\u021bii publicate de IGPR <\/p>\n<figure class=\"wp-block-image size-full\"><img loading=\"lazy\" decoding=\"async\" width=\"887\" height=\"457\" src=\"https:\/\/gazetabuzoiana.ro\/wp-content\/uploads\/2026\/07\/concurs-ipj-buzau.png\" alt class=\"wp-image-21797\"><\/figure>\n<div class=\"post-bottom-meta post-bottom-tags post-tags-modern\">\n<div class=\"post-bottom-meta-title\"> Etichete<\/div>\n<p><span class=\"tagcloud\"><a href=\"https:\/\/gazetabuzoiana.ro\/tag\/concurs-igpr\/\" rel=\"tag\">concurs IGPR<\/a><a href=\"https:\/\/gazetabuzoiana.ro\/tag\/igpr\/\" rel=\"tag\">IGPR<\/a><a href=\"https:\/\/gazetabuzoiana.ro\/tag\/inspector-sef-ipj-buzau\/\" rel=\"tag\">inspector-\u0219ef IPJ Buz\u0103u<\/a><a href=\"https:\/\/gazetabuzoiana.ro\/tag\/ipj-buzau-2\/\" rel=\"tag\">IPJ Buz\u0103u<\/a><a href=\"https:\/\/gazetabuzoiana.ro\/tag\/politia-buzau\/\" rel=\"tag\">poli\u021bia Buz\u0103u<\/a><a href=\"https:\/\/gazetabuzoiana.ro\/tag\/politia-romana-2\/\" rel=\"tag\">Poli\u021bia Rom\u00e2n\u0103<\/a><a href=\"https:\/\/gazetabuzoiana.ro\/tag\/stefan-doloiu\/\" rel=\"tag\">\u0218tefan Doloiu<\/a><a href=\"https:\/\/gazetabuzoiana.ro\/tag\/valentin-dorin-mirica\/\" rel=\"tag\">Valentin Dorin Miric\u0103<\/a><\/span><\/div>\n<\/div>\n<p>[analyse_source url=&#8221;https:\/\/gazetabuzoiana.ro\/2026\/07\/29\/sefia-ipj-buzau-scoasa-la-concurs-actualul-inspector-sef-stefan-doloiu-isi-anunta-candidatura\/&#8221;]<\/p>\n","protected":false},"excerpt":{"rendered":"<p>[analyse_image type=&#8221;featured&#8221; src=&#8221;https:\/\/gazetabuzoiana.ro\/wp-content\/uploads\/2026\/07\/stefan-doloiu.webp&#8221;] Func\u021bia de inspector-\u0219ef al Inspectoratului de Poli\u021bie Jude\u021bean Buz\u0103u a fost scoas\u0103 oficial la concurs de Inspectoratul General al Poli\u021biei Rom\u00e2ne, dup\u0103 aproape doi ani \u00een care conducerea institu\u021biei a fost asigurat\u0103 prin \u00eemputernicire. Concursul va avea loc \u00een luna august, iar prima candidatur\u0103 anun\u021bat\u0103 este chiar cea a actualului inspector-\u0219ef, comisar-\u0219ef [&hellip;]<\/p>\n","protected":false},"author":1,"featured_media":0,"comment_status":"open","ping_status":"","sticky":false,"template":"","format":"standard","meta":{"footnotes":""},"categories":[2],"tags":[226,38],"class_list":["post-2067264","post","type-post","status-publish","format-standard","hentry","category-politics","tag-crawlmanager","tag-gazetabuzoiana-ro"],"_links":{"self":[{"href":"https:\/\/analyse.optim.biz\/index.php?rest_route=\/wp\/v2\/posts\/2067264","targetHints":{"allow":["GET"]}}],"collection":[{"href":"https:\/\/analyse.optim.biz\/index.php?rest_route=\/wp\/v2\/posts"}],"about":[{"href":"https:\/\/analyse.optim.biz\/index.php?rest_route=\/wp\/v2\/types\/post"}],"author":[{"embeddable":true,"href":"https:\/\/analyse.optim.biz\/index.php?rest_route=\/wp\/v2\/users\/1"}],"replies":[{"embeddable":true,"href":"https:\/\/analyse.optim.biz\/index.php?rest_route=%2Fwp%2Fv2%2Fcomments&post=2067264"}],"version-history":[{"count":0,"href":"https:\/\/analyse.optim.biz\/index.php?rest_route=\/wp\/v2\/posts\/2067264\/revisions"}],"wp:attachment":[{"href":"https:\/\/analyse.optim.biz\/index.php?rest_route=%2Fwp%2Fv2%2Fmedia&parent=2067264"}],"wp:term":[{"taxonomy":"category","embeddable":true,"href":"https:\/\/analyse.optim.biz\/index.php?rest_route=%2Fwp%2Fv2%2Fcategories&post=2067264"},{"taxonomy":"post_tag","embeddable":true,"href":"https:\/\/analyse.optim.biz\/index.php?rest_route=%2Fwp%2Fv2%2Ftags&post=2067264"}],"curies":[{"name":"wp","href":"https:\/\/api.w.org\/{rel}","templated":true}]}}