{"id":2067253,"date":"2026-07-28T11:40:39","date_gmt":"2026-07-28T08:40:39","guid":{"rendered":"https:\/\/analyse.optim.biz\/?p=2067253"},"modified":"2026-07-28T11:40:39","modified_gmt":"2026-07-28T08:40:39","slug":"sfidare-primarul-toma-merge-inainte-cu-planul-de-neutralitate-climatica-si-califica-drept-de-forma-motivele-care-au-dus-la-anularea-contractului-climatic","status":"publish","type":"post","link":"https:\/\/analyse.optim.biz\/?p=2067253","title":{"rendered":"SFIDARE? Primarul Toma merge \u00eenainte cu planul de neutralitate climatic\u0103 \u0219i calific\u0103 drept \u201ede form\u0103\u201d motivele care au dus la anularea Contractului Climatic"},"content":{"rendered":"<p>[analyse_image type=&#8221;featured&#8221; src=&#8221;https:\/\/gazetabuzoiana.ro\/wp-content\/uploads\/2025\/08\/https___www.gandul.ro__wp-content_uploads_2025_08_toma.webp&#8221;]<\/p>\n<div class=\"entry-content entry clearfix\">\n<p class=\"wp-block-paragraph\">La aproape dou\u0103 luni dup\u0103 ce Curtea de Apel Ploie\u0219ti a men\u021binut definitiv anularea Hot\u0103r\u00e2rii Consiliului Local privind Contractul Climatic al Municipiului Buz\u0103u, primarul Constantin Toma transmite c\u0103 administra\u021bia local\u0103 va continua investi\u021biile din domeniul tranzi\u021biei c\u0103tre neutralitatea climatic\u0103 \u0219i \u00ee\u0219i propune s\u0103 respecte \u00een continuare termenul asumat pentru anul 2035.<\/p>\n<p class=\"wp-block-paragraph\">\u00centr-un mesaj adresat buzoienilor, edilul sus\u021bine c\u0103 anularea \u00een instan\u021b\u0103 a Contractului Climatic nu \u00eempiedic\u0103 Prim\u0103ria s\u0103 implementeze proiectele deja aprobate prin alte hot\u0103r\u00e2ri ale Consiliului Local, precum modernizarea iluminatului public, producerea de energie verde, achizi\u021bia de autobuze electrice, reabilitarea energetic\u0103 a blocurilor, construirea centrului de colectare cu aport voluntar sau transformarea unor unit\u0103\u021bi de \u00eenv\u0103\u021b\u0103m\u00e2nt \u00een \u0219coli circulare.<\/p>\n<p class=\"wp-block-paragraph\">Constantin Toma afirm\u0103 c\u0103 singurul efect al hot\u0103r\u00e2rii judec\u0103tore\u0219ti este \u00eenl\u0103turarea obliga\u021biei asumate de municipiu de a atinge neutralitatea climatic\u0103 p\u00e2n\u0103 \u00een anul 2035 \u0219i precizeaz\u0103 c\u0103 administra\u021bia local\u0103 va continua s\u0103 urm\u0103reasc\u0103 acest obiectiv, \u201ecu respectarea motivelor, care au fost de form\u0103 \u0219i nu de fond\u201d, pentru care hot\u0103r\u00e2rea Consiliului Local a fost anulat\u0103.<\/p>\n<p class=\"wp-block-paragraph\">Afirma\u021bia primarului vine \u00eens\u0103 \u00een contextul unui proces c\u00e2\u0219tigat definitiv de expertul juridic Haritina Crai\u021ba, care a contestat \u00een instan\u021b\u0103 legalitatea procedurii prin care a fost adoptat Contractul Climatic.<\/p>\n<p class=\"wp-block-paragraph\">Ac\u021biunea nu a vizat investi\u021biile \u00een sine \u0219i nici oportunitatea tranzi\u021biei c\u0103tre neutralitatea climatic\u0103, ci modul \u00een care administra\u021bia local\u0103 a adoptat documentul strategic. \u00cen cadrul procesului au fost invocate lipsa transparen\u021bei decizionale, faptul c\u0103 observa\u021biile formulate de cet\u0103\u021beni \u00een timpul consult\u0103rii publice nu au fost valorificate \u00een procesul decizional \u0219i lipsa unor studii de impact care s\u0103 fundamenteze asumarea unor obiective cu efecte asupra dezvolt\u0103rii municipiului.<\/p>\n<p class=\"wp-block-paragraph\">Prin urmare, declara\u021bia potrivit c\u0103reia anularea s-ar fi datorat exclusiv unor motive \u201ede form\u0103\u201d este una care va continua, cel mai probabil, s\u0103 alimenteze dezbaterea public\u0103, \u00een condi\u021biile \u00een care hot\u0103r\u00e2rile instan\u021belor au analizat tocmai legalitatea procedurii prin care administra\u021bia local\u0103 a adoptat Contractul Climatic.<\/p>\n<p class=\"wp-block-paragraph\">\u00cen acela\u0219i mesaj, Constantin Toma arat\u0103 c\u0103 alte nou\u0103 municipii din Rom\u00e2nia incluse \u00een programul M100 nu s-au confruntat cu ac\u021biuni similare \u00een instan\u021b\u0103. Totu\u0219i, existen\u021ba sau inexisten\u021ba unor litigii \u00een alte ora\u0219e nu schimb\u0103 efectele hot\u0103r\u00e2rii definitive pronun\u021bate \u00een cazul Municipiului Buz\u0103u, unde instan\u021bele au analizat exclusiv documentele, procedura \u0219i argumentele aferente hot\u0103r\u00e2rii adoptate de Consiliul Local.<\/p>\n<p class=\"wp-block-paragraph\">De\u0219i primarul anun\u021b\u0103 c\u0103, \u00een viitor, administra\u021bia local\u0103 va respecta at\u00e2t condi\u021biile de form\u0103, c\u00e2t \u0219i pe cele de fond, declara\u021bia sa nu explic\u0103 \u00een ce mod vor fi remediate concret deficien\u021bele care au condus la anularea hot\u0103r\u00e2rii \u0219i nici dac\u0103 un eventual nou Contract Climatic va fi fundamentat prin studii de impact \u0219i printr-o consultare public\u0103 desf\u0103\u0219urat\u0103 \u00een acord cu exigen\u021bele re\u021binute de instan\u021be.<\/p>\n<p class=\"wp-block-paragraph\">Cert este c\u0103 Prim\u0103ria Buz\u0103u nu renun\u021b\u0103 la obiectivul neutralit\u0103\u021bii climatice. Dup\u0103 pierderea definitiv\u0103 a procesului, administra\u021bia local\u0103 anun\u021b\u0103 c\u0103 va continua implementarea proiectelor \u0219i c\u0103 va \u00eencerca s\u0103 ating\u0103 aceea\u0219i \u021bint\u0103 pentru anul 2035, de aceast\u0103 dat\u0103 afirm\u00e2nd c\u0103 va respecta cerin\u021bele care au stat la baza anul\u0103rii Contractului Climatic.<\/p>\n<div class=\"post-bottom-meta post-bottom-tags post-tags-modern\">\n<div class=\"post-bottom-meta-title\"> Etichete<\/div>\n<p><span class=\"tagcloud\"><a href=\"https:\/\/gazetabuzoiana.ro\/tag\/administratie-locala\/\" rel=\"tag\">administra\u021bie local\u0103<\/a><a href=\"https:\/\/gazetabuzoiana.ro\/tag\/consiliul-local-buzau\/\" rel=\"tag\">Consiliul Local Buz\u0103u<\/a><a href=\"https:\/\/gazetabuzoiana.ro\/tag\/constantin-toma\/\" rel=\"tag\">constantin toma<\/a><a href=\"https:\/\/gazetabuzoiana.ro\/tag\/consultare-publica\/\" rel=\"tag\">consultare public\u0103<\/a><a href=\"https:\/\/gazetabuzoiana.ro\/tag\/contract-climatic\/\" rel=\"tag\">contract climatic<\/a><a href=\"https:\/\/gazetabuzoiana.ro\/tag\/curtea-de-apel-ploiesti\/\" rel=\"tag\">Curtea de Apel Ploie\u0219ti<\/a><a href=\"https:\/\/gazetabuzoiana.ro\/tag\/haritina-craita-3\/\" rel=\"tag\">Haritina Crai\u021ba<\/a><a href=\"https:\/\/gazetabuzoiana.ro\/tag\/investitii-verzi\/\" rel=\"tag\">investi\u021bii verzi<\/a><a href=\"https:\/\/gazetabuzoiana.ro\/tag\/m100\/\" rel=\"tag\">M100<\/a><a href=\"https:\/\/gazetabuzoiana.ro\/tag\/neutralitate-climatica\/\" rel=\"tag\">neutralitate climatic\u0103<\/a><a href=\"https:\/\/gazetabuzoiana.ro\/tag\/primaria-buzau\/\" rel=\"tag\">Prim\u0103ria Buz\u0103u<\/a><a href=\"https:\/\/gazetabuzoiana.ro\/tag\/proces-primaria-buzau\/\" rel=\"tag\">proces Prim\u0103ria Buz\u0103u<\/a><a href=\"https:\/\/gazetabuzoiana.ro\/tag\/proiecte-europene\/\" rel=\"tag\">proiecte europene<\/a><a href=\"https:\/\/gazetabuzoiana.ro\/tag\/studii-de-impact\/\" rel=\"tag\">studii de impact<\/a><a href=\"https:\/\/gazetabuzoiana.ro\/tag\/transparenta-decizionala-2\/\" rel=\"tag\">transparen\u021b\u0103 decizional\u0103<\/a><a href=\"https:\/\/gazetabuzoiana.ro\/tag\/tribunalul-buzau-2\/\" rel=\"tag\">Tribunalul Buz\u0103u<\/a><\/span><\/div>\n<\/div>\n<p>[analyse_source url=&#8221;https:\/\/gazetabuzoiana.ro\/2026\/07\/28\/sfidare-primarul-toma-anunta-ca-merge-inainte-cu-proiectele-de-neutralitate-climatica-dar-ignora-concluziile-instantei-care-a-anulat-contractul-climatic\/&#8221;]<\/p>\n","protected":false},"excerpt":{"rendered":"<p>[analyse_image type=&#8221;featured&#8221; src=&#8221;https:\/\/gazetabuzoiana.ro\/wp-content\/uploads\/2025\/08\/https___www.gandul.ro__wp-content_uploads_2025_08_toma.webp&#8221;] La aproape dou\u0103 luni dup\u0103 ce Curtea de Apel Ploie\u0219ti a men\u021binut definitiv anularea Hot\u0103r\u00e2rii Consiliului Local privind Contractul Climatic al Municipiului Buz\u0103u, primarul Constantin Toma transmite c\u0103 administra\u021bia local\u0103 va continua investi\u021biile din domeniul tranzi\u021biei c\u0103tre neutralitatea climatic\u0103 \u0219i \u00ee\u0219i propune s\u0103 respecte \u00een continuare termenul asumat pentru anul 2035. \u00centr-un [&hellip;]<\/p>\n","protected":false},"author":1,"featured_media":0,"comment_status":"open","ping_status":"","sticky":false,"template":"","format":"standard","meta":{"footnotes":""},"categories":[2],"tags":[226,38],"class_list":["post-2067253","post","type-post","status-publish","format-standard","hentry","category-politics","tag-crawlmanager","tag-gazetabuzoiana-ro"],"_links":{"self":[{"href":"https:\/\/analyse.optim.biz\/index.php?rest_route=\/wp\/v2\/posts\/2067253","targetHints":{"allow":["GET"]}}],"collection":[{"href":"https:\/\/analyse.optim.biz\/index.php?rest_route=\/wp\/v2\/posts"}],"about":[{"href":"https:\/\/analyse.optim.biz\/index.php?rest_route=\/wp\/v2\/types\/post"}],"author":[{"embeddable":true,"href":"https:\/\/analyse.optim.biz\/index.php?rest_route=\/wp\/v2\/users\/1"}],"replies":[{"embeddable":true,"href":"https:\/\/analyse.optim.biz\/index.php?rest_route=%2Fwp%2Fv2%2Fcomments&post=2067253"}],"version-history":[{"count":0,"href":"https:\/\/analyse.optim.biz\/index.php?rest_route=\/wp\/v2\/posts\/2067253\/revisions"}],"wp:attachment":[{"href":"https:\/\/analyse.optim.biz\/index.php?rest_route=%2Fwp%2Fv2%2Fmedia&parent=2067253"}],"wp:term":[{"taxonomy":"category","embeddable":true,"href":"https:\/\/analyse.optim.biz\/index.php?rest_route=%2Fwp%2Fv2%2Fcategories&post=2067253"},{"taxonomy":"post_tag","embeddable":true,"href":"https:\/\/analyse.optim.biz\/index.php?rest_route=%2Fwp%2Fv2%2Ftags&post=2067253"}],"curies":[{"name":"wp","href":"https:\/\/api.w.org\/{rel}","templated":true}]}}