{"id":2067247,"date":"2026-07-28T11:01:02","date_gmt":"2026-07-28T08:01:02","guid":{"rendered":"https:\/\/analyse.optim.biz\/?p=2067247"},"modified":"2026-07-28T11:01:02","modified_gmt":"2026-07-28T08:01:02","slug":"greva-din-sanatate-pune-presiune-pe-upu-buzau-pacientii-cu-afectiuni-minore-sunt-indemnati-sa-se-adreseze-medicilor-de-familie","status":"publish","type":"post","link":"https:\/\/analyse.optim.biz\/?p=2067247","title":{"rendered":"Greva din s\u0103n\u0103tate pune presiune pe UPU Buz\u0103u. Pacien\u021bii cu afec\u021biuni minore sunt \u00eendemna\u021bi s\u0103 se adreseze medicilor de familie"},"content":{"rendered":"<p>[analyse_image type=&#8221;featured&#8221; src=&#8221;https:\/\/gazetabuzoiana.ro\/wp-content\/uploads\/2026\/07\/digi.jpg&#8221;]<\/p>\n<div class=\"entry-content entry clearfix\">\n<p class=\"wp-block-paragraph\">Greva general\u0103, declan\u0219at\u0103 mar\u021bi de angaja\u021bii din sistemul sanitar, \u00eencepe s\u0103 \u00ee\u0219i fac\u0103 sim\u021bite efectele \u0219i la Buz\u0103u. \u00cen contextul suspend\u0103rii activit\u0103\u021bii \u00een ambulatorii \u0219i al am\u00e2n\u0103rii consulta\u021biilor care nu reprezint\u0103 urgen\u021be, tot mai mul\u021bi pacien\u021bi se \u00eendreapt\u0103 c\u0103tre Unitatea de Primiri Urgen\u021be a Spitalului Jude\u021bean de Urgen\u021b\u0103 Buz\u0103u.<\/p>\n<p class=\"wp-block-paragraph\">Reprezentan\u021bii UPU avertizeaz\u0103 \u00eens\u0103 c\u0103 serviciul de urgen\u021b\u0103 trebuie utilizat exclusiv pentru cazurile care necesit\u0103 interven\u021bie medical\u0103 imediat\u0103. Persoanele cu afec\u021biuni u\u0219oare sau probleme medicale care pot fi gestionate \u00een ambulatoriu sunt sf\u0103tuite s\u0103 se adreseze, \u00een primul r\u00e2nd, medicului de familie sau centrelor de permanen\u021b\u0103.<\/p>\n<p class=\"wp-block-paragraph\">Medicii atrag aten\u021bia c\u0103 prezentarea la UPU pentru probleme care nu reprezint\u0103 urgen\u021be poate duce la aglomerarea sec\u021biei \u0219i la cre\u0219terea timpilor de a\u0219teptare pentru pacien\u021bii afla\u021bi \u00een stare grav\u0103.<\/p>\n<p class=\"wp-block-paragraph\">Greva general\u0103 organizat\u0103 de Federa\u021bia SANITAS afecteaz\u0103 activitatea din sute de unit\u0103\u021bi sanitare din \u021bar\u0103. Sunt asigurate serviciile medicale esen\u021biale, inclusiv asisten\u021ba pentru urgen\u021be, \u00eens\u0103 consulta\u021biile programate \u0219i activitatea din ambulatorii sunt restr\u00e2nse sau am\u00e2nate, \u00een func\u021bie de fiecare spital.<\/p>\n<p class=\"wp-block-paragraph\">Sindicali\u0219tii protesteaz\u0103 fa\u021b\u0103 de prevederile noii legi a salariz\u0103rii \u0219i solicit\u0103, printre altele, deblocarea angaj\u0103rilor, eliminarea reducerilor de sporuri \u0219i men\u021binerea drepturilor salariale ale personalului medical. \u00cen lipsa unui acord cu autorit\u0103\u021bile, ac\u021biunea de protest va continua pe perioad\u0103 nedeterminat\u0103.<\/p>\n<p class=\"wp-block-paragraph\">Sursa FOTO: Digi24<\/p>\n<div class=\"post-bottom-meta post-bottom-tags post-tags-modern\">\n<div class=\"post-bottom-meta-title\"> Etichete<\/div>\n<p><span class=\"tagcloud\"><a href=\"https:\/\/gazetabuzoiana.ro\/tag\/ambulatoriu\/\" rel=\"tag\">ambulatoriu<\/a><a href=\"https:\/\/gazetabuzoiana.ro\/tag\/buzau-2\/\" rel=\"tag\">Buz\u0103u<\/a><a href=\"https:\/\/gazetabuzoiana.ro\/tag\/centre-de-permanenta\/\" rel=\"tag\">centre de permanen\u021b\u0103<\/a><a href=\"https:\/\/gazetabuzoiana.ro\/tag\/greva-generala\/\" rel=\"tag\">grev\u0103 general\u0103<\/a><a href=\"https:\/\/gazetabuzoiana.ro\/tag\/greva-sanatate\/\" rel=\"tag\">grev\u0103 s\u0103n\u0103tate<\/a><a href=\"https:\/\/gazetabuzoiana.ro\/tag\/medici-de-familie\/\" rel=\"tag\">medici de familie<\/a><a href=\"https:\/\/gazetabuzoiana.ro\/tag\/pacienti\/\" rel=\"tag\">pacien\u021bi<\/a><a href=\"https:\/\/gazetabuzoiana.ro\/tag\/protest\/\" rel=\"tag\">protest<\/a><a href=\"https:\/\/gazetabuzoiana.ro\/tag\/sanatate\/\" rel=\"tag\">s\u0103n\u0103tate<\/a><a href=\"https:\/\/gazetabuzoiana.ro\/tag\/sanitas\/\" rel=\"tag\">SANITAS<\/a><a href=\"https:\/\/gazetabuzoiana.ro\/tag\/servicii-medicale\/\" rel=\"tag\">servicii medicale<\/a><a href=\"https:\/\/gazetabuzoiana.ro\/tag\/sistem-sanitar\/\" rel=\"tag\">sistem sanitar<\/a><a href=\"https:\/\/gazetabuzoiana.ro\/tag\/spitalul-judetean-de-urgenta-buzau\/\" rel=\"tag\">Spitalul Jude\u021bean de Urgen\u021b\u0103 Buz\u0103u<\/a><a href=\"https:\/\/gazetabuzoiana.ro\/tag\/unitatea-de-primiri-urgente\/\" rel=\"tag\">Unitatea de Primiri Urgen\u021be<\/a><a href=\"https:\/\/gazetabuzoiana.ro\/tag\/upu-buzau-2\/\" rel=\"tag\">UPU Buz\u0103u<\/a><\/span><\/div>\n<\/div>\n<p>[analyse_source url=&#8221;https:\/\/gazetabuzoiana.ro\/2026\/07\/28\/greva-din-sanatate-pune-presiune-pe-upu-buzau-pacientii-cu-afectiuni-minore-sunt-indemnati-sa-se-adreseze-medicilor-de-familie\/&#8221;]<\/p>\n","protected":false},"excerpt":{"rendered":"<p>[analyse_image type=&#8221;featured&#8221; src=&#8221;https:\/\/gazetabuzoiana.ro\/wp-content\/uploads\/2026\/07\/digi.jpg&#8221;] Greva general\u0103, declan\u0219at\u0103 mar\u021bi de angaja\u021bii din sistemul sanitar, \u00eencepe s\u0103 \u00ee\u0219i fac\u0103 sim\u021bite efectele \u0219i la Buz\u0103u. \u00cen contextul suspend\u0103rii activit\u0103\u021bii \u00een ambulatorii \u0219i al am\u00e2n\u0103rii consulta\u021biilor care nu reprezint\u0103 urgen\u021be, tot mai mul\u021bi pacien\u021bi se \u00eendreapt\u0103 c\u0103tre Unitatea de Primiri Urgen\u021be a Spitalului Jude\u021bean de Urgen\u021b\u0103 Buz\u0103u. Reprezentan\u021bii UPU avertizeaz\u0103 [&hellip;]<\/p>\n","protected":false},"author":1,"featured_media":0,"comment_status":"open","ping_status":"","sticky":false,"template":"","format":"standard","meta":{"footnotes":""},"categories":[2],"tags":[226,38],"class_list":["post-2067247","post","type-post","status-publish","format-standard","hentry","category-politics","tag-crawlmanager","tag-gazetabuzoiana-ro"],"_links":{"self":[{"href":"https:\/\/analyse.optim.biz\/index.php?rest_route=\/wp\/v2\/posts\/2067247","targetHints":{"allow":["GET"]}}],"collection":[{"href":"https:\/\/analyse.optim.biz\/index.php?rest_route=\/wp\/v2\/posts"}],"about":[{"href":"https:\/\/analyse.optim.biz\/index.php?rest_route=\/wp\/v2\/types\/post"}],"author":[{"embeddable":true,"href":"https:\/\/analyse.optim.biz\/index.php?rest_route=\/wp\/v2\/users\/1"}],"replies":[{"embeddable":true,"href":"https:\/\/analyse.optim.biz\/index.php?rest_route=%2Fwp%2Fv2%2Fcomments&post=2067247"}],"version-history":[{"count":0,"href":"https:\/\/analyse.optim.biz\/index.php?rest_route=\/wp\/v2\/posts\/2067247\/revisions"}],"wp:attachment":[{"href":"https:\/\/analyse.optim.biz\/index.php?rest_route=%2Fwp%2Fv2%2Fmedia&parent=2067247"}],"wp:term":[{"taxonomy":"category","embeddable":true,"href":"https:\/\/analyse.optim.biz\/index.php?rest_route=%2Fwp%2Fv2%2Fcategories&post=2067247"},{"taxonomy":"post_tag","embeddable":true,"href":"https:\/\/analyse.optim.biz\/index.php?rest_route=%2Fwp%2Fv2%2Ftags&post=2067247"}],"curies":[{"name":"wp","href":"https:\/\/api.w.org\/{rel}","templated":true}]}}