{"id":2067243,"date":"2026-07-28T08:24:01","date_gmt":"2026-07-28T05:24:01","guid":{"rendered":"https:\/\/analyse.optim.biz\/?p=2067243"},"modified":"2026-07-28T08:24:01","modified_gmt":"2026-07-28T05:24:01","slug":"update-accident-rutier-la-clondiru-la-iesirea-spre-autostrada-a7-cinci-persoane-implicate-printre-care-si-un-minor","status":"publish","type":"post","link":"https:\/\/analyse.optim.biz\/?p=2067243","title":{"rendered":"UPDATE | Accident rutier la Clondiru, la ie\u0219irea spre Autostrada A7. Cinci persoane implicate, printre care \u0219i un minor"},"content":{"rendered":"<p>[analyse_image type=&#8221;featured&#8221; src=&#8221;https:\/\/gazetabuzoiana.ro\/wp-content\/uploads\/2026\/07\/poza-ipj.jpeg&#8221;]<\/p>\n<div class=\"entry-content entry clearfix\">\n<p class=\"wp-block-paragraph\"><strong>UPDATE:<\/strong> Poli\u021bia a transmis primele informa\u021bii oficiale privind accidentul rutier produs pe DJ203C, \u00een afara localit\u0103\u021bii Clondiru.<\/p>\n<p class=\"wp-block-paragraph\">Potrivit IPJ Buz\u0103u, din primele cercet\u0103ri efectuate la fa\u021ba locului a reie\u0219it c\u0103 este vorba despre o coliziune \u00eentre un autoturism condus dinspre Pietroasele c\u0103tre Movila Banului de un \u0219ofer \u00een v\u00e2rst\u0103 de 38 de ani, din Buz\u0103u, \u0219i un autoturism care circula din sens opus, la volanul c\u0103ruia se afla un b\u0103rbat de 31 de ani, din Pietroasele.<\/p>\n<p class=\"wp-block-paragraph\">\u00cen urma impactului au fost r\u0103ni\u021bi \u0219oferul de 31 de ani \u0219i un pasager din autoturismul acestuia, un b\u0103rbat de 43 de ani, tot din Pietroasele. Cei doi au fost prelua\u021bi de echipajele medicale \u0219i transporta\u021bi la spital pentru \u00eengrijiri.<\/p>\n<p class=\"wp-block-paragraph\">Pe durata interven\u021biei \u0219i a cercet\u0103rilor, traficul a fost dirijat pe DJ203C, \u00een afara localit\u0103\u021bii Clondiru.<\/p>\n<p class=\"wp-block-paragraph\">Poli\u021bi\u0219tii au deschis un dosar penal \u0219i continu\u0103 cercet\u0103rile pentru a stabili cu exactitate cauzele \u0219i \u00eemprejur\u0103rile producerii accidentului.<\/p>\n<p class=\"wp-block-paragraph\"><strong>\u0218TIRE INI\u021aIAL\u0102: <\/strong>Un accident rutier s-a produs \u00een aceast\u0103 diminea\u021b\u0103 \u00een zona localit\u0103\u021bii Clondiru, la ie\u0219irea spre Autostrada A7.<\/p>\n<p class=\"wp-block-paragraph\">Potrivit primelor informa\u021bii, \u00een eveniment au fost implicate cinci persoane. Dou\u0103 dintre acestea, adul\u021bi, au suferit leziuni u\u0219oare, iar un copil a suferit un atac de panic\u0103 \u00een urma impactului.<\/p>\n<p class=\"wp-block-paragraph\">La fa\u021ba locului a fost solicitat un echipaj al Serviciului de Ambulan\u021b\u0103 pentru acordarea \u00eengrijirilor medicale \u0219i evaluarea victimelor.<\/p>\n<p class=\"wp-block-paragraph\">Deocamdat\u0103, nu sunt cunoscute \u00eemprejur\u0103rile \u00een care s-a produs accidentul. Poli\u021bi\u0219tii desf\u0103\u0219oar\u0103 cercet\u0103ri pentru stabilirea cauzelor \u0219i a tuturor circumstan\u021belor producerii evenimentului rutier.<\/p>\n<div class=\"post-bottom-meta post-bottom-tags post-tags-modern\">\n<div class=\"post-bottom-meta-title\"> Etichete<\/div>\n<p><span class=\"tagcloud\"><a href=\"https:\/\/gazetabuzoiana.ro\/tag\/accident-rutier\/\" rel=\"tag\">accident rutier<\/a><a href=\"https:\/\/gazetabuzoiana.ro\/tag\/ambulanta\/\" rel=\"tag\">ambulan\u021b\u0103<\/a><a href=\"https:\/\/gazetabuzoiana.ro\/tag\/autostrada-a7\/\" rel=\"tag\">autostrada A7<\/a><a href=\"https:\/\/gazetabuzoiana.ro\/tag\/buzau-2\/\" rel=\"tag\">Buz\u0103u<\/a><a href=\"https:\/\/gazetabuzoiana.ro\/tag\/clondiru\/\" rel=\"tag\">Clondiru<\/a><a href=\"https:\/\/gazetabuzoiana.ro\/tag\/trafic\/\" rel=\"tag\">trafic<\/a><a href=\"https:\/\/gazetabuzoiana.ro\/tag\/victime\/\" rel=\"tag\">victime<\/a><\/span><\/div>\n<\/div>\n<p>[analyse_source url=&#8221;https:\/\/gazetabuzoiana.ro\/2026\/07\/28\/accident-rutier-la-clondiru-la-iesirea-spre-autostrada-a7-cinci-persoane-implicate-printre-care-si-un-minor\/&#8221;]<\/p>\n","protected":false},"excerpt":{"rendered":"<p>[analyse_image type=&#8221;featured&#8221; src=&#8221;https:\/\/gazetabuzoiana.ro\/wp-content\/uploads\/2026\/07\/poza-ipj.jpeg&#8221;] UPDATE: Poli\u021bia a transmis primele informa\u021bii oficiale privind accidentul rutier produs pe DJ203C, \u00een afara localit\u0103\u021bii Clondiru. Potrivit IPJ Buz\u0103u, din primele cercet\u0103ri efectuate la fa\u021ba locului a reie\u0219it c\u0103 este vorba despre o coliziune \u00eentre un autoturism condus dinspre Pietroasele c\u0103tre Movila Banului de un \u0219ofer \u00een v\u00e2rst\u0103 de 38 de [&hellip;]<\/p>\n","protected":false},"author":1,"featured_media":0,"comment_status":"open","ping_status":"","sticky":false,"template":"","format":"standard","meta":{"footnotes":""},"categories":[2],"tags":[226,38],"class_list":["post-2067243","post","type-post","status-publish","format-standard","hentry","category-politics","tag-crawlmanager","tag-gazetabuzoiana-ro"],"_links":{"self":[{"href":"https:\/\/analyse.optim.biz\/index.php?rest_route=\/wp\/v2\/posts\/2067243","targetHints":{"allow":["GET"]}}],"collection":[{"href":"https:\/\/analyse.optim.biz\/index.php?rest_route=\/wp\/v2\/posts"}],"about":[{"href":"https:\/\/analyse.optim.biz\/index.php?rest_route=\/wp\/v2\/types\/post"}],"author":[{"embeddable":true,"href":"https:\/\/analyse.optim.biz\/index.php?rest_route=\/wp\/v2\/users\/1"}],"replies":[{"embeddable":true,"href":"https:\/\/analyse.optim.biz\/index.php?rest_route=%2Fwp%2Fv2%2Fcomments&post=2067243"}],"version-history":[{"count":0,"href":"https:\/\/analyse.optim.biz\/index.php?rest_route=\/wp\/v2\/posts\/2067243\/revisions"}],"wp:attachment":[{"href":"https:\/\/analyse.optim.biz\/index.php?rest_route=%2Fwp%2Fv2%2Fmedia&parent=2067243"}],"wp:term":[{"taxonomy":"category","embeddable":true,"href":"https:\/\/analyse.optim.biz\/index.php?rest_route=%2Fwp%2Fv2%2Fcategories&post=2067243"},{"taxonomy":"post_tag","embeddable":true,"href":"https:\/\/analyse.optim.biz\/index.php?rest_route=%2Fwp%2Fv2%2Ftags&post=2067243"}],"curies":[{"name":"wp","href":"https:\/\/api.w.org\/{rel}","templated":true}]}}