{"id":2067242,"date":"2026-07-29T12:41:25","date_gmt":"2026-07-29T09:41:25","guid":{"rendered":"https:\/\/analyse.optim.biz\/?p=2067242"},"modified":"2026-07-29T12:41:25","modified_gmt":"2026-07-29T09:41:25","slug":"exproprieri-suplimentare-pentru-deschiderea-bretelei-a7-de-la-spataru-se-pregateste-un-drum-colector-pentru-proprietari","status":"publish","type":"post","link":"https:\/\/analyse.optim.biz\/?p=2067242","title":{"rendered":"Exproprieri suplimentare pentru deschiderea bretelei A7 de la Sp\u0103taru. Se preg\u0103te\u0219te un drum colector pentru proprietari"},"content":{"rendered":"<p>[analyse_image type=&#8221;featured&#8221; src=&#8221;https:\/\/gazetabuzoiana.ro\/wp-content\/uploads\/2026\/07\/cnair.jpg&#8221;]<\/p>\n<div class=\"entry-content entry clearfix\">\n<p class=\"wp-block-paragraph\">Noi exproprieri sunt \u00een preg\u0103tire \u00een zona nodului rutier Sp\u0103taru, pentru a permite punerea \u00een func\u021biune a bretelei de desc\u0103rcare de pe Autostrada A7 c\u0103tre DN2 \u0219i Inelul Buz\u0103u-Vest, aflat\u0103 \u00een continuare \u00eenchis\u0103 circula\u021biei, de\u0219i lucr\u0103rile au fost finalizate de aproape doi ani. Informa\u021biile au fost publicate de <em>Opinia Buz\u0103u<\/em>.<\/p>\n<p class=\"wp-block-paragraph\">Potrivit publica\u021biei citate, pe l\u00e2ng\u0103 problemele tehnice invocate oficial de Compania Na\u021bional\u0103 de Administrare a Infrastructurii Rutiere (CNAIR), exist\u0103 \u0219i o situa\u021bie legat\u0103 de accesul c\u0103tre propriet\u0103\u021bile din zon\u0103. Mai multe c\u0103i de acces ale riveranilor ar urma s\u0103 fie blocate odat\u0103 cu deschiderea circula\u021biei pe bretea.<\/p>\n<p class=\"wp-block-paragraph\">Pentru rezolvarea acestei situa\u021bii, autorit\u0103\u021bile au demarat proceduri de expropriere suplimentar\u0103 a unor terenuri aflate paralel cu breteaua. Pe amplasamentul rezultat ar urma s\u0103 fie construit un drum colector, care s\u0103 asigure accesul proprietarilor la imobilele lor. Procedura este \u00een desf\u0103\u0219urare \u0219i este urm\u0103rit\u0103 de CNAIR.<\/p>\n<p class=\"wp-block-paragraph\">\u00cen comunic\u0103rile oficiale, CNAIR continu\u0103 \u00eens\u0103 s\u0103 indice drept principal motiv al \u00eent\u00e2rzierii problemele de stabilitate ale terenului. \u00cen zona nodului rutier Sp\u0103taru au fost constatate tas\u0103ri locale ale carosabilului, favorizate de nivelul ridicat al p\u00e2nzei freatice, ceea ce a impus restric\u021bii de circula\u021bie \u0219i lucr\u0103ri de monitorizare \u0219i remediere.<\/p>\n<p class=\"wp-block-paragraph\">Anterior, secretarul de stat \u00een Ministerul Transporturilor, Ionel Scrio\u0219teanu, explica faptul c\u0103 tas\u0103rile au ap\u0103rut \u00een apropierea unui fost canal de iriga\u021bii, element care ar putea explica instabilitatea terenului \u00een acea zon\u0103.<\/p>\n<p class=\"wp-block-paragraph\">\u00centre timp, Guvernul a aprobat, prin Hot\u0103r\u00e2rea nr. 472\/2026, declan\u0219area unor proceduri de expropriere pe amplasamente suplimentare aferente tronsonului 3 al Autostr\u0103zii Ploie\u0219ti\u2013Buz\u0103u, aflate pe raza comunei St\u00e2lpu, pentru completarea coridorului de expropriere al investi\u021biei.<\/p>\n<p class=\"wp-block-paragraph\">Sursa: <em>Opinia Buz\u0103u<\/em>.<\/p>\n<div class=\"post-bottom-meta post-bottom-tags post-tags-modern\">\n<div class=\"post-bottom-meta-title\"> Etichete<\/div>\n<p><span class=\"tagcloud\"><a href=\"https:\/\/gazetabuzoiana.ro\/tag\/a7\/\" rel=\"tag\">A7<\/a><a href=\"https:\/\/gazetabuzoiana.ro\/tag\/autostrada-a7\/\" rel=\"tag\">autostrada A7<\/a><a href=\"https:\/\/gazetabuzoiana.ro\/tag\/buzau-2\/\" rel=\"tag\">Buz\u0103u<\/a><a href=\"https:\/\/gazetabuzoiana.ro\/tag\/cnair\/\" rel=\"tag\">CNAIR<\/a><a href=\"https:\/\/gazetabuzoiana.ro\/tag\/descarcare-a7\/\" rel=\"tag\">desc\u0103rcare A7<\/a><a href=\"https:\/\/gazetabuzoiana.ro\/tag\/dn2\/\" rel=\"tag\">DN2<\/a><a href=\"https:\/\/gazetabuzoiana.ro\/tag\/drum-colector\/\" rel=\"tag\">drum colector<\/a><a href=\"https:\/\/gazetabuzoiana.ro\/tag\/exproprieri\/\" rel=\"tag\">exproprieri<\/a><a href=\"https:\/\/gazetabuzoiana.ro\/tag\/inelul-buzau-vest\/\" rel=\"tag\">Inelul Buz\u0103u Vest<\/a><a href=\"https:\/\/gazetabuzoiana.ro\/tag\/infrastructura-rutiera-2\/\" rel=\"tag\">infrastructur\u0103 rutier\u0103<\/a><a href=\"https:\/\/gazetabuzoiana.ro\/tag\/spataru\/\" rel=\"tag\">Sp\u0103taru<\/a><\/span><\/div>\n<\/div>\n<p>[analyse_source url=&#8221;https:\/\/gazetabuzoiana.ro\/2026\/07\/29\/exproprieri-suplimentare-pentru-deschiderea-bretelei-a7-de-la-spataru-se-pregateste-un-drum-colector-pentru-proprietari\/&#8221;]<\/p>\n","protected":false},"excerpt":{"rendered":"<p>[analyse_image type=&#8221;featured&#8221; src=&#8221;https:\/\/gazetabuzoiana.ro\/wp-content\/uploads\/2026\/07\/cnair.jpg&#8221;] Noi exproprieri sunt \u00een preg\u0103tire \u00een zona nodului rutier Sp\u0103taru, pentru a permite punerea \u00een func\u021biune a bretelei de desc\u0103rcare de pe Autostrada A7 c\u0103tre DN2 \u0219i Inelul Buz\u0103u-Vest, aflat\u0103 \u00een continuare \u00eenchis\u0103 circula\u021biei, de\u0219i lucr\u0103rile au fost finalizate de aproape doi ani. Informa\u021biile au fost publicate de Opinia Buz\u0103u. Potrivit publica\u021biei [&hellip;]<\/p>\n","protected":false},"author":1,"featured_media":0,"comment_status":"open","ping_status":"","sticky":false,"template":"","format":"standard","meta":{"footnotes":""},"categories":[2],"tags":[226,38],"class_list":["post-2067242","post","type-post","status-publish","format-standard","hentry","category-politics","tag-crawlmanager","tag-gazetabuzoiana-ro"],"_links":{"self":[{"href":"https:\/\/analyse.optim.biz\/index.php?rest_route=\/wp\/v2\/posts\/2067242","targetHints":{"allow":["GET"]}}],"collection":[{"href":"https:\/\/analyse.optim.biz\/index.php?rest_route=\/wp\/v2\/posts"}],"about":[{"href":"https:\/\/analyse.optim.biz\/index.php?rest_route=\/wp\/v2\/types\/post"}],"author":[{"embeddable":true,"href":"https:\/\/analyse.optim.biz\/index.php?rest_route=\/wp\/v2\/users\/1"}],"replies":[{"embeddable":true,"href":"https:\/\/analyse.optim.biz\/index.php?rest_route=%2Fwp%2Fv2%2Fcomments&post=2067242"}],"version-history":[{"count":0,"href":"https:\/\/analyse.optim.biz\/index.php?rest_route=\/wp\/v2\/posts\/2067242\/revisions"}],"wp:attachment":[{"href":"https:\/\/analyse.optim.biz\/index.php?rest_route=%2Fwp%2Fv2%2Fmedia&parent=2067242"}],"wp:term":[{"taxonomy":"category","embeddable":true,"href":"https:\/\/analyse.optim.biz\/index.php?rest_route=%2Fwp%2Fv2%2Fcategories&post=2067242"},{"taxonomy":"post_tag","embeddable":true,"href":"https:\/\/analyse.optim.biz\/index.php?rest_route=%2Fwp%2Fv2%2Ftags&post=2067242"}],"curies":[{"name":"wp","href":"https:\/\/api.w.org\/{rel}","templated":true}]}}