{"id":2067073,"date":"2026-07-29T08:04:59","date_gmt":"2026-07-29T05:04:59","guid":{"rendered":"https:\/\/analyse.optim.biz\/?p=2067073"},"modified":"2026-07-29T08:04:59","modified_gmt":"2026-07-29T05:04:59","slug":"timisoara-30-de-kilometri-de-sina-de-tramvai-vor-fi-frezati-pentru-reducerea-zgomotului-si-vibratiilor-s-a-dat-ordinul-de-incepere-a-lucrarilor-pentru-noua-hala-de-mentenanta-a-tramvaielor","status":"publish","type":"post","link":"https:\/\/analyse.optim.biz\/?p=2067073","title":{"rendered":"Timi\u0219oara: 30 de kilometri de \u0219in\u0103 de tramvai vor fi freza\u021bi pentru reducerea zgomotului \u0219i vibra\u021biilor. S-a dat ordinul de \u00eencepere a lucr\u0103rilor pentru noua hal\u0103 de mentenan\u021b\u0103 a tramvaielor"},"content":{"rendered":"<p>[analyse_image type=&#8221;featured&#8221; src=&#8221;http:\/\/www.banatulmeu.ro\/wp-content\/uploads\/2026\/07\/utilaj-frezare-sine-tramvai-stpt-e1785312240118.jpg&#8221;]<\/p>\n<div class=\"post-content-bd\">\n<p>Prim\u0103ria Timi\u0219oara preg\u0103te\u0219te noi interven\u021bii la infrastructura de tramvai din ora\u0219. \u00cencep\u00e2nd din luna august, aproximativ 30 de kilometri de \u0219in\u0103 vor fi freza\u021bi, lucr\u0103rile av\u00e2nd ca scop reducerea vibra\u021biilor \u0219i a zgomotului produs de tramvaie.<\/p>\n<p>Viceprimarul Timi\u0219oarei, Ruben La\u021bc\u0103u, a anun\u021bat c\u0103 programul interven\u021biilor a fost stabilit de STPT \u0219i va putea fi adaptat \u00een func\u021bie de necesit\u0103\u021bi.<\/p>\n<p>\u201e<em>Sporim confortul pe mai multe linii: \u00een august \u00eencepem frezarea a 30 km de \u0219in\u0103 pentru a reduce vibra\u021biile \u0219i zgomotul. Iar acum am dat ordinul de \u00eencepere pentru o hal\u0103 de mentenan\u021b\u0103 a tramvaielor. Va fi construit\u0103 la depoul STPT din D\u00e2mbovi\u021ba \u0219i va permite lucr\u0103ri la mai multe tramvaie simultan<\/em>\u201d, a transmis viceprimarul Ruben La\u021bc\u0103u.<\/p>\n<p>Potrivit viceprimarului, noua hal\u0103 de mentenan\u021b\u0103 va fi dotat\u0103 cu o cale de rulare, un pod rulant cu o capacitate de 5 tone, o groap\u0103 tehnic\u0103 \u0219i 12 elevatoare.<\/p>\n<p>Programul interven\u021biilor de frezare stabilit de STPT include urm\u0103toarele trasee:<\/p>\n<ul>\n<li>700 \u2013 Libert\u0103\u021bii \u2013 Prefectur\u0103 \u2013 3 August;<\/li>\n<li>Depou D\u00e2mbovi\u021ba \u2013 Preyer \u2013 Bulevardul Regele Carol I;<\/li>\n<li>Bulevardul Regele Carol I \u2013 Pia\u021ba Maria \u2013 Catedral\u0103 \u2013 700;<\/li>\n<li>Pia\u021ba Maria \u2013 Doja \u2013 B\u0103lcescu;<\/li>\n<li>B\u0103lcescu \u2013 Olimpia \u2013 Vidrighin;<\/li>\n<li>D\u00e2mbovi\u021ba \u2013 AEM;<\/li>\n<li>Circumvala\u021biunii \u2013 700.<\/li>\n<\/ul>\n<p>Viceprimarul Timi\u0219oarei sus\u021bine c\u0103 investi\u021biile fac parte dintr-un program mai amplu de modernizare \u0219i \u00eentre\u021binere a infrastructurii ora\u0219ului.<\/p>\n<p>\u201e<em>\u00cen 35 de ani, \u00een Rom\u00e2nia s-a construit foarte pu\u021bin pentru mobilitate \u0219i, mai grav, greu s-a \u00eentre\u021binut ce s-a construit. \u00cen Timi\u0219oara, facem munca grea \u2013 de la poduri care nu au fost vreodat\u0103 reabilitate, la drumuri care s\u0103 conecteze efectiv cartiere ale ora\u0219ului p\u00e2n\u0103 la investi\u021bii care sporesc capacitatea de a \u00eentre\u021bine investi\u021biile<\/em>\u201d, a mai declarat Ruben La\u021bc\u0103\u0103u.<\/p>\n<\/div>\n<p>[analyse_source url=&#8221;https:\/\/www.banatulmeu.ro\/timisoara-30-de-kilometri-de-sina-de-tramvai-vor-fi-frezati-pentru-reducerea-zgomotului-si-vibratiilor-s-a-dat-ordinul-de-incepere-a-lucrarilor-pentru-noua-hala-de-mentenanta-a-tramvaielor\/&#8221;]<\/p>\n","protected":false},"excerpt":{"rendered":"<p>[analyse_image type=&#8221;featured&#8221; src=&#8221;http:\/\/www.banatulmeu.ro\/wp-content\/uploads\/2026\/07\/utilaj-frezare-sine-tramvai-stpt-e1785312240118.jpg&#8221;] Prim\u0103ria Timi\u0219oara preg\u0103te\u0219te noi interven\u021bii la infrastructura de tramvai din ora\u0219. \u00cencep\u00e2nd din luna august, aproximativ 30 de kilometri de \u0219in\u0103 vor fi freza\u021bi, lucr\u0103rile av\u00e2nd ca scop reducerea vibra\u021biilor \u0219i a zgomotului produs de tramvaie. Viceprimarul Timi\u0219oarei, Ruben La\u021bc\u0103u, a anun\u021bat c\u0103 programul interven\u021biilor a fost stabilit de STPT \u0219i va [&hellip;]<\/p>\n","protected":false},"author":1,"featured_media":0,"comment_status":"open","ping_status":"","sticky":false,"template":"","format":"standard","meta":{"footnotes":""},"categories":[89],"tags":[204,226],"class_list":["post-2067073","post","type-post","status-publish","format-standard","hentry","category-romania","tag-banatulmeu-ro","tag-crawlmanager"],"_links":{"self":[{"href":"https:\/\/analyse.optim.biz\/index.php?rest_route=\/wp\/v2\/posts\/2067073","targetHints":{"allow":["GET"]}}],"collection":[{"href":"https:\/\/analyse.optim.biz\/index.php?rest_route=\/wp\/v2\/posts"}],"about":[{"href":"https:\/\/analyse.optim.biz\/index.php?rest_route=\/wp\/v2\/types\/post"}],"author":[{"embeddable":true,"href":"https:\/\/analyse.optim.biz\/index.php?rest_route=\/wp\/v2\/users\/1"}],"replies":[{"embeddable":true,"href":"https:\/\/analyse.optim.biz\/index.php?rest_route=%2Fwp%2Fv2%2Fcomments&post=2067073"}],"version-history":[{"count":0,"href":"https:\/\/analyse.optim.biz\/index.php?rest_route=\/wp\/v2\/posts\/2067073\/revisions"}],"wp:attachment":[{"href":"https:\/\/analyse.optim.biz\/index.php?rest_route=%2Fwp%2Fv2%2Fmedia&parent=2067073"}],"wp:term":[{"taxonomy":"category","embeddable":true,"href":"https:\/\/analyse.optim.biz\/index.php?rest_route=%2Fwp%2Fv2%2Fcategories&post=2067073"},{"taxonomy":"post_tag","embeddable":true,"href":"https:\/\/analyse.optim.biz\/index.php?rest_route=%2Fwp%2Fv2%2Ftags&post=2067073"}],"curies":[{"name":"wp","href":"https:\/\/api.w.org\/{rel}","templated":true}]}}