{"id":2067066,"date":"2026-07-29T08:17:55","date_gmt":"2026-07-29T05:17:55","guid":{"rendered":"https:\/\/analyse.optim.biz\/?p=2067066"},"modified":"2026-07-29T08:17:55","modified_gmt":"2026-07-29T05:17:55","slug":"poate-incepe-regenerarea-urbana-a-pietei-mocioni-primarul-dominic-fritz-a-semnat-contractul","status":"publish","type":"post","link":"https:\/\/analyse.optim.biz\/?p=2067066","title":{"rendered":"Poate \u00eencepe regenerarea urban\u0103 a Pie\u0163ei Mocioni! Primarul Dominic Fritz a semnat contractul"},"content":{"rendered":"<p>[analyse_image type=&#8221;featured&#8221; src=&#8221;http:\/\/www.banatulmeu.ro\/wp-content\/uploads\/2023\/06\/mocioni3.png&#8221;]<\/p>\n<div class=\"post-content-bd\">\n<p>Dup\u0103 Fabric, poate \u00eencepe regenerarea urban\u0103 \u015fi \u00een zona Iosefin. Primarul Dominic Fritz a semnat contractul pentru execu\u021bia lucr\u0103rilor \u00een zona Pia\u021ba Mocioni. Investi\u021bia prevede transformarea a peste 26.000 de metri p\u0103tra\u021bi \u00eentr-un spa\u021biu urban modern \u0219i mai verde, cu zone pietonale extinse, piste pentru biciclete, transport public prioritar \u0219i o nou\u0103 f\u00e2nt\u00e2n\u0103 cu jocuri de ap\u0103 \u00een centrul pie\u021bei.<\/p>\n<p>\u201e<em>Este cel de-al doilea mare \u0219antier de regenerare urban\u0103 pe care \u00eel \u00eencepem anul acesta, dup\u0103 cel din zona Traian. \u0218i aici, la finalul lucr\u0103rilor vom avea un mare spa\u021biu unitar, g\u00e2ndit pentru oameni, cu mai mult verde, cu zone pentru comunitate \u0219i cu infrastructur\u0103 modern\u0103 pentru pietoni, bicicli\u0219ti \u0219i transport public. Sunt \u00eencrez\u0103tor c\u0103 ambele proiecte \u2013 \u0219i cel din Traian, \u0219i cel din Iosefin, vor readuce la via\u021b\u0103 cartierele istorice ale Timi\u0219oarei \u0219i le vor pune \u00een valoare frumuse\u021bea arhitectural\u0103<\/em>\u201d, a declarat Dominic Fritz.<\/p>\n<p>Lucr\u0103rile vor fi realizate de PORR Construct SRL, compania desemnat\u0103 c\u00e2\u0219tig\u0103toare \u00een urma procedurii de achizi\u021bie public\u0103. Valoarea contractului este de aproape 40 milioane de lei, f\u0103r\u0103 TVA, iar durata de execu\u021bie este de 30 de luni. Contractul prevede o perioad\u0103 de garan\u021bie de 10 ani pentru lucr\u0103rile executate.<\/p>\n<p><em>\u201cInvesti\u021bia Prim\u0103riei Timi\u0219oara include reamenajarea zonelor pietonale, amenajarea de piste pentru biciclete \u0219i benzi dedicate transportului public, modernizarea sistemului de iluminat public \u0219i a infrastructurii de utilit\u0103\u021bi. \u00cen centrul pie\u021bei va fi realizat\u0103 o f\u00e2nt\u00e2n\u0103 artezian\u0103 la nivelul solului, cu jocuri de ap\u0103 \u0219i lumin\u0103, \u00een jurul c\u0103reia vor fi amplasate b\u0103nci circulare. Pentru cre\u0219terea siguran\u021bei tuturor participan\u021bilor la trafic, proiectul prevede reorganizarea circula\u021biei, instalarea de semafoare \u0219i indicatoare pentru \u0219oferi, pietoni \u0219i bicicli\u0219ti, precum \u0219i amenajarea a 68 de locuri de parcare, dintre care 10 pentru taxiuri \u0219i 4 destinate persoanelor cu dizabilit\u0103\u021bi<\/em>\u201c, a informat Prim\u0103ria Timi\u015foara.<\/p>\n<p>Lucr\u0103rile vor avea loc \u00een zona Bulevardul 16 Decembrie 1989 \u2013 tronsonul cuprins \u00eentre Splaiul Tudor Vladimirescu (par\u021bial) \u0219i Pia\u021ba Mocioni, Pia\u021ba Sf\u00e2nta Maria, Pia\u021ba Mocioni \u0219i intr\u0103rile pe str\u0103zile adiacente \u2013 Gheorghe Doja (par\u021bial), Miron Costin (par\u021bial), Timotei Cipariu (par\u021bial), Nedelcu Zugrav (par\u021bial), Mo\u021bilor (par\u021bial), Ady Endre (par\u021bial), Emanoil Gojdu (par\u021bial), Laurian August Treboniu (par\u021bial), Ion Eliade R\u0103dulescu (par\u021bial).<\/p>\n<p>Proiectul \u201eRegenerare urban\u0103 \u2013 Zona Pia\u021ba Mocioni\u201d (SMIS 348180) este finan\u021bat prin Programul Regional Vest 2021\u20132027, din fonduri europene nerambursabile \u0219i contribu\u021bia Prim\u0103riei Timi\u0219oara.<\/p>\n<\/div>\n<p>[analyse_source url=&#8221;https:\/\/www.banatulmeu.ro\/poate-incepe-regenerarea-urbana-a-pietei-mocioni-primarul-dominic-fritz-a-semnat-contractul\/&#8221;]<\/p>\n","protected":false},"excerpt":{"rendered":"<p>[analyse_image type=&#8221;featured&#8221; src=&#8221;http:\/\/www.banatulmeu.ro\/wp-content\/uploads\/2023\/06\/mocioni3.png&#8221;] Dup\u0103 Fabric, poate \u00eencepe regenerarea urban\u0103 \u015fi \u00een zona Iosefin. Primarul Dominic Fritz a semnat contractul pentru execu\u021bia lucr\u0103rilor \u00een zona Pia\u021ba Mocioni. Investi\u021bia prevede transformarea a peste 26.000 de metri p\u0103tra\u021bi \u00eentr-un spa\u021biu urban modern \u0219i mai verde, cu zone pietonale extinse, piste pentru biciclete, transport public prioritar \u0219i o nou\u0103 [&hellip;]<\/p>\n","protected":false},"author":1,"featured_media":0,"comment_status":"open","ping_status":"","sticky":false,"template":"","format":"standard","meta":{"footnotes":""},"categories":[89],"tags":[204,226],"class_list":["post-2067066","post","type-post","status-publish","format-standard","hentry","category-romania","tag-banatulmeu-ro","tag-crawlmanager"],"_links":{"self":[{"href":"https:\/\/analyse.optim.biz\/index.php?rest_route=\/wp\/v2\/posts\/2067066","targetHints":{"allow":["GET"]}}],"collection":[{"href":"https:\/\/analyse.optim.biz\/index.php?rest_route=\/wp\/v2\/posts"}],"about":[{"href":"https:\/\/analyse.optim.biz\/index.php?rest_route=\/wp\/v2\/types\/post"}],"author":[{"embeddable":true,"href":"https:\/\/analyse.optim.biz\/index.php?rest_route=\/wp\/v2\/users\/1"}],"replies":[{"embeddable":true,"href":"https:\/\/analyse.optim.biz\/index.php?rest_route=%2Fwp%2Fv2%2Fcomments&post=2067066"}],"version-history":[{"count":0,"href":"https:\/\/analyse.optim.biz\/index.php?rest_route=\/wp\/v2\/posts\/2067066\/revisions"}],"wp:attachment":[{"href":"https:\/\/analyse.optim.biz\/index.php?rest_route=%2Fwp%2Fv2%2Fmedia&parent=2067066"}],"wp:term":[{"taxonomy":"category","embeddable":true,"href":"https:\/\/analyse.optim.biz\/index.php?rest_route=%2Fwp%2Fv2%2Fcategories&post=2067066"},{"taxonomy":"post_tag","embeddable":true,"href":"https:\/\/analyse.optim.biz\/index.php?rest_route=%2Fwp%2Fv2%2Ftags&post=2067066"}],"curies":[{"name":"wp","href":"https:\/\/api.w.org\/{rel}","templated":true}]}}