{"id":2067054,"date":"2026-07-27T05:26:57","date_gmt":"2026-07-27T02:26:57","guid":{"rendered":"https:\/\/analyse.optim.biz\/?p=2067054"},"modified":"2026-07-27T05:26:57","modified_gmt":"2026-07-27T02:26:57","slug":"bataie-pe-documentatie-12-oferte-la-licitatie-podul-verde-care-va-lega-dn6-de-autostrada-in-ungaria-intr-o-noua-etapa","status":"publish","type":"post","link":"https:\/\/analyse.optim.biz\/?p=2067054","title":{"rendered":"\u2018B\u0103taie\u2019 pe documenta\u021bie, 12 oferte la licita\u021bie. Podul \u2018verde\u2019 care va lega DN6 de autostrad\u0103, \u00een Ungaria, \u00eentr-o nou\u0103 etap\u0103"},"content":{"rendered":"<p>[analyse_image type=&#8221;featured&#8221; src=&#8221;https:\/\/www.opiniatimisoarei.ro\/wp-content\/uploads\/2025\/11\/pod-728&#215;336.jpghttps:\/\/www.opiniatimisoarei.ro\/wp-content\/uploads\/2025\/11\/pod.jpg&#8221;]<\/p>\n<div class=\"the_content\">\n<p><strong>TIMI\u0218OARA<\/strong>. S-a <span class=\"dia_suggestion w24\"><span class=\"dia_suggestion w67\"><span class=\"dia_suggestion w142\">mai<\/span><\/span><\/span> f\u0103cut un <span class=\"dia_suggestion w27\">pas<\/span> pentru realizarea unui proiect de infrastructur\u0103 <span class=\"dia_suggestion w9\"><span class=\"dia_suggestion w34\"><span class=\"dia_suggestion w59\"><span class=\"dia_suggestion w79\"><span class=\"dia_suggestion w129\">care<\/span><\/span><\/span><\/span><\/span><span class=\"dia_suggestion w10\"><span class=\"dia_suggestion w35\"><span class=\"dia_suggestion w86\"><span class=\"dia_suggestion w214\">va<\/span><\/span><\/span><\/span> \u00eembun\u0103t\u0103\u021bi consistent re\u021beaua de transport <span class=\"dia_suggestion w41\">dintre<\/span> Rom\u00e2nia \u0219i Ungaria.<\/p>\n<p><span><strong>Podul \u2018verde\u2019 care va lega DN6 de autostrad\u0103, \u00een Ungaria, \u00eentr-o nou\u0103 etap\u0103<\/strong><\/span><\/p>\n<p>Este <span class=\"dia_suggestion w46\">vorba<\/span> despre construirea unui pod <span class=\"dia_suggestion w5\"><span class=\"dia_suggestion w51\"><span class=\"dia_suggestion w69\"><span class=\"dia_suggestion w73\"><span class=\"dia_suggestion w89\"><span class=\"dia_suggestion w208\"><span class=\"dia_suggestion w216\">la<\/span><\/span><\/span><\/span><\/span><\/span><\/span> frontier\u0103, <span class=\"dia_suggestion w53\">peste<\/span> Mure\u0219, completat de o centur\u0103 care s\u0103 ocoleasc\u0103 localitatea Cenad. \u0218oferii vor ajunge mai <span class=\"dia_suggestion w68\">u\u0219or<\/span> la autostrad\u0103 \u00een Ungaria, la aproximativ 10 km de Szeged.<\/p>\n<p>Planul, <span class=\"dia_suggestion w9\"><span class=\"dia_suggestion w34\"><span class=\"dia_suggestion w59\"><span class=\"dia_suggestion w79\"><span class=\"dia_suggestion w129\">care<\/span><\/span><\/span><\/span><\/span> are finan\u021barea asigurat\u0103 <span class=\"dia_suggestion w83\"><span class=\"dia_suggestion w109\"><span class=\"dia_suggestion w147\">din<\/span><\/span><\/span> fonduri europene, <span class=\"dia_suggestion w10\"><span class=\"dia_suggestion w35\"><span class=\"dia_suggestion w86\"><span class=\"dia_suggestion w214\">va<\/span><\/span><\/span><\/span><span class=\"dia_suggestion w87\">fi<\/span><span class=\"dia_suggestion w88\">dus<\/span><span class=\"dia_suggestion w5\"><span class=\"dia_suggestion w51\"><span class=\"dia_suggestion w69\"><span class=\"dia_suggestion w73\"><span class=\"dia_suggestion w89\"><span class=\"dia_suggestion w208\"><span class=\"dia_suggestion w216\">la<\/span><\/span><\/span><\/span><\/span><\/span><\/span> bun sf\u00e2r\u0219it de Consiliul Jude\u021bean Timi\u0219 <span class=\"dia_suggestion w43\">\u0219i<\/span> CNAIR, respectiv de Consiliul jude\u021bean Csongrad-Csanad \u0219i Ministerul Construc\u021biilor \u0219i Transportului din Ungaria.<\/p>\n<p><span class=\"dia_suggestion w111\">Dup\u0103<\/span> o <span class=\"dia_suggestion w113\">prima<\/span><span class=\"dia_suggestion w6\">licita\u021bie<\/span><span class=\"dia_suggestion w115\">ratat\u0103<\/span><span class=\"dia_suggestion w15\">\u00een<\/span><span class=\"dia_suggestion w117\">toamn<span class=\"dia_suggestion w115\">\u0103<\/span><\/span>, CJ Timi\u0219 a lansat o <span class=\"dia_suggestion w19\">nou\u0103<\/span><span class=\"dia_suggestion w124\">procedur<span class=\"dia_suggestion w115\">\u0103<\/span><\/span>\u00a0pentru g\u0103sirea unei firme <span class=\"dia_suggestion w9\"><span class=\"dia_suggestion w34\"><span class=\"dia_suggestion w59\"><span class=\"dia_suggestion w79\"><span class=\"dia_suggestion w129\">care<\/span><\/span><\/span><\/span><\/span> s\u0103 \u00eentocmeasc\u0103 Studiul de Fezabilitate.<\/p>\n<p><span class=\"dia_suggestion w135\">De asta dat<span class=\"dia_suggestion w117\"><span class=\"dia_suggestion w115\">\u0103<\/span><\/span>, la<\/span> termenul limit\u0103, au fost depuse nu <span class=\"dia_suggestion w24\"><span class=\"dia_suggestion w67\"><span class=\"dia_suggestion w142\">mai<\/span><\/span><\/span><span class=\"dia_suggestion w143\">pu\u021bi<span class=\"dia_suggestion w205\">n<\/span><\/span> de 12 oferte, <span class=\"dia_suggestion w146\">inclusiv<\/span><span class=\"dia_suggestion w83\"><span class=\"dia_suggestion w109\"><span class=\"dia_suggestion w147\">din<\/span><\/span><\/span> Macedonia <span class=\"dia_suggestion w43\">\u0219i<\/span> Ungaria: Romair Consulting, Men Project <span class=\"dia_suggestion w155\">Construct<\/span>, Costin <span class=\"dia_suggestion w43\">\u0219i<\/span> Vlad Birou de Proiectare, Ego Geodrum, Metroul, Y-Project, Dromcons, Sercotrans, Specialist Consulting, asocierea Atelier Decumanus (lider) cu Artehnis Infrastructure Solutions, asocierea KVB Consulting &amp; Engineering (lider) cu Civil Engineering Institute Macedonia JSc Skopje <span class=\"dia_suggestion w96\">\u0219i<\/span> asocierea Ventra Project Management (lider) cu Utiber Kazuti Beruhazo Kft.<\/p>\n<p>Ofertele au <span class=\"dia_suggestion w204\">intrat<\/span> \u00een evaluare tehnic\u0103 <span class=\"dia_suggestion w5\"><span class=\"dia_suggestion w51\"><span class=\"dia_suggestion w69\"><span class=\"dia_suggestion w73\"><span class=\"dia_suggestion w89\"><span class=\"dia_suggestion w208\"><span class=\"dia_suggestion w216\">la<\/span><\/span><\/span><\/span><\/span><\/span><\/span> Consiliul Jude\u021bean Timi\u0219. <span class=\"dia_suggestion w212\">Firma<\/span> c\u00e2\u0219tig\u0103toare <span class=\"dia_suggestion w10\"><span class=\"dia_suggestion w35\"><span class=\"dia_suggestion w86\"><span class=\"dia_suggestion w214\">va<\/span><\/span><\/span><\/span> avea la dispozi\u021bie 11 luni s\u0103 realizeze documenta\u021biile.<\/p>\n<h2><strong><span><span class=\"dia_suggestion w0\">\u0218oferii<\/span>\u00a0<span class=\"dia_suggestion w3\">scurteaz\u0103<\/span> drumul spre <span class=\"dia_suggestion w6\">autostrada<\/span><span class=\"dia_suggestion w7\">din<\/span> Ungaria<\/span><\/strong><\/h2>\n<p>\u201e<strong>Mure\u0219 Green Bridge<\/strong>\u201e, proiectul transfrontalier Rom\u00e2nia \u2013 Ungaria, urm\u0103re\u0219te eficientizarea re\u021belei de transport dintre cele dou\u0103 \u021b\u0103ri, \u00eembun\u0103t\u0103\u021birea conectivit\u0103\u021bii la nivel regional \u0219i transfrontalier pentru traficul greu de m\u0103rfuri \u0219i pentru cel de persoane prin construirea acestui pod \u00een zona Cenad.<\/p>\n<p>Pe teritoriul Rom\u00e2niei se va realiza infrastructura rutier\u0103 de conexiune a podului cu DN6, cu ocolirea localit\u0103\u021bii Cenad, podul peste Mure\u0219, \u00eentre digurile r\u0103ului \u0219i a frontierei.<\/p>\n<p>Pe teritoriul Ungariei, partenerii vor realiza, de asemenea, infrastructura rutier\u0103 de conexiune a podului peste Mure\u0219 cu sensul giratoriu proiectat de partea maghiar\u0103.<\/p>\n<p>Mai mult, vecinii unguri au deja o documenta\u021bie de proiectare, cu autoriza\u021bie de construire, pentru un drum care va conecta autostrada M43 cu digul r\u00e2ului Mure\u0219.<\/p>\n<p>Astfel, \u0219oferii de tiruri din zona S\u00e2nnicolau Mare, \u0219i nu numai, care se \u00eendreapt\u0103 spre vestul Europei, vor putea folosi aceast\u0103 ruta din DN6 pentru a ajunge la autostrada din \u021bar\u0103 vecin\u0103 \u0219i vor scurta \u00eensemnat drumul care acum presupune s\u0103 mearg\u0103 p\u00e2n\u0103 la Ortisoara \u0219i apoi s-o ia c\u0103tre Nadlac.<\/p>\n<p>Centura Cenadului va avea aproape 1 km \u0219i piste de biciclete.<\/p>\n<p>Podul nou peste Mure\u0219 va avea 2 kilometri lungime, o l\u0103\u021bime de 14 metri, trotuare \u0219i piste de biciclete, dar \u0219i sistem de iluminat modern.<\/p>\n<p>Obiectivul de infrastructur\u0103, estimat la aproape 6 milioane de euro, are finantarea asigurat\u0103 prin Programul INTERREG VI-A Rom\u00e2nia-Ungaria.<\/p>\n<p>***<\/p>\n<p><strong><span class=\"dia_suggestion w0\">Mai<\/span><span class=\"dia_suggestion w1\">multe<\/span><span class=\"dia_suggestion w2\">g\u0103si\u021bi<\/span> pe <span class=\"dia_suggestion w4\">pagina noastr<span class=\"dia_suggestion w0\">\u0103<\/span><\/span>\u00a0de <a href=\"https:\/\/www.facebook.com\/OpiniaTM\/?ref=page_internal\" target=\"_blank\" rel=\"noopener\">Facebook opiniatimisoarei.ro<\/a>!<\/strong><\/p>\n<p><strong><span class=\"dia_suggestion w0\">Dac\u0103<\/span><span class=\"dia_suggestion w1\">a\u021bi<\/span> fost martorii unui eveniment <span class=\"dia_suggestion w6\">sau<\/span><span class=\"dia_suggestion w7\">ai<\/span> unei <span class=\"dia_suggestion w9\">situa\u021bii<\/span><span class=\"dia_suggestion w10\">neobi\u0219nuite<\/span><span class=\"dia_suggestion w11\">care<\/span> ar <span class=\"dia_suggestion w13\">putea<\/span> deveni subiect de <span class=\"dia_suggestion w17\">\u0219tire<\/span>, <span class=\"dia_suggestion w18\">contacta\u021bi<\/span>-ne <span class=\"dia_suggestion w20\">la<\/span><span><a href=\"https:\/\/www.opiniatimisoarei.ro\/cdn-cgi\/l\/email-protection\" class=\"__cf_email__\" data-cfemail=\"364453525755425f537659465f585f57425f5b5f45595744535f184459\">[email\u00a0protected]<\/a>,<\/span>\u00a0 pe <a href=\"https:\/\/www.facebook.com\/OpiniaTM\">FB<\/a><span>sau pe contul nostru de<\/span><a href=\"https:\/\/www.instagram.com\/opiniatimisoarei.ro\/\" target=\"_blank\" rel=\"noopener\">Instagram<\/a>!<\/strong><\/p>\n<p><strong><span>CITESTE SI<\/span>: <a href=\"https:\/\/www.opiniatimisoarei.ro\/afli-primul-tot-ceea-ce-se-intampla-cu-adevarat-important-in-timisoara-si-in-regiune-cu-aplicatia-de-stiri-opinia-timisoarei-3-tipuri-de-alerte-te-tin-mereu-conectat-la-evenimente-descarca-gratuit-a\/31\/10\/2022\">Afli primul tot ceea ce se intampla cu adevarat important in Timisoara si in regiune cu Aplicatia de stiri Opinia Timisoarei. 3 tipuri de alerte te tin mereu conectat la evenimente. Descarca gratuit Aplicatia OT aici!<\/a><\/strong><\/p>\n<\/div>\n<p>[analyse_source url=&#8221;https:\/\/www.opiniatimisoarei.ro\/bataie-pe-documentatie-12-oferte-la-licitatie-podul-verde-care-va-lega-dn6-de-autostrada-in-ungaria-intr-o-noua-etapa\/27\/07\/2026&#8243;]<\/p>\n","protected":false},"excerpt":{"rendered":"<p>[analyse_image type=&#8221;featured&#8221; src=&#8221;https:\/\/www.opiniatimisoarei.ro\/wp-content\/uploads\/2025\/11\/pod-728&#215;336.jpghttps:\/\/www.opiniatimisoarei.ro\/wp-content\/uploads\/2025\/11\/pod.jpg&#8221;] TIMI\u0218OARA. S-a mai f\u0103cut un pas pentru realizarea unui proiect de infrastructur\u0103 careva \u00eembun\u0103t\u0103\u021bi consistent re\u021beaua de transport dintre Rom\u00e2nia \u0219i Ungaria. Podul \u2018verde\u2019 care va lega DN6 de autostrad\u0103, \u00een Ungaria, \u00eentr-o nou\u0103 etap\u0103 Este vorba despre construirea unui pod la frontier\u0103, peste Mure\u0219, completat de o centur\u0103 care s\u0103 ocoleasc\u0103 [&hellip;]<\/p>\n","protected":false},"author":1,"featured_media":0,"comment_status":"open","ping_status":"","sticky":false,"template":"","format":"standard","meta":{"footnotes":""},"categories":[89],"tags":[226,190],"class_list":["post-2067054","post","type-post","status-publish","format-standard","hentry","category-romania","tag-crawlmanager","tag-opiniatimisoarei-ro"],"_links":{"self":[{"href":"https:\/\/analyse.optim.biz\/index.php?rest_route=\/wp\/v2\/posts\/2067054","targetHints":{"allow":["GET"]}}],"collection":[{"href":"https:\/\/analyse.optim.biz\/index.php?rest_route=\/wp\/v2\/posts"}],"about":[{"href":"https:\/\/analyse.optim.biz\/index.php?rest_route=\/wp\/v2\/types\/post"}],"author":[{"embeddable":true,"href":"https:\/\/analyse.optim.biz\/index.php?rest_route=\/wp\/v2\/users\/1"}],"replies":[{"embeddable":true,"href":"https:\/\/analyse.optim.biz\/index.php?rest_route=%2Fwp%2Fv2%2Fcomments&post=2067054"}],"version-history":[{"count":0,"href":"https:\/\/analyse.optim.biz\/index.php?rest_route=\/wp\/v2\/posts\/2067054\/revisions"}],"wp:attachment":[{"href":"https:\/\/analyse.optim.biz\/index.php?rest_route=%2Fwp%2Fv2%2Fmedia&parent=2067054"}],"wp:term":[{"taxonomy":"category","embeddable":true,"href":"https:\/\/analyse.optim.biz\/index.php?rest_route=%2Fwp%2Fv2%2Fcategories&post=2067054"},{"taxonomy":"post_tag","embeddable":true,"href":"https:\/\/analyse.optim.biz\/index.php?rest_route=%2Fwp%2Fv2%2Ftags&post=2067054"}],"curies":[{"name":"wp","href":"https:\/\/api.w.org\/{rel}","templated":true}]}}