{"id":2067053,"date":"2026-07-25T10:35:22","date_gmt":"2026-07-25T07:35:22","guid":{"rendered":"https:\/\/analyse.optim.biz\/?p=2067053"},"modified":"2026-07-25T10:35:22","modified_gmt":"2026-07-25T07:35:22","slug":"ponton-plutitor-de-stat-la-plaja-terasa-si-teren-gonflabil-de-sport-pe-apa-amenajarile-care-vor-aduce-mai-multi-turisti-pe-lacul-surduc-in-timis-foto","status":"publish","type":"post","link":"https:\/\/analyse.optim.biz\/?p=2067053","title":{"rendered":"Ponton plutitor de stat la plaj\u0103, teras\u0103 \u0219i teren gonflabil de sport pe ap\u0103. Amenaj\u0103rile care vor aduce mai mul\u021bi turi\u0219ti pe Lacul Surduc, \u00een Timi\u0219. FOTO"},"content":{"rendered":"<p>[analyse_image type=&#8221;featured&#8221; src=&#8221;https:\/\/www.opiniatimisoarei.ro\/wp-content\/uploads\/2026\/07\/amenajari-lacul-surduc-728&#215;336.jpghttps:\/\/www.opiniatimisoarei.ro\/wp-content\/uploads\/2026\/07\/amenajari-lacul-surduc.jpg&#8221;]<\/p>\n<div class=\"the_content\">\n<p><strong>TIMI\u0218OARA<\/strong>. Continu\u0103 planurile pentru revitalizarea uneia dintre cele mai frumoase zone turistice din jude\u021bul Timi\u0219. Vorbim despre Lacul Surduc, parte important\u0103 dintr-un proiect prin care locul s\u0103 devin\u0103 \u0219i mai atractiv pentru vizitatorii dornici s\u0103 petreac\u0103 zile de relaxare \u00een natur\u0103.<\/p>\n<p>Consiliul Jude\u021bean Timi\u0219 se preg\u0103te\u0219te s\u0103 lanseze licita\u021bia pentru proiectare \u0219i execu\u021bie si a facut publice primele imagini cu viitoarele amenajari, gandite de specialisti in Studiul de Fezabilitate.<\/p>\n<p><a href=\"https:\/\/www.opiniatimisoarei.ro\/wp-content\/uploads\/2026\/07\/amenajari-lacul-surduc-1.jpg\"><img loading=\"lazy\" decoding=\"async\" class=\"aligncenter size-full wp-image-883813\" src=\"https:\/\/www.opiniatimisoarei.ro\/wp-content\/uploads\/2026\/07\/amenajari-lacul-surduc-1.jpg\" alt=\"\" width=\"1080\" height=\"810\"><\/a><\/p>\n<p>\u00a0<\/p>\n<p>\u201e<strong>Trecem la urm\u0103toarea etap\u0103 \u00een proiectul de dezvoltare a zonei Surduc \u0219i lans\u0103m licita\u021bia pentru proiectarea si execu\u021bia lucr\u0103rilor de amenajare a spa\u021biului de recreere pe malul lacului. Studiul de fezabilitate este finalizat si avem primele imagini realizate de speciali\u0219ti. <\/strong><br \/><strong>Vrem s\u0103 construim acolo o teras\u0103 de tip deck, pe o suprafa\u021b\u0103 de p\u00e2n\u0103 la 500 de mp, care s\u0103 includ\u0103 o piscin\u0103 cu zon\u0103 de \u0219ezlonguri \u0219i baldachine, zone de relaxare, de m\u00e2ncare (food trucks), un bar, dar \u0219i vestiare, du\u0219uri \u0219i b\u0103i. <\/strong><br \/><strong>Tot acolo vor fi amenajate alei pietonale \u0219i spa\u021bii verzi. <\/strong><br \/><strong>\u00cen plus, o punte va face leg\u0103tura \u00eentre zona de uscat \u0219i un ponton plutitor. Vom mai ridica un cort de tip dome, iar pe suprafa\u021ba lacului va fi pus un teren de sport gonflabil. <\/strong><br \/><strong>De asemenea, vom avea \u0219i 2 b\u0103rci pentru plimb\u0103ri pe lac<\/strong>\u201e, transmite Alfred Simonis pre\u0219edintele Consiliului Jude\u021bean Timi\u0219.<\/p>\n<div id=\"gallery-1\" class=\"gallery optm-gallery galleryid-883810\">\n<div class=\"optm-galcont\"><a href=\"https:\/\/www.opiniatimisoarei.ro\/wp-content\/uploads\/2026\/07\/amenajari-lacul-surduc-7.jpg\"><img decoding=\"async\" src=\"https:\/\/www.opiniatimisoarei.ro\/wp-content\/uploads\/2026\/07\/amenajari-lacul-surduc-7-300x169.jpg\"><\/a><a href=\"https:\/\/www.opiniatimisoarei.ro\/wp-content\/uploads\/2026\/07\/amenajari-lacul-surduc-6.jpg\"><img decoding=\"async\" src=\"https:\/\/www.opiniatimisoarei.ro\/wp-content\/uploads\/2026\/07\/amenajari-lacul-surduc-6-300x183.jpg\"><\/a><a href=\"https:\/\/www.opiniatimisoarei.ro\/wp-content\/uploads\/2026\/07\/amenajari-lacul-surduc-5.jpg\"><img decoding=\"async\" src=\"https:\/\/www.opiniatimisoarei.ro\/wp-content\/uploads\/2026\/07\/amenajari-lacul-surduc-5-300x225.jpg\"><\/a><a href=\"https:\/\/www.opiniatimisoarei.ro\/wp-content\/uploads\/2026\/07\/amenajari-lacul-surduc-4.jpg\"><img decoding=\"async\" src=\"https:\/\/www.opiniatimisoarei.ro\/wp-content\/uploads\/2026\/07\/amenajari-lacul-surduc-4-300x163.jpg\"><\/a><a href=\"https:\/\/www.opiniatimisoarei.ro\/wp-content\/uploads\/2026\/07\/amenajari-lacul-surduc-3.jpg\"><img decoding=\"async\" src=\"https:\/\/www.opiniatimisoarei.ro\/wp-content\/uploads\/2026\/07\/amenajari-lacul-surduc-3-300x154.jpg\"><\/a><a href=\"https:\/\/www.opiniatimisoarei.ro\/wp-content\/uploads\/2026\/07\/amenajari-lacul-surduc-2.jpg\"><img decoding=\"async\" src=\"https:\/\/www.opiniatimisoarei.ro\/wp-content\/uploads\/2026\/07\/amenajari-lacul-surduc-2-300x169.jpg\"><\/a><a href=\"https:\/\/www.opiniatimisoarei.ro\/wp-content\/uploads\/2026\/07\/amenajari-lacul-surduc-1.jpg\"><img decoding=\"async\" src=\"https:\/\/www.opiniatimisoarei.ro\/wp-content\/uploads\/2026\/07\/amenajari-lacul-surduc-1-300x225.jpg\"><\/a><\/div>\n<\/div>\n<p>Toate acestea fac parte din proiectul \u201eAmenajare zon\u0103 turistic\u0103 \u0219i de agrement pe malul lacului Surduc\u201d, demarat de CJT la \u00eenceputul acestui an.<\/p>\n<p>\u201e<strong>Prea mult timp aici nu s-a f\u0103cut nimic. Acum refacem zona, pentru ca timi\u0219enii s\u0103 nu mai fie nevoi\u021bi s\u0103 mearg\u0103 \u00een Cara\u0219-Severin sau \u00een Arad pentru o zi de relaxare pe malul unui lac. \u00cemi doresc ca vara viitoare s\u0103 ne-o petrecem \u00eempreuna la Surduc<\/strong>\u201e, a adaugat Alfred Simonis.<\/p>\n<p><span class=\"dia_suggestion w0\">Va<\/span> reamintim, a fost <span class=\"dia_suggestion w4\"><span class=\"dia_suggestion w15\">deja<\/span><\/span><span class=\"dia_suggestion w5\">lansat\u0103<\/span><span class=\"dia_suggestion w6\">licita\u021bia<\/span> pentru <span class=\"dia_suggestion w8\">achizi\u021bia<\/span> echipamentelor, iar <span class=\"dia_suggestion w11\">singura<\/span>\u00a0<span class=\"dia_suggestion w12\">oferta<\/span> a <span class=\"dia_suggestion w14\">intrat<\/span> deja <span class=\"dia_suggestion w16\">\u00een<\/span><span class=\"dia_suggestion w17\">analiz\u0103<\/span><span class=\"dia_suggestion w18\">tehnic\u0103<\/span><span class=\"dia_suggestion w19\">la<\/span> Consiliul <span class=\"dia_suggestion w21\">Jude\u021bean<\/span><span class=\"dia_suggestion w22\">Timi\u0219<\/span>.<\/p>\n<p><strong><span>CITE\u0218TE \u0218I:<\/span><a href=\"https:\/\/www.opiniatimisoarei.ro\/ponton-plutitor-de-stat-la-plaja-si-teren-gonflabil-de-volei-sau-badminton-pe-apa-amenajarile-care-vor-aduce-mai-multi-turisti-intr-una-dintre-cele-mai-frumoase-zone-ale-timisului\/24\/06\/2026\">Ponton plutitor de stat la plaj\u0103 \u0219i teren gonflabil de volei sau badminton pe ap\u0103. Amenaj\u0103rile care vor aduce mai mul\u021bi turi\u0219ti \u00eentr-una dintre cele mai frumoase zone ale Timi\u0219ului<\/a><\/strong><\/p>\n<p>***<\/p>\n<p><strong><span class=\"dia_suggestion w0\">Mai<\/span><span class=\"dia_suggestion w1\">multe<\/span><span class=\"dia_suggestion w2\">g\u0103si\u021bi<\/span> pe <span class=\"dia_suggestion w4\">pagina noastr<span class=\"dia_suggestion w0\">\u0103<\/span><\/span>\u00a0de <a href=\"https:\/\/www.facebook.com\/OpiniaTM\/?ref=page_internal\" target=\"_blank\" rel=\"noopener\">Facebook opiniatimisoarei.ro<\/a>!<\/strong><\/p>\n<p><strong><span class=\"dia_suggestion w0\">Dac\u0103<\/span><span class=\"dia_suggestion w1\">a\u021bi<\/span> fost martorii unui eveniment <span class=\"dia_suggestion w6\">sau<\/span><span class=\"dia_suggestion w7\">ai<\/span> unei <span class=\"dia_suggestion w9\">situa\u021bii<\/span><span class=\"dia_suggestion w10\">neobi\u0219nuite<\/span><span class=\"dia_suggestion w11\">care<\/span> ar <span class=\"dia_suggestion w13\">putea<\/span> deveni subiect de <span class=\"dia_suggestion w17\">\u0219tire<\/span>, <span class=\"dia_suggestion w18\">contacta\u021bi<\/span>-ne <span class=\"dia_suggestion w20\">la<\/span><span><a href=\"https:\/\/www.opiniatimisoarei.ro\/cdn-cgi\/l\/email-protection\" class=\"__cf_email__\" data-cfemail=\"ddafb8b9bcbea9b4b89db2adb4b3b4bca9b4b0b4aeb2bcafb8b4f3afb2\">[email\u00a0protected]<\/a>,<\/span>\u00a0 pe <a href=\"https:\/\/www.facebook.com\/OpiniaTM\">FB<\/a><span>sau pe contul nostru de<\/span><a href=\"https:\/\/www.instagram.com\/opiniatimisoarei.ro\/\" target=\"_blank\" rel=\"noopener\">Instagram<\/a>!<\/strong><\/p>\n<p><strong><span>CITE\u0218TE \u0218I<\/span>: <a href=\"https:\/\/www.opiniatimisoarei.ro\/afli-primul-tot-ceea-ce-se-intampla-cu-adevarat-important-in-timisoara-si-in-regiune-cu-aplicatia-de-stiri-opinia-timisoarei-3-tipuri-de-alerte-te-tin-mereu-conectat-la-evenimente-descarca-gratuit-a\/31\/10\/2022\">Afli primul tot ceea ce se intampla cu adevarat important in Timisoara si in regiune cu Aplicatia de stiri Opinia Timisoarei. 3 tipuri de alerte te tin mereu conectat la evenimente. Descarca gratuit Aplicatia OT aici!<\/a><\/strong><\/p>\n<\/div>\n<p>[analyse_source url=&#8221;https:\/\/www.opiniatimisoarei.ro\/ponton-plutitor-de-stat-la-plaja-terasa-si-teren-gonflabil-de-sport-pe-apa-amenajarile-care-vor-aduce-mai-multi-turisti-pe-lacul-surduc-in-timis-foto\/25\/07\/2026&#8243;]<\/p>\n","protected":false},"excerpt":{"rendered":"<p>[analyse_image type=&#8221;featured&#8221; src=&#8221;https:\/\/www.opiniatimisoarei.ro\/wp-content\/uploads\/2026\/07\/amenajari-lacul-surduc-728&#215;336.jpghttps:\/\/www.opiniatimisoarei.ro\/wp-content\/uploads\/2026\/07\/amenajari-lacul-surduc.jpg&#8221;] TIMI\u0218OARA. Continu\u0103 planurile pentru revitalizarea uneia dintre cele mai frumoase zone turistice din jude\u021bul Timi\u0219. Vorbim despre Lacul Surduc, parte important\u0103 dintr-un proiect prin care locul s\u0103 devin\u0103 \u0219i mai atractiv pentru vizitatorii dornici s\u0103 petreac\u0103 zile de relaxare \u00een natur\u0103. Consiliul Jude\u021bean Timi\u0219 se preg\u0103te\u0219te s\u0103 lanseze licita\u021bia pentru proiectare \u0219i [&hellip;]<\/p>\n","protected":false},"author":1,"featured_media":0,"comment_status":"open","ping_status":"","sticky":false,"template":"","format":"standard","meta":{"footnotes":""},"categories":[89],"tags":[226,190],"class_list":["post-2067053","post","type-post","status-publish","format-standard","hentry","category-romania","tag-crawlmanager","tag-opiniatimisoarei-ro"],"_links":{"self":[{"href":"https:\/\/analyse.optim.biz\/index.php?rest_route=\/wp\/v2\/posts\/2067053","targetHints":{"allow":["GET"]}}],"collection":[{"href":"https:\/\/analyse.optim.biz\/index.php?rest_route=\/wp\/v2\/posts"}],"about":[{"href":"https:\/\/analyse.optim.biz\/index.php?rest_route=\/wp\/v2\/types\/post"}],"author":[{"embeddable":true,"href":"https:\/\/analyse.optim.biz\/index.php?rest_route=\/wp\/v2\/users\/1"}],"replies":[{"embeddable":true,"href":"https:\/\/analyse.optim.biz\/index.php?rest_route=%2Fwp%2Fv2%2Fcomments&post=2067053"}],"version-history":[{"count":0,"href":"https:\/\/analyse.optim.biz\/index.php?rest_route=\/wp\/v2\/posts\/2067053\/revisions"}],"wp:attachment":[{"href":"https:\/\/analyse.optim.biz\/index.php?rest_route=%2Fwp%2Fv2%2Fmedia&parent=2067053"}],"wp:term":[{"taxonomy":"category","embeddable":true,"href":"https:\/\/analyse.optim.biz\/index.php?rest_route=%2Fwp%2Fv2%2Fcategories&post=2067053"},{"taxonomy":"post_tag","embeddable":true,"href":"https:\/\/analyse.optim.biz\/index.php?rest_route=%2Fwp%2Fv2%2Ftags&post=2067053"}],"curies":[{"name":"wp","href":"https:\/\/api.w.org\/{rel}","templated":true}]}}