{"id":2067051,"date":"2026-07-29T08:35:00","date_gmt":"2026-07-29T05:35:00","guid":{"rendered":"https:\/\/analyse.optim.biz\/?p=2067051"},"modified":"2026-07-29T08:35:00","modified_gmt":"2026-07-29T05:35:00","slug":"se-deschide-santierul-pentru-schimbarea-la-fata-a-pietei-mocioni-din-timisoara-la-finalul-lucrarilor-soferii-vor-merge-pe-o-singura-banda-iar-prioritate-vor-avea-pietonii-si-biciclistii","status":"publish","type":"post","link":"https:\/\/analyse.optim.biz\/?p=2067051","title":{"rendered":"Se deschide \u0219antierul pentru schimbarea la fa\u021b\u0103 a Pie\u021bei Mocioni din Timi\u0219oara. La finalul lucr\u0103rilor, \u0219oferii vor merge pe o singur\u0103 band\u0103, iar prioritate vor avea pietonii \u0219i bicicli\u0219tii"},"content":{"rendered":"<p>[analyse_image type=&#8221;featured&#8221; src=&#8221;https:\/\/www.opiniatimisoarei.ro\/wp-content\/uploads\/2025\/12\/piata-mocioni-sinaia-biserica-intersectie-728&#215;336.jpghttps:\/\/www.opiniatimisoarei.ro\/wp-content\/uploads\/2025\/12\/piata-mocioni-sinaia-biserica-intersectie.jpg&#8221;]<\/p>\n<div class=\"the_content\">\n<p><strong>TIMI\u0218OARA<\/strong>. Pornesc lucr\u0103rile \u0219i \u00een zona Pia\u021ba Maria \u2013 Pia\u021ba Mocioni (cunoscut\u0103 de timi\u0219oreni \u0219i drept Pia\u021ba Sinaia ori Pia\u021ba Kuttl).<\/p>\n<p><strong><span>CITE\u0218TE \u0218I:<\/span><a href=\"https:\/\/www.opiniatimisoarei.ro\/un-nou-plan-pentru-strandul-termal-din-timisoara-aflat-in-paragina-si-inghitit-de-balarii-de-mai-bine-de-2-ani\/29\/07\/2026\">Un nou plan pentru \u0218trandul Termal din Timi\u0219oara, aflat \u00een paragin\u0103 \u0219i \u00eenghi\u021bit de b\u0103l\u0103rii de mai bine de 2 ani<\/a><\/strong><\/p>\n<p>A fost semnat contractul cu constructorul care va realiza proiectul de regenerare urban\u0103, compania PORR Construct,\u00a0<span class=\"dia_suggestion w0\">\u00een<\/span><span class=\"dia_suggestion w1\">mai<\/span><span class=\"dia_suggestion w2\">pu\u021bin<\/span> de 2 ani <span class=\"dia_suggestion w5\">\u0219i<\/span><span class=\"dia_suggestion w6\">jum\u0103tate<\/span>.<\/p>\n<p><span class=\"dia_suggestion w0\">Prim\u0103ria<\/span><span class=\"dia_suggestion w1\">Timi\u0219oara<\/span><span class=\"dia_suggestion w2\">anun\u021b\u0103<\/span><span class=\"dia_suggestion w3\">c\u0103<\/span><span class=\"dia_suggestion w4\">\u0219antierul<\/span><span class=\"dia_suggestion w5\">se<\/span><span class=\"dia_suggestion w6\">deschide<\/span><span class=\"dia_suggestion w7\">\u00een<\/span><span class=\"dia_suggestion w8\">aceast\u0103<\/span><span class=\"dia_suggestion w9\">var<span class=\"dia_suggestion w8\">\u0103<\/span><\/span>.<\/p>\n<p>Intreg proiectul va costa aproximativ 10 milioane de euro cu TVA, dintre care 7 milioane fonduri europene.<\/p>\n<h2><span><strong>Pe <span class=\"dia_suggestion w198\">por\u021biunea<\/span> de drum <span class=\"dia_suggestion w201\"><span class=\"dia_suggestion w341\">dintre<\/span><\/span><span class=\"dia_suggestion w202\">pie\u021bele<\/span><span class=\"dia_suggestion w59\"><span class=\"dia_suggestion w203\"><span class=\"dia_suggestion w293\"><span class=\"dia_suggestion w349\">Maria<\/span><\/span><\/span><\/span><span class=\"dia_suggestion w16\">\u0219i<\/span> Sinaia, <span class=\"dia_suggestion w206\">ma\u0219inile<\/span> vor circula pe o <span class=\"dia_suggestion w14\">singur\u0103<\/span><span class=\"dia_suggestion w15\">band\u0103<\/span>, <span class=\"dia_suggestion w21\">\u0219i<\/span> nu pe <span class=\"dia_suggestion w156\">dou\u0103<\/span>, cum <span class=\"dia_suggestion w218\">se<\/span><span class=\"dia_suggestion w219\">\u00eent\u00e2mpl\u0103<\/span><span class=\"dia_suggestion w100\">\u00een<\/span> prezent<\/strong><\/span><\/h2>\n<p><a href=\"https:\/\/www.opiniatimisoarei.ro\/wp-content\/uploads\/2025\/12\/piata-mocioni-proiect-3.jpg\"><img loading=\"lazy\" decoding=\"async\" class=\"aligncenter size-full wp-image-866634\" src=\"https:\/\/www.opiniatimisoarei.ro\/wp-content\/uploads\/2025\/12\/piata-mocioni-proiect-3.jpg\" alt=\"\" width=\"1080\" height=\"676\"><\/a><\/p>\n<p>Conform proiectului care reconfigureaza<span class=\"dia_suggestion w129\">\u0103<\/span><span class=\"dia_suggestion w101\">aceast\u0103<\/span><span class=\"dia_suggestion w57\"><span class=\"dia_suggestion w102\"><span class=\"dia_suggestion w131\"><span class=\"dia_suggestion w291\"><span class=\"dia_suggestion w327\">zona<\/span><\/span><\/span><\/span><\/span>, vor <span class=\"dia_suggestion w133\"><span class=\"dia_suggestion w158\"><span class=\"dia_suggestion w242\"><span class=\"dia_suggestion w249\"><span class=\"dia_suggestion w285\"><span class=\"dia_suggestion w297\"><span class=\"dia_suggestion w383\">fi<\/span><\/span><\/span><\/span><\/span><\/span><\/span><span class=\"dia_suggestion w134\"><span class=\"dia_suggestion w299\">mai<\/span><\/span><span class=\"dia_suggestion w135\">multe<\/span><span class=\"dia_suggestion w136\">spa\u021bii<\/span> verzi <span class=\"dia_suggestion w16\">\u0219i<\/span> zone pietonale, <span class=\"dia_suggestion w141\">piste<\/span> de biciclete <span class=\"dia_suggestion w21\">\u0219i<\/span> doar o <span class=\"dia_suggestion w14\">singur\u0103<\/span><span class=\"dia_suggestion w15\">band\u0103<\/span> auto pe sens, iar <span class=\"dia_suggestion w153\">cea<\/span> de-a <span class=\"dia_suggestion w156\">doua<\/span>\u00a0<span class=\"dia_suggestion w23\"><span class=\"dia_suggestion w157\"><span class=\"dia_suggestion w224\"><span class=\"dia_suggestion w241\"><span class=\"dia_suggestion w248\"><span class=\"dia_suggestion w296\"><span class=\"dia_suggestion w382\">va<\/span><\/span><\/span><\/span><\/span><\/span><\/span> fi <span class=\"dia_suggestion w159\">dedicat\u0103<\/span><span class=\"dia_suggestion w100\">\u00een<\/span> exclusivitate mijloacelor de transport <span class=\"dia_suggestion w160\">\u00een<\/span> comun.<\/p>\n<p><span class=\"dia_suggestion w167\">\u00centregul<\/span> proiect este concentrat pe\u00a0<span class=\"dia_suggestion w173\">prioritizarea<\/span>\u00a0pietonilor <span class=\"dia_suggestion w16\">\u0219i<\/span><span class=\"dia_suggestion w176\">bicicli\u0219tilor<\/span>, dar <span class=\"dia_suggestion w21\">\u0219i<\/span><span class=\"dia_suggestion w179\">al<\/span><span class=\"dia_suggestion w180\">tranform\u0103rii<\/span> zonei <span class=\"dia_suggestion w182\">\u00eentr<\/span>\u2013<span class=\"dia_suggestion w183\"><span class=\"dia_suggestion w236\">una<\/span><\/span> de <span class=\"dia_suggestion w185\">promenad\u0103<\/span>, <span class=\"dia_suggestion w159\">dedicat\u0103<\/span> locuitorilor <span class=\"dia_suggestion w65\">\u0219i<\/span><span class=\"dia_suggestion w189\">turi\u0219tilor<\/span>, spun <span class=\"dia_suggestion w191\">reprezentan\u021bii<\/span><span class=\"dia_suggestion w192\">Prim\u0103riei<\/span><span class=\"dia_suggestion w7\">Timi\u0219oara<\/span>.<\/p>\n<p>\u201e<strong>Bulevardul 16 Decembrie <span class=\"dia_suggestion w23\"><span class=\"dia_suggestion w157\"><span class=\"dia_suggestion w224\"><span class=\"dia_suggestion w241\"><span class=\"dia_suggestion w248\"><span class=\"dia_suggestion w296\"><span class=\"dia_suggestion w382\">va<\/span><\/span><\/span><\/span><\/span><\/span><\/span> deveni unul cu o singur\u0103 band\u0103 pe sens pentru ma\u0219ini \u0219i <span class=\"dia_suggestion w183\"><span class=\"dia_suggestion w236\">una<\/span><\/span> dedicat\u0103 autobuzelor. <span class=\"dia_suggestion w239\">Band\u0103<\/span> rutier\u0103 va <span class=\"dia_suggestion w133\"><span class=\"dia_suggestion w158\"><span class=\"dia_suggestion w242\"><span class=\"dia_suggestion w249\"><span class=\"dia_suggestion w285\"><span class=\"dia_suggestion w297\"><span class=\"dia_suggestion w383\">fi<\/span><\/span><\/span><\/span><\/span><\/span><\/span> \u00eengustat\u0103. <span class=\"dia_suggestion w244\">Band\u0103<\/span> de transport public va fi suprapus\u0103 <span class=\"dia_suggestion w251\">peste<\/span> linia de tramvai pe toat\u0103 lungimea p\u00e2n\u0103 \u00een dreptul Splaiului Nistrului (a vrut s\u0103 zic\u0103 Splaiul Tudor Vladimirescu, n.r.) \u0219i, undeva <span class=\"dia_suggestion w6\"><span class=\"dia_suggestion w36\"><span class=\"dia_suggestion w274\"><span class=\"dia_suggestion w321\"><span class=\"dia_suggestion w330\">din<\/span><\/span><\/span><\/span><\/span> dreptul intersec\u021biei cu Timotei Cipariu, cu Zugrav Nedelcu, trotuarele vor fi l\u0103rgite cu 3 m. Astfel, \u00een <span class=\"dia_suggestion w57\"><span class=\"dia_suggestion w102\"><span class=\"dia_suggestion w131\"><span class=\"dia_suggestion w291\"><span class=\"dia_suggestion w327\">zona<\/span><\/span><\/span><\/span><\/span> Pie\u021bei <span class=\"dia_suggestion w59\"><span class=\"dia_suggestion w203\"><span class=\"dia_suggestion w293\"><span class=\"dia_suggestion w349\">Maria<\/span><\/span><\/span><\/span>, spa\u021biul public va fi <span class=\"dia_suggestion w298\">mult<\/span><span class=\"dia_suggestion w134\"><span class=\"dia_suggestion w299\">mai<\/span><\/span> amplu\u201d<\/strong>, a explicat viceprimarul Ruben Latcau <span class=\"dia_suggestion w100\">\u00een<\/span><span class=\"dia_suggestion w195\">urm\u0103<\/span> cu <span class=\"dia_suggestion w309\">c\u00e2teva<\/span><span class=\"dia_suggestion w310\">luni,<\/span><span class=\"dia_suggestion w311\">c\u00e2nd le-a ar<span class=\"dia_suggestion w14\">\u0103<\/span>tat<\/span>\u00a0<span class=\"dia_suggestion w314\">timi\u0219orenilor<\/span> cum este <span class=\"dia_suggestion w317\">g\u00e2ndit\u0103<\/span><a href=\"https:\/\/www.opiniatimisoarei.ro\/din-451-de-locuri-de-parcare-vor-mai-ramane-60-pe-calea-sagului-dupa-ce-va-deveni-magistrala-verde-la-timisoara-intersectia-de-la-resitei-va-fi-semaforizata-iar-autobuzele-vor-avea-banda-dedicata\/02\/10\/2025\"><strong>viitoarea <span class=\"dia_suggestion w319\">Magistrala<\/span> Verde din Sagului <span class=\"dia_suggestion w258\">p\u00e2n\u0103<\/span><span class=\"dia_suggestion w160\">\u00een<\/span> centru<\/strong>.<\/a><\/p>\n<div id=\"gallery-1\" class=\"gallery optm-gallery galleryid-884071\">\n<div class=\"optm-galcont\"><a href=\"https:\/\/www.opiniatimisoarei.ro\/wp-content\/uploads\/2025\/12\/piata-mocioni-sinaia-biserica-intersectie.jpg\"><img decoding=\"async\" src=\"https:\/\/www.opiniatimisoarei.ro\/wp-content\/uploads\/2025\/12\/piata-mocioni-sinaia-biserica-intersectie-300x167.jpg\"><\/a><a href=\"https:\/\/www.opiniatimisoarei.ro\/wp-content\/uploads\/2025\/12\/piata-mocioni-proiect-9.jpg\"><img decoding=\"async\" src=\"https:\/\/www.opiniatimisoarei.ro\/wp-content\/uploads\/2025\/12\/piata-mocioni-proiect-9-300x169.jpg\"><\/a><a href=\"https:\/\/www.opiniatimisoarei.ro\/wp-content\/uploads\/2025\/12\/piata-mocioni-proiect-8.jpg\"><img decoding=\"async\" src=\"https:\/\/www.opiniatimisoarei.ro\/wp-content\/uploads\/2025\/12\/piata-mocioni-proiect-8-300x218.jpg\"><\/a><a href=\"https:\/\/www.opiniatimisoarei.ro\/wp-content\/uploads\/2025\/12\/piata-mocioni-proiect-7.jpg\"><img decoding=\"async\" src=\"https:\/\/www.opiniatimisoarei.ro\/wp-content\/uploads\/2025\/12\/piata-mocioni-proiect-7-300x198.jpg\"><\/a><a href=\"https:\/\/www.opiniatimisoarei.ro\/wp-content\/uploads\/2025\/12\/piata-mocioni-proiect-6.jpg\"><img decoding=\"async\" src=\"https:\/\/www.opiniatimisoarei.ro\/wp-content\/uploads\/2025\/12\/piata-mocioni-proiect-6-300x183.jpg\"><\/a><a href=\"https:\/\/www.opiniatimisoarei.ro\/wp-content\/uploads\/2025\/12\/piata-mocioni-proiect-5.jpg\"><img decoding=\"async\" src=\"https:\/\/www.opiniatimisoarei.ro\/wp-content\/uploads\/2025\/12\/piata-mocioni-proiect-5-300x200.jpg\"><\/a><a href=\"https:\/\/www.opiniatimisoarei.ro\/wp-content\/uploads\/2025\/12\/piata-mocioni-proiect-4.jpg\"><img decoding=\"async\" src=\"https:\/\/www.opiniatimisoarei.ro\/wp-content\/uploads\/2025\/12\/piata-mocioni-proiect-4-300x213.jpg\"><\/a><a href=\"https:\/\/www.opiniatimisoarei.ro\/wp-content\/uploads\/2025\/12\/piata-mocioni-proiect-3.jpg\"><img decoding=\"async\" src=\"https:\/\/www.opiniatimisoarei.ro\/wp-content\/uploads\/2025\/12\/piata-mocioni-proiect-3-300x188.jpg\"><\/a><a href=\"https:\/\/www.opiniatimisoarei.ro\/wp-content\/uploads\/2025\/12\/piata-mocioni-proiect-2.jpg\"><img decoding=\"async\" src=\"https:\/\/www.opiniatimisoarei.ro\/wp-content\/uploads\/2025\/12\/piata-mocioni-proiect-2-300x251.jpg\"><\/a><a href=\"https:\/\/www.opiniatimisoarei.ro\/wp-content\/uploads\/2025\/12\/piata-mocioni-proiect-1.jpg\"><img decoding=\"async\" src=\"https:\/\/www.opiniatimisoarei.ro\/wp-content\/uploads\/2025\/12\/piata-mocioni-proiect-1-300x169.jpg\"><\/a><a href=\"https:\/\/www.opiniatimisoarei.ro\/wp-content\/uploads\/2025\/11\/piata-mocioni-proiect-regenerare-3.jpg\"><img decoding=\"async\" src=\"https:\/\/www.opiniatimisoarei.ro\/wp-content\/uploads\/2025\/11\/piata-mocioni-proiect-regenerare-3-300x169.jpg\"><\/a><a href=\"https:\/\/www.opiniatimisoarei.ro\/wp-content\/uploads\/2025\/11\/piata-mocioni-proiect-regenerare-2.jpg\"><img decoding=\"async\" src=\"https:\/\/www.opiniatimisoarei.ro\/wp-content\/uploads\/2025\/11\/piata-mocioni-proiect-regenerare-2-300x169.jpg\"><\/a><a href=\"https:\/\/www.opiniatimisoarei.ro\/wp-content\/uploads\/2025\/11\/piata-mocioni-proiect-regenerare-1.jpg\"><img decoding=\"async\" src=\"https:\/\/www.opiniatimisoarei.ro\/wp-content\/uploads\/2025\/11\/piata-mocioni-proiect-regenerare-1-300x169.jpg\"><\/a><\/div>\n<\/div>\n<p><span class=\"dia_suggestion w326\">A\u0219adar<\/span>, <span class=\"dia_suggestion w57\"><span class=\"dia_suggestion w102\"><span class=\"dia_suggestion w131\"><span class=\"dia_suggestion w291\"><span class=\"dia_suggestion w327\">zona<\/span><\/span><\/span><\/span><\/span> de interven\u021bie <span class=\"dia_suggestion w6\"><span class=\"dia_suggestion w36\"><span class=\"dia_suggestion w274\"><span class=\"dia_suggestion w321\"><span class=\"dia_suggestion w330\">din<\/span><\/span><\/span><\/span><\/span> proiectul de regenerare <span class=\"dia_suggestion w99\">urban\u0103<\/span><span class=\"dia_suggestion w58\">Pia\u021ba<\/span>\u00a0Mocioni include Bulevardul 16 Decembrie 1989 (tronsonul <span class=\"dia_suggestion w201\"><span class=\"dia_suggestion w341\">dintre<\/span><\/span> Splaiul Tudor Vladimirescu \u0219i Pia\u021ba Mocioni), Pia\u021ba <span class=\"dia_suggestion w59\"><span class=\"dia_suggestion w203\"><span class=\"dia_suggestion w293\"><span class=\"dia_suggestion w349\">Maria<\/span><\/span><\/span><\/span>, Pia\u021ba Mocioni, precum \u0219i i<span class=\"dia_suggestion w182\">ntr<\/span>\u0103rile de pe str\u0103zile <span class=\"dia_suggestion w358\">adiacente<\/span>: Gheorghe Doja, Miron Costin, Timotei Cipariu, Zugrav Nedelcu, Mo\u021bilor, Ady Endre, Emanoil Gojdu, August Treboniu Laurian \u0219i Ion Heliade R\u0103dulescu.<\/p>\n<iframe loading=\"lazy\" title=\"Regenerare urban\u0103 - Zona Pia\u021ba Mocioni  1\" width=\"728\" height=\"410\" src=\"https:\/\/www.youtube.com\/embed\/wEAfk9xV6-s?start=79&amp;feature=oembed&amp;wmode=opaque&amp;rel=0\" frameborder allow=\"accelerometer; autoplay; clipboard-write; encrypted-media; gyroscope; picture-in-picture; web-share\" referrerpolicy=\"strict-origin-when-cross-origin\" allowfullscreen><\/iframe>\n<p>***<\/p>\n<p><strong><span class=\"dia_suggestion w0\">Mai<\/span><span class=\"dia_suggestion w1\">multe<\/span><span class=\"dia_suggestion w2\">g\u0103si\u021bi<\/span> pe <span class=\"dia_suggestion w4\">pagina noastr<span class=\"dia_suggestion w0\">\u0103<\/span><\/span>\u00a0de <a href=\"https:\/\/www.facebook.com\/OpiniaTM\/?ref=page_internal\" target=\"_blank\" rel=\"noopener\">Facebook opiniatimisoarei.ro<\/a>!<\/strong><\/p>\n<p><strong><span class=\"dia_suggestion w0\">Dac\u0103<\/span><span class=\"dia_suggestion w1\">a\u021bi<\/span> fost martorii unui eveniment <span class=\"dia_suggestion w6\">sau<\/span><span class=\"dia_suggestion w7\">ai<\/span> unei <span class=\"dia_suggestion w9\">situa\u021bii<\/span><span class=\"dia_suggestion w10\">neobi\u0219nuite<\/span><span class=\"dia_suggestion w11\">care<\/span> ar <span class=\"dia_suggestion w13\">putea<\/span> deveni subiect de <span class=\"dia_suggestion w17\">\u0219tire<\/span>, <span class=\"dia_suggestion w18\">contacta\u021bi<\/span>-ne <span class=\"dia_suggestion w20\">la<\/span><span><a href=\"https:\/\/www.opiniatimisoarei.ro\/cdn-cgi\/l\/email-protection\" class=\"__cf_email__\" data-cfemail=\"fb899e9f9a988f929ebb948b9295929a8f92969288949a899e92d58994\">[email\u00a0protected]<\/a>,<\/span>\u00a0 pe <a href=\"https:\/\/www.facebook.com\/OpiniaTM\">FB<\/a><span>sau pe contul nostru de<\/span><a href=\"https:\/\/www.instagram.com\/opiniatimisoarei.ro\/\" target=\"_blank\" rel=\"noopener\">Instagram<\/a>!<\/strong><\/p>\n<p><strong><span>CITESTE SI<\/span>: <a href=\"https:\/\/www.opiniatimisoarei.ro\/afli-primul-tot-ceea-ce-se-intampla-cu-adevarat-important-in-timisoara-si-in-regiune-cu-aplicatia-de-stiri-opinia-timisoarei-3-tipuri-de-alerte-te-tin-mereu-conectat-la-evenimente-descarca-gratuit-a\/31\/10\/2022\">Afli primul tot ceea ce se intampla cu adevarat important in Timisoara si in regiune cu Aplicatia de stiri Opinia Timisoarei. 3 tipuri de alerte te tin mereu conectat la evenimente. Descarca gratuit Aplicatia OT aici!<\/a><\/strong><\/p>\n<\/div>\n<p>[analyse_source url=&#8221;https:\/\/www.opiniatimisoarei.ro\/se-deschide-santierul-pentru-schimbarea-la-fata-a-pietei-mocioni-din-timisoara-la-finalul-lucrarilor-soferii-vor-merge-pe-o-singura-banda-iar-prioritate-vor-avea-pietonii-si-biciclistii\/29\/07\/2026&#8243;]<\/p>\n","protected":false},"excerpt":{"rendered":"<p>[analyse_image type=&#8221;featured&#8221; src=&#8221;https:\/\/www.opiniatimisoarei.ro\/wp-content\/uploads\/2025\/12\/piata-mocioni-sinaia-biserica-intersectie-728&#215;336.jpghttps:\/\/www.opiniatimisoarei.ro\/wp-content\/uploads\/2025\/12\/piata-mocioni-sinaia-biserica-intersectie.jpg&#8221;] TIMI\u0218OARA. Pornesc lucr\u0103rile \u0219i \u00een zona Pia\u021ba Maria \u2013 Pia\u021ba Mocioni (cunoscut\u0103 de timi\u0219oreni \u0219i drept Pia\u021ba Sinaia ori Pia\u021ba Kuttl). CITE\u0218TE \u0218I:Un nou plan pentru \u0218trandul Termal din Timi\u0219oara, aflat \u00een paragin\u0103 \u0219i \u00eenghi\u021bit de b\u0103l\u0103rii de mai bine de 2 ani A fost semnat contractul cu constructorul care va realiza [&hellip;]<\/p>\n","protected":false},"author":1,"featured_media":0,"comment_status":"open","ping_status":"","sticky":false,"template":"","format":"standard","meta":{"footnotes":""},"categories":[89],"tags":[226,190],"class_list":["post-2067051","post","type-post","status-publish","format-standard","hentry","category-romania","tag-crawlmanager","tag-opiniatimisoarei-ro"],"_links":{"self":[{"href":"https:\/\/analyse.optim.biz\/index.php?rest_route=\/wp\/v2\/posts\/2067051","targetHints":{"allow":["GET"]}}],"collection":[{"href":"https:\/\/analyse.optim.biz\/index.php?rest_route=\/wp\/v2\/posts"}],"about":[{"href":"https:\/\/analyse.optim.biz\/index.php?rest_route=\/wp\/v2\/types\/post"}],"author":[{"embeddable":true,"href":"https:\/\/analyse.optim.biz\/index.php?rest_route=\/wp\/v2\/users\/1"}],"replies":[{"embeddable":true,"href":"https:\/\/analyse.optim.biz\/index.php?rest_route=%2Fwp%2Fv2%2Fcomments&post=2067051"}],"version-history":[{"count":0,"href":"https:\/\/analyse.optim.biz\/index.php?rest_route=\/wp\/v2\/posts\/2067051\/revisions"}],"wp:attachment":[{"href":"https:\/\/analyse.optim.biz\/index.php?rest_route=%2Fwp%2Fv2%2Fmedia&parent=2067051"}],"wp:term":[{"taxonomy":"category","embeddable":true,"href":"https:\/\/analyse.optim.biz\/index.php?rest_route=%2Fwp%2Fv2%2Fcategories&post=2067051"},{"taxonomy":"post_tag","embeddable":true,"href":"https:\/\/analyse.optim.biz\/index.php?rest_route=%2Fwp%2Fv2%2Ftags&post=2067051"}],"curies":[{"name":"wp","href":"https:\/\/api.w.org\/{rel}","templated":true}]}}