{"id":2067045,"date":"2026-07-28T11:40:06","date_gmt":"2026-07-28T08:40:06","guid":{"rendered":"https:\/\/analyse.optim.biz\/?p=2067045"},"modified":"2026-07-28T11:40:06","modified_gmt":"2026-07-28T08:40:06","slug":"primarul-din-alexandria-il-propune-cetatean-de-onoare-pe-seful-sau-de-partid-ziarul-liber-in-teleorman","status":"publish","type":"post","link":"https:\/\/analyse.optim.biz\/?p=2067045","title":{"rendered":"Primarul din Alexandria \u00eel propune cet\u0103\u021bean de onoare pe \u0219eful s\u0103u de partid &#8211; Ziarul Liber in Teleorman"},"content":{"rendered":"<p>[analyse_image type=&#8221;featured&#8221; src=&#8221;https:\/\/liberinteleorman.ro\/wp-content\/uploads\/2026\/07\/IMG_9200.jpeg&#8221;]<\/p>\n<div class=\"entry-content single56__content single56__post_content single56__body_area\">\n<p><strong>Primarul municipiului Alexandria, Victor Dr\u0103gu\u0219in, pre\u0219edintele PSD Alexandria, a anun\u021bat pe Facebook inten\u021bia de a-i acorda titlul de \u201eCet\u0103\u021bean de Onoare\u201d lui\u00a0<u><strong>Adrian Ionu\u021b G\u00e2dea<\/strong><\/u>, pre\u0219edintele Consiliului Jude\u021bean Teleorman \u0219i pre\u0219edinte al PSD Teleorman. Edilul a punctat c\u0103 demersul are un caracter apolitic \u0219i se bazeaz\u0103 pe rezultatele administrative ob\u021binute de \u0219eful administra\u021biei jude\u021bene.<\/strong><\/p>\n<p>Conform argumenta\u021biei aduse de\u00a0Victor Dr\u0103gu\u0219in,\u00a0Adrian G\u00e2dea\u00a0s-a remarcat printr-o conduit\u0103 exemplar\u0103 \u0219i o orientare constant\u0103 c\u0103tre interesul public.<\/p>\n<p>\u201dAdrian IONU\u021a G\u00c2DEA \u2013 propunerea mea pentru acordarea titlului de CET\u0102\u021aEAN DE ONOARE al municipiului Alexandria<\/p>\n<p>Domnul Adrian Ionu\u021b G\u00e2dea s-a distins, de-a lungul parcursului s\u0103u administrativ, printr-o conduit\u0103 exemplar\u0103, marcat\u0103 de responsabilitate, rigoare \u0219i orientare constant\u0103 c\u0103tre interesul public \u0219i c\u0103tre oameni. Prin implicarea sa activ\u0103 \u0219i consecvent\u0103 \u00een sus\u021binerea proiectelor de investi\u021bii, \u00een modernizarea infrastructurii \u0219i \u00een facilitarea accesului la resurse financiare destinate dezvolt\u0103rii locale, a avut \u0219i are o contribu\u021bie notabil\u0103 la transformarea \u0219i progresul municipiului Alexandria.<br \/>In plan personal \u0219i institu\u021bional, colaborarea mea cu domnul pre\u0219edinte G\u00e2dea a reprezentat, de-a lungul anilor, un reper de profesionalism, loialitate administrativ\u0103 \u0219i convergen\u021b\u0103 \u00een obiectivele de dezvoltare local\u0103. Aceast\u0103 rela\u021bie de lucru, \u00eentemeiat\u0103 pe respect reciproc, dialog constructiv \u0219i responsabilitate fa\u021b\u0103 de comunitate, a generat rezultate concrete \u0219i durabile pentru Alexandria. Dincolo de rigorile func\u021biilor publice, am reg\u0103sit \u00een domnia sa un partener de \u00eencredere, un sus\u021bin\u0103tor constant al ini\u021biativelor locale \u0219i un om profund dedicat progresului Alexandriei, calit\u0103\u021bi care au consolidat nu doar proiecte, ci \u0219i o viziune comun\u0103 asupra viitorului comunit\u0103\u021bii.<br \/>Demersurile sale au fost caracterizate de o viziune strategic\u0103 coerent\u0103, de capacitatea de a consolida parteneriate institu\u021bionale eficiente \u0219i de o deschidere autentic\u0103 fa\u021b\u0103 de nevoile \u0219i aspira\u021biile comunit\u0103\u021bii. Sub aceste auspicii, au fost sus\u021binute \u0219i implementate ini\u021biative relevante \u00een domeniile urbanistic, educa\u021bional \u0219i social, cu impact direct asupra cre\u0219terii calit\u0103\u021bii vie\u021bii cet\u0103\u021benilor \u0219i asupra consolid\u0103rii identit\u0103\u021bii locale.<br \/>Prezenta propunere de acordare a titlului de Cet\u0103\u021bean de Onoare o sus\u021bin exclusiv pe meritele administrative incontestabile \u0219i pe contribu\u021bia concret\u0103 la dezvoltarea municipiului Alexandria, fiind \u00een deplin acord cu principiile obiectivit\u0103\u021bii \u0219i echit\u0103\u021bii, av\u00e2nd caracter apolitic f\u0103r\u0103 nicio leg\u0103tur\u0103 cu apartenen\u021ba politic\u0103 sau cu echipa din care domnul Adrian Ionu\u021b G\u00e2dea \u0219i eu facem parte\u201d, a scris Victor Dr\u0103gu\u0219in. <\/p>\n<figure class=\"wp-block-image size-large\"><a href=\"https:\/\/liberinteleorman.ro\/wp-content\/uploads\/2026\/07\/IMG_9199.jpeg\"><img decoding=\"async\" loading=\"lazy\" width=\"558\" height=\"1024\" src=\"https:\/\/liberinteleorman.ro\/wp-content\/uploads\/2026\/07\/IMG_9199-558x1024.jpeg\" alt class=\"wp-image-42788\"><\/a><figcaption class=\"wp-element-caption\">Screenshot<\/figcaption><\/figure>\n<\/div>\n<p>[analyse_source url=&#8221;https:\/\/liberinteleorman.ro\/primarul-din-alexandria-il-propune-cetatean-de-onoare-pe-seful-sau-de-partid\/&#8221;]<\/p>\n","protected":false},"excerpt":{"rendered":"<p>[analyse_image type=&#8221;featured&#8221; src=&#8221;https:\/\/liberinteleorman.ro\/wp-content\/uploads\/2026\/07\/IMG_9200.jpeg&#8221;] Primarul municipiului Alexandria, Victor Dr\u0103gu\u0219in, pre\u0219edintele PSD Alexandria, a anun\u021bat pe Facebook inten\u021bia de a-i acorda titlul de \u201eCet\u0103\u021bean de Onoare\u201d lui\u00a0Adrian Ionu\u021b G\u00e2dea, pre\u0219edintele Consiliului Jude\u021bean Teleorman \u0219i pre\u0219edinte al PSD Teleorman. Edilul a punctat c\u0103 demersul are un caracter apolitic \u0219i se bazeaz\u0103 pe rezultatele administrative ob\u021binute de \u0219eful administra\u021biei [&hellip;]<\/p>\n","protected":false},"author":1,"featured_media":0,"comment_status":"open","ping_status":"","sticky":false,"template":"","format":"standard","meta":{"footnotes":""},"categories":[89],"tags":[226,181],"class_list":["post-2067045","post","type-post","status-publish","format-standard","hentry","category-romania","tag-crawlmanager","tag-liberinteleorman-ro"],"_links":{"self":[{"href":"https:\/\/analyse.optim.biz\/index.php?rest_route=\/wp\/v2\/posts\/2067045","targetHints":{"allow":["GET"]}}],"collection":[{"href":"https:\/\/analyse.optim.biz\/index.php?rest_route=\/wp\/v2\/posts"}],"about":[{"href":"https:\/\/analyse.optim.biz\/index.php?rest_route=\/wp\/v2\/types\/post"}],"author":[{"embeddable":true,"href":"https:\/\/analyse.optim.biz\/index.php?rest_route=\/wp\/v2\/users\/1"}],"replies":[{"embeddable":true,"href":"https:\/\/analyse.optim.biz\/index.php?rest_route=%2Fwp%2Fv2%2Fcomments&post=2067045"}],"version-history":[{"count":0,"href":"https:\/\/analyse.optim.biz\/index.php?rest_route=\/wp\/v2\/posts\/2067045\/revisions"}],"wp:attachment":[{"href":"https:\/\/analyse.optim.biz\/index.php?rest_route=%2Fwp%2Fv2%2Fmedia&parent=2067045"}],"wp:term":[{"taxonomy":"category","embeddable":true,"href":"https:\/\/analyse.optim.biz\/index.php?rest_route=%2Fwp%2Fv2%2Fcategories&post=2067045"},{"taxonomy":"post_tag","embeddable":true,"href":"https:\/\/analyse.optim.biz\/index.php?rest_route=%2Fwp%2Fv2%2Ftags&post=2067045"}],"curies":[{"name":"wp","href":"https:\/\/api.w.org\/{rel}","templated":true}]}}