{"id":2067037,"date":"2026-07-28T10:32:30","date_gmt":"2026-07-28T07:32:30","guid":{"rendered":"https:\/\/analyse.optim.biz\/?p=2067037"},"modified":"2026-07-28T10:32:30","modified_gmt":"2026-07-28T07:32:30","slug":"jocurile-europene-universitare-primul-meci-prima-victorie-pentru-echipa-de-handbal-masculin-a-universitatii-sucevene","status":"publish","type":"post","link":"https:\/\/analyse.optim.biz\/?p=2067037","title":{"rendered":"Jocurile Europene Universitare. Primul meci, prima victorie pentru echipa de handbal masculin a universit\u0103\u021bii sucevene"},"content":{"rendered":"<p>[analyse_image type=&#8221;featured&#8221; src=&#8221;https:\/\/www.radiotop.ro\/img\/media\/2026\/07\/handbal-usv-croatia.jpg&#8221;]<\/p>\n<div class=\"entry-content no-share\">\n<div class=\"content-inner \">\n<div class=\"jeg_preview_slider gallery_1\" data-selector=\"gallery_1\">\n<div class=\"jeg_preview_holder\">\n<div class=\"jeg_preview_media\">\n<div class=\"jeg_preview_media_holder\">\n<h3>\u00a0<\/h3>\n<div class=\"jeg_preview_control\">\n<div class=\"left_control\">\n<div class=\"counter\"><span class=\"current\">1<\/span> of  1<\/div>\n<\/div>\n<div class=\"zoom\"><span class=\"reduce\">&#8211;<\/span><span class=\"increase\">+<\/span><\/div>\n<\/div>\n<\/div>\n<\/div>\n<div class=\"jeg_preview_bottom_slider\"><a data-id=\"0\" data-title data-image=\"https:\/\/www.radiotop.ro\/img\/media\/2026\/07\/handbal-usv-croatia-1.jpg\" href=\"https:\/\/www.radiotop.ro\/img\/media\/2026\/07\/handbal-usv-croatia-1.jpg\" class=\"jeg_preview_item active\"><\/p>\n<div class=\"jeg_preview_item_thumbnail\"><img loading=\"lazy\" decoding=\"async\" width=\"120\" height=\"86\" src=\"https:\/\/www.radiotop.ro\/img\/media\/2026\/07\/handbal-usv-croatia-1-120x86.jpg\" class=\"attachment-jnews-120x86 size-jnews-120x86\" alt><\/div>\n<p><\/a><\/div>\n<\/div>\n<\/div>\n<p>Echipa masculin\u0103 de handbal a Universit\u0103\u021bii \u201e\u0218tefan cel Mare\u201d din Suceava a debutat cu o victorie la edi\u021bia 2026 a Jocurilor Europene Universitare. \u00cen primul meci din Grupa B, forma\u021bia preg\u0103tit\u0103 de R\u0103zvan Gavriloaia \u0219i Bogdan \u0218old\u0103nescu a \u00eenvins Universitatea de \u0218tiin\u021be Aplicate din Zagreb cu scorul de 33-22, dup\u0103 ce la pauz\u0103 a condus cu 16-10. Competi\u021bia se desf\u0103\u0219oar\u0103 \u00een perioada 27 iulie \u2013 1 august, la Salerno \u2013 Italia.<\/p>\n<p>Luni, Institutul Elve\u021bian de Tehnologie din Zurich a \u00eenvins Universitatea de \u0218tiin\u021be Aplicate din Zagreb cu scorul de 30-25. \u00cen urma acestor rezultate, Universitatea \u201e\u0218tefan cel Mare\u201d din Suceava \u0219i forma\u021bia din Zurich \u0219i-au asigurat calificarea \u00een sferturile de final\u0103.<\/p>\n<p>Meciul direct dintre reprezentantele Rom\u00e2niei \u0219i Elve\u021biei, programat miercuri, 29 iulie, de la ora 11:00, ora Rom\u00e2niei, va stabili clasamentul final al Grupei B \u0219i pozi\u021biile de pe care cele dou\u0103 echipe vor accede \u00een faza eliminatorie.<\/p>\n<p>Universitatea \u201e\u0218tefan cel Mare\u201d din Suceava are \u00een palmares patru titluri de campioan\u0103 european\u0103 universitar\u0103 la handbal masculin, ob\u021binute \u00een anii 2017, 2022, 2023 \u0219i 2024.<\/p>\n<p>\u00a0<\/p>\n<\/div>\n<\/div>\n<div class=\"content-inner \">\n<div class=\"jeg_preview_slider gallery_1\" data-selector=\"gallery_1\">\n<div class=\"jeg_preview_holder\">\n<div class=\"jeg_preview_media\">\n<div class=\"jeg_preview_media_holder\">\n<h3>\u00a0<\/h3>\n<div class=\"jeg_preview_control\">\n<div class=\"left_control\">\n<div class=\"counter\"><span class=\"current\">1<\/span> of  1<\/div>\n<\/div>\n<div class=\"zoom\"><span class=\"reduce\">&#8211;<\/span><span class=\"increase\">+<\/span><\/div>\n<\/div>\n<\/div>\n<\/div>\n<div class=\"jeg_preview_bottom_slider\"><a data-id=\"0\" data-title data-image=\"https:\/\/www.radiotop.ro\/img\/media\/2026\/07\/handbal-usv-croatia-1.jpg\" href=\"https:\/\/www.radiotop.ro\/img\/media\/2026\/07\/handbal-usv-croatia-1.jpg\" class=\"jeg_preview_item active\"><\/p>\n<div class=\"jeg_preview_item_thumbnail\"><img loading=\"lazy\" decoding=\"async\" width=\"120\" height=\"86\" src=\"https:\/\/www.radiotop.ro\/img\/media\/2026\/07\/handbal-usv-croatia-1-120x86.jpg\" class=\"attachment-jnews-120x86 size-jnews-120x86\" alt><\/div>\n<p><\/a><\/div>\n<\/div>\n<\/div>\n<p>Echipa masculin\u0103 de handbal a Universit\u0103\u021bii \u201e\u0218tefan cel Mare\u201d din Suceava a debutat cu o victorie la edi\u021bia 2026 a Jocurilor Europene Universitare. \u00cen primul meci din Grupa B, forma\u021bia preg\u0103tit\u0103 de R\u0103zvan Gavriloaia \u0219i Bogdan \u0218old\u0103nescu a \u00eenvins Universitatea de \u0218tiin\u021be Aplicate din Zagreb cu scorul de 33-22, dup\u0103 ce la pauz\u0103 a condus cu 16-10. Competi\u021bia se desf\u0103\u0219oar\u0103 \u00een perioada 27 iulie \u2013 1 august, la Salerno \u2013 Italia.<\/p>\n<p>Luni, Institutul Elve\u021bian de Tehnologie din Zurich a \u00eenvins Universitatea de \u0218tiin\u021be Aplicate din Zagreb cu scorul de 30-25. \u00cen urma acestor rezultate, Universitatea \u201e\u0218tefan cel Mare\u201d din Suceava \u0219i forma\u021bia din Zurich \u0219i-au asigurat calificarea \u00een sferturile de final\u0103.<\/p>\n<p>Meciul direct dintre reprezentantele Rom\u00e2niei \u0219i Elve\u021biei, programat miercuri, 29 iulie, de la ora 11:00, ora Rom\u00e2niei, va stabili clasamentul final al Grupei B \u0219i pozi\u021biile de pe care cele dou\u0103 echipe vor accede \u00een faza eliminatorie.<\/p>\n<p>Universitatea \u201e\u0218tefan cel Mare\u201d din Suceava are \u00een palmares patru titluri de campioan\u0103 european\u0103 universitar\u0103 la handbal masculin, ob\u021binute \u00een anii 2017, 2022, 2023 \u0219i 2024.<\/p>\n<p>\u00a0<\/p>\n<\/div>\n<p>[analyse_source url=&#8221;https:\/\/www.radiotop.ro\/sport\/jocurile-europene-universitare-primul-meci-prima-victorie-pentru-echipa-de-handbal-masculin-a-universitatii-sucevene.html&#8221;]<\/p>\n","protected":false},"excerpt":{"rendered":"<p>[analyse_image type=&#8221;featured&#8221; src=&#8221;https:\/\/www.radiotop.ro\/img\/media\/2026\/07\/handbal-usv-croatia.jpg&#8221;] \u00a0 1 of 1 &#8211;+ Echipa masculin\u0103 de handbal a Universit\u0103\u021bii \u201e\u0218tefan cel Mare\u201d din Suceava a debutat cu o victorie la edi\u021bia 2026 a Jocurilor Europene Universitare. \u00cen primul meci din Grupa B, forma\u021bia preg\u0103tit\u0103 de R\u0103zvan Gavriloaia \u0219i Bogdan \u0218old\u0103nescu a \u00eenvins Universitatea de \u0218tiin\u021be Aplicate din Zagreb cu scorul [&hellip;]<\/p>\n","protected":false},"author":1,"featured_media":0,"comment_status":"open","ping_status":"","sticky":false,"template":"","format":"standard","meta":{"footnotes":""},"categories":[89],"tags":[226,163],"class_list":["post-2067037","post","type-post","status-publish","format-standard","hentry","category-romania","tag-crawlmanager","tag-radiotop-ro"],"_links":{"self":[{"href":"https:\/\/analyse.optim.biz\/index.php?rest_route=\/wp\/v2\/posts\/2067037","targetHints":{"allow":["GET"]}}],"collection":[{"href":"https:\/\/analyse.optim.biz\/index.php?rest_route=\/wp\/v2\/posts"}],"about":[{"href":"https:\/\/analyse.optim.biz\/index.php?rest_route=\/wp\/v2\/types\/post"}],"author":[{"embeddable":true,"href":"https:\/\/analyse.optim.biz\/index.php?rest_route=\/wp\/v2\/users\/1"}],"replies":[{"embeddable":true,"href":"https:\/\/analyse.optim.biz\/index.php?rest_route=%2Fwp%2Fv2%2Fcomments&post=2067037"}],"version-history":[{"count":0,"href":"https:\/\/analyse.optim.biz\/index.php?rest_route=\/wp\/v2\/posts\/2067037\/revisions"}],"wp:attachment":[{"href":"https:\/\/analyse.optim.biz\/index.php?rest_route=%2Fwp%2Fv2%2Fmedia&parent=2067037"}],"wp:term":[{"taxonomy":"category","embeddable":true,"href":"https:\/\/analyse.optim.biz\/index.php?rest_route=%2Fwp%2Fv2%2Fcategories&post=2067037"},{"taxonomy":"post_tag","embeddable":true,"href":"https:\/\/analyse.optim.biz\/index.php?rest_route=%2Fwp%2Fv2%2Ftags&post=2067037"}],"curies":[{"name":"wp","href":"https:\/\/api.w.org\/{rel}","templated":true}]}}