{"id":2067028,"date":"2026-07-29T08:44:09","date_gmt":"2026-07-29T05:44:09","guid":{"rendered":"https:\/\/analyse.optim.biz\/?p=2067028"},"modified":"2026-07-29T08:44:09","modified_gmt":"2026-07-29T05:44:09","slug":"burkina-faso-si-a-crescut-masiv-rezervele-de-aur-in-timp-ce-romania-isi-tine-aurul-la-londra-tara-africana-vrea-un-control-mai-bun-al-statului-asupra-resurselor-minerale-strategice","status":"publish","type":"post","link":"https:\/\/analyse.optim.biz\/?p=2067028","title":{"rendered":"Burkina Faso \u0219i-a crescut masiv rezervele de aur. \u00cen timp ce Rom\u00e2nia \u00ee\u0219i \u021bine aurul la Londra, \u021bara african\u0103 vrea un control mai bun al statului asupra resurselor minerale strategice"},"content":{"rendered":"<p>[analyse_image type=&#8221;featured&#8221; src=&#8221;https:\/\/r3media.ro\/wp-content\/uploads\/2026\/07\/lingouri-de-aur-scaled-e1785313737826.jpghttps:\/\/r3media.ro\/wp-content\/uploads\/2026\/07\/lingouri-de-aur-scaled-e1785313737826.jpg&#8221;]<\/p>\n<article id=\"template-id-109\" class=\"post-109 tdb_templates type-tdb_templates status-publish post\">\n<div id=\"tdi_2\" class=\"tdc-zone\">\n<div class=\"tdc_zone tdi_3  wpb_row td-pb-row\">\n<div id=\"tdi_4\" class=\"tdc-row\">\n<div class=\"vc_row tdi_5  wpb_row td-pb-row\">\n<div class=\"vc_column tdi_7  wpb_column vc_column_container tdc-column td-pb-span8\">\n<div class=\"wpb_wrapper\">\n<div class=\"td_block_wrap tdb_breadcrumbs tdi_8 td-pb-border-top td_block_template_1 tdb-breadcrumbs \" data-td-block-uid=\"tdi_8\">\n<div class=\"tdb-block-inner td-fix-index\"><span><a title=\"Vede\u021bi toate articolele \u00een PRIM PLAN\" class=\"tdb-entry-crumb\" href=\"https:\/\/r3media.ro\/category\/stiri-prim-plan\/\">PRIM PLAN<\/a><\/span><span class=\"tdb-bred-no-url-last\">Burkina Faso \u0219i-a crescut masiv rezervele de aur. \u00cen timp ce Rom\u00e2nia&#8230;<\/span><\/div>\n<\/div>\n<div class=\"td_block_wrap tdb_single_categories tdi_9 td-pb-border-top td_block_template_1 \" data-td-block-uid=\"tdi_9\">\n<div class=\"tdb-category td-fix-index\"><a class=\"tdb-entry-category\" href=\"https:\/\/r3media.ro\/category\/stiri-prim-plan\/\">PRIM PLAN<\/a><a class=\"tdb-entry-category\" href=\"https:\/\/r3media.ro\/category\/stiri\/\">\u0218TIRI<\/a><\/div>\n<\/div>\n<div class=\"td_block_wrap tdb_title tdi_10 tdb-single-title td-pb-border-top td_block_template_1\" data-td-block-uid=\"tdi_10\">\n<div class=\"tdb-block-inner td-fix-index\">\n<h1 class=\"tdb-title-text\">Burkina Faso \u0219i-a crescut masiv rezervele de aur. \u00cen timp ce Rom\u00e2nia \u00ee\u0219i \u021bine aurul la Londra, \u021bara african\u0103 vrea un control mai bun al statului asupra resurselor minerale strategice<\/h1>\n<\/div>\n<\/div>\n<div class=\"vc_row_inner tdi_12  vc_row vc_inner wpb_row td-pb-row\">\n<div class=\"vc_column_inner tdi_14  wpb_column vc_column_container tdc-inner-column td-pb-span12\">\n<div class=\"vc_column-inner\">\n<div class=\"wpb_wrapper\">\n<div class=\"td_block_wrap tdb_single_author tdi_15 td-pb-border-top td_block_template_1 tdb-post-meta\" data-td-block-uid=\"tdi_15\">\n<div class=\"tdb-block-inner td-fix-index\">\n<div class=\"tdb-author-name-wrap\"><a class=\"tdb-author-name\" href=\"https:\/\/r3media.ro\/author\/oana\/\">Oana Ivan<\/a><\/div>\n<\/div>\n<\/div>\n<div class=\"td_block_wrap tdb_single_date tdi_16 td-pb-border-top td_block_template_1 tdb-post-meta\" data-td-block-uid=\"tdi_16\">\n<div class=\"tdb-block-inner td-fix-index\"><time class=\"entry-date updated td-module-date\" datetime=\"2026-07-29T11:44:09+03:00\">29\/07\/2026<\/time><\/div>\n<\/div>\n<\/div>\n<\/div>\n<\/div>\n<\/div>\n<div class=\"td_block_wrap tdb_single_featured_image tdi_17 tdb-content-horiz-left td-pb-border-top td_block_template_1\" data-td-block-uid=\"tdi_17\">\n<div class=\"tdb-block-inner td-fix-index\">\n<figure><figcaption class=\"tdb-caption-text\">Surs\u0103 &#8211; Unsplash<\/figcaption><\/figure>\n<\/div>\n<\/div>\n<div class=\"td_block_wrap tdb_single_content tdi_18 td-pb-border-top td_block_template_1 td-post-content tagdiv-type\" data-td-block-uid=\"tdi_18\">\n<div class=\"tdb-block-inner td-fix-index\">\n<p><strong><a href=\"https:\/\/r3media.ro\/tag\/burkina-faso\/\" target=\"_blank\" rel=\"noopener\">Burkina Faso<\/a> a \u00eenregistrat peste 6 miliarde de dolari \u00een aur prin canale oficiale \u00een prima jum\u0103tate a anului 2026. Guvernul condus de armat\u0103 \u00ee\u0219i intensific\u0103 eforturile de a formaliza mineritul artizanal \u0219i de a \u00een\u0103spri supravegherea statului asupra uneia dintre cele mai mari industrii aurifere din Africa, conform <a href=\"https:\/\/africa.businessinsider.com\/local\/markets\/burkina-faso-records-over-dollar6-billion-worth-of-gold-through-official-channels-in\/cxkh6bq\" target=\"_blank\" rel=\"noopener\">BusinessInsider Africa<\/a>.<\/strong><\/p>\n<p>Actualizarea a fost dezv\u0103luit\u0103 \u00een timpul evalu\u0103rii de la jum\u0103tatea anului a contractului de performan\u021b\u0103 pentru 2026 al ministrului Energiei, Minelor \u0219i Carierelor, Yacouba Zabre Gouba. Ministerul a raportat o rat\u0103 general\u0103 de execu\u021bie de 61,7% la 30 iunie.<\/p>\n<p>Potrivit guvernului, 26 de tone de aur fin au fost produse de minele industriale ale \u021b\u0103rii \u00een primele \u0219ase luni ale anului. \u00cen acela\u0219i timp, Compania Na\u021bional\u0103 a Substan\u021belor Pre\u021bioase (SONASP) a achizi\u021bionat aproximativ 29 de tone de aur de la mineri artizanali \u0219i semi-mecaniza\u021bi. Obiectivul ini\u021bial era de 45 de tone pentru \u00eentregul an. \u00cempreun\u0103, cele dou\u0103 fluxuri reprezint\u0103 peste 55 de tone de aur.<\/p>\n<p>La pre\u021burile actuale de pia\u021b\u0103 de aproximativ 3.400 de dolari pe uncie troy, acest volum valoreaz\u0103 aproximativ 6 miliarde de dolari. Cifrele eviden\u021biaz\u0103, de asemenea, strategia guvernului de a aduce mai mult aur artizanal \u00een economia formal\u0103.<\/p>\n<h2><strong>Burkina Faso \u0219i-a crescut masiv rezervele de aur<\/strong><\/h2>\n<p>\u00a0<\/p>\n<p>\u00cen timp ce companiile miniere industriale \u00ee\u0219i raporteaz\u0103 direct produc\u021bia, aurul provenit de la minerii artizanali \u0219i semi-mecaniza\u021bi este achizi\u021bionat de SONASP. Asta permite statului s\u0103 \u00eembun\u0103t\u0103\u021beasc\u0103 trasabilitatea, s\u0103 limiteze contrabanda, s\u0103 creasc\u0103 rezervele oficiale \u0219i s\u0103 capteze o cot\u0103 mai mare din veniturile miniere.<\/p>\n<p>Aceast\u0103 abordare dual\u0103 formeaz\u0103 un pilon central al reformelor miniere mai ample din Burkina Faso. Ele vizeaz\u0103 consolidarea particip\u0103rii statului \u00een acest sector. \u00cen acela\u0219i timp, promoveaz\u0103 o mai mare transparen\u021b\u0103 at\u00e2t \u00een \u200b\u200bproduc\u021bia industrial\u0103, c\u00e2t \u0219i \u00een cea la scar\u0103 mic\u0103.<\/p>\n<p>Autorit\u0103\u021bile au declarat c\u0103 au \u00eenfiin\u021bat nou\u0103 cooperative miniere artizanale \u00een diferite regiuni. Totodat\u0103, au delimitat patru coridoare miniere artizanale pentru a \u00eembun\u0103t\u0103\u021bi coexisten\u021ba activit\u0103\u021bilor miniere industriale \u0219i la scar\u0103 mic\u0103.<\/p>\n<p>Autorit\u0103\u021bile continu\u0103 de asemnea lucr\u0103rile pentru \u00eembun\u0103t\u0103\u021birea cuno\u0219tin\u021belor geologice despre resursele minerale din Burkina Faso.\u00a0Reformele fac parte dintr-o strategie mai ampl\u0103 a guvernului militar de a cre\u0219te controlul statului asupra resurselor minerale strategice. Totodat\u0103, Guvernul vrea s\u0103 reduc\u0103 contrabanda \u0219i s\u0103 asigure c\u0103 o pondere mai mare din veniturile miniere r\u0103m\u00e2ne \u00een \u021bar\u0103.<\/p>\n<h2><strong>Burkina Faso se dezvolt\u0103 \u0219i \u00een alte secotare<\/strong><\/h2>\n<p>\u00a0<\/p>\n<p>Dincolo de minerit, guvernul a declarat c\u0103 a extins infrastructura de generare \u0219i distribu\u021bie a energiei electrice. Patru centrale electrice \u2013 trei dintre ele termice \u2013 au fost finalizate \u00een prima jum\u0103tate a anului. Astfel, a fost ad\u0103ugat\u0103 o capacitate de generare total\u0103 de 126,4 megawa\u021bi. Autorit\u0103\u021bile au finalizat \u0219i construc\u021bia centralei solare Zagtouli, de 17 megawa\u021bi. Centralele electrice Komsilga \u0219i Donsin sunt aproape de finalizare.<\/p>\n<p>Evolu\u021biile survin \u00een contextul \u00een care Burkina Faso \u00eencearc\u0103 s\u0103 \u00ee\u0219i consolideze at\u00e2t securitatea energetic\u0103, c\u00e2t \u0219i sectorul minier, doi piloni pe care guvernul i-a identificat ca fiind esen\u021biali pentru atingerea unei suveranit\u0103\u021bi economice sporite, pe fondul provoc\u0103rilor persistente de securitate \u0219i al unui peisaj geopolitic \u00een schimbare \u00een Sahel.<\/p>\n<h2><strong>\u0218i alte \u021b\u0103ri au cump\u0103rat masiv aur ori \u0219i-au repatriat rezervele<\/strong><\/h2>\n<p>\u00a0<\/p>\n<p>Banca Central\u0103 a Serbiei a decis s\u0103 transfere pe teritoriul s\u0103u<strong><a href=\"https:\/\/r3media.ro\/serbia-readuce-tara-intreaga-rezerva-de-aur\/\" target=\"_blank\" rel=\"noopener\">toate rezervele de aur ale \u021b\u0103rii<\/a><\/strong>. Acestea valoreaz\u0103 aproximativ 6 miliarde de dolari. Scopul deciziei este garantarea siguran\u021bei rezervelor \u00een perioade de criz\u0103.<\/p>\n<p>\u201ePrin returnarea aurului \u00een \u021bar\u0103, Banca Na\u021bional\u0103 a Serbiei a urm\u0103rit s\u0103 creasc\u0103 disponibilitatea \u0219i securitatea rezervelor de aur \u00een perioade de criz\u0103 \u0219i incertitudine\u201d, a declarat Banca Central\u0103 ca r\u0103spuns la \u00eentreb\u0103rile relevante.<\/p>\n<p>Eforturile de recuperare a aurului au \u00eenceput \u00een 2021 pe fondul \u201eincertitudinii globale sporite\u201d.<\/p>\n<p>Serbia va deveni prima \u021bar\u0103 est-european\u0103 care nu \u00ee\u0219i va depozita lingourile \u00een centre precum Elve\u021bia, Regatul Unit \u0219i SUA.<\/p>\n<p>\u00cenc\u0103 din 2020, Ungaria \u0219i-a <strong><a href=\"https:\/\/r3media.ro\/ungaria-si-a-repatriat-toata-rezerva-de-aur-si-olanda-germania-si-austria-si-au-adus-acasa-o-parte-din-aur\/\" target=\"_blank\" rel=\"noopener\">repatriat toat\u0103 rezerva de aur<\/a><\/strong>. De asemenea, Banca Central\u0103 polonez\u0103 a decis s\u0103 continue <strong><a href=\"https:\/\/r3media.ro\/polonia-tara-cumpara-aur-rezerve-banca-angliei-independenta-germania-control-varsovia\/\" target=\"_blank\" rel=\"noopener\">cre\u0219terea rezervelor sale de aur<\/a><\/strong> la 700 de tone. Cantitatea de aur dep\u0103\u0219e\u0219te deja pe cea de la Banca Central\u0103 European\u0103 \u0219i de la Banca Angliei<\/p>\n<p>\u00centre timp, mai mult de jum\u0103tate din rezerva de aur a B\u0103ncii Na\u0163ionale a Rom\u00e2niei este depozitat\u0103 \u00een afara grani\u0163elor \u0163\u0103rii, \u00een principal la Londra.<\/p>\n<div class=\"crp_related     crp-masonry\">\n<h2>\u00ceN CONTEXT<\/h2>\n<ul>\n<li><a href=\"https:\/\/r3media.ro\/fara-tine-in-google-r3media-dispare-iata-ce-poti-face-in-10-secunde\/\" class=\"crp_link post-119031\"><span class=\"crp_title\">F\u0103r\u0103 tine \u00een Google, R3media dispare. Iat\u0103 ce po\u021bi face \u00een 10 secunde<\/span><\/a><\/li>\n<\/ul>\n<\/div>\n<\/div>\n<\/div>\n<div class=\"td_block_wrap tdb_single_tags tdi_19 td-pb-border-top td_block_template_1\" data-td-block-uid=\"tdi_19\">\n<div class=\"tdb-block-inner td-fix-index\">\n<ul class=\"tdb-tags\">\n<li><span>SUBIECTE FIERBIN\u021aI<\/span><\/li>\n<li><a href=\"https:\/\/r3media.ro\/tag\/burkina-faso\/\">burkina faso<\/a><\/li>\n<li><a href=\"https:\/\/r3media.ro\/tag\/rezerva-de-aur\/\">rezerva de aur<\/a><\/li>\n<\/ul>\n<\/div>\n<\/div>\n<div class=\"td_block_wrap td_block_9 tdi_20 td_with_ajax_pagination td-pb-border-top td_block_template_1 td-column-2 td_block_padding td_block_bot_line\" data-td-block-uid=\"tdi_20\">\n<div class=\"td-block-title-wrap\">\n<h4 class=\"block-title td-block-title\"><span class=\"td-pulldown-size\">CITE\u0218TE MAI MULT<\/span><\/h4>\n<\/div>\n<div id=\"tdi_20\" class=\"td_block_inner\">\n<div class=\"td-block-row\">\n<div class=\"td-block-span6\">\n<div class=\"td_module_8 td_module_wrap\">\n<div class=\"item-details\">\n<h3 class=\"entry-title td-module-title\"><a href=\"https:\/\/r3media.ro\/cornel-nistorescu-drone-razboi-ucraina\/\" rel=\"bookmark\" title=\"Cornel Nistorescu, dup\u0103 incidentele cu drone: Adie a aer de r\u0103zboi. De mirare c\u0103 dronele ucrainene nu au st\u00e2rnit at\u00e2ta t\u0103r\u0103boi\">Cornel Nistorescu, dup\u0103 incidentele cu drone: Adie a aer de r\u0103zboi. De mirare c\u0103&#8230;<\/a><\/h3>\n<div class=\"td-module-meta-info\"><a href=\"https:\/\/r3media.ro\/category\/actualitate\/\" class=\"td-post-category\">ACTUALITATE<\/a><span class=\"td-post-author-name\"><a href=\"https:\/\/r3media.ro\/author\/radu_ursan\/\">Radu Ursan<\/a><span>&#8211;<\/span><\/span><span class=\"td-post-date\"><time class=\"entry-date updated td-module-date\" datetime=\"2026-07-28T10:21:51+03:00\">28\/07\/2026<\/time><\/span><\/div>\n<\/div>\n<\/div>\n<\/div>\n<div class=\"td-block-span6\">\n<div class=\"td_module_8 td_module_wrap\">\n<div class=\"item-details\">\n<h3 class=\"entry-title td-module-title\"><a href=\"https:\/\/r3media.ro\/bnr-recomanda-romani-rezerve-de-cash-atacuri-cibernetice-numerar-relevant-criza\/\" rel=\"bookmark\" title=\"BNR le recomand\u0103 rom\u00e2nilor s\u0103 p\u0103streze rezerve de cash: Numerarul se poate dovedi relevant \u00een criz\u0103\">BNR le recomand\u0103 rom\u00e2nilor s\u0103 p\u0103streze rezerve de cash: Numerarul se poate dovedi relevant&#8230;<\/a><\/h3>\n<div class=\"td-module-meta-info\"><a href=\"https:\/\/r3media.ro\/category\/actualitate\/\" class=\"td-post-category\">ACTUALITATE<\/a><span class=\"td-post-author-name\"><a href=\"https:\/\/r3media.ro\/author\/oana\/\">Oana Ivan<\/a><span>&#8211;<\/span><\/span><span class=\"td-post-date\"><time class=\"entry-date updated td-module-date\" datetime=\"2026-07-27T13:11:47+03:00\">27\/07\/2026<\/time><\/span><\/div>\n<\/div>\n<\/div>\n<\/div>\n<\/div>\n<div class=\"td-block-row\">\n<div class=\"td-block-span6\">\n<div class=\"td_module_8 td_module_wrap\">\n<div class=\"item-details\">\n<h3 class=\"entry-title td-module-title\"><a href=\"https:\/\/r3media.ro\/statul-roman-a-semnat-actul-propriei-disparitii\/\" rel=\"bookmark\" title=\"Statul rom\u00e2n a semnat actul propriei dispari\u021bii?\">Statul rom\u00e2n a semnat actul propriei dispari\u021bii?<\/a><\/h3>\n<div class=\"td-module-meta-info\"><a href=\"https:\/\/r3media.ro\/category\/opinii\/\" class=\"td-post-category\">OPINII<\/a><span class=\"td-post-author-name\"><a href=\"https:\/\/r3media.ro\/author\/gabipopa\/\">Gabriel Popa<\/a><span>&#8211;<\/span><\/span><span class=\"td-post-date\"><time class=\"entry-date updated td-module-date\" datetime=\"2026-07-27T15:07:05+03:00\">27\/07\/2026<\/time><\/span><\/div>\n<\/div>\n<\/div>\n<\/div>\n<div class=\"td-block-span6\">\n<div class=\"td_module_8 td_module_wrap\">\n<div class=\"item-details\">\n<h3 class=\"entry-title td-module-title\"><a href=\"https:\/\/r3media.ro\/prima-oara-istorie-presedintia-document-primplan-patriotism-european\/\" rel=\"bookmark\" title=\"Pentru prima oar\u0103 \u00een istorie, Pre\u0219edin\u021bia Rom\u00e2niei emite un document care pune pe primul plan o alt\u0103 entitate dec\u00e2t \u021bara noastr\u0103: patriotismul european\">Pentru prima oar\u0103 \u00een istorie, Pre\u0219edin\u021bia Rom\u00e2niei emite un document care pune pe primul&#8230;<\/a><\/h3>\n<div class=\"td-module-meta-info\"><a href=\"https:\/\/r3media.ro\/category\/actualitate\/\" class=\"td-post-category\">ACTUALITATE<\/a><span class=\"td-post-author-name\"><a href=\"https:\/\/r3media.ro\/author\/teodor_stan\/\">Teodor Stan<\/a><span>&#8211;<\/span><\/span><span class=\"td-post-date\"><time class=\"entry-date updated td-module-date\" datetime=\"2026-07-26T11:44:31+03:00\">26\/07\/2026<\/time><\/span><\/div>\n<\/div>\n<\/div>\n<\/div>\n<\/div>\n<div class=\"td-block-row\">\n<div class=\"td-block-span6\">\n<div class=\"td_module_8 td_module_wrap\">\n<div class=\"item-details\">\n<h3 class=\"entry-title td-module-title\"><a href=\"https:\/\/r3media.ro\/film-nou-stapanul-inelelor-corect-politic-regizor-andy-serkis-diversitate-tolkien-mitologie-nordica\/\" rel=\"bookmark\" title=\"Noul film \u201eSt\u0103p\u00e2nul Inelelor\u201d nu va fi corect politic. Regizorul Andy Serkis: J.R.R. Tolkien a fost influen\u021bat de mitologia nordic\u0103. Nu vrem o distribu\u021bie de dragul de a bifa c\u0103su\u021be\">Noul film \u201eSt\u0103p\u00e2nul Inelelor\u201d nu va fi corect politic. Regizorul Andy Serkis: J.R.R. Tolkien&#8230;<\/a><\/h3>\n<div class=\"td-module-meta-info\"><a href=\"https:\/\/r3media.ro\/category\/actualitate\/\" class=\"td-post-category\">ACTUALITATE<\/a><span class=\"td-post-author-name\"><a href=\"https:\/\/r3media.ro\/author\/oana\/\">Oana Ivan<\/a><span>&#8211;<\/span><\/span><span class=\"td-post-date\"><time class=\"entry-date updated td-module-date\" datetime=\"2026-07-26T15:49:31+03:00\">26\/07\/2026<\/time><\/span><\/div>\n<\/div>\n<\/div>\n<\/div>\n<div class=\"td-block-span6\">\n<div class=\"td_module_8 td_module_wrap\">\n<div class=\"item-details\">\n<h3 class=\"entry-title td-module-title\"><a href=\"https:\/\/r3media.ro\/dictatura-forma-suprema-a-democratiei\/\" rel=\"bookmark\" title=\"Dictatura \u2013 forma suprem\u0103 a democra\u021biei\">Dictatura \u2013 forma suprem\u0103 a democra\u021biei<\/a><\/h3>\n<div class=\"td-module-meta-info\"><a href=\"https:\/\/r3media.ro\/category\/opinii\/\" class=\"td-post-category\">OPINII<\/a><span class=\"td-post-author-name\"><a href=\"https:\/\/r3media.ro\/author\/tru\/\">TRU (Traian Ungureanu)<\/a><span>&#8211;<\/span><\/span><span class=\"td-post-date\"><time class=\"entry-date updated td-module-date\" datetime=\"2026-07-25T16:43:11+03:00\">25\/07\/2026<\/time><\/span><\/div>\n<\/div>\n<\/div>\n<\/div>\n<\/div>\n<div class=\"td-block-row\">\n<div class=\"td-block-span6\">\n<div class=\"td_module_8 td_module_wrap\">\n<div class=\"item-details\">\n<h3 class=\"entry-title td-module-title\"><a href=\"https:\/\/r3media.ro\/marea-britanie-apa-inteligenta-artificiala-romania-centru-ai-restrictii-consum-apa\/\" rel=\"bookmark\" title=\"Marea Britanie nu mai are suficient\u0103 ap\u0103 pentru Inteligen\u021ba Artificial\u0103, dar Rom\u00e2nia vrea s\u0103 g\u0103zduiasc\u0103 un centru AI care consum\u0103 c\u00e2t sute de mii de oameni \u0219i impune restric\u021bii la consumul de ap\u0103 al popula\u021biei\">Marea Britanie nu mai are suficient\u0103 ap\u0103 pentru Inteligen\u021ba Artificial\u0103, dar Rom\u00e2nia vrea s\u0103&#8230;<\/a><\/h3>\n<div class=\"td-module-meta-info\"><a href=\"https:\/\/r3media.ro\/category\/actualitate\/\" class=\"td-post-category\">ACTUALITATE<\/a><span class=\"td-post-author-name\"><a href=\"https:\/\/r3media.ro\/author\/radu_ursan\/\">Radu Ursan<\/a><span>&#8211;<\/span><\/span><span class=\"td-post-date\"><time class=\"entry-date updated td-module-date\" datetime=\"2026-07-23T11:44:13+03:00\">23\/07\/2026<\/time><\/span><\/div>\n<\/div>\n<\/div>\n<\/div>\n<div class=\"td-block-span6\">\n<div class=\"td_module_8 td_module_wrap\">\n<div class=\"item-details\">\n<h3 class=\"entry-title td-module-title\"><a href=\"https:\/\/r3media.ro\/campion-olimpic-olaf-tufte-mort-subit-50-ani\/\" rel=\"bookmark\" title=\"Campionul olimpic Olaf Tufte a murit subit la 50 de ani\">Campionul olimpic Olaf Tufte a murit subit la 50 de ani<\/a><\/h3>\n<div class=\"td-module-meta-info\"><a href=\"https:\/\/r3media.ro\/category\/actualitate\/\" class=\"td-post-category\">ACTUALITATE<\/a><span class=\"td-post-author-name\"><a href=\"https:\/\/r3media.ro\/author\/oana\/\">Oana Ivan<\/a><span>&#8211;<\/span><\/span><span class=\"td-post-date\"><time class=\"entry-date updated td-module-date\" datetime=\"2026-07-22T12:11:02+03:00\">22\/07\/2026<\/time><\/span><\/div>\n<\/div>\n<\/div>\n<\/div>\n<\/div>\n<div class=\"td-block-row\">\n<div class=\"td-block-span6\">\n<div class=\"td_module_8 td_module_wrap\">\n<div class=\"item-details\">\n<h3 class=\"entry-title td-module-title\"><a href=\"https:\/\/r3media.ro\/explozie-incendiu-fabrica-kronospan-brasov-video\/\" rel=\"bookmark\" title=\"VIDEO | Explozie urmat\u0103 de un incendiu la fabrica Kronospan din Bra\u0219ov. \u00cen timp ce pompierii \u00eencercau s\u0103 sting\u0103 focul s-a produs o alt\u0103 explozie\">VIDEO | Explozie urmat\u0103 de un incendiu la fabrica Kronospan din Bra\u0219ov. \u00cen timp&#8230;<\/a><\/h3>\n<div class=\"td-module-meta-info\"><a href=\"https:\/\/r3media.ro\/category\/actualitate\/\" class=\"td-post-category\">ACTUALITATE<\/a><span class=\"td-post-author-name\"><a href=\"https:\/\/r3media.ro\/author\/oana\/\">Oana Ivan<\/a><span>&#8211;<\/span><\/span><span class=\"td-post-date\"><time class=\"entry-date updated td-module-date\" datetime=\"2026-07-22T10:01:28+03:00\">22\/07\/2026<\/time><\/span><\/div>\n<\/div>\n<\/div>\n<\/div>\n<div class=\"td-block-span6\">\n<div class=\"td_module_8 td_module_wrap\">\n<div class=\"item-details\">\n<h3 class=\"entry-title td-module-title\"><a href=\"https:\/\/r3media.ro\/asa-incepe-compania-openai-afirma-un-model-de-inteligenta-artificiala-a-atacat-din-proprie-initiativa-sistemele-unei-alte-companii\/\" rel=\"bookmark\" title=\"A\u0219a \u00eencepe? Compania OpenAI afirm\u0103 un model de inteligen\u021b\u0103 artificial\u0103 a ATACAT din proprie ini\u021biativ\u0103 sistemele unei alte companii\">A\u0219a \u00eencepe? Compania OpenAI afirm\u0103 un model de inteligen\u021b\u0103 artificial\u0103 a ATACAT din proprie&#8230;<\/a><\/h3>\n<div class=\"td-module-meta-info\"><a href=\"https:\/\/r3media.ro\/category\/actualitate\/\" class=\"td-post-category\">ACTUALITATE<\/a><span class=\"td-post-author-name\"><a href=\"https:\/\/r3media.ro\/author\/teodor_stan\/\">Teodor Stan<\/a><span>&#8211;<\/span><\/span><span class=\"td-post-date\"><time class=\"entry-date updated td-module-date\" datetime=\"2026-07-22T09:10:53+03:00\">22\/07\/2026<\/time><\/span><\/div>\n<\/div>\n<\/div>\n<\/div>\n<\/div>\n<div class=\"td-block-row\">\n<div class=\"td-block-span6\">\n<div class=\"td_module_8 td_module_wrap\">\n<div class=\"item-details\">\n<h3 class=\"entry-title td-module-title\"><a href=\"https:\/\/r3media.ro\/episcopul-husilor-oameni-animale-therieni-degradare-progresism\/\" rel=\"bookmark\" title=\"Episcopul Hu\u0219ilor, despre oamenii care se cred animale: V\u0103 da\u021bi seama c\u00e2t\u0103 degradare uman\u0103 este? De ce? Pentru c\u0103 se \u00eencred \u00een progresism\">Episcopul Hu\u0219ilor, despre oamenii care se cred animale: V\u0103 da\u021bi seama c\u00e2t\u0103 degradare uman\u0103&#8230;<\/a><\/h3>\n<div class=\"td-module-meta-info\"><a href=\"https:\/\/r3media.ro\/category\/actualitate\/\" class=\"td-post-category\">ACTUALITATE<\/a><span class=\"td-post-author-name\"><a href=\"https:\/\/r3media.ro\/author\/radu_ursan\/\">Radu Ursan<\/a><span>&#8211;<\/span><\/span><span class=\"td-post-date\"><time class=\"entry-date updated td-module-date\" datetime=\"2026-07-21T19:30:46+03:00\">21\/07\/2026<\/time><\/span><\/div>\n<\/div>\n<\/div>\n<\/div>\n<div class=\"td-block-span6\">\n<div class=\"td_module_8 td_module_wrap\">\n<div class=\"item-details\">\n<h3 class=\"entry-title td-module-title\"><a href=\"https:\/\/r3media.ro\/video-cult-femeie-dumnezeu-mama-romania\/\" rel=\"bookmark\" title=\"VIDEO | Un cult care consider\u0103 o femeie coreean\u0103 drept \u201eDumnezeu Mama\u201d face prozeli\u021bi \u00een Rom\u00e2nia\">VIDEO | Un cult care consider\u0103 o femeie coreean\u0103 drept \u201eDumnezeu Mama\u201d face prozeli\u021bi&#8230;<\/a><\/h3>\n<div class=\"td-module-meta-info\"><a href=\"https:\/\/r3media.ro\/category\/actualitate\/\" class=\"td-post-category\">ACTUALITATE<\/a><span class=\"td-post-author-name\"><a href=\"https:\/\/r3media.ro\/author\/redactia\/\">Redac\u021bia<\/a><span>&#8211;<\/span><\/span><span class=\"td-post-date\"><time class=\"entry-date updated td-module-date\" datetime=\"2026-07-21T11:14:08+03:00\">21\/07\/2026<\/time><\/span><\/div>\n<\/div>\n<\/div>\n<\/div>\n<\/div>\n<\/div>\n<div class=\"td-load-more-wrap td-load-more-infinite-wrap\" id=\"infinite-lm-tdi_20\"><a href=\"https:\/\/r3media.ro\/burkina-faso-creste-rezerve-de-aur-romania-londra-tara-africa-control-stat-resurse-minerale-strategice\/\" class=\"td_ajax_load_more td_ajax_load_more_js\" aria-label=\"\u00cenc\u0103rca\u021bi mai multe\" id=\"next-page-tdi_20\" data-td_block_id=\"tdi_20\">\u00cenc\u0103rca\u021bi mai multe<\/a><\/div>\n<\/div>\n<div class=\"td_block_wrap tdb_single_comments tdi_21 tdb-comm-layout2 td-pb-border-top td_block_template_1\" data-td-block-uid=\"tdi_21\">\n<div class=\"tdb-block-inner td-fix-index\">\n<div class=\"comments\" id=\"comments\">\n<div id=\"respond\" class=\"comment-respond\">\n<h3 id=\"reply-title\" class=\"comment-reply-title\">AI CEVA DE SPUS? <small><a rel=\"nofollow\" id=\"cancel-comment-reply-link\" href=\"https:\/\/r3media.ro\/burkina-faso-creste-rezerve-de-aur-romania-londra-tara-africa-control-stat-resurse-minerale-strategice\/#respond\">Renun\u021ba\u021bi la r\u0103spuns<\/a><\/small><\/h3>\n<div class=\"comment-form-input-wrap td-form-comment\">\n<div class=\"td-warning-comment\">V\u0103 rug\u0103m s\u0103 introduce\u021bi comentariul dvs.!<\/div>\n<\/div>\n<div class=\"comment-form-input-wrap td-form-author\">\n<div class=\"td-warning-author\">Introduce\u021bi aici numele dvs.<\/div>\n<\/div>\n<div class=\"comment-form-input-wrap td-form-email\">\n<div class=\"td-warning-email-error\">A\u021bi introdus o adres\u0103 de e-mail incorect\u0103!<\/div>\n<div class=\"td-warning-email\">V\u0103 rug\u0103m s\u0103 introduce\u021bi adresa dvs. de e-mail aici<\/div>\n<\/div>\n<\/div>\n<\/div>\n<\/div>\n<\/div>\n<\/div>\n<\/div>\n<div class=\"vc_column tdi_23  wpb_column vc_column_container tdc-column td-pb-span4 td-is-sticky\">\n<div class=\"wpb_wrapper\" data-sticky-enabled-on=\"W3RydWUsdHJ1ZSx0cnVlLHRydWVd\" data-sticky-offset=\"20\" data-sticky-is-width-auto=\"W2ZhbHNlLGZhbHNlLGZhbHNlLGZhbHNlXQ==\">\n<div class=\"wpb_wrapper td_block_wrap vc_widget_sidebar tdi_25 \">\n<div class=\"td_block_wrap td_block_7 td_block_widget tdi_26 td-pb-border-top td_block_template_1 td-column-1 td_block_padding\" data-td-block-uid=\"tdi_26\">\n<div class=\"td-block-title-wrap\">\n<h4 class=\"block-title td-block-title\"><span class=\"td-pulldown-size\">Articole RELA\u021aIONATE<\/span><\/h4>\n<\/div>\n<div id=\"tdi_26\" class=\"td_block_inner\">\n<div class=\"td-block-span12\">\n<div class=\"td_module_6 td_module_wrap td-animation-stack\">\n<div class=\"td-module-thumb\"><a href=\"https:\/\/r3media.ro\/pretul-motorinei\/\" rel=\"bookmark\" class=\"td-image-wrap \" title=\"Pre\u021bul motorinei se apropie de 10,20 lei\/litru. Ce se \u00eent\u00e2mpl\u0103 la pomp\u0103 \u00een aceast\u0103 s\u0103pt\u0103m\u00e2n\u0103\"><img loading=\"lazy\" decoding=\"async\" class=\"entry-thumb\" src=\"https:\/\/r3media.ro\/wp-content\/uploads\/2022\/09\/masina-la-pompa-e1664128776559-100x70.jpg\" alt title=\"Pre\u021bul motorinei se apropie de 10,20 lei\/litru. Ce se \u00eent\u00e2mpl\u0103 la pomp\u0103 \u00een aceast\u0103 s\u0103pt\u0103m\u00e2n\u0103\" width=\"100\" height=\"70\"><\/a><\/div>\n<div class=\"item-details\">\n<h3 class=\"entry-title td-module-title\"><a href=\"https:\/\/r3media.ro\/pretul-motorinei\/\" rel=\"bookmark\" title=\"Pre\u021bul motorinei se apropie de 10,20 lei\/litru. Ce se \u00eent\u00e2mpl\u0103 la pomp\u0103 \u00een aceast\u0103 s\u0103pt\u0103m\u00e2n\u0103\">Pre\u021bul motorinei se apropie de 10,20 lei\/litru. Ce se \u00eent\u00e2mpl\u0103 la&#8230;<\/a><\/h3>\n<div class=\"td-module-meta-info\"><span class=\"td-post-date\"><time class=\"entry-date updated td-module-date\" datetime=\"2026-07-29T11:54:15+03:00\">29\/07\/2026<\/time><\/span><\/div>\n<\/div>\n<\/div>\n<\/div>\n<div class=\"td-block-span12\">\n<div class=\"td_module_6 td_module_wrap td-animation-stack\">\n<div class=\"td-module-thumb\"><a href=\"https:\/\/r3media.ro\/jonathan-pageau-crestinii-nu-pot-fi-capitalisti-puri\/\" rel=\"bookmark\" class=\"td-image-wrap \" title=\"Jonathan Pageau: Cre\u0219tinii nu pot fi capitali\u0219ti puri\"><img loading=\"lazy\" decoding=\"async\" class=\"entry-thumb\" src=\"https:\/\/r3media.ro\/wp-content\/uploads\/2026\/07\/pageau-capitalism-crestinism-100x70.jpg\" alt title=\"Jonathan Pageau: Cre\u0219tinii nu pot fi capitali\u0219ti puri\" width=\"100\" height=\"70\"><\/a><\/div>\n<div class=\"item-details\">\n<h3 class=\"entry-title td-module-title\"><a href=\"https:\/\/r3media.ro\/jonathan-pageau-crestinii-nu-pot-fi-capitalisti-puri\/\" rel=\"bookmark\" title=\"Jonathan Pageau: Cre\u0219tinii nu pot fi capitali\u0219ti puri\">Jonathan Pageau: Cre\u0219tinii nu pot fi capitali\u0219ti puri<\/a><\/h3>\n<div class=\"td-module-meta-info\"><span class=\"td-post-date\"><time class=\"entry-date updated td-module-date\" datetime=\"2026-07-29T11:33:14+03:00\">29\/07\/2026<\/time><\/span><\/div>\n<\/div>\n<\/div>\n<\/div>\n<div class=\"td-block-span12\">\n<div class=\"td_module_6 td_module_wrap td-animation-stack\">\n<div class=\"td-module-thumb\"><a href=\"https:\/\/r3media.ro\/adrian-cioroianu-adrian-paunescu-flacara-secol-xx\/\" rel=\"bookmark\" class=\"td-image-wrap \" title=\"Adrian Cioroianu despre Adrian P\u0103unescu: \u00cen el s-a str\u00eens ceva din flac\u0103ra \u015fi din melancolia unei jum\u0103t\u0103\u0163i de secol XX\"><img loading=\"lazy\" decoding=\"async\" class=\"entry-thumb\" src=\"https:\/\/r3media.ro\/wp-content\/uploads\/2026\/07\/adrian-paunescu-adrian-cioroianu-100x70.png\" alt title=\"Adrian Cioroianu despre Adrian P\u0103unescu: \u00cen el s-a str\u00eens ceva din flac\u0103ra \u015fi din melancolia unei jum\u0103t\u0103\u0163i de secol XX\" width=\"100\" height=\"70\"><\/a><\/div>\n<div class=\"item-details\">\n<h3 class=\"entry-title td-module-title\"><a href=\"https:\/\/r3media.ro\/adrian-cioroianu-adrian-paunescu-flacara-secol-xx\/\" rel=\"bookmark\" title=\"Adrian Cioroianu despre Adrian P\u0103unescu: \u00cen el s-a str\u00eens ceva din flac\u0103ra \u015fi din melancolia unei jum\u0103t\u0103\u0163i de secol XX\">Adrian Cioroianu despre Adrian P\u0103unescu: \u00cen el s-a str\u00eens ceva din&#8230;<\/a><\/h3>\n<div class=\"td-module-meta-info\"><span class=\"td-post-date\"><time class=\"entry-date updated td-module-date\" datetime=\"2026-07-29T10:14:52+03:00\">29\/07\/2026<\/time><\/span><\/div>\n<\/div>\n<\/div>\n<\/div>\n<div class=\"td-block-span12\">\n<div class=\"td_module_6 td_module_wrap td-animation-stack\">\n<div class=\"td-module-thumb\"><a href=\"https:\/\/r3media.ro\/europarlamentarul-gheorghe-piperea-psd-pnl-usr-udmr-sunt-de-fapt-pro-ucraineni-noi-preferam-sa-fim-pro-romani\/\" rel=\"bookmark\" class=\"td-image-wrap \" title=\"Europarlamentarul Gheorghe Piperea: PSD-PNL-USR-UDMR sunt de fapt, pro-ucraineni. Noi prefer\u0103m s\u0103 fim pro-rom\u00e2ni\"><img loading=\"lazy\" decoding=\"async\" class=\"entry-thumb\" src=\"https:\/\/r3media.ro\/wp-content\/uploads\/2020\/11\/piperea-2-e1611410431192-100x70.jpg\" alt title=\"Europarlamentarul Gheorghe Piperea: PSD-PNL-USR-UDMR sunt de fapt, pro-ucraineni. Noi prefer\u0103m s\u0103 fim pro-rom\u00e2ni\" width=\"100\" height=\"70\"><\/a><\/div>\n<div class=\"item-details\">\n<h3 class=\"entry-title td-module-title\"><a href=\"https:\/\/r3media.ro\/europarlamentarul-gheorghe-piperea-psd-pnl-usr-udmr-sunt-de-fapt-pro-ucraineni-noi-preferam-sa-fim-pro-romani\/\" rel=\"bookmark\" title=\"Europarlamentarul Gheorghe Piperea: PSD-PNL-USR-UDMR sunt de fapt, pro-ucraineni. Noi prefer\u0103m s\u0103 fim pro-rom\u00e2ni\">Europarlamentarul Gheorghe Piperea: PSD-PNL-USR-UDMR sunt de fapt, pro-ucraineni. Noi prefer\u0103m s\u0103&#8230;<\/a><\/h3>\n<div class=\"td-module-meta-info\"><span class=\"td-post-date\"><time class=\"entry-date updated td-module-date\" datetime=\"2026-07-29T08:43:38+03:00\">29\/07\/2026<\/time><\/span><\/div>\n<\/div>\n<\/div>\n<\/div>\n<div class=\"td-block-span12\">\n<div class=\"td_module_6 td_module_wrap td-animation-stack\">\n<div class=\"td-module-thumb\"><a href=\"https:\/\/r3media.ro\/steinhardt-caragiale-si-sufletul-romanesc\/\" rel=\"bookmark\" class=\"td-image-wrap \" title=\"Steinhardt, Caragiale \u015fi sufletul rom\u00e2nesc\"><img loading=\"lazy\" decoding=\"async\" class=\"entry-thumb\" src=\"https:\/\/r3media.ro\/wp-content\/uploads\/2026\/07\/N-Steinhardt-100x70.jpg\" alt title=\"Steinhardt, Caragiale \u015fi sufletul rom\u00e2nesc\" width=\"100\" height=\"70\"><\/a><\/div>\n<div class=\"item-details\">\n<h3 class=\"entry-title td-module-title\"><a href=\"https:\/\/r3media.ro\/steinhardt-caragiale-si-sufletul-romanesc\/\" rel=\"bookmark\" title=\"Steinhardt, Caragiale \u015fi sufletul rom\u00e2nesc\">Steinhardt, Caragiale \u015fi sufletul rom\u00e2nesc<\/a><\/h3>\n<div class=\"td-module-meta-info\"><span class=\"td-post-date\"><time class=\"entry-date updated td-module-date\" datetime=\"2026-07-29T08:33:02+03:00\">29\/07\/2026<\/time><\/span><\/div>\n<\/div>\n<\/div>\n<\/div>\n<div class=\"td-block-span12\">\n<div class=\"td_module_6 td_module_wrap td-animation-stack\">\n<div class=\"td-module-thumb\"><a href=\"https:\/\/r3media.ro\/29-iulie-nasterea-nicolae-steinhardt-monahul-de-la-rohia-iustinian-chira\/\" rel=\"bookmark\" class=\"td-image-wrap \" title=\"Calendarul zilei 29 iulie: Na\u0219terea lui Nicolae Steinhardt, monahul de la Rohia. Evocarea \u00cePS Justinian Chira | VIDEO\"><img loading=\"lazy\" decoding=\"async\" class=\"entry-thumb\" src=\"https:\/\/r3media.ro\/wp-content\/uploads\/2021\/07\/parintele_nicolae_steinhardt-100x70.jpg\" alt title=\"Calendarul zilei 29 iulie: Na\u0219terea lui Nicolae Steinhardt, monahul de la Rohia. Evocarea \u00cePS Justinian Chira | VIDEO\" width=\"100\" height=\"70\"><\/a><\/div>\n<div class=\"item-details\">\n<h3 class=\"entry-title td-module-title\"><a href=\"https:\/\/r3media.ro\/29-iulie-nasterea-nicolae-steinhardt-monahul-de-la-rohia-iustinian-chira\/\" rel=\"bookmark\" title=\"Calendarul zilei 29 iulie: Na\u0219terea lui Nicolae Steinhardt, monahul de la Rohia. Evocarea \u00cePS Justinian Chira | VIDEO\">Calendarul zilei 29 iulie: Na\u0219terea lui Nicolae Steinhardt, monahul de la&#8230;<\/a><\/h3>\n<div class=\"td-module-meta-info\"><span class=\"td-post-date\"><time class=\"entry-date updated td-module-date\" datetime=\"2026-07-28T21:40:29+03:00\">28\/07\/2026<\/time><\/span><\/div>\n<\/div>\n<\/div>\n<\/div>\n<div class=\"td-block-span12\">\n<div class=\"td_module_6 td_module_wrap td-animation-stack\">\n<div class=\"td-module-thumb\"><a href=\"https:\/\/r3media.ro\/29-iulie-ziua-imnului-national\/\" rel=\"bookmark\" class=\"td-image-wrap \" title=\"Calendarul zilei: 29 iulie, Ziua Imnului Na\u021bional\"><img loading=\"lazy\" decoding=\"async\" class=\"entry-thumb\" src=\"https:\/\/r3media.ro\/wp-content\/uploads\/2021\/07\/maxresdefault-13-100x70.jpg\" alt title=\"Calendarul zilei: 29 iulie, Ziua Imnului Na\u021bional\" width=\"100\" height=\"70\"><\/a><\/div>\n<div class=\"item-details\">\n<h3 class=\"entry-title td-module-title\"><a href=\"https:\/\/r3media.ro\/29-iulie-ziua-imnului-national\/\" rel=\"bookmark\" title=\"Calendarul zilei: 29 iulie, Ziua Imnului Na\u021bional\">Calendarul zilei: 29 iulie, Ziua Imnului Na\u021bional<\/a><\/h3>\n<div class=\"td-module-meta-info\"><span class=\"td-post-date\"><time class=\"entry-date updated td-module-date\" datetime=\"2026-07-28T21:20:53+03:00\">28\/07\/2026<\/time><\/span><\/div>\n<\/div>\n<\/div>\n<\/div>\n<\/div>\n<\/div>\n<aside class=\"td_block_template_1 widget widget_recent_comments\">\n<h4 class=\"block-title\"><span>INTR\u0102 \u00ceN DISCU\u021aIE!<\/span><\/h4>\n<ul id=\"recentcomments\">\n<li class=\"recentcomments\"><span class=\"comment-author-link\">Pav\u0103l \u0218tefan<\/span> la <a href=\"https:\/\/r3media.ro\/film-nou-stapanul-inelelor-corect-politic-regizor-andy-serkis-diversitate-tolkien-mitologie-nordica\/#comment-40327\">Noul film \u201eSt\u0103p\u00e2nul Inelelor\u201d nu va fi corect politic. Regizorul Andy Serkis: J.R.R. Tolkien a fost influen\u021bat de mitologia nordic\u0103. Nu vrem o distribu\u021bie de dragul de a bifa c\u0103su\u021be<\/a><\/li>\n<li class=\"recentcomments\"><span class=\"comment-author-link\">Nicu<\/span> la <a href=\"https:\/\/r3media.ro\/avioane-americane-bulgaria-energie-radev-sua\/#comment-40326\">Avioane americane la Bezmer, la schimb cu avantaje \u00een zona energetic\u0103 pentru Bulgaria: ce a ob\u021binut guvernul Radev de la SUA<\/a><\/li>\n<li class=\"recentcomments\"><span class=\"comment-author-link\">Constantin<\/span> la <a href=\"https:\/\/r3media.ro\/prima-oara-istorie-presedintia-document-primplan-patriotism-european\/#comment-40325\">Pentru prima oar\u0103 \u00een istorie, Pre\u0219edin\u021bia Rom\u00e2niei emite un document care pune pe primul plan o alt\u0103 entitate dec\u00e2t \u021bara noastr\u0103: patriotismul european<\/a><\/li>\n<li class=\"recentcomments\"><span class=\"comment-author-link\">Constantin<\/span> la <a href=\"https:\/\/r3media.ro\/statul-roman-a-semnat-actul-propriei-disparitii\/#comment-40324\">Statul rom\u00e2n a semnat actul propriei dispari\u021bii?<\/a><\/li>\n<li class=\"recentcomments\"><span class=\"comment-author-link\">Nicu<\/span> la <a href=\"https:\/\/r3media.ro\/statul-roman-a-semnat-actul-propriei-disparitii\/#comment-40323\">Statul rom\u00e2n a semnat actul propriei dispari\u021bii?<\/a><\/li>\n<li class=\"recentcomments\"><span class=\"comment-author-link\">Nicu<\/span> la <a href=\"https:\/\/r3media.ro\/dan-dungaciu-patriotism-european-natiunea-identitatea-europeana\/#comment-40322\">Prof. Dan Dungaciu despre raportul privind \u201epatriotismul european\u201d emis de la Cotroceni: Dac\u0103 na\u021biunea e un construct, atunci \u201eidentitatea european\u0103\u201d ce este?<\/a><\/li>\n<li class=\"recentcomments\"><span class=\"comment-author-link\">boiu<\/span> la <a href=\"https:\/\/r3media.ro\/rusia-romania-drona-ambasador-moscova-porturi-dunare\/#comment-40321\">Rusia, avertizat\u0103 de Rom\u00e2nia dup\u0103 incidentele cu drona. Ambasadorul Moscovei acuz\u0103 Bucure\u0219tiul c\u0103 folose\u0219te porturile de la Dun\u0103re pentru a transporta arme \u00een Ucraina<\/a><\/li>\n<\/ul>\n<\/aside>\n<aside class=\"td_block_template_1 widget widget_search\">\n<h4 class=\"block-title\"><span>CAUT\u0102 \u0218I VEI G\u0102SI<\/span><\/h4>\n<\/aside>\n<\/div>\n<\/div>\n<\/div>\n<\/div>\n<\/div>\n<\/div>\n<\/div>\n<p><span class=\"td-page-meta\"><\/span><span class=\"td-page-meta\"><span class=\"td-page-meta\"><\/span><\/span><span class=\"td-page-meta\"><\/span><\/article>\n<\/p>\n<div class=\"td_block_wrap tdb_single_content tdi_18 td-pb-border-top td_block_template_1 td-post-content tagdiv-type\" data-td-block-uid=\"tdi_18\">\n<div class=\"tdb-block-inner td-fix-index\">\n<p><strong><a href=\"https:\/\/r3media.ro\/tag\/burkina-faso\/\" target=\"_blank\" rel=\"noopener\">Burkina Faso<\/a> a \u00eenregistrat peste 6 miliarde de dolari \u00een aur prin canale oficiale \u00een prima jum\u0103tate a anului 2026. Guvernul condus de armat\u0103 \u00ee\u0219i intensific\u0103 eforturile de a formaliza mineritul artizanal \u0219i de a \u00een\u0103spri supravegherea statului asupra uneia dintre cele mai mari industrii aurifere din Africa, conform <a href=\"https:\/\/africa.businessinsider.com\/local\/markets\/burkina-faso-records-over-dollar6-billion-worth-of-gold-through-official-channels-in\/cxkh6bq\" target=\"_blank\" rel=\"noopener\">BusinessInsider Africa<\/a>.<\/strong><\/p>\n<p>Actualizarea a fost dezv\u0103luit\u0103 \u00een timpul evalu\u0103rii de la jum\u0103tatea anului a contractului de performan\u021b\u0103 pentru 2026 al ministrului Energiei, Minelor \u0219i Carierelor, Yacouba Zabre Gouba. Ministerul a raportat o rat\u0103 general\u0103 de execu\u021bie de 61,7% la 30 iunie.<\/p>\n<p>Potrivit guvernului, 26 de tone de aur fin au fost produse de minele industriale ale \u021b\u0103rii \u00een primele \u0219ase luni ale anului. \u00cen acela\u0219i timp, Compania Na\u021bional\u0103 a Substan\u021belor Pre\u021bioase (SONASP) a achizi\u021bionat aproximativ 29 de tone de aur de la mineri artizanali \u0219i semi-mecaniza\u021bi. Obiectivul ini\u021bial era de 45 de tone pentru \u00eentregul an. \u00cempreun\u0103, cele dou\u0103 fluxuri reprezint\u0103 peste 55 de tone de aur.<\/p>\n<p>La pre\u021burile actuale de pia\u021b\u0103 de aproximativ 3.400 de dolari pe uncie troy, acest volum valoreaz\u0103 aproximativ 6 miliarde de dolari. Cifrele eviden\u021biaz\u0103, de asemenea, strategia guvernului de a aduce mai mult aur artizanal \u00een economia formal\u0103.<\/p>\n<h2><strong>Burkina Faso \u0219i-a crescut masiv rezervele de aur<\/strong><\/h2>\n<p>\u00a0<\/p>\n<p>\u00cen timp ce companiile miniere industriale \u00ee\u0219i raporteaz\u0103 direct produc\u021bia, aurul provenit de la minerii artizanali \u0219i semi-mecaniza\u021bi este achizi\u021bionat de SONASP. Asta permite statului s\u0103 \u00eembun\u0103t\u0103\u021beasc\u0103 trasabilitatea, s\u0103 limiteze contrabanda, s\u0103 creasc\u0103 rezervele oficiale \u0219i s\u0103 capteze o cot\u0103 mai mare din veniturile miniere.<\/p>\n<p>Aceast\u0103 abordare dual\u0103 formeaz\u0103 un pilon central al reformelor miniere mai ample din Burkina Faso. Ele vizeaz\u0103 consolidarea particip\u0103rii statului \u00een acest sector. \u00cen acela\u0219i timp, promoveaz\u0103 o mai mare transparen\u021b\u0103 at\u00e2t \u00een \u200b\u200bproduc\u021bia industrial\u0103, c\u00e2t \u0219i \u00een cea la scar\u0103 mic\u0103.<\/p>\n<p>Autorit\u0103\u021bile au declarat c\u0103 au \u00eenfiin\u021bat nou\u0103 cooperative miniere artizanale \u00een diferite regiuni. Totodat\u0103, au delimitat patru coridoare miniere artizanale pentru a \u00eembun\u0103t\u0103\u021bi coexisten\u021ba activit\u0103\u021bilor miniere industriale \u0219i la scar\u0103 mic\u0103.<\/p>\n<p>Autorit\u0103\u021bile continu\u0103 de asemnea lucr\u0103rile pentru \u00eembun\u0103t\u0103\u021birea cuno\u0219tin\u021belor geologice despre resursele minerale din Burkina Faso.\u00a0Reformele fac parte dintr-o strategie mai ampl\u0103 a guvernului militar de a cre\u0219te controlul statului asupra resurselor minerale strategice. Totodat\u0103, Guvernul vrea s\u0103 reduc\u0103 contrabanda \u0219i s\u0103 asigure c\u0103 o pondere mai mare din veniturile miniere r\u0103m\u00e2ne \u00een \u021bar\u0103.<\/p>\n<h2><strong>Burkina Faso se dezvolt\u0103 \u0219i \u00een alte secotare<\/strong><\/h2>\n<p>\u00a0<\/p>\n<p>Dincolo de minerit, guvernul a declarat c\u0103 a extins infrastructura de generare \u0219i distribu\u021bie a energiei electrice. Patru centrale electrice \u2013 trei dintre ele termice \u2013 au fost finalizate \u00een prima jum\u0103tate a anului. Astfel, a fost ad\u0103ugat\u0103 o capacitate de generare total\u0103 de 126,4 megawa\u021bi. Autorit\u0103\u021bile au finalizat \u0219i construc\u021bia centralei solare Zagtouli, de 17 megawa\u021bi. Centralele electrice Komsilga \u0219i Donsin sunt aproape de finalizare.<\/p>\n<p>Evolu\u021biile survin \u00een contextul \u00een care Burkina Faso \u00eencearc\u0103 s\u0103 \u00ee\u0219i consolideze at\u00e2t securitatea energetic\u0103, c\u00e2t \u0219i sectorul minier, doi piloni pe care guvernul i-a identificat ca fiind esen\u021biali pentru atingerea unei suveranit\u0103\u021bi economice sporite, pe fondul provoc\u0103rilor persistente de securitate \u0219i al unui peisaj geopolitic \u00een schimbare \u00een Sahel.<\/p>\n<h2><strong>\u0218i alte \u021b\u0103ri au cump\u0103rat masiv aur ori \u0219i-au repatriat rezervele<\/strong><\/h2>\n<p>\u00a0<\/p>\n<p>Banca Central\u0103 a Serbiei a decis s\u0103 transfere pe teritoriul s\u0103u<strong><a href=\"https:\/\/r3media.ro\/serbia-readuce-tara-intreaga-rezerva-de-aur\/\" target=\"_blank\" rel=\"noopener\">toate rezervele de aur ale \u021b\u0103rii<\/a><\/strong>. Acestea valoreaz\u0103 aproximativ 6 miliarde de dolari. Scopul deciziei este garantarea siguran\u021bei rezervelor \u00een perioade de criz\u0103.<\/p>\n<p>\u201ePrin returnarea aurului \u00een \u021bar\u0103, Banca Na\u021bional\u0103 a Serbiei a urm\u0103rit s\u0103 creasc\u0103 disponibilitatea \u0219i securitatea rezervelor de aur \u00een perioade de criz\u0103 \u0219i incertitudine\u201d, a declarat Banca Central\u0103 ca r\u0103spuns la \u00eentreb\u0103rile relevante.<\/p>\n<p>Eforturile de recuperare a aurului au \u00eenceput \u00een 2021 pe fondul \u201eincertitudinii globale sporite\u201d.<\/p>\n<p>Serbia va deveni prima \u021bar\u0103 est-european\u0103 care nu \u00ee\u0219i va depozita lingourile \u00een centre precum Elve\u021bia, Regatul Unit \u0219i SUA.<\/p>\n<p>\u00cenc\u0103 din 2020, Ungaria \u0219i-a <strong><a href=\"https:\/\/r3media.ro\/ungaria-si-a-repatriat-toata-rezerva-de-aur-si-olanda-germania-si-austria-si-au-adus-acasa-o-parte-din-aur\/\" target=\"_blank\" rel=\"noopener\">repatriat toat\u0103 rezerva de aur<\/a><\/strong>. De asemenea, Banca Central\u0103 polonez\u0103 a decis s\u0103 continue <strong><a href=\"https:\/\/r3media.ro\/polonia-tara-cumpara-aur-rezerve-banca-angliei-independenta-germania-control-varsovia\/\" target=\"_blank\" rel=\"noopener\">cre\u0219terea rezervelor sale de aur<\/a><\/strong> la 700 de tone. Cantitatea de aur dep\u0103\u0219e\u0219te deja pe cea de la Banca Central\u0103 European\u0103 \u0219i de la Banca Angliei<\/p>\n<p>\u00centre timp, mai mult de jum\u0103tate din rezerva de aur a B\u0103ncii Na\u0163ionale a Rom\u00e2niei este depozitat\u0103 \u00een afara grani\u0163elor \u0163\u0103rii, \u00een principal la Londra.<\/p>\n<div class=\"crp_related     crp-masonry\">\n<h2>\u00ceN CONTEXT<\/h2>\n<ul>\n<li><a href=\"https:\/\/r3media.ro\/fara-tine-in-google-r3media-dispare-iata-ce-poti-face-in-10-secunde\/\" class=\"crp_link post-119031\"><span class=\"crp_title\">F\u0103r\u0103 tine \u00een Google, R3media dispare. Iat\u0103 ce po\u021bi face \u00een 10 secunde<\/span><\/a><\/li>\n<\/ul>\n<\/div>\n<\/div>\n<\/div>\n<p>[analyse_source url=&#8221;https:\/\/r3media.ro\/burkina-faso-creste-rezerve-de-aur-romania-londra-tara-africa-control-stat-resurse-minerale-strategice\/&#8221;]<\/p>\n","protected":false},"excerpt":{"rendered":"<p>[analyse_image type=&#8221;featured&#8221; src=&#8221;https:\/\/r3media.ro\/wp-content\/uploads\/2026\/07\/lingouri-de-aur-scaled-e1785313737826.jpghttps:\/\/r3media.ro\/wp-content\/uploads\/2026\/07\/lingouri-de-aur-scaled-e1785313737826.jpg&#8221;] PRIM PLANBurkina Faso \u0219i-a crescut masiv rezervele de aur. \u00cen timp ce Rom\u00e2nia&#8230; PRIM PLAN\u0218TIRI Burkina Faso \u0219i-a crescut masiv rezervele de aur. \u00cen timp ce Rom\u00e2nia \u00ee\u0219i \u021bine aurul la Londra, \u021bara african\u0103 vrea un control mai bun al statului asupra resurselor minerale strategice Oana Ivan 29\/07\/2026 Surs\u0103 &#8211; Unsplash Burkina [&hellip;]<\/p>\n","protected":false},"author":1,"featured_media":0,"comment_status":"open","ping_status":"","sticky":false,"template":"","format":"standard","meta":{"footnotes":""},"categories":[89],"tags":[226,93],"class_list":["post-2067028","post","type-post","status-publish","format-standard","hentry","category-romania","tag-crawlmanager","tag-r3media-ro"],"_links":{"self":[{"href":"https:\/\/analyse.optim.biz\/index.php?rest_route=\/wp\/v2\/posts\/2067028","targetHints":{"allow":["GET"]}}],"collection":[{"href":"https:\/\/analyse.optim.biz\/index.php?rest_route=\/wp\/v2\/posts"}],"about":[{"href":"https:\/\/analyse.optim.biz\/index.php?rest_route=\/wp\/v2\/types\/post"}],"author":[{"embeddable":true,"href":"https:\/\/analyse.optim.biz\/index.php?rest_route=\/wp\/v2\/users\/1"}],"replies":[{"embeddable":true,"href":"https:\/\/analyse.optim.biz\/index.php?rest_route=%2Fwp%2Fv2%2Fcomments&post=2067028"}],"version-history":[{"count":0,"href":"https:\/\/analyse.optim.biz\/index.php?rest_route=\/wp\/v2\/posts\/2067028\/revisions"}],"wp:attachment":[{"href":"https:\/\/analyse.optim.biz\/index.php?rest_route=%2Fwp%2Fv2%2Fmedia&parent=2067028"}],"wp:term":[{"taxonomy":"category","embeddable":true,"href":"https:\/\/analyse.optim.biz\/index.php?rest_route=%2Fwp%2Fv2%2Fcategories&post=2067028"},{"taxonomy":"post_tag","embeddable":true,"href":"https:\/\/analyse.optim.biz\/index.php?rest_route=%2Fwp%2Fv2%2Ftags&post=2067028"}],"curies":[{"name":"wp","href":"https:\/\/api.w.org\/{rel}","templated":true}]}}