{"id":2067026,"date":"2026-07-29T08:33:14","date_gmt":"2026-07-29T05:33:14","guid":{"rendered":"https:\/\/analyse.optim.biz\/?p=2067026"},"modified":"2026-07-29T08:33:14","modified_gmt":"2026-07-29T05:33:14","slug":"jonathan-pageau-crestinii-nu-pot-fi-capitalisti-puri","status":"publish","type":"post","link":"https:\/\/analyse.optim.biz\/?p=2067026","title":{"rendered":"Jonathan Pageau: Cre\u0219tinii nu pot fi capitali\u0219ti puri"},"content":{"rendered":"<p>[analyse_image type=&#8221;featured&#8221; src=&#8221;https:\/\/r3media.ro\/wp-content\/uploads\/2026\/07\/pageau-capitalism-crestinism-e1785313983255.jpghttps:\/\/r3media.ro\/wp-content\/uploads\/2026\/07\/pageau-capitalism-crestinism-e1785313983255.jpg&#8221;]<\/p>\n<article id=\"template-id-109\" class=\"post-109 tdb_templates type-tdb_templates status-publish post\">\n<div id=\"tdi_2\" class=\"tdc-zone\">\n<div class=\"tdc_zone tdi_3  wpb_row td-pb-row\">\n<div id=\"tdi_4\" class=\"tdc-row\">\n<div class=\"vc_row tdi_5  wpb_row td-pb-row\">\n<div class=\"vc_column tdi_7  wpb_column vc_column_container tdc-column td-pb-span8\">\n<div class=\"wpb_wrapper\">\n<div class=\"td_block_wrap tdb_breadcrumbs tdi_8 td-pb-border-top td_block_template_1 tdb-breadcrumbs \" data-td-block-uid=\"tdi_8\">\n<div class=\"tdb-block-inner td-fix-index\"><span><a title=\"Vede\u021bi toate articolele \u00een PRIM PLAN\" class=\"tdb-entry-crumb\" href=\"https:\/\/r3media.ro\/category\/stiri-prim-plan\/\">PRIM PLAN<\/a><\/span><span class=\"tdb-bred-no-url-last\">Jonathan Pageau: Cre\u0219tinii nu pot fi capitali\u0219ti puri<\/span><\/div>\n<\/div>\n<div class=\"td_block_wrap tdb_single_categories tdi_9 td-pb-border-top td_block_template_1 \" data-td-block-uid=\"tdi_9\">\n<div class=\"tdb-category td-fix-index\"><a class=\"tdb-entry-category\" href=\"https:\/\/r3media.ro\/category\/stiri-prim-plan\/\">PRIM PLAN<\/a><a class=\"tdb-entry-category\" href=\"https:\/\/r3media.ro\/category\/stiri\/\">\u0218TIRI<\/a><\/div>\n<\/div>\n<div class=\"td_block_wrap tdb_title tdi_10 tdb-single-title td-pb-border-top td_block_template_1\" data-td-block-uid=\"tdi_10\">\n<div class=\"tdb-block-inner td-fix-index\">\n<h1 class=\"tdb-title-text\">Jonathan Pageau: Cre\u0219tinii nu pot fi capitali\u0219ti puri<\/h1>\n<\/div>\n<\/div>\n<div class=\"vc_row_inner tdi_12  vc_row vc_inner wpb_row td-pb-row\">\n<div class=\"vc_column_inner tdi_14  wpb_column vc_column_container tdc-inner-column td-pb-span12\">\n<div class=\"vc_column-inner\">\n<div class=\"wpb_wrapper\">\n<div class=\"td_block_wrap tdb_single_author tdi_15 td-pb-border-top td_block_template_1 tdb-post-meta\" data-td-block-uid=\"tdi_15\">\n<div class=\"tdb-block-inner td-fix-index\">\n<div class=\"tdb-author-name-wrap\"><a class=\"tdb-author-name\" href=\"https:\/\/r3media.ro\/author\/redactia\/\">Redac\u021bia<\/a><\/div>\n<\/div>\n<\/div>\n<div class=\"td_block_wrap tdb_single_date tdi_16 td-pb-border-top td_block_template_1 tdb-post-meta\" data-td-block-uid=\"tdi_16\">\n<div class=\"tdb-block-inner td-fix-index\"><time class=\"entry-date updated td-module-date\" datetime=\"2026-07-29T11:33:14+03:00\">29\/07\/2026<\/time><\/div>\n<\/div>\n<\/div>\n<\/div>\n<\/div>\n<\/div>\n<div class=\"td_block_wrap tdb_single_featured_image tdi_17 tdb-content-horiz-left td-pb-border-top td_block_template_1\" data-td-block-uid=\"tdi_17\">\n<div class=\"tdb-block-inner td-fix-index\">\n<figure><figcaption class=\"tdb-caption-text\">ARC Forum, CC0, via Wikimedia Commons<\/figcaption><\/figure>\n<\/div>\n<\/div>\n<div class=\"td_block_wrap tdb_single_content tdi_18 td-pb-border-top td_block_template_1 td-post-content tagdiv-type\" data-td-block-uid=\"tdi_18\">\n<div class=\"tdb-block-inner td-fix-index\">\n<p><strong>\u201eCre\u0219tinii nu pot fi capitali\u0219ti puri\u201d a spus, recent, Jonathan Pageau, cunoscut simbolist ortodox de limb\u0103 englez\u0103.<\/strong><\/p>\n<p>Potrivit siteului ortodox <a href=\"https:\/\/www.chilieathonita.ro\/2026\/07\/29\/crestinii-nu-pot-fi-capitalisti-puri-jonathan-pageau\/\" target=\"_blank\" rel=\"noopener\">O chilie Athonit\u0103<\/a>, Pageau a explicat c\u0103 alternativa la capitalism nu este autoritarismul sau socialismul.<\/p>\n<p>Din punctul s\u0103u de vedere, cre\u0219tinismul este o \u00eembinare \u00eentre libertatea individual\u0103 \u0219i obliga\u021bia de a-i ajuta pe cei mai n\u0103p\u0103stui\u021bi.<\/p>\n<p>\u201eAdev\u0103rul este c\u0103 \u2013 \u0219i unii se vor sim\u021bi deranja\u021bi de ceea ce urmeaz\u0103 s\u0103 spun \u2013 dar adev\u0103rul este c\u0103 cre\u0219tinismul nu este\u2026 cre\u0219tinii nu trebuie s\u0103 fie pur capitali\u0219ti. La fel, cre\u0219tinismul nu este nici o g\u00e2ndire socialist\u0103 sau comunist\u0103. Nu este. El are ideea de responsabilitate personal\u0103 \u0219i individual\u0103, dar are \u0219i ideea important\u0103 c\u0103 trebuie s\u0103 avem grij\u0103 de v\u0103duv\u0103 \u0219i de cei slabi. Este o \u00eembinare \u00eentre acestea dou\u0103. Ceea ce vedem \u00een Coreea de Nord \u0219i de Sud, \u0219i este important \u2013 vedem asta \u0219i la cre\u0219tinii din Apus.<\/p>\n<p>De altfel, mi s-a \u00eent\u00e2mplat recent ceva. O femeie, o femeie minunat\u0103 pe care o consideram admirabil\u0103, era implicat\u0103 \u00een mai multe proiecte, iar unul dintre ele era finan\u021barea unor documentare \u00een Iran. Aceasta se \u00eent\u00e2mpla cam \u00eenainte de r\u0103zboi, c\u00e2nd r\u0103zboiul era deja la orizont, dar nu \u00eencepuse \u00eenc\u0103. Mi-a povestit cum au finan\u021bat un documentar despre o forma\u021bie punk rock, ceva de tip g\u0103l\u0103gios, \u00een Iran. Era foarte bucuroas\u0103 s\u0103 spun\u0103: \u201eFinan\u021b\u0103m ni\u0219te tineri rebeli, ni\u0219te forma\u021bii g\u0103l\u0103gioase rebele \u00een Iran\u201d. \u0218i aceast\u0103 femeie era cre\u0219tin\u0103.<\/p>\n<p>Nu m-am putut ab\u021bine \u2013 de obicei nu spun astfel de lucruri \u2013, dar am \u00eentrebat-o: \u201e\u0218i cum? Asta vrei pentru Iran? S\u0103 le vopsim curcubee \u0219i s\u0103-i facem ca pe noi? Ca s\u0103 nu mai aib\u0103 copii \u0219i s\u0103 ajung\u0103 degenera\u021bi? Aceasta este r\u0103spunsul t\u0103u la autoritarism \u2013 degenerarea?\u201d<\/p>\n<p>\u0218i America a participat la acest lucru: r\u0103spunsul la autocra\u021bie este pornografia, r\u0103spunsul la autocra\u021bie este Disney \u0219i cultura de consum. \u0218i nu, nu este acesta. Ambele extreme sunt sinuciga\u0219e. Cred c\u0103 cele dou\u0103 Corei sunt exemple clare unde vede\u021bi asta: degenerarea din Coreea de Sud este, \u00een esen\u021b\u0103, sinuciga\u0219\u0103. Ei pur \u0219i simplu nu mai nasc copii \u0219i creeaz\u0103 oameni plini de disperare, iar autocra\u021bia din Coreea de Nord este un co\u0219mar \u00een care oamenii tr\u0103iesc \u00een s\u0103r\u0103cie lucie \u0219i sute de mii de oameni se afl\u0103 \u00een lag\u0103re de munc\u0103. De aceea, cred c\u0103 este un semnal de alarm\u0103 puternic pentru noi. S\u0103 nu credem\u2026 c\u0103 solu\u021bia pentru, de exemplu, \u021b\u0103rile musulmane e s\u0103-i facem ca pe noi. \u201cS\u0103 eliber\u0103m Iranul \u0219i s\u0103-i facem ca noi, ca s\u0103 devin\u0103 degenera\u021bi \u0219i s\u0103 nu mai aib\u0103 copii.\u201d \u0218i c\u0103 ei, \u0219tii, e ca \u0219i cum\u2026<\/p>\n<p>Nu sunt sigur c\u0103 asta e solu\u021bia, \u0219ti\u021bi? Nu sunt un admirator al islamismului \u0219i al autocra\u021biei, dar nu sunt sigur c\u0103 a-i face ca noi este solu\u021bia la asta. A\u0219a c\u0103, da, asta e p\u0103rerea mea despre chestiunea asta. Asta e p\u0103rerea mea despre asta\u201d, a spus Pageau.<\/p>\n<div class=\"crp_related     crp-masonry\">\n<h2>\u00ceN CONTEXT<\/h2>\n<ul>\n<li><a href=\"https:\/\/r3media.ro\/dati-cezarului-ce-este-al-cezarului\/\" class=\"crp_link post-116013\"><span class=\"crp_title\">Da\u021bi Cezarului ce este al Cezarului<\/span><\/a><\/li>\n<li><a href=\"https:\/\/r3media.ro\/ce-ne-facem-cu-martorii-lui-iehova\/\" class=\"crp_link post-118858\"><span class=\"crp_title\">Ce ne facem cu Martorii lui Iehova?<\/span><\/a><\/li>\n<li><a href=\"https:\/\/r3media.ro\/dreptul-profan-ramas-in-pronuntare\/\" class=\"crp_link post-116403\"><span class=\"crp_title\">Dreptul profan, r\u0103mas \u00een pronun\u021bare<\/span><\/a><\/li>\n<li><a href=\"https:\/\/r3media.ro\/biserici-ortodoxe-statele-unite-ale-americii-atrag-valorui-record-noi-credinciosi\/\" class=\"crp_link post-114257\"><span class=\"crp_title\">Bisericile Ortodoxe din Statele Unite ale Americii atrag valuri record de noi credincio\u0219i:\u2026<\/span><\/a><\/li>\n<li><a href=\"https:\/\/r3media.ro\/mihail-neamtu-africa-uganda\/\" class=\"crp_link post-116242\"><span class=\"crp_title\">Mihail Neam\u021bu, misiune \u00een Africa. Ce a descoperit deputatul \u00een Uganda<\/span><\/a><\/li>\n<li><a href=\"https:\/\/r3media.ro\/tineri-generatia-intoarcere-crestinism-participare-viata-religioasa-marea-britanie-crescut-vertiginos-citire-biblie-obisnuinta\/\" class=\"crp_link post-114762\"><span class=\"crp_title\">Tinerii din Genera\u021bia Z se \u00eentorc masiv la Cre\u0219tinism: Participarea la via\u021ba religioas\u0103 \u00een\u2026<\/span><\/a><\/li>\n<li><a href=\"https:\/\/r3media.ro\/sceptici-scepticism-de-la-sfantul-toma-la-ateul-modern\/\" class=\"crp_link post-115541\"><span class=\"crp_title\">Sceptici, scepticism: de la Sf\u00e2ntul Toma la ateul modern<\/span><\/a><\/li>\n<li><a href=\"https:\/\/r3media.ro\/calendarul-zilei-6-octombrie-petre-tutea\/\" class=\"crp_link post-2891\"><span class=\"crp_title\">Calendarul zilei 6 octombrie | Petre \u021au\u021bea, 123 de ani de la na\u0219tere. 22 de citate\u2026<\/span><\/a><\/li>\n<\/ul>\n<\/div>\n<\/div>\n<\/div>\n<div class=\"td_block_wrap tdb_single_tags tdi_19 td-pb-border-top td_block_template_1\" data-td-block-uid=\"tdi_19\">\n<div class=\"tdb-block-inner td-fix-index\">\n<ul class=\"tdb-tags\">\n<li><span>SUBIECTE FIERBIN\u021aI<\/span><\/li>\n<li><a href=\"https:\/\/r3media.ro\/tag\/capitalism\/\">capitalism<\/a><\/li>\n<li><a href=\"https:\/\/r3media.ro\/tag\/crestinism\/\">crestinism<\/a><\/li>\n<li><a href=\"https:\/\/r3media.ro\/tag\/jonathan-pageau\/\">Jonathan Pageau<\/a><\/li>\n<li><a href=\"https:\/\/r3media.ro\/tag\/ortodoxie\/\">ortodoxie<\/a><\/li>\n<\/ul>\n<\/div>\n<\/div>\n<div class=\"td_block_wrap td_block_9 tdi_20 td_with_ajax_pagination td-pb-border-top td_block_template_1 td-column-2 td_block_padding td_block_bot_line\" data-td-block-uid=\"tdi_20\">\n<div class=\"td-block-title-wrap\">\n<h4 class=\"block-title td-block-title\"><span class=\"td-pulldown-size\">CITE\u0218TE MAI MULT<\/span><\/h4>\n<\/div>\n<div id=\"tdi_20\" class=\"td_block_inner\">\n<div class=\"td-block-row\">\n<div class=\"td-block-span6\">\n<div class=\"td_module_8 td_module_wrap\">\n<div class=\"item-details\">\n<h3 class=\"entry-title td-module-title\"><a href=\"https:\/\/r3media.ro\/cornel-nistorescu-drone-razboi-ucraina\/\" rel=\"bookmark\" title=\"Cornel Nistorescu, dup\u0103 incidentele cu drone: Adie a aer de r\u0103zboi. De mirare c\u0103 dronele ucrainene nu au st\u00e2rnit at\u00e2ta t\u0103r\u0103boi\">Cornel Nistorescu, dup\u0103 incidentele cu drone: Adie a aer de r\u0103zboi. De mirare c\u0103&#8230;<\/a><\/h3>\n<div class=\"td-module-meta-info\"><a href=\"https:\/\/r3media.ro\/category\/actualitate\/\" class=\"td-post-category\">ACTUALITATE<\/a><span class=\"td-post-author-name\"><a href=\"https:\/\/r3media.ro\/author\/radu_ursan\/\">Radu Ursan<\/a><span>&#8211;<\/span><\/span><span class=\"td-post-date\"><time class=\"entry-date updated td-module-date\" datetime=\"2026-07-28T10:21:51+03:00\">28\/07\/2026<\/time><\/span><\/div>\n<\/div>\n<\/div>\n<\/div>\n<div class=\"td-block-span6\">\n<div class=\"td_module_8 td_module_wrap\">\n<div class=\"item-details\">\n<h3 class=\"entry-title td-module-title\"><a href=\"https:\/\/r3media.ro\/bnr-recomanda-romani-rezerve-de-cash-atacuri-cibernetice-numerar-relevant-criza\/\" rel=\"bookmark\" title=\"BNR le recomand\u0103 rom\u00e2nilor s\u0103 p\u0103streze rezerve de cash: Numerarul se poate dovedi relevant \u00een criz\u0103\">BNR le recomand\u0103 rom\u00e2nilor s\u0103 p\u0103streze rezerve de cash: Numerarul se poate dovedi relevant&#8230;<\/a><\/h3>\n<div class=\"td-module-meta-info\"><a href=\"https:\/\/r3media.ro\/category\/actualitate\/\" class=\"td-post-category\">ACTUALITATE<\/a><span class=\"td-post-author-name\"><a href=\"https:\/\/r3media.ro\/author\/oana\/\">Oana Ivan<\/a><span>&#8211;<\/span><\/span><span class=\"td-post-date\"><time class=\"entry-date updated td-module-date\" datetime=\"2026-07-27T13:11:47+03:00\">27\/07\/2026<\/time><\/span><\/div>\n<\/div>\n<\/div>\n<\/div>\n<\/div>\n<div class=\"td-block-row\">\n<div class=\"td-block-span6\">\n<div class=\"td_module_8 td_module_wrap\">\n<div class=\"item-details\">\n<h3 class=\"entry-title td-module-title\"><a href=\"https:\/\/r3media.ro\/statul-roman-a-semnat-actul-propriei-disparitii\/\" rel=\"bookmark\" title=\"Statul rom\u00e2n a semnat actul propriei dispari\u021bii?\">Statul rom\u00e2n a semnat actul propriei dispari\u021bii?<\/a><\/h3>\n<div class=\"td-module-meta-info\"><a href=\"https:\/\/r3media.ro\/category\/opinii\/\" class=\"td-post-category\">OPINII<\/a><span class=\"td-post-author-name\"><a href=\"https:\/\/r3media.ro\/author\/gabipopa\/\">Gabriel Popa<\/a><span>&#8211;<\/span><\/span><span class=\"td-post-date\"><time class=\"entry-date updated td-module-date\" datetime=\"2026-07-27T15:07:05+03:00\">27\/07\/2026<\/time><\/span><\/div>\n<\/div>\n<\/div>\n<\/div>\n<div class=\"td-block-span6\">\n<div class=\"td_module_8 td_module_wrap\">\n<div class=\"item-details\">\n<h3 class=\"entry-title td-module-title\"><a href=\"https:\/\/r3media.ro\/prima-oara-istorie-presedintia-document-primplan-patriotism-european\/\" rel=\"bookmark\" title=\"Pentru prima oar\u0103 \u00een istorie, Pre\u0219edin\u021bia Rom\u00e2niei emite un document care pune pe primul plan o alt\u0103 entitate dec\u00e2t \u021bara noastr\u0103: patriotismul european\">Pentru prima oar\u0103 \u00een istorie, Pre\u0219edin\u021bia Rom\u00e2niei emite un document care pune pe primul&#8230;<\/a><\/h3>\n<div class=\"td-module-meta-info\"><a href=\"https:\/\/r3media.ro\/category\/actualitate\/\" class=\"td-post-category\">ACTUALITATE<\/a><span class=\"td-post-author-name\"><a href=\"https:\/\/r3media.ro\/author\/teodor_stan\/\">Teodor Stan<\/a><span>&#8211;<\/span><\/span><span class=\"td-post-date\"><time class=\"entry-date updated td-module-date\" datetime=\"2026-07-26T11:44:31+03:00\">26\/07\/2026<\/time><\/span><\/div>\n<\/div>\n<\/div>\n<\/div>\n<\/div>\n<div class=\"td-block-row\">\n<div class=\"td-block-span6\">\n<div class=\"td_module_8 td_module_wrap\">\n<div class=\"item-details\">\n<h3 class=\"entry-title td-module-title\"><a href=\"https:\/\/r3media.ro\/film-nou-stapanul-inelelor-corect-politic-regizor-andy-serkis-diversitate-tolkien-mitologie-nordica\/\" rel=\"bookmark\" title=\"Noul film \u201eSt\u0103p\u00e2nul Inelelor\u201d nu va fi corect politic. Regizorul Andy Serkis: J.R.R. Tolkien a fost influen\u021bat de mitologia nordic\u0103. Nu vrem o distribu\u021bie de dragul de a bifa c\u0103su\u021be\">Noul film \u201eSt\u0103p\u00e2nul Inelelor\u201d nu va fi corect politic. Regizorul Andy Serkis: J.R.R. Tolkien&#8230;<\/a><\/h3>\n<div class=\"td-module-meta-info\"><a href=\"https:\/\/r3media.ro\/category\/actualitate\/\" class=\"td-post-category\">ACTUALITATE<\/a><span class=\"td-post-author-name\"><a href=\"https:\/\/r3media.ro\/author\/oana\/\">Oana Ivan<\/a><span>&#8211;<\/span><\/span><span class=\"td-post-date\"><time class=\"entry-date updated td-module-date\" datetime=\"2026-07-26T15:49:31+03:00\">26\/07\/2026<\/time><\/span><\/div>\n<\/div>\n<\/div>\n<\/div>\n<div class=\"td-block-span6\">\n<div class=\"td_module_8 td_module_wrap\">\n<div class=\"item-details\">\n<h3 class=\"entry-title td-module-title\"><a href=\"https:\/\/r3media.ro\/dictatura-forma-suprema-a-democratiei\/\" rel=\"bookmark\" title=\"Dictatura \u2013 forma suprem\u0103 a democra\u021biei\">Dictatura \u2013 forma suprem\u0103 a democra\u021biei<\/a><\/h3>\n<div class=\"td-module-meta-info\"><a href=\"https:\/\/r3media.ro\/category\/opinii\/\" class=\"td-post-category\">OPINII<\/a><span class=\"td-post-author-name\"><a href=\"https:\/\/r3media.ro\/author\/tru\/\">TRU (Traian Ungureanu)<\/a><span>&#8211;<\/span><\/span><span class=\"td-post-date\"><time class=\"entry-date updated td-module-date\" datetime=\"2026-07-25T16:43:11+03:00\">25\/07\/2026<\/time><\/span><\/div>\n<\/div>\n<\/div>\n<\/div>\n<\/div>\n<div class=\"td-block-row\">\n<div class=\"td-block-span6\">\n<div class=\"td_module_8 td_module_wrap\">\n<div class=\"item-details\">\n<h3 class=\"entry-title td-module-title\"><a href=\"https:\/\/r3media.ro\/marea-britanie-apa-inteligenta-artificiala-romania-centru-ai-restrictii-consum-apa\/\" rel=\"bookmark\" title=\"Marea Britanie nu mai are suficient\u0103 ap\u0103 pentru Inteligen\u021ba Artificial\u0103, dar Rom\u00e2nia vrea s\u0103 g\u0103zduiasc\u0103 un centru AI care consum\u0103 c\u00e2t sute de mii de oameni \u0219i impune restric\u021bii la consumul de ap\u0103 al popula\u021biei\">Marea Britanie nu mai are suficient\u0103 ap\u0103 pentru Inteligen\u021ba Artificial\u0103, dar Rom\u00e2nia vrea s\u0103&#8230;<\/a><\/h3>\n<div class=\"td-module-meta-info\"><a href=\"https:\/\/r3media.ro\/category\/actualitate\/\" class=\"td-post-category\">ACTUALITATE<\/a><span class=\"td-post-author-name\"><a href=\"https:\/\/r3media.ro\/author\/radu_ursan\/\">Radu Ursan<\/a><span>&#8211;<\/span><\/span><span class=\"td-post-date\"><time class=\"entry-date updated td-module-date\" datetime=\"2026-07-23T11:44:13+03:00\">23\/07\/2026<\/time><\/span><\/div>\n<\/div>\n<\/div>\n<\/div>\n<div class=\"td-block-span6\">\n<div class=\"td_module_8 td_module_wrap\">\n<div class=\"item-details\">\n<h3 class=\"entry-title td-module-title\"><a href=\"https:\/\/r3media.ro\/campion-olimpic-olaf-tufte-mort-subit-50-ani\/\" rel=\"bookmark\" title=\"Campionul olimpic Olaf Tufte a murit subit la 50 de ani\">Campionul olimpic Olaf Tufte a murit subit la 50 de ani<\/a><\/h3>\n<div class=\"td-module-meta-info\"><a href=\"https:\/\/r3media.ro\/category\/actualitate\/\" class=\"td-post-category\">ACTUALITATE<\/a><span class=\"td-post-author-name\"><a href=\"https:\/\/r3media.ro\/author\/oana\/\">Oana Ivan<\/a><span>&#8211;<\/span><\/span><span class=\"td-post-date\"><time class=\"entry-date updated td-module-date\" datetime=\"2026-07-22T12:11:02+03:00\">22\/07\/2026<\/time><\/span><\/div>\n<\/div>\n<\/div>\n<\/div>\n<\/div>\n<div class=\"td-block-row\">\n<div class=\"td-block-span6\">\n<div class=\"td_module_8 td_module_wrap\">\n<div class=\"item-details\">\n<h3 class=\"entry-title td-module-title\"><a href=\"https:\/\/r3media.ro\/explozie-incendiu-fabrica-kronospan-brasov-video\/\" rel=\"bookmark\" title=\"VIDEO | Explozie urmat\u0103 de un incendiu la fabrica Kronospan din Bra\u0219ov. \u00cen timp ce pompierii \u00eencercau s\u0103 sting\u0103 focul s-a produs o alt\u0103 explozie\">VIDEO | Explozie urmat\u0103 de un incendiu la fabrica Kronospan din Bra\u0219ov. \u00cen timp&#8230;<\/a><\/h3>\n<div class=\"td-module-meta-info\"><a href=\"https:\/\/r3media.ro\/category\/actualitate\/\" class=\"td-post-category\">ACTUALITATE<\/a><span class=\"td-post-author-name\"><a href=\"https:\/\/r3media.ro\/author\/oana\/\">Oana Ivan<\/a><span>&#8211;<\/span><\/span><span class=\"td-post-date\"><time class=\"entry-date updated td-module-date\" datetime=\"2026-07-22T10:01:28+03:00\">22\/07\/2026<\/time><\/span><\/div>\n<\/div>\n<\/div>\n<\/div>\n<div class=\"td-block-span6\">\n<div class=\"td_module_8 td_module_wrap\">\n<div class=\"item-details\">\n<h3 class=\"entry-title td-module-title\"><a href=\"https:\/\/r3media.ro\/asa-incepe-compania-openai-afirma-un-model-de-inteligenta-artificiala-a-atacat-din-proprie-initiativa-sistemele-unei-alte-companii\/\" rel=\"bookmark\" title=\"A\u0219a \u00eencepe? Compania OpenAI afirm\u0103 un model de inteligen\u021b\u0103 artificial\u0103 a ATACAT din proprie ini\u021biativ\u0103 sistemele unei alte companii\">A\u0219a \u00eencepe? Compania OpenAI afirm\u0103 un model de inteligen\u021b\u0103 artificial\u0103 a ATACAT din proprie&#8230;<\/a><\/h3>\n<div class=\"td-module-meta-info\"><a href=\"https:\/\/r3media.ro\/category\/actualitate\/\" class=\"td-post-category\">ACTUALITATE<\/a><span class=\"td-post-author-name\"><a href=\"https:\/\/r3media.ro\/author\/teodor_stan\/\">Teodor Stan<\/a><span>&#8211;<\/span><\/span><span class=\"td-post-date\"><time class=\"entry-date updated td-module-date\" datetime=\"2026-07-22T09:10:53+03:00\">22\/07\/2026<\/time><\/span><\/div>\n<\/div>\n<\/div>\n<\/div>\n<\/div>\n<div class=\"td-block-row\">\n<div class=\"td-block-span6\">\n<div class=\"td_module_8 td_module_wrap\">\n<div class=\"item-details\">\n<h3 class=\"entry-title td-module-title\"><a href=\"https:\/\/r3media.ro\/episcopul-husilor-oameni-animale-therieni-degradare-progresism\/\" rel=\"bookmark\" title=\"Episcopul Hu\u0219ilor, despre oamenii care se cred animale: V\u0103 da\u021bi seama c\u00e2t\u0103 degradare uman\u0103 este? De ce? Pentru c\u0103 se \u00eencred \u00een progresism\">Episcopul Hu\u0219ilor, despre oamenii care se cred animale: V\u0103 da\u021bi seama c\u00e2t\u0103 degradare uman\u0103&#8230;<\/a><\/h3>\n<div class=\"td-module-meta-info\"><a href=\"https:\/\/r3media.ro\/category\/actualitate\/\" class=\"td-post-category\">ACTUALITATE<\/a><span class=\"td-post-author-name\"><a href=\"https:\/\/r3media.ro\/author\/radu_ursan\/\">Radu Ursan<\/a><span>&#8211;<\/span><\/span><span class=\"td-post-date\"><time class=\"entry-date updated td-module-date\" datetime=\"2026-07-21T19:30:46+03:00\">21\/07\/2026<\/time><\/span><\/div>\n<\/div>\n<\/div>\n<\/div>\n<div class=\"td-block-span6\">\n<div class=\"td_module_8 td_module_wrap\">\n<div class=\"item-details\">\n<h3 class=\"entry-title td-module-title\"><a href=\"https:\/\/r3media.ro\/video-cult-femeie-dumnezeu-mama-romania\/\" rel=\"bookmark\" title=\"VIDEO | Un cult care consider\u0103 o femeie coreean\u0103 drept \u201eDumnezeu Mama\u201d face prozeli\u021bi \u00een Rom\u00e2nia\">VIDEO | Un cult care consider\u0103 o femeie coreean\u0103 drept \u201eDumnezeu Mama\u201d face prozeli\u021bi&#8230;<\/a><\/h3>\n<div class=\"td-module-meta-info\"><a href=\"https:\/\/r3media.ro\/category\/actualitate\/\" class=\"td-post-category\">ACTUALITATE<\/a><span class=\"td-post-author-name\"><a href=\"https:\/\/r3media.ro\/author\/redactia\/\">Redac\u021bia<\/a><span>&#8211;<\/span><\/span><span class=\"td-post-date\"><time class=\"entry-date updated td-module-date\" datetime=\"2026-07-21T11:14:08+03:00\">21\/07\/2026<\/time><\/span><\/div>\n<\/div>\n<\/div>\n<\/div>\n<\/div>\n<\/div>\n<div class=\"td-load-more-wrap td-load-more-infinite-wrap\" id=\"infinite-lm-tdi_20\"><a href=\"https:\/\/r3media.ro\/jonathan-pageau-crestinii-nu-pot-fi-capitalisti-puri\/\" class=\"td_ajax_load_more td_ajax_load_more_js\" aria-label=\"\u00cenc\u0103rca\u021bi mai multe\" id=\"next-page-tdi_20\" data-td_block_id=\"tdi_20\">\u00cenc\u0103rca\u021bi mai multe<\/a><\/div>\n<\/div>\n<div class=\"td_block_wrap tdb_single_comments tdi_21 tdb-comm-layout2 td-pb-border-top td_block_template_1\" data-td-block-uid=\"tdi_21\">\n<div class=\"tdb-block-inner td-fix-index\">\n<div class=\"comments\" id=\"comments\">\n<div id=\"respond\" class=\"comment-respond\">\n<h3 id=\"reply-title\" class=\"comment-reply-title\">AI CEVA DE SPUS? <small><a rel=\"nofollow\" id=\"cancel-comment-reply-link\" href=\"https:\/\/r3media.ro\/jonathan-pageau-crestinii-nu-pot-fi-capitalisti-puri\/#respond\">Renun\u021ba\u021bi la r\u0103spuns<\/a><\/small><\/h3>\n<div class=\"comment-form-input-wrap td-form-comment\">\n<div class=\"td-warning-comment\">V\u0103 rug\u0103m s\u0103 introduce\u021bi comentariul dvs.!<\/div>\n<\/div>\n<div class=\"comment-form-input-wrap td-form-author\">\n<div class=\"td-warning-author\">Introduce\u021bi aici numele dvs.<\/div>\n<\/div>\n<div class=\"comment-form-input-wrap td-form-email\">\n<div class=\"td-warning-email-error\">A\u021bi introdus o adres\u0103 de e-mail incorect\u0103!<\/div>\n<div class=\"td-warning-email\">V\u0103 rug\u0103m s\u0103 introduce\u021bi adresa dvs. de e-mail aici<\/div>\n<\/div>\n<\/div>\n<\/div>\n<\/div>\n<\/div>\n<\/div>\n<\/div>\n<div class=\"vc_column tdi_23  wpb_column vc_column_container tdc-column td-pb-span4 td-is-sticky\">\n<div class=\"wpb_wrapper\" data-sticky-enabled-on=\"W3RydWUsdHJ1ZSx0cnVlLHRydWVd\" data-sticky-offset=\"20\" data-sticky-is-width-auto=\"W2ZhbHNlLGZhbHNlLGZhbHNlLGZhbHNlXQ==\">\n<div class=\"wpb_wrapper td_block_wrap vc_widget_sidebar tdi_25 \">\n<div class=\"td_block_wrap td_block_7 td_block_widget tdi_26 td-pb-border-top td_block_template_1 td-column-1 td_block_padding\" data-td-block-uid=\"tdi_26\">\n<div class=\"td-block-title-wrap\">\n<h4 class=\"block-title td-block-title\"><span class=\"td-pulldown-size\">Articole RELA\u021aIONATE<\/span><\/h4>\n<\/div>\n<div id=\"tdi_26\" class=\"td_block_inner\">\n<div class=\"td-block-span12\">\n<div class=\"td_module_6 td_module_wrap td-animation-stack\">\n<div class=\"td-module-thumb\"><a href=\"https:\/\/r3media.ro\/pretul-motorinei\/\" rel=\"bookmark\" class=\"td-image-wrap \" title=\"Pre\u021bul motorinei se apropie de 10,20 lei\/litru. Ce se \u00eent\u00e2mpl\u0103 la pomp\u0103 \u00een aceast\u0103 s\u0103pt\u0103m\u00e2n\u0103\"><img loading=\"lazy\" decoding=\"async\" class=\"entry-thumb\" src=\"https:\/\/r3media.ro\/wp-content\/uploads\/2022\/09\/masina-la-pompa-e1664128776559-100x70.jpg\" alt title=\"Pre\u021bul motorinei se apropie de 10,20 lei\/litru. Ce se \u00eent\u00e2mpl\u0103 la pomp\u0103 \u00een aceast\u0103 s\u0103pt\u0103m\u00e2n\u0103\" width=\"100\" height=\"70\"><\/a><\/div>\n<div class=\"item-details\">\n<h3 class=\"entry-title td-module-title\"><a href=\"https:\/\/r3media.ro\/pretul-motorinei\/\" rel=\"bookmark\" title=\"Pre\u021bul motorinei se apropie de 10,20 lei\/litru. Ce se \u00eent\u00e2mpl\u0103 la pomp\u0103 \u00een aceast\u0103 s\u0103pt\u0103m\u00e2n\u0103\">Pre\u021bul motorinei se apropie de 10,20 lei\/litru. Ce se \u00eent\u00e2mpl\u0103 la&#8230;<\/a><\/h3>\n<div class=\"td-module-meta-info\"><span class=\"td-post-date\"><time class=\"entry-date updated td-module-date\" datetime=\"2026-07-29T11:54:15+03:00\">29\/07\/2026<\/time><\/span><\/div>\n<\/div>\n<\/div>\n<\/div>\n<div class=\"td-block-span12\">\n<div class=\"td_module_6 td_module_wrap td-animation-stack\">\n<div class=\"td-module-thumb\"><a href=\"https:\/\/r3media.ro\/burkina-faso-creste-rezerve-de-aur-romania-londra-tara-africa-control-stat-resurse-minerale-strategice\/\" rel=\"bookmark\" class=\"td-image-wrap \" title=\"Burkina Faso \u0219i-a crescut masiv rezervele de aur. \u00cen timp ce Rom\u00e2nia \u00ee\u0219i \u021bine aurul la Londra, \u021bara african\u0103 vrea un control mai bun al statului asupra resurselor minerale strategice\"><img loading=\"lazy\" decoding=\"async\" class=\"entry-thumb\" src=\"https:\/\/r3media.ro\/wp-content\/uploads\/2026\/07\/lingouri-de-aur-100x70.jpg\" alt title=\"Burkina Faso \u0219i-a crescut masiv rezervele de aur. \u00cen timp ce Rom\u00e2nia \u00ee\u0219i \u021bine aurul la Londra, \u021bara african\u0103 vrea un control mai bun al statului asupra resurselor minerale strategice\" width=\"100\" height=\"70\"><\/a><\/div>\n<div class=\"item-details\">\n<h3 class=\"entry-title td-module-title\"><a href=\"https:\/\/r3media.ro\/burkina-faso-creste-rezerve-de-aur-romania-londra-tara-africa-control-stat-resurse-minerale-strategice\/\" rel=\"bookmark\" title=\"Burkina Faso \u0219i-a crescut masiv rezervele de aur. \u00cen timp ce Rom\u00e2nia \u00ee\u0219i \u021bine aurul la Londra, \u021bara african\u0103 vrea un control mai bun al statului asupra resurselor minerale strategice\">Burkina Faso \u0219i-a crescut masiv rezervele de aur. \u00cen timp ce&#8230;<\/a><\/h3>\n<div class=\"td-module-meta-info\"><span class=\"td-post-date\"><time class=\"entry-date updated td-module-date\" datetime=\"2026-07-29T11:44:09+03:00\">29\/07\/2026<\/time><\/span><\/div>\n<\/div>\n<\/div>\n<\/div>\n<div class=\"td-block-span12\">\n<div class=\"td_module_6 td_module_wrap td-animation-stack\">\n<div class=\"td-module-thumb\"><a href=\"https:\/\/r3media.ro\/adrian-cioroianu-adrian-paunescu-flacara-secol-xx\/\" rel=\"bookmark\" class=\"td-image-wrap \" title=\"Adrian Cioroianu despre Adrian P\u0103unescu: \u00cen el s-a str\u00eens ceva din flac\u0103ra \u015fi din melancolia unei jum\u0103t\u0103\u0163i de secol XX\"><img loading=\"lazy\" decoding=\"async\" class=\"entry-thumb\" src=\"https:\/\/r3media.ro\/wp-content\/uploads\/2026\/07\/adrian-paunescu-adrian-cioroianu-100x70.png\" alt title=\"Adrian Cioroianu despre Adrian P\u0103unescu: \u00cen el s-a str\u00eens ceva din flac\u0103ra \u015fi din melancolia unei jum\u0103t\u0103\u0163i de secol XX\" width=\"100\" height=\"70\"><\/a><\/div>\n<div class=\"item-details\">\n<h3 class=\"entry-title td-module-title\"><a href=\"https:\/\/r3media.ro\/adrian-cioroianu-adrian-paunescu-flacara-secol-xx\/\" rel=\"bookmark\" title=\"Adrian Cioroianu despre Adrian P\u0103unescu: \u00cen el s-a str\u00eens ceva din flac\u0103ra \u015fi din melancolia unei jum\u0103t\u0103\u0163i de secol XX\">Adrian Cioroianu despre Adrian P\u0103unescu: \u00cen el s-a str\u00eens ceva din&#8230;<\/a><\/h3>\n<div class=\"td-module-meta-info\"><span class=\"td-post-date\"><time class=\"entry-date updated td-module-date\" datetime=\"2026-07-29T10:14:52+03:00\">29\/07\/2026<\/time><\/span><\/div>\n<\/div>\n<\/div>\n<\/div>\n<div class=\"td-block-span12\">\n<div class=\"td_module_6 td_module_wrap td-animation-stack\">\n<div class=\"td-module-thumb\"><a href=\"https:\/\/r3media.ro\/europarlamentarul-gheorghe-piperea-psd-pnl-usr-udmr-sunt-de-fapt-pro-ucraineni-noi-preferam-sa-fim-pro-romani\/\" rel=\"bookmark\" class=\"td-image-wrap \" title=\"Europarlamentarul Gheorghe Piperea: PSD-PNL-USR-UDMR sunt de fapt, pro-ucraineni. Noi prefer\u0103m s\u0103 fim pro-rom\u00e2ni\"><img loading=\"lazy\" decoding=\"async\" class=\"entry-thumb\" src=\"https:\/\/r3media.ro\/wp-content\/uploads\/2020\/11\/piperea-2-e1611410431192-100x70.jpg\" alt title=\"Europarlamentarul Gheorghe Piperea: PSD-PNL-USR-UDMR sunt de fapt, pro-ucraineni. Noi prefer\u0103m s\u0103 fim pro-rom\u00e2ni\" width=\"100\" height=\"70\"><\/a><\/div>\n<div class=\"item-details\">\n<h3 class=\"entry-title td-module-title\"><a href=\"https:\/\/r3media.ro\/europarlamentarul-gheorghe-piperea-psd-pnl-usr-udmr-sunt-de-fapt-pro-ucraineni-noi-preferam-sa-fim-pro-romani\/\" rel=\"bookmark\" title=\"Europarlamentarul Gheorghe Piperea: PSD-PNL-USR-UDMR sunt de fapt, pro-ucraineni. Noi prefer\u0103m s\u0103 fim pro-rom\u00e2ni\">Europarlamentarul Gheorghe Piperea: PSD-PNL-USR-UDMR sunt de fapt, pro-ucraineni. Noi prefer\u0103m s\u0103&#8230;<\/a><\/h3>\n<div class=\"td-module-meta-info\"><span class=\"td-post-date\"><time class=\"entry-date updated td-module-date\" datetime=\"2026-07-29T08:43:38+03:00\">29\/07\/2026<\/time><\/span><\/div>\n<\/div>\n<\/div>\n<\/div>\n<div class=\"td-block-span12\">\n<div class=\"td_module_6 td_module_wrap td-animation-stack\">\n<div class=\"td-module-thumb\"><a href=\"https:\/\/r3media.ro\/steinhardt-caragiale-si-sufletul-romanesc\/\" rel=\"bookmark\" class=\"td-image-wrap \" title=\"Steinhardt, Caragiale \u015fi sufletul rom\u00e2nesc\"><img loading=\"lazy\" decoding=\"async\" class=\"entry-thumb\" src=\"https:\/\/r3media.ro\/wp-content\/uploads\/2026\/07\/N-Steinhardt-100x70.jpg\" alt title=\"Steinhardt, Caragiale \u015fi sufletul rom\u00e2nesc\" width=\"100\" height=\"70\"><\/a><\/div>\n<div class=\"item-details\">\n<h3 class=\"entry-title td-module-title\"><a href=\"https:\/\/r3media.ro\/steinhardt-caragiale-si-sufletul-romanesc\/\" rel=\"bookmark\" title=\"Steinhardt, Caragiale \u015fi sufletul rom\u00e2nesc\">Steinhardt, Caragiale \u015fi sufletul rom\u00e2nesc<\/a><\/h3>\n<div class=\"td-module-meta-info\"><span class=\"td-post-date\"><time class=\"entry-date updated td-module-date\" datetime=\"2026-07-29T08:33:02+03:00\">29\/07\/2026<\/time><\/span><\/div>\n<\/div>\n<\/div>\n<\/div>\n<div class=\"td-block-span12\">\n<div class=\"td_module_6 td_module_wrap td-animation-stack\">\n<div class=\"td-module-thumb\"><a href=\"https:\/\/r3media.ro\/29-iulie-nasterea-nicolae-steinhardt-monahul-de-la-rohia-iustinian-chira\/\" rel=\"bookmark\" class=\"td-image-wrap \" title=\"Calendarul zilei 29 iulie: Na\u0219terea lui Nicolae Steinhardt, monahul de la Rohia. Evocarea \u00cePS Justinian Chira | VIDEO\"><img loading=\"lazy\" decoding=\"async\" class=\"entry-thumb\" src=\"https:\/\/r3media.ro\/wp-content\/uploads\/2021\/07\/parintele_nicolae_steinhardt-100x70.jpg\" alt title=\"Calendarul zilei 29 iulie: Na\u0219terea lui Nicolae Steinhardt, monahul de la Rohia. Evocarea \u00cePS Justinian Chira | VIDEO\" width=\"100\" height=\"70\"><\/a><\/div>\n<div class=\"item-details\">\n<h3 class=\"entry-title td-module-title\"><a href=\"https:\/\/r3media.ro\/29-iulie-nasterea-nicolae-steinhardt-monahul-de-la-rohia-iustinian-chira\/\" rel=\"bookmark\" title=\"Calendarul zilei 29 iulie: Na\u0219terea lui Nicolae Steinhardt, monahul de la Rohia. Evocarea \u00cePS Justinian Chira | VIDEO\">Calendarul zilei 29 iulie: Na\u0219terea lui Nicolae Steinhardt, monahul de la&#8230;<\/a><\/h3>\n<div class=\"td-module-meta-info\"><span class=\"td-post-date\"><time class=\"entry-date updated td-module-date\" datetime=\"2026-07-28T21:40:29+03:00\">28\/07\/2026<\/time><\/span><\/div>\n<\/div>\n<\/div>\n<\/div>\n<div class=\"td-block-span12\">\n<div class=\"td_module_6 td_module_wrap td-animation-stack\">\n<div class=\"td-module-thumb\"><a href=\"https:\/\/r3media.ro\/29-iulie-ziua-imnului-national\/\" rel=\"bookmark\" class=\"td-image-wrap \" title=\"Calendarul zilei: 29 iulie, Ziua Imnului Na\u021bional\"><img loading=\"lazy\" decoding=\"async\" class=\"entry-thumb\" src=\"https:\/\/r3media.ro\/wp-content\/uploads\/2021\/07\/maxresdefault-13-100x70.jpg\" alt title=\"Calendarul zilei: 29 iulie, Ziua Imnului Na\u021bional\" width=\"100\" height=\"70\"><\/a><\/div>\n<div class=\"item-details\">\n<h3 class=\"entry-title td-module-title\"><a href=\"https:\/\/r3media.ro\/29-iulie-ziua-imnului-national\/\" rel=\"bookmark\" title=\"Calendarul zilei: 29 iulie, Ziua Imnului Na\u021bional\">Calendarul zilei: 29 iulie, Ziua Imnului Na\u021bional<\/a><\/h3>\n<div class=\"td-module-meta-info\"><span class=\"td-post-date\"><time class=\"entry-date updated td-module-date\" datetime=\"2026-07-28T21:20:53+03:00\">28\/07\/2026<\/time><\/span><\/div>\n<\/div>\n<\/div>\n<\/div>\n<\/div>\n<\/div>\n<aside class=\"td_block_template_1 widget widget_recent_comments\">\n<h4 class=\"block-title\"><span>INTR\u0102 \u00ceN DISCU\u021aIE!<\/span><\/h4>\n<ul id=\"recentcomments\">\n<li class=\"recentcomments\"><span class=\"comment-author-link\">Pav\u0103l \u0218tefan<\/span> la <a href=\"https:\/\/r3media.ro\/film-nou-stapanul-inelelor-corect-politic-regizor-andy-serkis-diversitate-tolkien-mitologie-nordica\/#comment-40327\">Noul film \u201eSt\u0103p\u00e2nul Inelelor\u201d nu va fi corect politic. Regizorul Andy Serkis: J.R.R. Tolkien a fost influen\u021bat de mitologia nordic\u0103. Nu vrem o distribu\u021bie de dragul de a bifa c\u0103su\u021be<\/a><\/li>\n<li class=\"recentcomments\"><span class=\"comment-author-link\">Nicu<\/span> la <a href=\"https:\/\/r3media.ro\/avioane-americane-bulgaria-energie-radev-sua\/#comment-40326\">Avioane americane la Bezmer, la schimb cu avantaje \u00een zona energetic\u0103 pentru Bulgaria: ce a ob\u021binut guvernul Radev de la SUA<\/a><\/li>\n<li class=\"recentcomments\"><span class=\"comment-author-link\">Constantin<\/span> la <a href=\"https:\/\/r3media.ro\/prima-oara-istorie-presedintia-document-primplan-patriotism-european\/#comment-40325\">Pentru prima oar\u0103 \u00een istorie, Pre\u0219edin\u021bia Rom\u00e2niei emite un document care pune pe primul plan o alt\u0103 entitate dec\u00e2t \u021bara noastr\u0103: patriotismul european<\/a><\/li>\n<li class=\"recentcomments\"><span class=\"comment-author-link\">Constantin<\/span> la <a href=\"https:\/\/r3media.ro\/statul-roman-a-semnat-actul-propriei-disparitii\/#comment-40324\">Statul rom\u00e2n a semnat actul propriei dispari\u021bii?<\/a><\/li>\n<li class=\"recentcomments\"><span class=\"comment-author-link\">Nicu<\/span> la <a href=\"https:\/\/r3media.ro\/statul-roman-a-semnat-actul-propriei-disparitii\/#comment-40323\">Statul rom\u00e2n a semnat actul propriei dispari\u021bii?<\/a><\/li>\n<li class=\"recentcomments\"><span class=\"comment-author-link\">Nicu<\/span> la <a href=\"https:\/\/r3media.ro\/dan-dungaciu-patriotism-european-natiunea-identitatea-europeana\/#comment-40322\">Prof. Dan Dungaciu despre raportul privind \u201epatriotismul european\u201d emis de la Cotroceni: Dac\u0103 na\u021biunea e un construct, atunci \u201eidentitatea european\u0103\u201d ce este?<\/a><\/li>\n<li class=\"recentcomments\"><span class=\"comment-author-link\">boiu<\/span> la <a href=\"https:\/\/r3media.ro\/rusia-romania-drona-ambasador-moscova-porturi-dunare\/#comment-40321\">Rusia, avertizat\u0103 de Rom\u00e2nia dup\u0103 incidentele cu drona. Ambasadorul Moscovei acuz\u0103 Bucure\u0219tiul c\u0103 folose\u0219te porturile de la Dun\u0103re pentru a transporta arme \u00een Ucraina<\/a><\/li>\n<\/ul>\n<\/aside>\n<aside class=\"td_block_template_1 widget widget_search\">\n<h4 class=\"block-title\"><span>CAUT\u0102 \u0218I VEI G\u0102SI<\/span><\/h4>\n<\/aside>\n<\/div>\n<\/div>\n<\/div>\n<\/div>\n<\/div>\n<\/div>\n<\/div>\n<p><span class=\"td-page-meta\"><\/span><span class=\"td-page-meta\"><span class=\"td-page-meta\"><\/span><\/span><span class=\"td-page-meta\"><\/span><\/article>\n<\/p>\n<div class=\"td_block_wrap tdb_single_content tdi_18 td-pb-border-top td_block_template_1 td-post-content tagdiv-type\" data-td-block-uid=\"tdi_18\">\n<div class=\"tdb-block-inner td-fix-index\">\n<p><strong>\u201eCre\u0219tinii nu pot fi capitali\u0219ti puri\u201d a spus, recent, Jonathan Pageau, cunoscut simbolist ortodox de limb\u0103 englez\u0103.<\/strong><\/p>\n<p>Potrivit siteului ortodox <a href=\"https:\/\/www.chilieathonita.ro\/2026\/07\/29\/crestinii-nu-pot-fi-capitalisti-puri-jonathan-pageau\/\" target=\"_blank\" rel=\"noopener\">O chilie Athonit\u0103<\/a>, Pageau a explicat c\u0103 alternativa la capitalism nu este autoritarismul sau socialismul.<\/p>\n<p>Din punctul s\u0103u de vedere, cre\u0219tinismul este o \u00eembinare \u00eentre libertatea individual\u0103 \u0219i obliga\u021bia de a-i ajuta pe cei mai n\u0103p\u0103stui\u021bi.<\/p>\n<p>\u201eAdev\u0103rul este c\u0103 \u2013 \u0219i unii se vor sim\u021bi deranja\u021bi de ceea ce urmeaz\u0103 s\u0103 spun \u2013 dar adev\u0103rul este c\u0103 cre\u0219tinismul nu este\u2026 cre\u0219tinii nu trebuie s\u0103 fie pur capitali\u0219ti. La fel, cre\u0219tinismul nu este nici o g\u00e2ndire socialist\u0103 sau comunist\u0103. Nu este. El are ideea de responsabilitate personal\u0103 \u0219i individual\u0103, dar are \u0219i ideea important\u0103 c\u0103 trebuie s\u0103 avem grij\u0103 de v\u0103duv\u0103 \u0219i de cei slabi. Este o \u00eembinare \u00eentre acestea dou\u0103. Ceea ce vedem \u00een Coreea de Nord \u0219i de Sud, \u0219i este important \u2013 vedem asta \u0219i la cre\u0219tinii din Apus.<\/p>\n<p>De altfel, mi s-a \u00eent\u00e2mplat recent ceva. O femeie, o femeie minunat\u0103 pe care o consideram admirabil\u0103, era implicat\u0103 \u00een mai multe proiecte, iar unul dintre ele era finan\u021barea unor documentare \u00een Iran. Aceasta se \u00eent\u00e2mpla cam \u00eenainte de r\u0103zboi, c\u00e2nd r\u0103zboiul era deja la orizont, dar nu \u00eencepuse \u00eenc\u0103. Mi-a povestit cum au finan\u021bat un documentar despre o forma\u021bie punk rock, ceva de tip g\u0103l\u0103gios, \u00een Iran. Era foarte bucuroas\u0103 s\u0103 spun\u0103: \u201eFinan\u021b\u0103m ni\u0219te tineri rebeli, ni\u0219te forma\u021bii g\u0103l\u0103gioase rebele \u00een Iran\u201d. \u0218i aceast\u0103 femeie era cre\u0219tin\u0103.<\/p>\n<p>Nu m-am putut ab\u021bine \u2013 de obicei nu spun astfel de lucruri \u2013, dar am \u00eentrebat-o: \u201e\u0218i cum? Asta vrei pentru Iran? S\u0103 le vopsim curcubee \u0219i s\u0103-i facem ca pe noi? Ca s\u0103 nu mai aib\u0103 copii \u0219i s\u0103 ajung\u0103 degenera\u021bi? Aceasta este r\u0103spunsul t\u0103u la autoritarism \u2013 degenerarea?\u201d<\/p>\n<p>\u0218i America a participat la acest lucru: r\u0103spunsul la autocra\u021bie este pornografia, r\u0103spunsul la autocra\u021bie este Disney \u0219i cultura de consum. \u0218i nu, nu este acesta. Ambele extreme sunt sinuciga\u0219e. Cred c\u0103 cele dou\u0103 Corei sunt exemple clare unde vede\u021bi asta: degenerarea din Coreea de Sud este, \u00een esen\u021b\u0103, sinuciga\u0219\u0103. Ei pur \u0219i simplu nu mai nasc copii \u0219i creeaz\u0103 oameni plini de disperare, iar autocra\u021bia din Coreea de Nord este un co\u0219mar \u00een care oamenii tr\u0103iesc \u00een s\u0103r\u0103cie lucie \u0219i sute de mii de oameni se afl\u0103 \u00een lag\u0103re de munc\u0103. De aceea, cred c\u0103 este un semnal de alarm\u0103 puternic pentru noi. S\u0103 nu credem\u2026 c\u0103 solu\u021bia pentru, de exemplu, \u021b\u0103rile musulmane e s\u0103-i facem ca pe noi. \u201cS\u0103 eliber\u0103m Iranul \u0219i s\u0103-i facem ca noi, ca s\u0103 devin\u0103 degenera\u021bi \u0219i s\u0103 nu mai aib\u0103 copii.\u201d \u0218i c\u0103 ei, \u0219tii, e ca \u0219i cum\u2026<\/p>\n<p>Nu sunt sigur c\u0103 asta e solu\u021bia, \u0219ti\u021bi? Nu sunt un admirator al islamismului \u0219i al autocra\u021biei, dar nu sunt sigur c\u0103 a-i face ca noi este solu\u021bia la asta. A\u0219a c\u0103, da, asta e p\u0103rerea mea despre chestiunea asta. Asta e p\u0103rerea mea despre asta\u201d, a spus Pageau.<\/p>\n<div class=\"crp_related     crp-masonry\">\n<h2>\u00ceN CONTEXT<\/h2>\n<ul>\n<li><a href=\"https:\/\/r3media.ro\/dati-cezarului-ce-este-al-cezarului\/\" class=\"crp_link post-116013\"><span class=\"crp_title\">Da\u021bi Cezarului ce este al Cezarului<\/span><\/a><\/li>\n<li><a href=\"https:\/\/r3media.ro\/ce-ne-facem-cu-martorii-lui-iehova\/\" class=\"crp_link post-118858\"><span class=\"crp_title\">Ce ne facem cu Martorii lui Iehova?<\/span><\/a><\/li>\n<li><a href=\"https:\/\/r3media.ro\/dreptul-profan-ramas-in-pronuntare\/\" class=\"crp_link post-116403\"><span class=\"crp_title\">Dreptul profan, r\u0103mas \u00een pronun\u021bare<\/span><\/a><\/li>\n<li><a href=\"https:\/\/r3media.ro\/biserici-ortodoxe-statele-unite-ale-americii-atrag-valorui-record-noi-credinciosi\/\" class=\"crp_link post-114257\"><span class=\"crp_title\">Bisericile Ortodoxe din Statele Unite ale Americii atrag valuri record de noi credincio\u0219i:\u2026<\/span><\/a><\/li>\n<li><a href=\"https:\/\/r3media.ro\/mihail-neamtu-africa-uganda\/\" class=\"crp_link post-116242\"><span class=\"crp_title\">Mihail Neam\u021bu, misiune \u00een Africa. Ce a descoperit deputatul \u00een Uganda<\/span><\/a><\/li>\n<li><a href=\"https:\/\/r3media.ro\/tineri-generatia-intoarcere-crestinism-participare-viata-religioasa-marea-britanie-crescut-vertiginos-citire-biblie-obisnuinta\/\" class=\"crp_link post-114762\"><span class=\"crp_title\">Tinerii din Genera\u021bia Z se \u00eentorc masiv la Cre\u0219tinism: Participarea la via\u021ba religioas\u0103 \u00een\u2026<\/span><\/a><\/li>\n<li><a href=\"https:\/\/r3media.ro\/sceptici-scepticism-de-la-sfantul-toma-la-ateul-modern\/\" class=\"crp_link post-115541\"><span class=\"crp_title\">Sceptici, scepticism: de la Sf\u00e2ntul Toma la ateul modern<\/span><\/a><\/li>\n<li><a href=\"https:\/\/r3media.ro\/calendarul-zilei-6-octombrie-petre-tutea\/\" class=\"crp_link post-2891\"><span class=\"crp_title\">Calendarul zilei 6 octombrie | Petre \u021au\u021bea, 123 de ani de la na\u0219tere. 22 de citate\u2026<\/span><\/a><\/li>\n<\/ul>\n<\/div>\n<\/div>\n<\/div>\n<p>[analyse_source url=&#8221;https:\/\/r3media.ro\/jonathan-pageau-crestinii-nu-pot-fi-capitalisti-puri\/&#8221;]<\/p>\n","protected":false},"excerpt":{"rendered":"<p>[analyse_image type=&#8221;featured&#8221; src=&#8221;https:\/\/r3media.ro\/wp-content\/uploads\/2026\/07\/pageau-capitalism-crestinism-e1785313983255.jpghttps:\/\/r3media.ro\/wp-content\/uploads\/2026\/07\/pageau-capitalism-crestinism-e1785313983255.jpg&#8221;] PRIM PLANJonathan Pageau: Cre\u0219tinii nu pot fi capitali\u0219ti puri PRIM PLAN\u0218TIRI Jonathan Pageau: Cre\u0219tinii nu pot fi capitali\u0219ti puri Redac\u021bia 29\/07\/2026 ARC Forum, CC0, via Wikimedia Commons \u201eCre\u0219tinii nu pot fi capitali\u0219ti puri\u201d a spus, recent, Jonathan Pageau, cunoscut simbolist ortodox de limb\u0103 englez\u0103. Potrivit siteului ortodox O chilie Athonit\u0103, Pageau a [&hellip;]<\/p>\n","protected":false},"author":1,"featured_media":0,"comment_status":"open","ping_status":"","sticky":false,"template":"","format":"standard","meta":{"footnotes":""},"categories":[89],"tags":[226,93],"class_list":["post-2067026","post","type-post","status-publish","format-standard","hentry","category-romania","tag-crawlmanager","tag-r3media-ro"],"_links":{"self":[{"href":"https:\/\/analyse.optim.biz\/index.php?rest_route=\/wp\/v2\/posts\/2067026","targetHints":{"allow":["GET"]}}],"collection":[{"href":"https:\/\/analyse.optim.biz\/index.php?rest_route=\/wp\/v2\/posts"}],"about":[{"href":"https:\/\/analyse.optim.biz\/index.php?rest_route=\/wp\/v2\/types\/post"}],"author":[{"embeddable":true,"href":"https:\/\/analyse.optim.biz\/index.php?rest_route=\/wp\/v2\/users\/1"}],"replies":[{"embeddable":true,"href":"https:\/\/analyse.optim.biz\/index.php?rest_route=%2Fwp%2Fv2%2Fcomments&post=2067026"}],"version-history":[{"count":0,"href":"https:\/\/analyse.optim.biz\/index.php?rest_route=\/wp\/v2\/posts\/2067026\/revisions"}],"wp:attachment":[{"href":"https:\/\/analyse.optim.biz\/index.php?rest_route=%2Fwp%2Fv2%2Fmedia&parent=2067026"}],"wp:term":[{"taxonomy":"category","embeddable":true,"href":"https:\/\/analyse.optim.biz\/index.php?rest_route=%2Fwp%2Fv2%2Fcategories&post=2067026"},{"taxonomy":"post_tag","embeddable":true,"href":"https:\/\/analyse.optim.biz\/index.php?rest_route=%2Fwp%2Fv2%2Ftags&post=2067026"}],"curies":[{"name":"wp","href":"https:\/\/api.w.org\/{rel}","templated":true}]}}