{"id":2067024,"date":"2026-07-29T07:14:52","date_gmt":"2026-07-29T04:14:52","guid":{"rendered":"https:\/\/analyse.optim.biz\/?p=2067024"},"modified":"2026-07-29T07:14:52","modified_gmt":"2026-07-29T04:14:52","slug":"adrian-cioroianu-despre-adrian-paunescu-in-el-s-a-strins-ceva-din-flacara-si-din-melancolia-unei-jumatati-de-secol-xx","status":"publish","type":"post","link":"https:\/\/analyse.optim.biz\/?p=2067024","title":{"rendered":"Adrian Cioroianu despre Adrian P\u0103unescu: \u00cen el s-a str\u00eens ceva din flac\u0103ra \u015fi din melancolia unei jum\u0103t\u0103\u0163i de secol XX"},"content":{"rendered":"<p>[analyse_image type=&#8221;featured&#8221; src=&#8221;https:\/\/r3media.ro\/wp-content\/uploads\/2026\/07\/adrian-paunescu-adrian-cioroianu.pnghttps:\/\/r3media.ro\/wp-content\/uploads\/2026\/07\/adrian-paunescu-adrian-cioroianu.png&#8221;]<\/p>\n<article id=\"template-id-109\" class=\"post-109 tdb_templates type-tdb_templates status-publish post\">\n<div id=\"tdi_2\" class=\"tdc-zone\">\n<div class=\"tdc_zone tdi_3  wpb_row td-pb-row\">\n<div id=\"tdi_4\" class=\"tdc-row\">\n<div class=\"vc_row tdi_5  wpb_row td-pb-row\">\n<div class=\"vc_column tdi_7  wpb_column vc_column_container tdc-column td-pb-span8\">\n<div class=\"wpb_wrapper\">\n<div class=\"td_block_wrap tdb_breadcrumbs tdi_8 td-pb-border-top td_block_template_1 tdb-breadcrumbs \" data-td-block-uid=\"tdi_8\">\n<div class=\"tdb-block-inner td-fix-index\"><span><a title=\"Vede\u021bi toate articolele \u00een FEATURED\" class=\"tdb-entry-crumb\" href=\"https:\/\/r3media.ro\/category\/featured\/\">FEATURED<\/a><\/span><span class=\"tdb-bred-no-url-last\">Adrian Cioroianu despre Adrian P\u0103unescu: \u00cen el s-a str\u00eens ceva din flac\u0103ra&#8230;<\/span><\/div>\n<\/div>\n<div class=\"td_block_wrap tdb_single_categories tdi_9 td-pb-border-top td_block_template_1 \" data-td-block-uid=\"tdi_9\">\n<div class=\"tdb-category td-fix-index\"><a class=\"tdb-entry-category\" href=\"https:\/\/r3media.ro\/category\/featured\/\">FEATURED<\/a><a class=\"tdb-entry-category\" href=\"https:\/\/r3media.ro\/category\/stiri\/\">\u0218TIRI<\/a><\/div>\n<\/div>\n<div class=\"td_block_wrap tdb_title tdi_10 tdb-single-title td-pb-border-top td_block_template_1\" data-td-block-uid=\"tdi_10\">\n<div class=\"tdb-block-inner td-fix-index\">\n<h1 class=\"tdb-title-text\">Adrian Cioroianu despre Adrian P\u0103unescu: \u00cen el s-a str\u00eens ceva din flac\u0103ra \u015fi din melancolia unei jum\u0103t\u0103\u0163i de secol XX<\/h1>\n<\/div>\n<\/div>\n<div class=\"vc_row_inner tdi_12  vc_row vc_inner wpb_row td-pb-row\">\n<div class=\"vc_column_inner tdi_14  wpb_column vc_column_container tdc-inner-column td-pb-span12\">\n<div class=\"vc_column-inner\">\n<div class=\"wpb_wrapper\">\n<div class=\"td_block_wrap tdb_single_author tdi_15 td-pb-border-top td_block_template_1 tdb-post-meta\" data-td-block-uid=\"tdi_15\">\n<div class=\"tdb-block-inner td-fix-index\">\n<div class=\"tdb-author-name-wrap\"><a class=\"tdb-author-name\" href=\"https:\/\/r3media.ro\/author\/radu_ursan\/\">Radu Ursan<\/a><\/div>\n<\/div>\n<\/div>\n<div class=\"td_block_wrap tdb_single_date tdi_16 td-pb-border-top td_block_template_1 tdb-post-meta\" data-td-block-uid=\"tdi_16\">\n<div class=\"tdb-block-inner td-fix-index\"><time class=\"entry-date updated td-module-date\" datetime=\"2026-07-29T10:14:52+03:00\">29\/07\/2026<\/time><\/div>\n<\/div>\n<\/div>\n<\/div>\n<\/div>\n<\/div>\n<div class=\"td_block_wrap tdb_single_featured_image tdi_17 tdb-content-horiz-left td-pb-border-top td_block_template_1\" data-td-block-uid=\"tdi_17\">\n<div class=\"tdb-block-inner td-fix-index\">\n<figure><figcaption class=\"tdb-caption-text\">Sursa foto: Radio Chisinau<\/figcaption><\/figure>\n<\/div>\n<\/div>\n<div class=\"td_block_wrap tdb_single_content tdi_18 td-pb-border-top td_block_template_1 td-post-content tagdiv-type\" data-td-block-uid=\"tdi_18\">\n<div class=\"tdb-block-inner td-fix-index\">\n<p><strong>Adrian Cioroianu, istoric \u0219i fost ministru de externe, a participat la dezbaterea despre Adrian P\u0103unescu, personalitate care a revenit, recent, \u00een discu\u021bie.<\/strong><\/p>\n<p>Este vorba despre propunerea <a href=\"https:\/\/r3media.ro\/iiccmer-solicita-demolare-statuie-poet-adrian-paunescu-gradina-icoanei-bucuresti\/\" target=\"_blank\" rel=\"noopener\">IICMER de a elimina statuia lui Adrian P\u0103unescu<\/a> din Gr\u0103dina Icoanei din Bucure\u0219ti.<\/p>\n<p>\u00cen acest sens, Adrian Cioroianu a amintit despre un articol publicat \u00een <a href=\"https:\/\/dilemaveche.ro\/sectiune\/societate\/ieri-cu-vedere-spre-azi\/un-fenomen-al-naturii-paunescu-608063.html\" target=\"_blank\" rel=\"noopener\">Dilema Veche<\/a> din 2010 despre P\u0103unescu.<\/p>\n<p>Intitulat \u201eUn fenomen al naturii \u2013 P\u0103unescu\u201d, articolul face o analiz\u0103 nuan\u021bat\u0103 a vie\u021bii publice a poetului: de la complexitatea Cenaclului Flac\u0103ra, la activitatea sa post 1989.<\/p>\n<p>Articolul este \u0219i mai demn de remarcat cu c\u00e2t Cioroianu a fost adversar politic al lui P\u0103unescu, de-a lungul vie\u021bii.<\/p>\n<p>\u201e\u00centr-o vreme \u00een care conceptul de vedet\u0103 era trecut la index, el era o vedet\u0103 care tuna pe stadioane p\u00een\u0103 noaptea t\u00eerziu, recit\u00eend versuri sau slogane care, \u00een gura lui \u015fi-n mintea noastr\u0103, chiar sunau mobilizator (m\u0103car c\u00eeteva ore, dup\u0103 care vraja se sp\u0103rgea).<\/p>\n<p>\u00centr-o sear\u0103 de prim\u0103var\u0103, tot la un cenaclu, un t\u00een\u0103r din tribun\u0103 a luat un steag \u015fi a dat s\u0103 intre \u00een aren\u0103. Mili\u0163ienii i-au ie\u015fit \u00een cale \u015fi l-au blocat. \u015ei P\u0103unescu a \u00eenceput s\u0103 \u0163ipe la mili\u0163ieni: \u201e<em>Lua\u0163i m\u00eena de pe acest t\u00een\u0103r! Nu s\u00eente\u0163i aici ca s\u0103 bloca\u0163i tinerii s\u0103 fluture steagul \u0163\u0103rii lor, dac\u0103 asta vor<\/em>\u201c \u015f.a.m.d. \u2013 adic\u0103 genul de fraze rebele care lui \u00eei ie\u015feau foarte bine, iar pe pu\u015ftani \u00eei \u00eenc\u0103lzea deplin.<\/p>\n<p>Am fost de fa\u0163\u0103. Am fost la acel cenaclu, \u00een acei ani. Am fost acolo de bun\u0103voie, f\u0103r\u0103 convocator \u015fi f\u0103r\u0103 bilete b\u0103gate pe g\u00eet de la UTC. Cenaclul \u201eFlac\u0103ra\u201c r\u0103m\u00eene un fenomen \u00een sine, lung (1000 \u015fi ceva de spectacole?), alambicat \u015fi complex, iar cine-l expediaz\u0103 univoc sub sigla cultului personalit\u0103\u0163ii conduc\u0103torului cred c\u0103 gre\u015fe\u015fte. Sigur c\u0103 azi e u\u015for s\u0103 spui c\u0103 mergeam la Cenaclu pentru c\u0103 nu aveam parte de concerte Depeche Mode sau Def Leppard.<\/p>\n<p>C\u0103 \u00eel priveam pe P\u0103unescu \u015fut\u00eend baloane pentru c\u0103 nu puteam vedea baloanele Samanthei Fox, de exemplu. Dar nu cred c\u0103 P\u0103unescu f\u0103cea ca Madonna sau Duran Duran s\u0103 nu vin\u0103 atunci \u00een Rom\u00e2nia. P\u0103unescu a fost acuzat de multe, dar dac\u0103 o anume genera\u0163ie de rom\u00e2ni a avut c\u00eet de c\u00eet idee despre un anume mistre\u0163 cu col\u0163i de argint (din poemul altui scriitor!), atunci are \u015fi ceva merite\u201d, a scris Cioroianu.<\/p>\n<p>Istoricul a \u00eencheiat astfel:<\/p>\n<p>\u201e<em>Odihneasc\u0103-se-n pace!<\/em> nu i se aplic\u0103 lui Adrian P\u0103unescu. Dac\u0103 dincolo e o alt\u0103 existen\u0163\u0103, el nu se va odihni nicicum. El a fost ca un fenomen al naturii. Precum ploaia de var\u0103, enervant\u0103 dac\u0103 te prinde c\u00eend \u00ee\u0163i vopse\u015fti gardul, sau \u00eenc\u00eent\u0103toare dac\u0103 e\u015fti cu iubita \u00eentr-un foi\u015for din parcul gol.<\/p>\n<p>A fost precum z\u0103pada de ianuarie, care-i pl\u0103cut\u0103 dac\u0103 e\u015fti \u00eencoto\u015fm\u0103nat pe sanie \u015fi care-i groaznic\u0103 dac\u0103 ai cizmele sparte. \u00cen calit\u0103\u0163ile \u015fi-n contrastele sale, \u00een tumultul \u015fi-n sensibilitatea lui, \u00een ambi\u0163ia-i de-a fi peste tot \u015fi-n ascunzi\u015furile lui periodice, acest om n-a avut nimic ordinar.<\/p>\n<p>\u00cen el s-a str\u00eens ceva din flac\u0103ra \u015fi din melancolia unei jum\u0103t\u0103\u0163i de secol XX \u015fi, dup\u0103 cum Istoria l-a urcat sau l-a cobor\u00eet, iat\u0103-l intr\u00eend \u015fi pe el \u00een istoria Rom\u00e2niei recente, pletos \u015fi rubicond \u015fut\u00eend spre o poart\u0103 pe care tot el se repede s-o apere\u201d.<\/p>\n<div class=\"crp_related     crp-masonry\">\n<h2>\u00ceN CONTEXT<\/h2>\n<ul>\n<li><a href=\"https:\/\/r3media.ro\/fara-tine-in-google-r3media-dispare-iata-ce-poti-face-in-10-secunde\/\" class=\"crp_link post-119031\"><span class=\"crp_title\">F\u0103r\u0103 tine \u00een Google, R3media dispare. Iat\u0103 ce po\u021bi face \u00een 10 secunde<\/span><\/a><\/li>\n<li><a href=\"https:\/\/r3media.ro\/adrian-ciorioianu-daniel-david-dezbatere-istoria-romanilor-istoria-evreilor-liceu-video\/\" class=\"crp_link post-106518\"><span class=\"crp_title\">VIDEO | Adrian Cioroianu l-a pus la punct pe Daniel David: E foarte interesant c\u0103 l\u0103s\u0103m la\u2026<\/span><\/a><\/li>\n<li><a href=\"https:\/\/r3media.ro\/ioan-aurel-pop-lege-vexler-razboi-istoria\/\" class=\"crp_link post-119771\"><span class=\"crp_title\">Ioan-Aurel Pop critic\u0103 legea Vexler \u00eentr-un articol de neratat: Nu putem s\u0103 ducem un r\u0103zboi\u2026<\/span><\/a><\/li>\n<li><a href=\"https:\/\/r3media.ro\/ioan-aurel-pop-discriminarea-lupta-cu-istoria-lupta-cu-viata\/\" class=\"crp_link post-117485\"><span class=\"crp_title\">Discriminarea, lupta cu istoria, lupta cu via\u021ba?<\/span><\/a><\/li>\n<li><a href=\"https:\/\/r3media.ro\/20-iulie-adrian-paunescu\/\" class=\"crp_link post-5555\"><span class=\"crp_title\">Calendarul zilei 20 iulie: 83 de ani de la na\u0219terea poetului Adrian P\u0103unescu<\/span><\/a><\/li>\n<li><a href=\"https:\/\/r3media.ro\/iiccmer-solicita-demolare-statuie-poet-adrian-paunescu-gradina-icoanei-bucuresti\/\" class=\"crp_link post-120448\"><span class=\"crp_title\">IICCMER solicit\u0103 demolarea statuii poetului Adrian P\u0103unescu din Gr\u0103dina Icoanei din Bucure\u0219ti<\/span><\/a><\/li>\n<\/ul>\n<\/div>\n<\/div>\n<\/div>\n<div class=\"td_block_wrap tdb_single_tags tdi_19 td-pb-border-top td_block_template_1\" data-td-block-uid=\"tdi_19\">\n<div class=\"tdb-block-inner td-fix-index\">\n<ul class=\"tdb-tags\">\n<li><span>SUBIECTE FIERBIN\u021aI<\/span><\/li>\n<li><a href=\"https:\/\/r3media.ro\/tag\/adrian-cioroianu\/\">adrian cioroianu<\/a><\/li>\n<li><a href=\"https:\/\/r3media.ro\/tag\/adrian-paunescu\/\">adrian paunescu<\/a><\/li>\n<\/ul>\n<\/div>\n<\/div>\n<div class=\"td_block_wrap td_block_9 tdi_20 td_with_ajax_pagination td-pb-border-top td_block_template_1 td-column-2 td_block_padding td_block_bot_line\" data-td-block-uid=\"tdi_20\">\n<div class=\"td-block-title-wrap\">\n<h4 class=\"block-title td-block-title\"><span class=\"td-pulldown-size\">CITE\u0218TE MAI MULT<\/span><\/h4>\n<\/div>\n<div id=\"tdi_20\" class=\"td_block_inner\">\n<div class=\"td-block-row\">\n<div class=\"td-block-span6\">\n<div class=\"td_module_8 td_module_wrap\">\n<div class=\"item-details\">\n<h3 class=\"entry-title td-module-title\"><a href=\"https:\/\/r3media.ro\/cornel-nistorescu-drone-razboi-ucraina\/\" rel=\"bookmark\" title=\"Cornel Nistorescu, dup\u0103 incidentele cu drone: Adie a aer de r\u0103zboi. De mirare c\u0103 dronele ucrainene nu au st\u00e2rnit at\u00e2ta t\u0103r\u0103boi\">Cornel Nistorescu, dup\u0103 incidentele cu drone: Adie a aer de r\u0103zboi. De mirare c\u0103&#8230;<\/a><\/h3>\n<div class=\"td-module-meta-info\"><a href=\"https:\/\/r3media.ro\/category\/actualitate\/\" class=\"td-post-category\">ACTUALITATE<\/a><span class=\"td-post-author-name\"><a href=\"https:\/\/r3media.ro\/author\/radu_ursan\/\">Radu Ursan<\/a><span>&#8211;<\/span><\/span><span class=\"td-post-date\"><time class=\"entry-date updated td-module-date\" datetime=\"2026-07-28T10:21:51+03:00\">28\/07\/2026<\/time><\/span><\/div>\n<\/div>\n<\/div>\n<\/div>\n<div class=\"td-block-span6\">\n<div class=\"td_module_8 td_module_wrap\">\n<div class=\"item-details\">\n<h3 class=\"entry-title td-module-title\"><a href=\"https:\/\/r3media.ro\/bnr-recomanda-romani-rezerve-de-cash-atacuri-cibernetice-numerar-relevant-criza\/\" rel=\"bookmark\" title=\"BNR le recomand\u0103 rom\u00e2nilor s\u0103 p\u0103streze rezerve de cash: Numerarul se poate dovedi relevant \u00een criz\u0103\">BNR le recomand\u0103 rom\u00e2nilor s\u0103 p\u0103streze rezerve de cash: Numerarul se poate dovedi relevant&#8230;<\/a><\/h3>\n<div class=\"td-module-meta-info\"><a href=\"https:\/\/r3media.ro\/category\/actualitate\/\" class=\"td-post-category\">ACTUALITATE<\/a><span class=\"td-post-author-name\"><a href=\"https:\/\/r3media.ro\/author\/oana\/\">Oana Ivan<\/a><span>&#8211;<\/span><\/span><span class=\"td-post-date\"><time class=\"entry-date updated td-module-date\" datetime=\"2026-07-27T13:11:47+03:00\">27\/07\/2026<\/time><\/span><\/div>\n<\/div>\n<\/div>\n<\/div>\n<\/div>\n<div class=\"td-block-row\">\n<div class=\"td-block-span6\">\n<div class=\"td_module_8 td_module_wrap\">\n<div class=\"item-details\">\n<h3 class=\"entry-title td-module-title\"><a href=\"https:\/\/r3media.ro\/statul-roman-a-semnat-actul-propriei-disparitii\/\" rel=\"bookmark\" title=\"Statul rom\u00e2n a semnat actul propriei dispari\u021bii?\">Statul rom\u00e2n a semnat actul propriei dispari\u021bii?<\/a><\/h3>\n<div class=\"td-module-meta-info\"><a href=\"https:\/\/r3media.ro\/category\/opinii\/\" class=\"td-post-category\">OPINII<\/a><span class=\"td-post-author-name\"><a href=\"https:\/\/r3media.ro\/author\/gabipopa\/\">Gabriel Popa<\/a><span>&#8211;<\/span><\/span><span class=\"td-post-date\"><time class=\"entry-date updated td-module-date\" datetime=\"2026-07-27T15:07:05+03:00\">27\/07\/2026<\/time><\/span><\/div>\n<\/div>\n<\/div>\n<\/div>\n<div class=\"td-block-span6\">\n<div class=\"td_module_8 td_module_wrap\">\n<div class=\"item-details\">\n<h3 class=\"entry-title td-module-title\"><a href=\"https:\/\/r3media.ro\/prima-oara-istorie-presedintia-document-primplan-patriotism-european\/\" rel=\"bookmark\" title=\"Pentru prima oar\u0103 \u00een istorie, Pre\u0219edin\u021bia Rom\u00e2niei emite un document care pune pe primul plan o alt\u0103 entitate dec\u00e2t \u021bara noastr\u0103: patriotismul european\">Pentru prima oar\u0103 \u00een istorie, Pre\u0219edin\u021bia Rom\u00e2niei emite un document care pune pe primul&#8230;<\/a><\/h3>\n<div class=\"td-module-meta-info\"><a href=\"https:\/\/r3media.ro\/category\/actualitate\/\" class=\"td-post-category\">ACTUALITATE<\/a><span class=\"td-post-author-name\"><a href=\"https:\/\/r3media.ro\/author\/teodor_stan\/\">Teodor Stan<\/a><span>&#8211;<\/span><\/span><span class=\"td-post-date\"><time class=\"entry-date updated td-module-date\" datetime=\"2026-07-26T11:44:31+03:00\">26\/07\/2026<\/time><\/span><\/div>\n<\/div>\n<\/div>\n<\/div>\n<\/div>\n<div class=\"td-block-row\">\n<div class=\"td-block-span6\">\n<div class=\"td_module_8 td_module_wrap\">\n<div class=\"item-details\">\n<h3 class=\"entry-title td-module-title\"><a href=\"https:\/\/r3media.ro\/film-nou-stapanul-inelelor-corect-politic-regizor-andy-serkis-diversitate-tolkien-mitologie-nordica\/\" rel=\"bookmark\" title=\"Noul film \u201eSt\u0103p\u00e2nul Inelelor\u201d nu va fi corect politic. Regizorul Andy Serkis: J.R.R. Tolkien a fost influen\u021bat de mitologia nordic\u0103. Nu vrem o distribu\u021bie de dragul de a bifa c\u0103su\u021be\">Noul film \u201eSt\u0103p\u00e2nul Inelelor\u201d nu va fi corect politic. Regizorul Andy Serkis: J.R.R. Tolkien&#8230;<\/a><\/h3>\n<div class=\"td-module-meta-info\"><a href=\"https:\/\/r3media.ro\/category\/actualitate\/\" class=\"td-post-category\">ACTUALITATE<\/a><span class=\"td-post-author-name\"><a href=\"https:\/\/r3media.ro\/author\/oana\/\">Oana Ivan<\/a><span>&#8211;<\/span><\/span><span class=\"td-post-date\"><time class=\"entry-date updated td-module-date\" datetime=\"2026-07-26T15:49:31+03:00\">26\/07\/2026<\/time><\/span><\/div>\n<\/div>\n<\/div>\n<\/div>\n<div class=\"td-block-span6\">\n<div class=\"td_module_8 td_module_wrap\">\n<div class=\"item-details\">\n<h3 class=\"entry-title td-module-title\"><a href=\"https:\/\/r3media.ro\/dictatura-forma-suprema-a-democratiei\/\" rel=\"bookmark\" title=\"Dictatura \u2013 forma suprem\u0103 a democra\u021biei\">Dictatura \u2013 forma suprem\u0103 a democra\u021biei<\/a><\/h3>\n<div class=\"td-module-meta-info\"><a href=\"https:\/\/r3media.ro\/category\/opinii\/\" class=\"td-post-category\">OPINII<\/a><span class=\"td-post-author-name\"><a href=\"https:\/\/r3media.ro\/author\/tru\/\">TRU (Traian Ungureanu)<\/a><span>&#8211;<\/span><\/span><span class=\"td-post-date\"><time class=\"entry-date updated td-module-date\" datetime=\"2026-07-25T16:43:11+03:00\">25\/07\/2026<\/time><\/span><\/div>\n<\/div>\n<\/div>\n<\/div>\n<\/div>\n<div class=\"td-block-row\">\n<div class=\"td-block-span6\">\n<div class=\"td_module_8 td_module_wrap\">\n<div class=\"item-details\">\n<h3 class=\"entry-title td-module-title\"><a href=\"https:\/\/r3media.ro\/marea-britanie-apa-inteligenta-artificiala-romania-centru-ai-restrictii-consum-apa\/\" rel=\"bookmark\" title=\"Marea Britanie nu mai are suficient\u0103 ap\u0103 pentru Inteligen\u021ba Artificial\u0103, dar Rom\u00e2nia vrea s\u0103 g\u0103zduiasc\u0103 un centru AI care consum\u0103 c\u00e2t sute de mii de oameni \u0219i impune restric\u021bii la consumul de ap\u0103 al popula\u021biei\">Marea Britanie nu mai are suficient\u0103 ap\u0103 pentru Inteligen\u021ba Artificial\u0103, dar Rom\u00e2nia vrea s\u0103&#8230;<\/a><\/h3>\n<div class=\"td-module-meta-info\"><a href=\"https:\/\/r3media.ro\/category\/actualitate\/\" class=\"td-post-category\">ACTUALITATE<\/a><span class=\"td-post-author-name\"><a href=\"https:\/\/r3media.ro\/author\/radu_ursan\/\">Radu Ursan<\/a><span>&#8211;<\/span><\/span><span class=\"td-post-date\"><time class=\"entry-date updated td-module-date\" datetime=\"2026-07-23T11:44:13+03:00\">23\/07\/2026<\/time><\/span><\/div>\n<\/div>\n<\/div>\n<\/div>\n<div class=\"td-block-span6\">\n<div class=\"td_module_8 td_module_wrap\">\n<div class=\"item-details\">\n<h3 class=\"entry-title td-module-title\"><a href=\"https:\/\/r3media.ro\/campion-olimpic-olaf-tufte-mort-subit-50-ani\/\" rel=\"bookmark\" title=\"Campionul olimpic Olaf Tufte a murit subit la 50 de ani\">Campionul olimpic Olaf Tufte a murit subit la 50 de ani<\/a><\/h3>\n<div class=\"td-module-meta-info\"><a href=\"https:\/\/r3media.ro\/category\/actualitate\/\" class=\"td-post-category\">ACTUALITATE<\/a><span class=\"td-post-author-name\"><a href=\"https:\/\/r3media.ro\/author\/oana\/\">Oana Ivan<\/a><span>&#8211;<\/span><\/span><span class=\"td-post-date\"><time class=\"entry-date updated td-module-date\" datetime=\"2026-07-22T12:11:02+03:00\">22\/07\/2026<\/time><\/span><\/div>\n<\/div>\n<\/div>\n<\/div>\n<\/div>\n<div class=\"td-block-row\">\n<div class=\"td-block-span6\">\n<div class=\"td_module_8 td_module_wrap\">\n<div class=\"item-details\">\n<h3 class=\"entry-title td-module-title\"><a href=\"https:\/\/r3media.ro\/explozie-incendiu-fabrica-kronospan-brasov-video\/\" rel=\"bookmark\" title=\"VIDEO | Explozie urmat\u0103 de un incendiu la fabrica Kronospan din Bra\u0219ov. \u00cen timp ce pompierii \u00eencercau s\u0103 sting\u0103 focul s-a produs o alt\u0103 explozie\">VIDEO | Explozie urmat\u0103 de un incendiu la fabrica Kronospan din Bra\u0219ov. \u00cen timp&#8230;<\/a><\/h3>\n<div class=\"td-module-meta-info\"><a href=\"https:\/\/r3media.ro\/category\/actualitate\/\" class=\"td-post-category\">ACTUALITATE<\/a><span class=\"td-post-author-name\"><a href=\"https:\/\/r3media.ro\/author\/oana\/\">Oana Ivan<\/a><span>&#8211;<\/span><\/span><span class=\"td-post-date\"><time class=\"entry-date updated td-module-date\" datetime=\"2026-07-22T10:01:28+03:00\">22\/07\/2026<\/time><\/span><\/div>\n<\/div>\n<\/div>\n<\/div>\n<div class=\"td-block-span6\">\n<div class=\"td_module_8 td_module_wrap\">\n<div class=\"item-details\">\n<h3 class=\"entry-title td-module-title\"><a href=\"https:\/\/r3media.ro\/asa-incepe-compania-openai-afirma-un-model-de-inteligenta-artificiala-a-atacat-din-proprie-initiativa-sistemele-unei-alte-companii\/\" rel=\"bookmark\" title=\"A\u0219a \u00eencepe? Compania OpenAI afirm\u0103 un model de inteligen\u021b\u0103 artificial\u0103 a ATACAT din proprie ini\u021biativ\u0103 sistemele unei alte companii\">A\u0219a \u00eencepe? Compania OpenAI afirm\u0103 un model de inteligen\u021b\u0103 artificial\u0103 a ATACAT din proprie&#8230;<\/a><\/h3>\n<div class=\"td-module-meta-info\"><a href=\"https:\/\/r3media.ro\/category\/actualitate\/\" class=\"td-post-category\">ACTUALITATE<\/a><span class=\"td-post-author-name\"><a href=\"https:\/\/r3media.ro\/author\/teodor_stan\/\">Teodor Stan<\/a><span>&#8211;<\/span><\/span><span class=\"td-post-date\"><time class=\"entry-date updated td-module-date\" datetime=\"2026-07-22T09:10:53+03:00\">22\/07\/2026<\/time><\/span><\/div>\n<\/div>\n<\/div>\n<\/div>\n<\/div>\n<div class=\"td-block-row\">\n<div class=\"td-block-span6\">\n<div class=\"td_module_8 td_module_wrap\">\n<div class=\"item-details\">\n<h3 class=\"entry-title td-module-title\"><a href=\"https:\/\/r3media.ro\/episcopul-husilor-oameni-animale-therieni-degradare-progresism\/\" rel=\"bookmark\" title=\"Episcopul Hu\u0219ilor, despre oamenii care se cred animale: V\u0103 da\u021bi seama c\u00e2t\u0103 degradare uman\u0103 este? De ce? Pentru c\u0103 se \u00eencred \u00een progresism\">Episcopul Hu\u0219ilor, despre oamenii care se cred animale: V\u0103 da\u021bi seama c\u00e2t\u0103 degradare uman\u0103&#8230;<\/a><\/h3>\n<div class=\"td-module-meta-info\"><a href=\"https:\/\/r3media.ro\/category\/actualitate\/\" class=\"td-post-category\">ACTUALITATE<\/a><span class=\"td-post-author-name\"><a href=\"https:\/\/r3media.ro\/author\/radu_ursan\/\">Radu Ursan<\/a><span>&#8211;<\/span><\/span><span class=\"td-post-date\"><time class=\"entry-date updated td-module-date\" datetime=\"2026-07-21T19:30:46+03:00\">21\/07\/2026<\/time><\/span><\/div>\n<\/div>\n<\/div>\n<\/div>\n<div class=\"td-block-span6\">\n<div class=\"td_module_8 td_module_wrap\">\n<div class=\"item-details\">\n<h3 class=\"entry-title td-module-title\"><a href=\"https:\/\/r3media.ro\/video-cult-femeie-dumnezeu-mama-romania\/\" rel=\"bookmark\" title=\"VIDEO | Un cult care consider\u0103 o femeie coreean\u0103 drept \u201eDumnezeu Mama\u201d face prozeli\u021bi \u00een Rom\u00e2nia\">VIDEO | Un cult care consider\u0103 o femeie coreean\u0103 drept \u201eDumnezeu Mama\u201d face prozeli\u021bi&#8230;<\/a><\/h3>\n<div class=\"td-module-meta-info\"><a href=\"https:\/\/r3media.ro\/category\/actualitate\/\" class=\"td-post-category\">ACTUALITATE<\/a><span class=\"td-post-author-name\"><a href=\"https:\/\/r3media.ro\/author\/redactia\/\">Redac\u021bia<\/a><span>&#8211;<\/span><\/span><span class=\"td-post-date\"><time class=\"entry-date updated td-module-date\" datetime=\"2026-07-21T11:14:08+03:00\">21\/07\/2026<\/time><\/span><\/div>\n<\/div>\n<\/div>\n<\/div>\n<\/div>\n<\/div>\n<div class=\"td-load-more-wrap td-load-more-infinite-wrap\" id=\"infinite-lm-tdi_20\"><a href=\"https:\/\/r3media.ro\/adrian-cioroianu-adrian-paunescu-flacara-secol-xx\/\" class=\"td_ajax_load_more td_ajax_load_more_js\" aria-label=\"\u00cenc\u0103rca\u021bi mai multe\" id=\"next-page-tdi_20\" data-td_block_id=\"tdi_20\">\u00cenc\u0103rca\u021bi mai multe<\/a><\/div>\n<\/div>\n<div class=\"td_block_wrap tdb_single_comments tdi_21 tdb-comm-layout2 td-pb-border-top td_block_template_1\" data-td-block-uid=\"tdi_21\">\n<div class=\"tdb-block-inner td-fix-index\">\n<div class=\"comments\" id=\"comments\">\n<div id=\"respond\" class=\"comment-respond\">\n<h3 id=\"reply-title\" class=\"comment-reply-title\">AI CEVA DE SPUS? <small><a rel=\"nofollow\" id=\"cancel-comment-reply-link\" href=\"https:\/\/r3media.ro\/adrian-cioroianu-adrian-paunescu-flacara-secol-xx\/#respond\">Renun\u021ba\u021bi la r\u0103spuns<\/a><\/small><\/h3>\n<div class=\"comment-form-input-wrap td-form-comment\">\n<div class=\"td-warning-comment\">V\u0103 rug\u0103m s\u0103 introduce\u021bi comentariul dvs.!<\/div>\n<\/div>\n<div class=\"comment-form-input-wrap td-form-author\">\n<div class=\"td-warning-author\">Introduce\u021bi aici numele dvs.<\/div>\n<\/div>\n<div class=\"comment-form-input-wrap td-form-email\">\n<div class=\"td-warning-email-error\">A\u021bi introdus o adres\u0103 de e-mail incorect\u0103!<\/div>\n<div class=\"td-warning-email\">V\u0103 rug\u0103m s\u0103 introduce\u021bi adresa dvs. de e-mail aici<\/div>\n<\/div>\n<\/div>\n<\/div>\n<\/div>\n<\/div>\n<\/div>\n<\/div>\n<div class=\"vc_column tdi_23  wpb_column vc_column_container tdc-column td-pb-span4 td-is-sticky\">\n<div class=\"wpb_wrapper\" data-sticky-enabled-on=\"W3RydWUsdHJ1ZSx0cnVlLHRydWVd\" data-sticky-offset=\"20\" data-sticky-is-width-auto=\"W2ZhbHNlLGZhbHNlLGZhbHNlLGZhbHNlXQ==\">\n<div class=\"wpb_wrapper td_block_wrap vc_widget_sidebar tdi_25 \">\n<div class=\"td_block_wrap td_block_7 td_block_widget tdi_26 td-pb-border-top td_block_template_1 td-column-1 td_block_padding\" data-td-block-uid=\"tdi_26\">\n<div class=\"td-block-title-wrap\">\n<h4 class=\"block-title td-block-title\"><span class=\"td-pulldown-size\">Articole RELA\u021aIONATE<\/span><\/h4>\n<\/div>\n<div id=\"tdi_26\" class=\"td_block_inner\">\n<div class=\"td-block-span12\">\n<div class=\"td_module_6 td_module_wrap td-animation-stack\">\n<div class=\"td-module-thumb\"><a href=\"https:\/\/r3media.ro\/pretul-motorinei\/\" rel=\"bookmark\" class=\"td-image-wrap \" title=\"Pre\u021bul motorinei se apropie de 10,20 lei\/litru. Ce se \u00eent\u00e2mpl\u0103 la pomp\u0103 \u00een aceast\u0103 s\u0103pt\u0103m\u00e2n\u0103\"><img loading=\"lazy\" decoding=\"async\" class=\"entry-thumb\" src=\"https:\/\/r3media.ro\/wp-content\/uploads\/2022\/09\/masina-la-pompa-e1664128776559-100x70.jpg\" alt title=\"Pre\u021bul motorinei se apropie de 10,20 lei\/litru. Ce se \u00eent\u00e2mpl\u0103 la pomp\u0103 \u00een aceast\u0103 s\u0103pt\u0103m\u00e2n\u0103\" width=\"100\" height=\"70\"><\/a><\/div>\n<div class=\"item-details\">\n<h3 class=\"entry-title td-module-title\"><a href=\"https:\/\/r3media.ro\/pretul-motorinei\/\" rel=\"bookmark\" title=\"Pre\u021bul motorinei se apropie de 10,20 lei\/litru. Ce se \u00eent\u00e2mpl\u0103 la pomp\u0103 \u00een aceast\u0103 s\u0103pt\u0103m\u00e2n\u0103\">Pre\u021bul motorinei se apropie de 10,20 lei\/litru. Ce se \u00eent\u00e2mpl\u0103 la&#8230;<\/a><\/h3>\n<div class=\"td-module-meta-info\"><span class=\"td-post-date\"><time class=\"entry-date updated td-module-date\" datetime=\"2026-07-29T11:54:15+03:00\">29\/07\/2026<\/time><\/span><\/div>\n<\/div>\n<\/div>\n<\/div>\n<div class=\"td-block-span12\">\n<div class=\"td_module_6 td_module_wrap td-animation-stack\">\n<div class=\"td-module-thumb\"><a href=\"https:\/\/r3media.ro\/burkina-faso-creste-rezerve-de-aur-romania-londra-tara-africa-control-stat-resurse-minerale-strategice\/\" rel=\"bookmark\" class=\"td-image-wrap \" title=\"Burkina Faso \u0219i-a crescut masiv rezervele de aur. \u00cen timp ce Rom\u00e2nia \u00ee\u0219i \u021bine aurul la Londra, \u021bara african\u0103 vrea un control mai bun al statului asupra resurselor minerale strategice\"><img loading=\"lazy\" decoding=\"async\" class=\"entry-thumb\" src=\"https:\/\/r3media.ro\/wp-content\/uploads\/2026\/07\/lingouri-de-aur-100x70.jpg\" alt title=\"Burkina Faso \u0219i-a crescut masiv rezervele de aur. \u00cen timp ce Rom\u00e2nia \u00ee\u0219i \u021bine aurul la Londra, \u021bara african\u0103 vrea un control mai bun al statului asupra resurselor minerale strategice\" width=\"100\" height=\"70\"><\/a><\/div>\n<div class=\"item-details\">\n<h3 class=\"entry-title td-module-title\"><a href=\"https:\/\/r3media.ro\/burkina-faso-creste-rezerve-de-aur-romania-londra-tara-africa-control-stat-resurse-minerale-strategice\/\" rel=\"bookmark\" title=\"Burkina Faso \u0219i-a crescut masiv rezervele de aur. \u00cen timp ce Rom\u00e2nia \u00ee\u0219i \u021bine aurul la Londra, \u021bara african\u0103 vrea un control mai bun al statului asupra resurselor minerale strategice\">Burkina Faso \u0219i-a crescut masiv rezervele de aur. \u00cen timp ce&#8230;<\/a><\/h3>\n<div class=\"td-module-meta-info\"><span class=\"td-post-date\"><time class=\"entry-date updated td-module-date\" datetime=\"2026-07-29T11:44:09+03:00\">29\/07\/2026<\/time><\/span><\/div>\n<\/div>\n<\/div>\n<\/div>\n<div class=\"td-block-span12\">\n<div class=\"td_module_6 td_module_wrap td-animation-stack\">\n<div class=\"td-module-thumb\"><a href=\"https:\/\/r3media.ro\/jonathan-pageau-crestinii-nu-pot-fi-capitalisti-puri\/\" rel=\"bookmark\" class=\"td-image-wrap \" title=\"Jonathan Pageau: Cre\u0219tinii nu pot fi capitali\u0219ti puri\"><img loading=\"lazy\" decoding=\"async\" class=\"entry-thumb\" src=\"https:\/\/r3media.ro\/wp-content\/uploads\/2026\/07\/pageau-capitalism-crestinism-100x70.jpg\" alt title=\"Jonathan Pageau: Cre\u0219tinii nu pot fi capitali\u0219ti puri\" width=\"100\" height=\"70\"><\/a><\/div>\n<div class=\"item-details\">\n<h3 class=\"entry-title td-module-title\"><a href=\"https:\/\/r3media.ro\/jonathan-pageau-crestinii-nu-pot-fi-capitalisti-puri\/\" rel=\"bookmark\" title=\"Jonathan Pageau: Cre\u0219tinii nu pot fi capitali\u0219ti puri\">Jonathan Pageau: Cre\u0219tinii nu pot fi capitali\u0219ti puri<\/a><\/h3>\n<div class=\"td-module-meta-info\"><span class=\"td-post-date\"><time class=\"entry-date updated td-module-date\" datetime=\"2026-07-29T11:33:14+03:00\">29\/07\/2026<\/time><\/span><\/div>\n<\/div>\n<\/div>\n<\/div>\n<div class=\"td-block-span12\">\n<div class=\"td_module_6 td_module_wrap td-animation-stack\">\n<div class=\"td-module-thumb\"><a href=\"https:\/\/r3media.ro\/europarlamentarul-gheorghe-piperea-psd-pnl-usr-udmr-sunt-de-fapt-pro-ucraineni-noi-preferam-sa-fim-pro-romani\/\" rel=\"bookmark\" class=\"td-image-wrap \" title=\"Europarlamentarul Gheorghe Piperea: PSD-PNL-USR-UDMR sunt de fapt, pro-ucraineni. Noi prefer\u0103m s\u0103 fim pro-rom\u00e2ni\"><img loading=\"lazy\" decoding=\"async\" class=\"entry-thumb\" src=\"https:\/\/r3media.ro\/wp-content\/uploads\/2020\/11\/piperea-2-e1611410431192-100x70.jpg\" alt title=\"Europarlamentarul Gheorghe Piperea: PSD-PNL-USR-UDMR sunt de fapt, pro-ucraineni. Noi prefer\u0103m s\u0103 fim pro-rom\u00e2ni\" width=\"100\" height=\"70\"><\/a><\/div>\n<div class=\"item-details\">\n<h3 class=\"entry-title td-module-title\"><a href=\"https:\/\/r3media.ro\/europarlamentarul-gheorghe-piperea-psd-pnl-usr-udmr-sunt-de-fapt-pro-ucraineni-noi-preferam-sa-fim-pro-romani\/\" rel=\"bookmark\" title=\"Europarlamentarul Gheorghe Piperea: PSD-PNL-USR-UDMR sunt de fapt, pro-ucraineni. Noi prefer\u0103m s\u0103 fim pro-rom\u00e2ni\">Europarlamentarul Gheorghe Piperea: PSD-PNL-USR-UDMR sunt de fapt, pro-ucraineni. Noi prefer\u0103m s\u0103&#8230;<\/a><\/h3>\n<div class=\"td-module-meta-info\"><span class=\"td-post-date\"><time class=\"entry-date updated td-module-date\" datetime=\"2026-07-29T08:43:38+03:00\">29\/07\/2026<\/time><\/span><\/div>\n<\/div>\n<\/div>\n<\/div>\n<div class=\"td-block-span12\">\n<div class=\"td_module_6 td_module_wrap td-animation-stack\">\n<div class=\"td-module-thumb\"><a href=\"https:\/\/r3media.ro\/steinhardt-caragiale-si-sufletul-romanesc\/\" rel=\"bookmark\" class=\"td-image-wrap \" title=\"Steinhardt, Caragiale \u015fi sufletul rom\u00e2nesc\"><img loading=\"lazy\" decoding=\"async\" class=\"entry-thumb\" src=\"https:\/\/r3media.ro\/wp-content\/uploads\/2026\/07\/N-Steinhardt-100x70.jpg\" alt title=\"Steinhardt, Caragiale \u015fi sufletul rom\u00e2nesc\" width=\"100\" height=\"70\"><\/a><\/div>\n<div class=\"item-details\">\n<h3 class=\"entry-title td-module-title\"><a href=\"https:\/\/r3media.ro\/steinhardt-caragiale-si-sufletul-romanesc\/\" rel=\"bookmark\" title=\"Steinhardt, Caragiale \u015fi sufletul rom\u00e2nesc\">Steinhardt, Caragiale \u015fi sufletul rom\u00e2nesc<\/a><\/h3>\n<div class=\"td-module-meta-info\"><span class=\"td-post-date\"><time class=\"entry-date updated td-module-date\" datetime=\"2026-07-29T08:33:02+03:00\">29\/07\/2026<\/time><\/span><\/div>\n<\/div>\n<\/div>\n<\/div>\n<div class=\"td-block-span12\">\n<div class=\"td_module_6 td_module_wrap td-animation-stack\">\n<div class=\"td-module-thumb\"><a href=\"https:\/\/r3media.ro\/29-iulie-nasterea-nicolae-steinhardt-monahul-de-la-rohia-iustinian-chira\/\" rel=\"bookmark\" class=\"td-image-wrap \" title=\"Calendarul zilei 29 iulie: Na\u0219terea lui Nicolae Steinhardt, monahul de la Rohia. Evocarea \u00cePS Justinian Chira | VIDEO\"><img loading=\"lazy\" decoding=\"async\" class=\"entry-thumb\" src=\"https:\/\/r3media.ro\/wp-content\/uploads\/2021\/07\/parintele_nicolae_steinhardt-100x70.jpg\" alt title=\"Calendarul zilei 29 iulie: Na\u0219terea lui Nicolae Steinhardt, monahul de la Rohia. Evocarea \u00cePS Justinian Chira | VIDEO\" width=\"100\" height=\"70\"><\/a><\/div>\n<div class=\"item-details\">\n<h3 class=\"entry-title td-module-title\"><a href=\"https:\/\/r3media.ro\/29-iulie-nasterea-nicolae-steinhardt-monahul-de-la-rohia-iustinian-chira\/\" rel=\"bookmark\" title=\"Calendarul zilei 29 iulie: Na\u0219terea lui Nicolae Steinhardt, monahul de la Rohia. Evocarea \u00cePS Justinian Chira | VIDEO\">Calendarul zilei 29 iulie: Na\u0219terea lui Nicolae Steinhardt, monahul de la&#8230;<\/a><\/h3>\n<div class=\"td-module-meta-info\"><span class=\"td-post-date\"><time class=\"entry-date updated td-module-date\" datetime=\"2026-07-28T21:40:29+03:00\">28\/07\/2026<\/time><\/span><\/div>\n<\/div>\n<\/div>\n<\/div>\n<div class=\"td-block-span12\">\n<div class=\"td_module_6 td_module_wrap td-animation-stack\">\n<div class=\"td-module-thumb\"><a href=\"https:\/\/r3media.ro\/29-iulie-ziua-imnului-national\/\" rel=\"bookmark\" class=\"td-image-wrap \" title=\"Calendarul zilei: 29 iulie, Ziua Imnului Na\u021bional\"><img loading=\"lazy\" decoding=\"async\" class=\"entry-thumb\" src=\"https:\/\/r3media.ro\/wp-content\/uploads\/2021\/07\/maxresdefault-13-100x70.jpg\" alt title=\"Calendarul zilei: 29 iulie, Ziua Imnului Na\u021bional\" width=\"100\" height=\"70\"><\/a><\/div>\n<div class=\"item-details\">\n<h3 class=\"entry-title td-module-title\"><a href=\"https:\/\/r3media.ro\/29-iulie-ziua-imnului-national\/\" rel=\"bookmark\" title=\"Calendarul zilei: 29 iulie, Ziua Imnului Na\u021bional\">Calendarul zilei: 29 iulie, Ziua Imnului Na\u021bional<\/a><\/h3>\n<div class=\"td-module-meta-info\"><span class=\"td-post-date\"><time class=\"entry-date updated td-module-date\" datetime=\"2026-07-28T21:20:53+03:00\">28\/07\/2026<\/time><\/span><\/div>\n<\/div>\n<\/div>\n<\/div>\n<\/div>\n<\/div>\n<aside class=\"td_block_template_1 widget widget_recent_comments\">\n<h4 class=\"block-title\"><span>INTR\u0102 \u00ceN DISCU\u021aIE!<\/span><\/h4>\n<ul id=\"recentcomments\">\n<li class=\"recentcomments\"><span class=\"comment-author-link\">Pav\u0103l \u0218tefan<\/span> la <a href=\"https:\/\/r3media.ro\/film-nou-stapanul-inelelor-corect-politic-regizor-andy-serkis-diversitate-tolkien-mitologie-nordica\/#comment-40327\">Noul film \u201eSt\u0103p\u00e2nul Inelelor\u201d nu va fi corect politic. Regizorul Andy Serkis: J.R.R. Tolkien a fost influen\u021bat de mitologia nordic\u0103. Nu vrem o distribu\u021bie de dragul de a bifa c\u0103su\u021be<\/a><\/li>\n<li class=\"recentcomments\"><span class=\"comment-author-link\">Nicu<\/span> la <a href=\"https:\/\/r3media.ro\/avioane-americane-bulgaria-energie-radev-sua\/#comment-40326\">Avioane americane la Bezmer, la schimb cu avantaje \u00een zona energetic\u0103 pentru Bulgaria: ce a ob\u021binut guvernul Radev de la SUA<\/a><\/li>\n<li class=\"recentcomments\"><span class=\"comment-author-link\">Constantin<\/span> la <a href=\"https:\/\/r3media.ro\/prima-oara-istorie-presedintia-document-primplan-patriotism-european\/#comment-40325\">Pentru prima oar\u0103 \u00een istorie, Pre\u0219edin\u021bia Rom\u00e2niei emite un document care pune pe primul plan o alt\u0103 entitate dec\u00e2t \u021bara noastr\u0103: patriotismul european<\/a><\/li>\n<li class=\"recentcomments\"><span class=\"comment-author-link\">Constantin<\/span> la <a href=\"https:\/\/r3media.ro\/statul-roman-a-semnat-actul-propriei-disparitii\/#comment-40324\">Statul rom\u00e2n a semnat actul propriei dispari\u021bii?<\/a><\/li>\n<li class=\"recentcomments\"><span class=\"comment-author-link\">Nicu<\/span> la <a href=\"https:\/\/r3media.ro\/statul-roman-a-semnat-actul-propriei-disparitii\/#comment-40323\">Statul rom\u00e2n a semnat actul propriei dispari\u021bii?<\/a><\/li>\n<li class=\"recentcomments\"><span class=\"comment-author-link\">Nicu<\/span> la <a href=\"https:\/\/r3media.ro\/dan-dungaciu-patriotism-european-natiunea-identitatea-europeana\/#comment-40322\">Prof. Dan Dungaciu despre raportul privind \u201epatriotismul european\u201d emis de la Cotroceni: Dac\u0103 na\u021biunea e un construct, atunci \u201eidentitatea european\u0103\u201d ce este?<\/a><\/li>\n<li class=\"recentcomments\"><span class=\"comment-author-link\">boiu<\/span> la <a href=\"https:\/\/r3media.ro\/rusia-romania-drona-ambasador-moscova-porturi-dunare\/#comment-40321\">Rusia, avertizat\u0103 de Rom\u00e2nia dup\u0103 incidentele cu drona. Ambasadorul Moscovei acuz\u0103 Bucure\u0219tiul c\u0103 folose\u0219te porturile de la Dun\u0103re pentru a transporta arme \u00een Ucraina<\/a><\/li>\n<\/ul>\n<\/aside>\n<aside class=\"td_block_template_1 widget widget_search\">\n<h4 class=\"block-title\"><span>CAUT\u0102 \u0218I VEI G\u0102SI<\/span><\/h4>\n<\/aside>\n<\/div>\n<\/div>\n<\/div>\n<\/div>\n<\/div>\n<\/div>\n<\/div>\n<p><span class=\"td-page-meta\"><\/span><span class=\"td-page-meta\"><span class=\"td-page-meta\"><\/span><\/span><span class=\"td-page-meta\"><\/span><\/article>\n<\/p>\n<div class=\"td_block_wrap tdb_single_content tdi_18 td-pb-border-top td_block_template_1 td-post-content tagdiv-type\" data-td-block-uid=\"tdi_18\">\n<div class=\"tdb-block-inner td-fix-index\">\n<p><strong>Adrian Cioroianu, istoric \u0219i fost ministru de externe, a participat la dezbaterea despre Adrian P\u0103unescu, personalitate care a revenit, recent, \u00een discu\u021bie.<\/strong><\/p>\n<p>Este vorba despre propunerea <a href=\"https:\/\/r3media.ro\/iiccmer-solicita-demolare-statuie-poet-adrian-paunescu-gradina-icoanei-bucuresti\/\" target=\"_blank\" rel=\"noopener\">IICMER de a elimina statuia lui Adrian P\u0103unescu<\/a> din Gr\u0103dina Icoanei din Bucure\u0219ti.<\/p>\n<p>\u00cen acest sens, Adrian Cioroianu a amintit despre un articol publicat \u00een <a href=\"https:\/\/dilemaveche.ro\/sectiune\/societate\/ieri-cu-vedere-spre-azi\/un-fenomen-al-naturii-paunescu-608063.html\" target=\"_blank\" rel=\"noopener\">Dilema Veche<\/a> din 2010 despre P\u0103unescu.<\/p>\n<p>Intitulat \u201eUn fenomen al naturii \u2013 P\u0103unescu\u201d, articolul face o analiz\u0103 nuan\u021bat\u0103 a vie\u021bii publice a poetului: de la complexitatea Cenaclului Flac\u0103ra, la activitatea sa post 1989.<\/p>\n<p>Articolul este \u0219i mai demn de remarcat cu c\u00e2t Cioroianu a fost adversar politic al lui P\u0103unescu, de-a lungul vie\u021bii.<\/p>\n<p>\u201e\u00centr-o vreme \u00een care conceptul de vedet\u0103 era trecut la index, el era o vedet\u0103 care tuna pe stadioane p\u00een\u0103 noaptea t\u00eerziu, recit\u00eend versuri sau slogane care, \u00een gura lui \u015fi-n mintea noastr\u0103, chiar sunau mobilizator (m\u0103car c\u00eeteva ore, dup\u0103 care vraja se sp\u0103rgea).<\/p>\n<p>\u00centr-o sear\u0103 de prim\u0103var\u0103, tot la un cenaclu, un t\u00een\u0103r din tribun\u0103 a luat un steag \u015fi a dat s\u0103 intre \u00een aren\u0103. Mili\u0163ienii i-au ie\u015fit \u00een cale \u015fi l-au blocat. \u015ei P\u0103unescu a \u00eenceput s\u0103 \u0163ipe la mili\u0163ieni: \u201e<em>Lua\u0163i m\u00eena de pe acest t\u00een\u0103r! Nu s\u00eente\u0163i aici ca s\u0103 bloca\u0163i tinerii s\u0103 fluture steagul \u0163\u0103rii lor, dac\u0103 asta vor<\/em>\u201c \u015f.a.m.d. \u2013 adic\u0103 genul de fraze rebele care lui \u00eei ie\u015feau foarte bine, iar pe pu\u015ftani \u00eei \u00eenc\u0103lzea deplin.<\/p>\n<p>Am fost de fa\u0163\u0103. Am fost la acel cenaclu, \u00een acei ani. Am fost acolo de bun\u0103voie, f\u0103r\u0103 convocator \u015fi f\u0103r\u0103 bilete b\u0103gate pe g\u00eet de la UTC. Cenaclul \u201eFlac\u0103ra\u201c r\u0103m\u00eene un fenomen \u00een sine, lung (1000 \u015fi ceva de spectacole?), alambicat \u015fi complex, iar cine-l expediaz\u0103 univoc sub sigla cultului personalit\u0103\u0163ii conduc\u0103torului cred c\u0103 gre\u015fe\u015fte. Sigur c\u0103 azi e u\u015for s\u0103 spui c\u0103 mergeam la Cenaclu pentru c\u0103 nu aveam parte de concerte Depeche Mode sau Def Leppard.<\/p>\n<p>C\u0103 \u00eel priveam pe P\u0103unescu \u015fut\u00eend baloane pentru c\u0103 nu puteam vedea baloanele Samanthei Fox, de exemplu. Dar nu cred c\u0103 P\u0103unescu f\u0103cea ca Madonna sau Duran Duran s\u0103 nu vin\u0103 atunci \u00een Rom\u00e2nia. P\u0103unescu a fost acuzat de multe, dar dac\u0103 o anume genera\u0163ie de rom\u00e2ni a avut c\u00eet de c\u00eet idee despre un anume mistre\u0163 cu col\u0163i de argint (din poemul altui scriitor!), atunci are \u015fi ceva merite\u201d, a scris Cioroianu.<\/p>\n<p>Istoricul a \u00eencheiat astfel:<\/p>\n<p>\u201e<em>Odihneasc\u0103-se-n pace!<\/em> nu i se aplic\u0103 lui Adrian P\u0103unescu. Dac\u0103 dincolo e o alt\u0103 existen\u0163\u0103, el nu se va odihni nicicum. El a fost ca un fenomen al naturii. Precum ploaia de var\u0103, enervant\u0103 dac\u0103 te prinde c\u00eend \u00ee\u0163i vopse\u015fti gardul, sau \u00eenc\u00eent\u0103toare dac\u0103 e\u015fti cu iubita \u00eentr-un foi\u015for din parcul gol.<\/p>\n<p>A fost precum z\u0103pada de ianuarie, care-i pl\u0103cut\u0103 dac\u0103 e\u015fti \u00eencoto\u015fm\u0103nat pe sanie \u015fi care-i groaznic\u0103 dac\u0103 ai cizmele sparte. \u00cen calit\u0103\u0163ile \u015fi-n contrastele sale, \u00een tumultul \u015fi-n sensibilitatea lui, \u00een ambi\u0163ia-i de-a fi peste tot \u015fi-n ascunzi\u015furile lui periodice, acest om n-a avut nimic ordinar.<\/p>\n<p>\u00cen el s-a str\u00eens ceva din flac\u0103ra \u015fi din melancolia unei jum\u0103t\u0103\u0163i de secol XX \u015fi, dup\u0103 cum Istoria l-a urcat sau l-a cobor\u00eet, iat\u0103-l intr\u00eend \u015fi pe el \u00een istoria Rom\u00e2niei recente, pletos \u015fi rubicond \u015fut\u00eend spre o poart\u0103 pe care tot el se repede s-o apere\u201d.<\/p>\n<div class=\"crp_related     crp-masonry\">\n<h2>\u00ceN CONTEXT<\/h2>\n<ul>\n<li><a href=\"https:\/\/r3media.ro\/fara-tine-in-google-r3media-dispare-iata-ce-poti-face-in-10-secunde\/\" class=\"crp_link post-119031\"><span class=\"crp_title\">F\u0103r\u0103 tine \u00een Google, R3media dispare. Iat\u0103 ce po\u021bi face \u00een 10 secunde<\/span><\/a><\/li>\n<li><a href=\"https:\/\/r3media.ro\/adrian-ciorioianu-daniel-david-dezbatere-istoria-romanilor-istoria-evreilor-liceu-video\/\" class=\"crp_link post-106518\"><span class=\"crp_title\">VIDEO | Adrian Cioroianu l-a pus la punct pe Daniel David: E foarte interesant c\u0103 l\u0103s\u0103m la\u2026<\/span><\/a><\/li>\n<li><a href=\"https:\/\/r3media.ro\/ioan-aurel-pop-lege-vexler-razboi-istoria\/\" class=\"crp_link post-119771\"><span class=\"crp_title\">Ioan-Aurel Pop critic\u0103 legea Vexler \u00eentr-un articol de neratat: Nu putem s\u0103 ducem un r\u0103zboi\u2026<\/span><\/a><\/li>\n<li><a href=\"https:\/\/r3media.ro\/ioan-aurel-pop-discriminarea-lupta-cu-istoria-lupta-cu-viata\/\" class=\"crp_link post-117485\"><span class=\"crp_title\">Discriminarea, lupta cu istoria, lupta cu via\u021ba?<\/span><\/a><\/li>\n<li><a href=\"https:\/\/r3media.ro\/20-iulie-adrian-paunescu\/\" class=\"crp_link post-5555\"><span class=\"crp_title\">Calendarul zilei 20 iulie: 83 de ani de la na\u0219terea poetului Adrian P\u0103unescu<\/span><\/a><\/li>\n<li><a href=\"https:\/\/r3media.ro\/iiccmer-solicita-demolare-statuie-poet-adrian-paunescu-gradina-icoanei-bucuresti\/\" class=\"crp_link post-120448\"><span class=\"crp_title\">IICCMER solicit\u0103 demolarea statuii poetului Adrian P\u0103unescu din Gr\u0103dina Icoanei din Bucure\u0219ti<\/span><\/a><\/li>\n<\/ul>\n<\/div>\n<\/div>\n<\/div>\n<p>[analyse_source url=&#8221;https:\/\/r3media.ro\/adrian-cioroianu-adrian-paunescu-flacara-secol-xx\/&#8221;]<\/p>\n","protected":false},"excerpt":{"rendered":"<p>[analyse_image type=&#8221;featured&#8221; src=&#8221;https:\/\/r3media.ro\/wp-content\/uploads\/2026\/07\/adrian-paunescu-adrian-cioroianu.pnghttps:\/\/r3media.ro\/wp-content\/uploads\/2026\/07\/adrian-paunescu-adrian-cioroianu.png&#8221;] FEATUREDAdrian Cioroianu despre Adrian P\u0103unescu: \u00cen el s-a str\u00eens ceva din flac\u0103ra&#8230; FEATURED\u0218TIRI Adrian Cioroianu despre Adrian P\u0103unescu: \u00cen el s-a str\u00eens ceva din flac\u0103ra \u015fi din melancolia unei jum\u0103t\u0103\u0163i de secol XX Radu Ursan 29\/07\/2026 Sursa foto: Radio Chisinau Adrian Cioroianu, istoric \u0219i fost ministru de externe, a participat la dezbaterea [&hellip;]<\/p>\n","protected":false},"author":1,"featured_media":0,"comment_status":"open","ping_status":"","sticky":false,"template":"","format":"standard","meta":{"footnotes":""},"categories":[89],"tags":[226,93],"class_list":["post-2067024","post","type-post","status-publish","format-standard","hentry","category-romania","tag-crawlmanager","tag-r3media-ro"],"_links":{"self":[{"href":"https:\/\/analyse.optim.biz\/index.php?rest_route=\/wp\/v2\/posts\/2067024","targetHints":{"allow":["GET"]}}],"collection":[{"href":"https:\/\/analyse.optim.biz\/index.php?rest_route=\/wp\/v2\/posts"}],"about":[{"href":"https:\/\/analyse.optim.biz\/index.php?rest_route=\/wp\/v2\/types\/post"}],"author":[{"embeddable":true,"href":"https:\/\/analyse.optim.biz\/index.php?rest_route=\/wp\/v2\/users\/1"}],"replies":[{"embeddable":true,"href":"https:\/\/analyse.optim.biz\/index.php?rest_route=%2Fwp%2Fv2%2Fcomments&post=2067024"}],"version-history":[{"count":0,"href":"https:\/\/analyse.optim.biz\/index.php?rest_route=\/wp\/v2\/posts\/2067024\/revisions"}],"wp:attachment":[{"href":"https:\/\/analyse.optim.biz\/index.php?rest_route=%2Fwp%2Fv2%2Fmedia&parent=2067024"}],"wp:term":[{"taxonomy":"category","embeddable":true,"href":"https:\/\/analyse.optim.biz\/index.php?rest_route=%2Fwp%2Fv2%2Fcategories&post=2067024"},{"taxonomy":"post_tag","embeddable":true,"href":"https:\/\/analyse.optim.biz\/index.php?rest_route=%2Fwp%2Fv2%2Ftags&post=2067024"}],"curies":[{"name":"wp","href":"https:\/\/api.w.org\/{rel}","templated":true}]}}