{"id":206688,"date":"2014-04-30T22:44:12","date_gmt":"2014-04-30T19:44:12","guid":{"rendered":"https:\/\/analyse.optim.biz\/?p=206688"},"modified":"2014-04-30T22:44:12","modified_gmt":"2014-04-30T19:44:12","slug":"emil-hurezeanu-despre-glumele-lui-victor-ponta-aerul-de-adolescenta-neconsumata-nedefinit-ii-starneste-un-oarecare-atasament","status":"publish","type":"post","link":"https:\/\/analyse.optim.biz\/?p=206688","title":{"rendered":"Emil Hurezeanu, despre glumele lui Victor Ponta: \u201eAerul de adolescen\u021b\u0103 neconsumat\u0103, nedefinit, \u00eei st\u00e2rne\u0219te un oarecare ata\u0219ament\u201d"},"content":{"rendered":"<div class=\"entry data-app-meta data-app-meta-article\" data-embed-base-url-canonical=\"https:\/\/www.digi24.ro\/embed\/stiri\/actualitate\/politica\/emil-hurezeanu-despre-glumele-lui-victor-ponta-aerul-de-adolescenta-neconsumata-nedefinit-ii-starneste-un-oarecare-atasament-237177\">\n<p data-index=\"1\">\u201e<span>Important e c\u00e2nd glume\u0219te prima oar\u0103. C\u00e2nd se plimb\u0103 cu domnul Dragnea \u00een barc\u0103, tra\u0219i de jandarmi, sau pe seama propriei scene c\u00e2nd glume\u0219te cu poloi\u0219tii. Trebuia s\u0103 o fac\u0103 de fiecare dat\u0103. Domnul Ponta este, caracterologic vorbind, un situa\u021bionist. El e foarte mult func\u021bie de situa\u021bia \u00een care se afl\u0103. Nu este primul ministru care \u00ee\u0219i reprezint\u0103 func\u021bia indiferent de situa\u021bia \u00een care se afl\u0103, dimpotriv\u0103, ia forma f\u0103r\u0103 prea mult con\u021binut, sau cu con\u021binutul adecvat, dar care nu este cel de prim-ministru, situa\u021biei \u00een care brusc \u00eel aduce destinul\u201d, a spus <strong>Emil Hurezeanu<\/strong>.<\/span><\/p>\n<p data-index=\"2\">Jurnalistul a ad\u0103ugat c\u0103<strong> Victor Ponta<\/strong> are \u201eo natur\u0103 jovial\u0103 necoagulat\u0103\u201d \u0219i are uneori discursuri inspirate, cu jocuri de cuvinte, dar \u201ef\u0103r\u0103 structur\u0103 \u0219i nu exprim\u0103 ni\u0219te idei prestabilite pe care orice prim-ministru trebuie s\u0103 le configureze \u00eentr-o agend\u0103\u201d.<\/p>\n<p data-index=\"3\">\u201e<span>\u0218i sindromul post-pubertar nesaturat \u00eei face \u0219i bine \u0219i r\u0103u, dintr-o perspectiv\u0103 sociologic\u0103, nu din perspectiva etic\u0103. Electoral vorbind, cred c\u0103 aceast\u0103 jovialitate schimb\u0103toare, volatil\u0103, cu un fel de aer de adolescen\u021b\u0103 neconsumat\u0103, nedefinit, \u00eei st\u00e2rne\u0219te un oarecare ata\u0219ament\u201d, a ad\u0103ugat jurnalistul.<\/span><\/p>\n<p data-index=\"4\"><strong>Emil Hurezeanu<\/strong> a mai spus c\u0103 Victor Ponta pare s\u0103 fie un spectator la propria func\u021bie.<\/p>\n<p data-index=\"5\">\u201e<span>O s\u0103-i convin\u0103 s\u0103 fie pre\u0219edinte, mai degrab\u0103? O s\u0103 reu\u0219easc\u0103 s\u0103 fie pre\u0219edinte? Va mai putea fi prea mult prim-ministru \u00eentr-o astfel de situa\u021bie? Amestecul acesta e mai rar \u00een politica rom\u00e2neasc\u0103 \u0219i, domnul Ponta nedefinindu-se \u00eentr-un fel simplu, deocamdat\u0103 st\u00e2rne\u0219te o oarecare nedumerire care se las\u0103 cu adeziune politic\u0103 din partea propriilor baroni, din partea altora, din partea indiferen\u021bilor, dar \u0219i din partea unor care zic, \u00een definitiv, <\/span><span lang=\"en-US\">&#8216;<\/span><span>de ce nu un baschetbalist decomplexat?<\/span><span lang=\"en-US\">&#8216;<\/span><span>. Mie \u00eemi apare ca prea decomplexat. Dar s-ar putea ca dup\u0103 \u00eend\u00e2rjirea asta polarizant\u0103, polarizatoare, pe care au ilustrat-o <strong>Iliescu<\/strong> \u0219i <strong>B\u0103sescu<\/strong> de-a lungul ultimilor 25 de ani post-comuni\u0219ti, personajul acesta vag \u00eent\u00e2mplat \u00een politic\u0103 s\u0103 aib\u0103 \u00eenc\u0103 un oarecare succes. Nu prea mult. Au trecut doi ani \u0219i caden\u021bele unor \u00eempliniri nu sunt bifate. Felul \u00een care se lucreaz\u0103 cu autostr\u0103zile, cu taxele\u201d, a mai spus Emil Hurezeanu.<\/span><\/p>\n<\/div>\n<p> Source URL: https:\/\/www.digi24.ro\/stiri\/actualitate\/politica\/emil-hurezeanu-despre-glumele-lui-victor-ponta-aerul-de-adolescenta-neconsumata-nedefinit-ii-starneste-un-oarecare-atasament-237177<\/p>\n","protected":false},"excerpt":{"rendered":"<p>\u201eImportant e c\u00e2nd glume\u0219te prima oar\u0103. C\u00e2nd se plimb\u0103 cu domnul Dragnea \u00een barc\u0103, tra\u0219i de jandarmi, sau pe seama propriei scene c\u00e2nd glume\u0219te cu poloi\u0219tii. Trebuia s\u0103 o fac\u0103 de fiecare dat\u0103. Domnul Ponta este, caracterologic vorbind, un situa\u021bionist. El e foarte mult func\u021bie de situa\u021bia \u00een care se afl\u0103. Nu este primul ministru [&hellip;]<\/p>\n","protected":false},"author":1,"featured_media":206689,"comment_status":"open","ping_status":"","sticky":false,"template":"","format":"standard","meta":{"footnotes":""},"categories":[2],"tags":[11],"class_list":["post-206688","post","type-post","status-publish","format-standard","has-post-thumbnail","hentry","category-politics","tag-digi24"],"_links":{"self":[{"href":"https:\/\/analyse.optim.biz\/index.php?rest_route=\/wp\/v2\/posts\/206688","targetHints":{"allow":["GET"]}}],"collection":[{"href":"https:\/\/analyse.optim.biz\/index.php?rest_route=\/wp\/v2\/posts"}],"about":[{"href":"https:\/\/analyse.optim.biz\/index.php?rest_route=\/wp\/v2\/types\/post"}],"author":[{"embeddable":true,"href":"https:\/\/analyse.optim.biz\/index.php?rest_route=\/wp\/v2\/users\/1"}],"replies":[{"embeddable":true,"href":"https:\/\/analyse.optim.biz\/index.php?rest_route=%2Fwp%2Fv2%2Fcomments&post=206688"}],"version-history":[{"count":0,"href":"https:\/\/analyse.optim.biz\/index.php?rest_route=\/wp\/v2\/posts\/206688\/revisions"}],"wp:featuredmedia":[{"embeddable":true,"href":"https:\/\/analyse.optim.biz\/index.php?rest_route=\/wp\/v2\/media\/206689"}],"wp:attachment":[{"href":"https:\/\/analyse.optim.biz\/index.php?rest_route=%2Fwp%2Fv2%2Fmedia&parent=206688"}],"wp:term":[{"taxonomy":"category","embeddable":true,"href":"https:\/\/analyse.optim.biz\/index.php?rest_route=%2Fwp%2Fv2%2Fcategories&post=206688"},{"taxonomy":"post_tag","embeddable":true,"href":"https:\/\/analyse.optim.biz\/index.php?rest_route=%2Fwp%2Fv2%2Ftags&post=206688"}],"curies":[{"name":"wp","href":"https:\/\/api.w.org\/{rel}","templated":true}]}}