{"id":2066722,"date":"2026-07-28T17:43:26","date_gmt":"2026-07-28T14:43:26","guid":{"rendered":"https:\/\/analyse.optim.biz\/?p=2066722"},"modified":"2026-07-28T17:43:26","modified_gmt":"2026-07-28T14:43:26","slug":"20-de-microbuze-electrice-au-fost-predate-primariilor-din-valcea-investitia-consiliului-judetean-ajunge-la-57-de-autovehicule-pentru-transportul-elevilor","status":"publish","type":"post","link":"https:\/\/analyse.optim.biz\/?p=2066722","title":{"rendered":"20 de microbuze electrice au fost predate prim\u0103riilor din V\u00e2lcea: investi\u021bia Consiliului Jude\u021bean ajunge la 57 de autovehicule pentru transportul elevilor"},"content":{"rendered":"<p>[analyse_image type=&#8221;featured&#8221; src=&#8221;https:\/\/www.impactreal.ro\/wp-content\/uploads\/2026\/07\/consiliul-jude-2026-1024&#215;683.png&#8221;]<\/p>\n<div class=\"single-news-content\">\n<div class=\"news-image\"><img loading=\"lazy\" decoding=\"async\" width=\"1536\" height=\"1024\" src=\"https:\/\/www.impactreal.ro\/wp-content\/uploads\/2026\/07\/consiliul-jude-2026.png\" class=\"img-responsive wp-post-image\" alt=\"20 de microbuze electrice au fost predate prim\u0103riilor din V\u00e2lcea: investi\u021bia Consiliului Jude\u021bean ajunge la 57 de autovehicule pentru transportul elevilor\"><\/div>\n<div class=\"news-detail clearfix\">\n<div class=\"entry-meta\"><span class=\"posted-date\"><a href=\"https:\/\/www.impactreal.ro\/2026\/07\/28\/20-de-microbuze-electrice-au-fost-predate-primariilor-din-valcea-investitia-consiliului-judetean-ajunge-la-57-de-autovehicule-pentru-transportul-elevilor\/\" rel=\"bookmark\"><time class=\"entry-date published\" datetime=\"2026-07-28T20:43:26+03:00\">28 iulie 2026<\/time><time class=\"updated\" datetime=\"2026-07-28T20:46:28+03:00\">28 iulie 2026<\/time><\/a><\/span><span class=\"author vcard\"><a href=\"https:\/\/www.impactreal.ro\/author\/claudia-schiopu\/\">Claudia Schiopu<\/a><\/span><span class=\"cat-links\"><a href=\"https:\/\/www.impactreal.ro\/category\/administratie\/\" rel=\"category tag\">Administra\u0163ie<\/a><a href=\"https:\/\/www.impactreal.ro\/category\/local\/\" rel=\"category tag\">Local<\/a><\/span><\/div>\n<div class=\"news-content editor-content-entry\">\n<p><em>Consiliul Jude\u021bean V\u00e2lcea a predat luni, la Muzeul Satului V\u00e2lcean, primele 20 dintre cele 25 de microbuze electrice cump\u0103rate printr-un proiect finan\u021bat de Administra\u021bia Fondului pentru Mediu. Autovehiculele vor ajunge \u00een tot at\u00e2tea localit\u0103\u021bi \u0219i vor fi folosite pentru transportul elevilor din aceast\u0103 toamn\u0103. Celelalte cinci microbuze vor fi livrate \u00een cursul lunii august, a anun\u021bat pre\u0219edintele Consiliului Jude\u021bean V\u00e2lcea, Constantin R\u0103dulescu:<\/em><\/p>\n<p><strong>\u201d<em>Ast\u0103zi, la Muzeul Satului V\u00e2lcean, am predat 20 de microbuze electrice moderne pentru transportul \u0219colar, din totalul de 25 pe care le-am achizi\u021bionat printr-un nou proiect derulat de Consiliul Jude\u021bean V\u00e2lcea. <\/em><em>Vorbim despre microbuze marca FORD, cu 16+1 locuri (inclusiv pentru persoane cu dizabilit\u0103\u021bi), o autonomie de 400 km, garan\u021bie de 10 ani la baterii \u0219i sisteme moderne de siguran\u021b\u0103.<\/em><\/strong><br \/><strong><em>Cele 20 de autovehicule predate ast\u0103zi vor ajunge \u00een localit\u0103\u021bile: \u0218tef\u0103ne\u0219ti, Stroe\u0219ti, Bude\u0219ti, Pietrari, Galicea, L\u0103de\u0219ti, Malaia, Matee\u0219ti, Sl\u0103tioara, Prundeni, Muereasca, Berisl\u0103ve\u0219ti, Roe\u0219ti, Coste\u0219ti, Mih\u0103e\u0219ti, Valea Mare, Mitrofani, B\u0103ile Govora, P\u0103u\u0219e\u0219ti \u0219i Milcoiu.\u00a0 Restul de 5 microbuze vor fi livrate, \u00een cursul lunii august, localit\u0103\u021bilor: B\u0103rb\u0103te\u0219ti, Cop\u0103ceni, Peri\u0219ani, Vl\u0103de\u0219ti \u0219i P\u0103u\u0219e\u0219ti-M\u0103gla\u0219i.\u00a0 <\/em><\/strong><strong><em>Acest proiect este finan\u021bat prin Administra\u021bia Fondului pentru Mediu (AFM) \u0219i are o valoare de peste 2,5 milioane de euro.\u00a0 Tot \u00een cadrul \u00eent\u00e2lnirii de ast\u0103zi, am organizat \u0219i instruirea \u0219oferilor, astfel \u00eenc\u00e2t microbuzele s\u0103 fie complet preg\u0103tite \u0219i s\u0103 intre \u00een circuitul \u0219colar chiar din aceast\u0103 toamn\u0103, odat\u0103 cu \u00eenceperea noului an \u0219colar!\u00a0 Prin aceast\u0103 nou\u0103 investi\u021bie, al\u0103turi de cele 32 de microbuze (finan\u021bate prin PNRR) pe care le-am repartizat anul trecut, ajungem la un total de 57 de microbuze \u0219colare puse la dispozi\u021bia comunit\u0103\u021bilor din jude\u021bul V\u00e2lcea!\u00a0 Le mul\u021bumesc primarilor care au fost prezen\u021bi ast\u0103zi, le doresc s\u0103 le \u201est\u0103p\u00e2neasc\u0103\u201d f\u0103r\u0103 incidente \u00een trafic, iar elevii din localit\u0103\u021bile respective s\u0103 se bucure de condi\u021bii bune de transport.\u00a0 Mul\u021bumiri speciale echipei Consiliului Jude\u021bean V\u00e2lcea, care a muncit enorm pentru ca acest proiect s\u0103 fie finalizat cu succes!<\/em>\u201d, a transmis pre\u0219edintele Consiliului Jude\u021bean V\u00e2lcea, Constantin R\u0103dulescu.<\/strong><\/p>\n<p>\u00a0<\/p>\n<div class=\"wp-video\"><video class=\"wp-video-shortcode\" id=\"video-57944-1\" width=\"640\" height=\"360\" preload=\"metadata\" controls=\"controls\"><source type=\"video\/mp4\" src=\"https:\/\/www.impactreal.ro\/wp-content\/uploads\/2026\/07\/inreg-MICROBUZE-NOI-2026.mp4?_=1\" \/><\/video><\/div>\n<p>\u00a0<\/p>\n<p>\u00a0<\/p>\n<\/div>\n<\/div>\n<\/div>\n<div class=\"news-content editor-content-entry\">\n<p><em>Consiliul Jude\u021bean V\u00e2lcea a predat luni, la Muzeul Satului V\u00e2lcean, primele 20 dintre cele 25 de microbuze electrice cump\u0103rate printr-un proiect finan\u021bat de Administra\u021bia Fondului pentru Mediu. Autovehiculele vor ajunge \u00een tot at\u00e2tea localit\u0103\u021bi \u0219i vor fi folosite pentru transportul elevilor din aceast\u0103 toamn\u0103. Celelalte cinci microbuze vor fi livrate \u00een cursul lunii august, a anun\u021bat pre\u0219edintele Consiliului Jude\u021bean V\u00e2lcea, Constantin R\u0103dulescu:<\/em><\/p>\n<p><strong>\u201d<em>Ast\u0103zi, la Muzeul Satului V\u00e2lcean, am predat 20 de microbuze electrice moderne pentru transportul \u0219colar, din totalul de 25 pe care le-am achizi\u021bionat printr-un nou proiect derulat de Consiliul Jude\u021bean V\u00e2lcea. <\/em><em>Vorbim despre microbuze marca FORD, cu 16+1 locuri (inclusiv pentru persoane cu dizabilit\u0103\u021bi), o autonomie de 400 km, garan\u021bie de 10 ani la baterii \u0219i sisteme moderne de siguran\u021b\u0103.<\/em><\/strong><br \/><strong><em>Cele 20 de autovehicule predate ast\u0103zi vor ajunge \u00een localit\u0103\u021bile: \u0218tef\u0103ne\u0219ti, Stroe\u0219ti, Bude\u0219ti, Pietrari, Galicea, L\u0103de\u0219ti, Malaia, Matee\u0219ti, Sl\u0103tioara, Prundeni, Muereasca, Berisl\u0103ve\u0219ti, Roe\u0219ti, Coste\u0219ti, Mih\u0103e\u0219ti, Valea Mare, Mitrofani, B\u0103ile Govora, P\u0103u\u0219e\u0219ti \u0219i Milcoiu.\u00a0 Restul de 5 microbuze vor fi livrate, \u00een cursul lunii august, localit\u0103\u021bilor: B\u0103rb\u0103te\u0219ti, Cop\u0103ceni, Peri\u0219ani, Vl\u0103de\u0219ti \u0219i P\u0103u\u0219e\u0219ti-M\u0103gla\u0219i.\u00a0 <\/em><\/strong><strong><em>Acest proiect este finan\u021bat prin Administra\u021bia Fondului pentru Mediu (AFM) \u0219i are o valoare de peste 2,5 milioane de euro.\u00a0 Tot \u00een cadrul \u00eent\u00e2lnirii de ast\u0103zi, am organizat \u0219i instruirea \u0219oferilor, astfel \u00eenc\u00e2t microbuzele s\u0103 fie complet preg\u0103tite \u0219i s\u0103 intre \u00een circuitul \u0219colar chiar din aceast\u0103 toamn\u0103, odat\u0103 cu \u00eenceperea noului an \u0219colar!\u00a0 Prin aceast\u0103 nou\u0103 investi\u021bie, al\u0103turi de cele 32 de microbuze (finan\u021bate prin PNRR) pe care le-am repartizat anul trecut, ajungem la un total de 57 de microbuze \u0219colare puse la dispozi\u021bia comunit\u0103\u021bilor din jude\u021bul V\u00e2lcea!\u00a0 Le mul\u021bumesc primarilor care au fost prezen\u021bi ast\u0103zi, le doresc s\u0103 le \u201est\u0103p\u00e2neasc\u0103\u201d f\u0103r\u0103 incidente \u00een trafic, iar elevii din localit\u0103\u021bile respective s\u0103 se bucure de condi\u021bii bune de transport.\u00a0 Mul\u021bumiri speciale echipei Consiliului Jude\u021bean V\u00e2lcea, care a muncit enorm pentru ca acest proiect s\u0103 fie finalizat cu succes!<\/em>\u201d, a transmis pre\u0219edintele Consiliului Jude\u021bean V\u00e2lcea, Constantin R\u0103dulescu.<\/strong><\/p>\n<p>\u00a0<\/p>\n<div class=\"wp-video\"><video class=\"wp-video-shortcode\" id=\"video-57944-1\" width=\"640\" height=\"360\" preload=\"metadata\" controls=\"controls\"><source type=\"video\/mp4\" src=\"https:\/\/www.impactreal.ro\/wp-content\/uploads\/2026\/07\/inreg-MICROBUZE-NOI-2026.mp4?_=1\" \/><\/video><\/div>\n<p>\u00a0<\/p>\n<p>\u00a0<\/p>\n<\/div>\n<div class=\"news-content editor-content-entry\">\n<p><em>Consiliul Jude\u021bean V\u00e2lcea a predat luni, la Muzeul Satului V\u00e2lcean, primele 20 dintre cele 25 de microbuze electrice cump\u0103rate printr-un proiect finan\u021bat de Administra\u021bia Fondului pentru Mediu. Autovehiculele vor ajunge \u00een tot at\u00e2tea localit\u0103\u021bi \u0219i vor fi folosite pentru transportul elevilor din aceast\u0103 toamn\u0103. Celelalte cinci microbuze vor fi livrate \u00een cursul lunii august, a anun\u021bat pre\u0219edintele Consiliului Jude\u021bean V\u00e2lcea, Constantin R\u0103dulescu:<\/em><\/p>\n<p><strong>\u201d<em>Ast\u0103zi, la Muzeul Satului V\u00e2lcean, am predat 20 de microbuze electrice moderne pentru transportul \u0219colar, din totalul de 25 pe care le-am achizi\u021bionat printr-un nou proiect derulat de Consiliul Jude\u021bean V\u00e2lcea. <\/em><em>Vorbim despre microbuze marca FORD, cu 16+1 locuri (inclusiv pentru persoane cu dizabilit\u0103\u021bi), o autonomie de 400 km, garan\u021bie de 10 ani la baterii \u0219i sisteme moderne de siguran\u021b\u0103.<\/em><\/strong><br \/><strong><em>Cele 20 de autovehicule predate ast\u0103zi vor ajunge \u00een localit\u0103\u021bile: \u0218tef\u0103ne\u0219ti, Stroe\u0219ti, Bude\u0219ti, Pietrari, Galicea, L\u0103de\u0219ti, Malaia, Matee\u0219ti, Sl\u0103tioara, Prundeni, Muereasca, Berisl\u0103ve\u0219ti, Roe\u0219ti, Coste\u0219ti, Mih\u0103e\u0219ti, Valea Mare, Mitrofani, B\u0103ile Govora, P\u0103u\u0219e\u0219ti \u0219i Milcoiu.\u00a0 Restul de 5 microbuze vor fi livrate, \u00een cursul lunii august, localit\u0103\u021bilor: B\u0103rb\u0103te\u0219ti, Cop\u0103ceni, Peri\u0219ani, Vl\u0103de\u0219ti \u0219i P\u0103u\u0219e\u0219ti-M\u0103gla\u0219i.\u00a0 <\/em><\/strong><strong><em>Acest proiect este finan\u021bat prin Administra\u021bia Fondului pentru Mediu (AFM) \u0219i are o valoare de peste 2,5 milioane de euro.\u00a0 Tot \u00een cadrul \u00eent\u00e2lnirii de ast\u0103zi, am organizat \u0219i instruirea \u0219oferilor, astfel \u00eenc\u00e2t microbuzele s\u0103 fie complet preg\u0103tite \u0219i s\u0103 intre \u00een circuitul \u0219colar chiar din aceast\u0103 toamn\u0103, odat\u0103 cu \u00eenceperea noului an \u0219colar!\u00a0 Prin aceast\u0103 nou\u0103 investi\u021bie, al\u0103turi de cele 32 de microbuze (finan\u021bate prin PNRR) pe care le-am repartizat anul trecut, ajungem la un total de 57 de microbuze \u0219colare puse la dispozi\u021bia comunit\u0103\u021bilor din jude\u021bul V\u00e2lcea!\u00a0 Le mul\u021bumesc primarilor care au fost prezen\u021bi ast\u0103zi, le doresc s\u0103 le \u201est\u0103p\u00e2neasc\u0103\u201d f\u0103r\u0103 incidente \u00een trafic, iar elevii din localit\u0103\u021bile respective s\u0103 se bucure de condi\u021bii bune de transport.\u00a0 Mul\u021bumiri speciale echipei Consiliului Jude\u021bean V\u00e2lcea, care a muncit enorm pentru ca acest proiect s\u0103 fie finalizat cu succes!<\/em>\u201d, a transmis pre\u0219edintele Consiliului Jude\u021bean V\u00e2lcea, Constantin R\u0103dulescu.<\/strong><\/p>\n<p>\u00a0<\/p>\n<div class=\"wp-video\"><video class=\"wp-video-shortcode\" id=\"video-57944-1\" width=\"640\" height=\"360\" preload=\"metadata\" controls=\"controls\"><source type=\"video\/mp4\" src=\"https:\/\/www.impactreal.ro\/wp-content\/uploads\/2026\/07\/inreg-MICROBUZE-NOI-2026.mp4?_=1\" \/><\/video><\/div>\n<p>\u00a0<\/p>\n<p>\u00a0<\/p>\n<\/div>\n<p>[analyse_source url=&#8221;https:\/\/www.impactreal.ro\/2026\/07\/28\/20-de-microbuze-electrice-au-fost-predate-primariilor-din-valcea-investitia-consiliului-judetean-ajunge-la-57-de-autovehicule-pentru-transportul-elevilor\/&#8221;]<\/p>\n","protected":false},"excerpt":{"rendered":"<p>[analyse_image type=&#8221;featured&#8221; src=&#8221;https:\/\/www.impactreal.ro\/wp-content\/uploads\/2026\/07\/consiliul-jude-2026-1024&#215;683.png&#8221;] 28 iulie 202628 iulie 2026Claudia SchiopuAdministra\u0163ieLocal Consiliul Jude\u021bean V\u00e2lcea a predat luni, la Muzeul Satului V\u00e2lcean, primele 20 dintre cele 25 de microbuze electrice cump\u0103rate printr-un proiect finan\u021bat de Administra\u021bia Fondului pentru Mediu. Autovehiculele vor ajunge \u00een tot at\u00e2tea localit\u0103\u021bi \u0219i vor fi folosite pentru transportul elevilor din aceast\u0103 toamn\u0103. Celelalte cinci [&hellip;]<\/p>\n","protected":false},"author":1,"featured_media":0,"comment_status":"open","ping_status":"","sticky":false,"template":"","format":"standard","meta":{"footnotes":""},"categories":[89],"tags":[226,212],"class_list":["post-2066722","post","type-post","status-publish","format-standard","hentry","category-romania","tag-crawlmanager","tag-impactreal-ro"],"_links":{"self":[{"href":"https:\/\/analyse.optim.biz\/index.php?rest_route=\/wp\/v2\/posts\/2066722","targetHints":{"allow":["GET"]}}],"collection":[{"href":"https:\/\/analyse.optim.biz\/index.php?rest_route=\/wp\/v2\/posts"}],"about":[{"href":"https:\/\/analyse.optim.biz\/index.php?rest_route=\/wp\/v2\/types\/post"}],"author":[{"embeddable":true,"href":"https:\/\/analyse.optim.biz\/index.php?rest_route=\/wp\/v2\/users\/1"}],"replies":[{"embeddable":true,"href":"https:\/\/analyse.optim.biz\/index.php?rest_route=%2Fwp%2Fv2%2Fcomments&post=2066722"}],"version-history":[{"count":0,"href":"https:\/\/analyse.optim.biz\/index.php?rest_route=\/wp\/v2\/posts\/2066722\/revisions"}],"wp:attachment":[{"href":"https:\/\/analyse.optim.biz\/index.php?rest_route=%2Fwp%2Fv2%2Fmedia&parent=2066722"}],"wp:term":[{"taxonomy":"category","embeddable":true,"href":"https:\/\/analyse.optim.biz\/index.php?rest_route=%2Fwp%2Fv2%2Fcategories&post=2066722"},{"taxonomy":"post_tag","embeddable":true,"href":"https:\/\/analyse.optim.biz\/index.php?rest_route=%2Fwp%2Fv2%2Ftags&post=2066722"}],"curies":[{"name":"wp","href":"https:\/\/api.w.org\/{rel}","templated":true}]}}