{"id":2066701,"date":"2026-07-28T00:00:00","date_gmt":"2026-07-27T21:00:00","guid":{"rendered":"https:\/\/analyse.optim.biz\/?p=2066701"},"modified":"2026-07-28T00:00:00","modified_gmt":"2026-07-27T21:00:00","slug":"nufaru-are-in-premiera-un-serviciu-voluntar-pentru-situatii-de-urgenta-autorizat","status":"publish","type":"post","link":"https:\/\/analyse.optim.biz\/?p=2066701","title":{"rendered":"Nuf\u0103ru are, \u00een premier\u0103, un Serviciu Voluntar pentru Situa\u021bii de Urgen\u021b\u0103 autorizat"},"content":{"rendered":"<p>[analyse_image type=&#8221;featured&#8221; src=&#8221;https:\/\/ziaruldetulcea.ro\/wp-content\/uploads\/2026\/07\/FB_IMG_1785252785602-640&#215;300.jpg&#8221;]<\/p>\n<div class=\"post\">\n<p><strong><img loading=\"lazy\" decoding=\"async\" class=\"alignleft size-full wp-image-43896\" src=\"https:\/\/ziaruldetulcea.ro\/wp-content\/uploads\/2026\/07\/FB_IMG_1785252785602.jpg\" alt width=\"2048\" height=\"1536\">Comuna Nuf\u0103ru marcheaz\u0103 o etap\u0103 important\u0103 \u00een consolidarea capacit\u0103\u021bii de interven\u021bie \u00een situa\u021bii de urgen\u021b\u0103, dup\u0103 ce Prim\u0103ria a ob\u021binut Avizul de \u00cenfiin\u021bare a Serviciului Voluntar pentru Situa\u021bii de Urgen\u021b\u0103 (SVSU), tip V1, emis de Inspectoratul pentru Situa\u021bii de Urgen\u021b\u0103 \u201eDelta\u201d al jude\u021bului Tulcea.<\/strong><\/p>\n<p>Ob\u021binerea avizului reprezint\u0103 o premier\u0103 pentru comuna Nuf\u0103ru \u0219i creeaz\u0103 cadrul necesar pentru organizarea \u0219i func\u021bionarea unui serviciu voluntar capabil s\u0103 intervin\u0103 \u00een sprijinul popula\u021biei \u00een cazul producerii unor situa\u021bii de urgen\u021b\u0103.<\/p>\n<p><img loading=\"lazy\" decoding=\"async\" class=\"alignleft size-full wp-image-43897\" src=\"https:\/\/ziaruldetulcea.ro\/wp-content\/uploads\/2026\/07\/FB_IMG_1785252773027.jpg\" alt width=\"998\" height=\"1478\"><\/p>\n<p>Demersul a presupus parcurgerea unei proceduri complexe de autorizare \u0219i elaborarea documenta\u021biei specifice, activitate coordonat\u0103 de \u0219eful SVSU Nuf\u0103ru, care a gestionat \u00eentregul proces p\u00e2n\u0103 la emiterea avizului.<\/p>\n<p>Prim\u0103ria Nuf\u0103ru transmite, totodat\u0103, felicit\u0103ri voluntarilor care au ales s\u0103 fac\u0103 parte din acest serviciu, implic\u00e2ndu-se \u00een mod voluntar \u00een protejarea comunit\u0103\u021bii \u0219i \u00een sprijinirea autorit\u0103\u021bilor \u00een gestionarea situa\u021biilor de urgen\u021b\u0103.<\/p>\n<p>Primarul comunei Nuf\u0103ru, <strong>Radu C\u0103t\u0103lin<\/strong>, consider\u0103 c\u0103 acest moment reprezint\u0103 un pas important pentru administra\u021bia local\u0103 \u0219i pentru siguran\u021ba cet\u0103\u021benilor.<\/p>\n<p>\u201e\u00cenfiin\u021barea \u0219i autorizarea Serviciului Voluntar pentru Situa\u021bii de Urgen\u021b\u0103 reprezint\u0103 o investi\u021bie \u00een siguran\u021ba comunit\u0103\u021bii noastre. Ne-am dorit ca Nuf\u0103ru s\u0103 beneficieze de un serviciu bine organizat, preg\u0103tit s\u0103 intervin\u0103 atunci c\u00e2nd este nevoie. Le mul\u021bumesc tuturor celor implica\u021bi \u00een acest demers, \u00een special \u0219efului SVSU, pentru profesionalismul cu care a coordonat procesul de autorizare, dar \u0219i voluntarilor care au ales s\u0103 \u00ee\u0219i pun\u0103 timpul \u0219i energia \u00een slujba comunit\u0103\u021bii. \u00cei felicit \u0219i le doresc s\u0103 aib\u0103 c\u00e2t mai pu\u021bine interven\u021bii, dar s\u0103 fie \u00eentotdeauna preg\u0103ti\u021bi s\u0103 r\u0103spund\u0103 cu promptitudine atunci c\u00e2nd situa\u021bia o va impune\u201d, a declarat primarul comunei Nuf\u0103ru, <strong>Radu C\u0103t\u0103lin<\/strong>.<\/p>\n<p>Prin ob\u021binerea acestui aviz, comuna Nuf\u0103ru face un pas important \u00een dezvoltarea serviciilor destinate protec\u021biei cet\u0103\u021benilor, consolid\u00e2nd capacitatea de r\u0103spuns \u00een fa\u021ba situa\u021biilor de urgen\u021b\u0103 \u0219i promov\u00e2nd implicarea civic\u0103 \u00een beneficiul \u00eentregii comunit\u0103\u021bi.<\/p>\n<\/div>\n<p>[analyse_source url=&#8221;https:\/\/ziaruldetulcea.ro\/nufaru-are-in-premiera-un-serviciu-voluntar-pentru-situatii-de-urgenta-autorizat\/&#8221;]<\/p>\n","protected":false},"excerpt":{"rendered":"<p>[analyse_image type=&#8221;featured&#8221; src=&#8221;https:\/\/ziaruldetulcea.ro\/wp-content\/uploads\/2026\/07\/FB_IMG_1785252785602-640&#215;300.jpg&#8221;] Comuna Nuf\u0103ru marcheaz\u0103 o etap\u0103 important\u0103 \u00een consolidarea capacit\u0103\u021bii de interven\u021bie \u00een situa\u021bii de urgen\u021b\u0103, dup\u0103 ce Prim\u0103ria a ob\u021binut Avizul de \u00cenfiin\u021bare a Serviciului Voluntar pentru Situa\u021bii de Urgen\u021b\u0103 (SVSU), tip V1, emis de Inspectoratul pentru Situa\u021bii de Urgen\u021b\u0103 \u201eDelta\u201d al jude\u021bului Tulcea. Ob\u021binerea avizului reprezint\u0103 o premier\u0103 pentru comuna Nuf\u0103ru [&hellip;]<\/p>\n","protected":false},"author":1,"featured_media":0,"comment_status":"open","ping_status":"","sticky":false,"template":"","format":"standard","meta":{"footnotes":""},"categories":[89],"tags":[226,205],"class_list":["post-2066701","post","type-post","status-publish","format-standard","hentry","category-romania","tag-crawlmanager","tag-ziaruldetulcea-ro"],"_links":{"self":[{"href":"https:\/\/analyse.optim.biz\/index.php?rest_route=\/wp\/v2\/posts\/2066701","targetHints":{"allow":["GET"]}}],"collection":[{"href":"https:\/\/analyse.optim.biz\/index.php?rest_route=\/wp\/v2\/posts"}],"about":[{"href":"https:\/\/analyse.optim.biz\/index.php?rest_route=\/wp\/v2\/types\/post"}],"author":[{"embeddable":true,"href":"https:\/\/analyse.optim.biz\/index.php?rest_route=\/wp\/v2\/users\/1"}],"replies":[{"embeddable":true,"href":"https:\/\/analyse.optim.biz\/index.php?rest_route=%2Fwp%2Fv2%2Fcomments&post=2066701"}],"version-history":[{"count":0,"href":"https:\/\/analyse.optim.biz\/index.php?rest_route=\/wp\/v2\/posts\/2066701\/revisions"}],"wp:attachment":[{"href":"https:\/\/analyse.optim.biz\/index.php?rest_route=%2Fwp%2Fv2%2Fmedia&parent=2066701"}],"wp:term":[{"taxonomy":"category","embeddable":true,"href":"https:\/\/analyse.optim.biz\/index.php?rest_route=%2Fwp%2Fv2%2Fcategories&post=2066701"},{"taxonomy":"post_tag","embeddable":true,"href":"https:\/\/analyse.optim.biz\/index.php?rest_route=%2Fwp%2Fv2%2Ftags&post=2066701"}],"curies":[{"name":"wp","href":"https:\/\/api.w.org\/{rel}","templated":true}]}}