{"id":2066676,"date":"2026-07-28T13:41:49","date_gmt":"2026-07-28T10:41:49","guid":{"rendered":"https:\/\/analyse.optim.biz\/?p=2066676"},"modified":"2026-07-28T13:41:49","modified_gmt":"2026-07-28T10:41:49","slug":"ministrul-mediului-si-prefectul-de-timis-control-la-sacalaz-dupa-descoperirea-unui-depozit-ilegal-de-deseuri","status":"publish","type":"post","link":"https:\/\/analyse.optim.biz\/?p=2066676","title":{"rendered":"Ministrul Mediului \u0219i prefectul de Timi\u0219, control la S\u0103c\u0103laz dup\u0103 descoperirea unui depozit ilegal de de\u0219euri"},"content":{"rendered":"<p>[analyse_image type=&#8221;featured&#8221; src=&#8221;https:\/\/orasul-timisoara.ro\/wp-content\/uploads\/2026\/07\/paul-finta-dianabuzoianu.jpg&#8221;]<\/p>\n<article id=\"post-39876\" class=\"td-post-template-7 post-39876 post type-post status-publish format-standard has-post-thumbnail category-administratie category-featured category-stiri-timisoara tag-control-de-mediu tag-depozit-ilegal-de-deseuri tag-diana-buzoianu tag-garda-de-mediu tag-ipj-timis-2 tag-jandarmeria-timis tag-ministerul-mediului tag-paul-finta tag-poluare tag-protectia-mediului-2 tag-sacalaz-2 tag-timis-2 td-container-wrap\">\n<div class=\"td-full-screen-header-image-wrap\">\n<div class=\"td-container td-post-header\">\n<div class=\"td-crumb-container\">\n<div class=\"entry-crumbs\"><span><a title=\"Vede\u021bi toate articolele \u00een Administra\u021bie local\u0103\" class=\"entry-crumb\" href=\"https:\/\/orasul-timisoara.ro\/local-category\/administratie\/\">Administra\u021bie local\u0103<\/a><\/span><span class=\"td-bred-no-url-last\">Ministrul Mediului \u0219i prefectul de Timi\u0219, control la S\u0103c\u0103laz dup\u0103 descoperirea unui&#8230;<\/span><\/div>\n<\/div>\n<div class=\"td-post-header-holder\">\n<div class=\"td-parallax-header\">\n<header class=\"td-post-title\">\n<ul class=\"td-category\">\n<li class=\"entry-category\"><a href=\"https:\/\/orasul-timisoara.ro\/local-category\/administratie\/\">Administra\u021bie local\u0103<\/a><\/li>\n<li class=\"entry-category\"><a href=\"https:\/\/orasul-timisoara.ro\/local-category\/stiri-timisoara\/\">\u0218tiri Locale<\/a><\/li>\n<\/ul>\n<h1 class=\"entry-title\">Ministrul Mediului \u0219i prefectul de Timi\u0219, control la S\u0103c\u0103laz dup\u0103 descoperirea unui depozit ilegal de de\u0219euri<\/h1>\n<div class=\"td-module-meta-info\">\n<div class=\"td-post-author-name\">\n<div class=\"td-author-by\">De c\u0103tre<\/div>\n<p><a href=\"https:\/\/orasul-timisoara.ro\/author\/timisoara\/\">redactia<\/a><\/p>\n<div class=\"td-author-line\"> &#8211; <\/div>\n<\/div>\n<p><span class=\"td-post-date\"><time class=\"entry-date updated td-module-date\" datetime=\"2026-07-28T16:41:49+03:00\">28\/07\/2026<\/time><\/span><\/div>\n<\/header>\n<\/div>\n<\/div>\n<\/div>\n<div id=\"td-full-screen-header-image\" class=\"td-image-gradient-style7\"><img decoding=\"async\" class=\"td-backstretch\" src=\"https:\/\/orasul-timisoara.ro\/wp-content\/uploads\/2026\/07\/paul-finta-dianabuzoianu.jpg\"><\/div>\n<\/div>\n<div class=\"td-container\">\n<div class=\"td-pb-row\">\n<div class=\"td-pb-span8 td-main-content\" role=\"main\">\n<div class=\"td-ss-main-content\">\n<div class=\"td-post-sharing-top\">\n<div class=\"td-post-sharing-classic\"><iframe title=\"topFacebookLike\" frameborder src=\"https:\/\/www.facebook.com\/plugins\/like.php?href=https:\/\/orasul-timisoara.ro\/local-39876\/&amp;layout=button_count&amp;show_faces=false&amp;width=105&amp;action=like&amp;colorscheme=light&amp;height=21\"><\/iframe><\/div>\n<div id=\"td_social_sharing_article_top\" class=\"td-post-sharing td-ps-bg td-ps-notext td-post-sharing-style1 \">\n<div class=\"td-post-sharing-visible\"><a class=\"td-social-sharing-button td-social-sharing-button-js td-social-network td-social-facebook\" href=\"https:\/\/www.facebook.com\/sharer.php?u=https%3A%2F%2Forasul-timisoara.ro%2Flocal-39876%2F\" title=\"Facebook\"><\/p>\n<div class=\"td-social-but-text\">Facebook<\/div>\n<p><\/a><a class=\"td-social-sharing-button td-social-sharing-button-js td-social-network td-social-twitter\" href=\"https:\/\/twitter.com\/intent\/tweet?text=Ministrul+Mediului+%C8%99i+prefectul+de+Timi%C8%99%2C+control+la+S%C4%83c%C4%83laz+dup%C4%83+descoperirea+unui+depozit+ilegal+de+de%C8%99euri&amp;url=https%3A%2F%2Forasul-timisoara.ro%2Flocal-39876%2F&amp;via=orasultm\" title=\"Twitter\"><\/p>\n<div class=\"td-social-but-text\">Twitter<\/div>\n<p><\/a><a class=\"td-social-sharing-button td-social-sharing-button-js td-social-network td-social-whatsapp\" href=\"https:\/\/api.whatsapp.com\/send?text=Ministrul+Mediului+%C8%99i+prefectul+de+Timi%C8%99%2C+control+la+S%C4%83c%C4%83laz+dup%C4%83+descoperirea+unui+depozit+ilegal+de+de%C8%99euri%20%0A%0A%20https:\/\/orasul-timisoara.ro\/local-39876\/\" title=\"WhatsApp\"><\/p>\n<div class=\"td-social-but-text\">WhatsApp<\/div>\n<p><\/a><a class=\"td-social-sharing-button td-social-sharing-button-js td-social-network td-social-linkedin\" href=\"https:\/\/www.linkedin.com\/shareArticle?mini=true&amp;url=https:\/\/orasul-timisoara.ro\/local-39876\/&amp;title=Ministrul+Mediului+%C8%99i+prefectul+de+Timi%C8%99%2C+control+la+S%C4%83c%C4%83laz+dup%C4%83+descoperirea+unui+depozit+ilegal+de+de%C8%99euri\" title=\"Linkedin\"><\/p>\n<div class=\"td-social-but-text\">Linkedin<\/div>\n<p><\/a><a class=\"td-social-sharing-button td-social-sharing-button-js td-social-network td-social-reddit\" href=\"https:\/\/reddit.com\/submit?url=https:\/\/orasul-timisoara.ro\/local-39876\/&amp;title=Ministrul+Mediului+%C8%99i+prefectul+de+Timi%C8%99%2C+control+la+S%C4%83c%C4%83laz+dup%C4%83+descoperirea+unui+depozit+ilegal+de+de%C8%99euri\" title=\"ReddIt\"><\/p>\n<div class=\"td-social-but-text\">ReddIt<\/div>\n<p><\/a><a class=\"td-social-sharing-button td-social-sharing-button-js td-social-network td-social-mail\" href=\"mailto:?subject=Ministrul%20Mediului%20%C8%99i%20prefectul%20de%20Timi%C8%99,%20control%20la%20S%C4%83c%C4%83laz%20dup%C4%83%20descoperirea%20unui%20depozit%20ilegal%20de%20de%C8%99euri&amp;body=https:\/\/orasul-timisoara.ro\/local-39876\/\" title=\"Email\"><\/p>\n<div class=\"td-social-but-text\">Email<\/div>\n<p><\/a><a class=\"td-social-sharing-button td-social-sharing-button-js td-social-network td-social-print\" href=\"https:\/\/orasul-timisoara.ro\/local-39876\/\" title=\"Imprimare\"><\/p>\n<div class=\"td-social-but-text\">Imprimare<\/div>\n<p><\/a><\/div>\n<\/div>\n<\/div>\n<div class=\"td-post-content tagdiv-type\">\n<p class=\"wp-block-paragraph\">Autorit\u0103\u021bile au declan\u0219at verific\u0103ri ample \u00een comuna <strong>S\u0103c\u0103laz<\/strong>, dup\u0103 ce a fost identificat\u0103 o zon\u0103 \u00een care au fost abandonate cantit\u0103\u021bi importante de de\u0219euri. La ac\u021biunea de control au participat prefectul jude\u021bului Timi\u0219, <strong>Paul Finta<\/strong>, ministrul Mediului, Apelor \u0219i P\u0103durilor, <strong>Diana Buzoianu<\/strong>, precum \u0219i reprezentan\u021bi ai institu\u021biilor cu atribu\u021bii \u00een domeniul protec\u021biei mediului \u0219i al aplic\u0103rii legii.<\/p>\n<p class=\"wp-block-paragraph\">\u00cen urma constat\u0103rilor din teren, <strong>Garda Na\u021bional\u0103 de Mediu \u2013 Comisariatul Jude\u021bean Timi\u0219<\/strong> a dispus continuarea investiga\u021biilor pentru identificarea persoanelor responsabile de depozitarea ilegal\u0103 a de\u0219eurilor \u0219i aplicarea m\u0103surilor prev\u0103zute de legisla\u021bia \u00een vigoare.<\/p>\n<h2 class=\"wp-block-heading\">Depozit ilegal descoperit \u00een apropierea comunei S\u0103c\u0103laz<\/h2>\n<p class=\"wp-block-paragraph\">Ac\u021biunea de control s-a desf\u0103\u0219urat \u00een comuna S\u0103c\u0103laz \u0219i a reunit reprezentan\u021bi ai mai multor institu\u021bii implicate \u00een combaterea infrac\u021biunilor \u0219i contraven\u021biilor de mediu.<\/p>\n<p class=\"wp-block-paragraph\">Al\u0103turi de prefectul jude\u021bului Timi\u0219 \u0219i ministrul Mediului au participat echipe din cadrul <strong>G\u0103rzii Na\u021bionale de Mediu \u2013 Comisariatul Jude\u021bean Timi\u0219<\/strong>, <strong>Inspectoratului de Poli\u021bie Jude\u021bean Timi\u0219<\/strong> \u0219i <strong>Inspectoratului de Jandarmi Jude\u021bean Timi\u0219<\/strong>.<\/p>\n<figure class=\"wp-block-gallery has-nested-images columns-4 is-cropped wp-block-gallery-1 is-layout-flex wp-block-gallery-is-layout-flex\">\n<figure class=\"wp-block-image size-medium\"><img loading=\"lazy\" decoding=\"async\" width=\"960\" height=\"1280\" data-id=\"39879\" src=\"https:\/\/orasul-timisoara.ro\/wp-content\/uploads\/2026\/07\/759078392_1501753698651997_770801095791800666_n-960x1280.jpg\" alt class=\"wp-image-39879\"><\/figure>\n<figure class=\"wp-block-image size-medium\"><img loading=\"lazy\" decoding=\"async\" width=\"960\" height=\"1280\" data-id=\"39882\" src=\"https:\/\/orasul-timisoara.ro\/wp-content\/uploads\/2026\/07\/759676790_1501753665318667_7480947181461244580_n-960x1280.jpg\" alt class=\"wp-image-39882\"><\/figure>\n<figure class=\"wp-block-image size-medium\"><img loading=\"lazy\" decoding=\"async\" width=\"960\" height=\"1280\" data-id=\"39880\" src=\"https:\/\/orasul-timisoara.ro\/wp-content\/uploads\/2026\/07\/758280765_1501753248652042_6721505344405870680_n-960x1280.jpg\" alt class=\"wp-image-39880\"><\/figure>\n<figure class=\"wp-block-image size-medium\"><img decoding=\"async\" loading=\"lazy\" width=\"1080\" height=\"810\" data-id=\"39881\" src=\"https:\/\/orasul-timisoara.ro\/wp-content\/uploads\/2026\/07\/758793580_1501753211985379_4704237874868219787_n-1080x810.jpg\" alt class=\"wp-image-39881\"><\/figure>\n<figure class=\"wp-block-image size-medium\"><img decoding=\"async\" loading=\"lazy\" width=\"960\" height=\"1280\" data-id=\"39883\" src=\"https:\/\/orasul-timisoara.ro\/wp-content\/uploads\/2026\/07\/758793589_1501752748652092_2306458864621509799_n-960x1280.jpg\" alt class=\"wp-image-39883\"><\/figure>\n<\/figure>\n<p class=\"wp-block-paragraph\">\u00cen timpul verific\u0103rilor, autorit\u0103\u021bile au identificat o suprafa\u021b\u0103 extins\u0103 situat\u0103 \u00een imediata apropiere a comunei, pe care au fost abandonate cantit\u0103\u021bi semnificative de de\u0219euri.<\/p>\n<p class=\"wp-block-paragraph\">Dimensiunea zonei afectate a determinat Garda de Mediu s\u0103 continue cercet\u0103rile pentru stabilirea responsabililor \u0219i pentru luarea m\u0103surilor legale.<\/p>\n<h2 class=\"wp-block-heading\">Garda de Mediu continu\u0103 investiga\u021biile<\/h2>\n<p class=\"wp-block-paragraph\">Potrivit autorit\u0103\u021bilor, verific\u0103rile nu se opresc la constatarea existen\u021bei depozitului ilegal. Inspectorii de mediu vor desf\u0103\u0219ura investiga\u021bii suplimentare pentru a identifica persoanele sau entit\u0103\u021bile care au abandonat de\u0219eurile.<\/p>\n<p class=\"wp-block-paragraph\">\u00cen func\u021bie de rezultatele controalelor, vor fi dispuse sanc\u021biunile \u0219i m\u0103surile prev\u0103zute de legisla\u021bia privind protec\u021bia mediului \u0219i gestionarea de\u0219eurilor.<\/p>\n<h2 class=\"wp-block-heading\">Depozit\u0103rile ilegale, un risc pentru mediu \u0219i s\u0103n\u0103tate<\/h2>\n<p class=\"wp-block-paragraph\">Autorit\u0103\u021bile atrag aten\u021bia c\u0103 abandonarea necontrolat\u0103 a de\u0219eurilor produce efecte directe asupra mediului \u0219i poate avea consecin\u021be serioase asupra s\u0103n\u0103t\u0103\u021bii popula\u021biei.<\/p>\n<p class=\"wp-block-paragraph\">Astfel de practici contribuie la poluarea solului \u0219i a apelor, afecteaz\u0103 ecosistemele \u0219i reduc calitatea vie\u021bii \u00een comunit\u0103\u021bile locale. Din acest motiv, institu\u021biile abilitate subliniaz\u0103 c\u0103 vor ac\u021biona ferm pentru identificarea \u0219i sanc\u021bionarea celor care \u00eencalc\u0103 legisla\u021bia de mediu.<\/p>\n<h2 class=\"wp-block-heading\">Controalele vor continua \u00een jude\u021bul Timi\u0219<\/h2>\n<p class=\"wp-block-paragraph\">Institu\u021bia Prefectului Jude\u021bul Timi\u0219 anun\u021b\u0103 c\u0103 ac\u021biunile de verificare privind combaterea depozit\u0103rilor ilegale de de\u0219euri vor continua \u0219i \u00een perioada urm\u0103toare, \u00een colaborare cu autorit\u0103\u021bile competente.<\/p>\n<p class=\"wp-block-paragraph\">Scopul acestor controale este prevenirea apari\u021biei unor noi depozite ilegale, protejarea mediului \u0219i asigurarea respect\u0103rii legisla\u021biei \u00een domeniul gestion\u0103rii de\u0219eurilor.<\/p>\n<p class=\"wp-block-paragraph\">Prin colaborarea dintre institu\u021biile de control \u0219i cele de ordine public\u0103, autorit\u0103\u021bile urm\u0103resc at\u00e2t identificarea persoanelor responsabile pentru poluarea mediului, c\u00e2t \u0219i descurajarea unor astfel de practici pe viitor.<\/p>\n<\/div>\n<footer>\n<div class=\"td-post-source-tags\">\n<ul class=\"td-tags td-post-small-box clearfix\">\n<li><span>ETICHETE<\/span><\/li>\n<li><a href=\"https:\/\/orasul-timisoara.ro\/local-tag\/control-de-mediu\/\">control de mediu<\/a><\/li>\n<li><a href=\"https:\/\/orasul-timisoara.ro\/local-tag\/depozit-ilegal-de-deseuri\/\">depozit ilegal de de\u0219euri<\/a><\/li>\n<li><a href=\"https:\/\/orasul-timisoara.ro\/local-tag\/diana-buzoianu\/\">Diana Buzoianu<\/a><\/li>\n<li><a href=\"https:\/\/orasul-timisoara.ro\/local-tag\/garda-de-mediu\/\">garda de mediu<\/a><\/li>\n<li><a href=\"https:\/\/orasul-timisoara.ro\/local-tag\/ipj-timis-2\/\">IPJ Timi\u0219<\/a><\/li>\n<li><a href=\"https:\/\/orasul-timisoara.ro\/local-tag\/jandarmeria-timis\/\">jandarmeria Timi\u0219<\/a><\/li>\n<li><a href=\"https:\/\/orasul-timisoara.ro\/local-tag\/ministerul-mediului\/\">Ministerul Mediului<\/a><\/li>\n<li><a href=\"https:\/\/orasul-timisoara.ro\/local-tag\/paul-finta\/\">Paul Finta<\/a><\/li>\n<li><a href=\"https:\/\/orasul-timisoara.ro\/local-tag\/poluare\/\">poluare<\/a><\/li>\n<li><a href=\"https:\/\/orasul-timisoara.ro\/local-tag\/protectia-mediului-2\/\">protec\u021bia mediului<\/a><\/li>\n<li><a href=\"https:\/\/orasul-timisoara.ro\/local-tag\/sacalaz-2\/\">S\u0103c\u0103laz<\/a><\/li>\n<li><a href=\"https:\/\/orasul-timisoara.ro\/local-tag\/timis-2\/\">timi\u0219<\/a><\/li>\n<\/ul>\n<\/div>\n<div class=\"td-post-sharing-bottom\">\n<div class=\"td-post-sharing-classic\"><iframe title=\"bottomFacebookLike\" frameborder src=\"https:\/\/www.facebook.com\/plugins\/like.php?href=https:\/\/orasul-timisoara.ro\/local-39876\/&amp;layout=button_count&amp;show_faces=false&amp;width=105&amp;action=like&amp;colorscheme=light&amp;height=21\"><\/iframe><\/div>\n<div id=\"td_social_sharing_article_bottom\" class=\"td-post-sharing td-ps-bg td-ps-notext td-post-sharing-style1 \">\n<div class=\"td-post-sharing-visible\"><a class=\"td-social-sharing-button td-social-sharing-button-js td-social-network td-social-facebook\" href=\"https:\/\/www.facebook.com\/sharer.php?u=https%3A%2F%2Forasul-timisoara.ro%2Flocal-39876%2F\" title=\"Facebook\"><\/p>\n<div class=\"td-social-but-text\">Facebook<\/div>\n<p><\/a><a class=\"td-social-sharing-button td-social-sharing-button-js td-social-network td-social-twitter\" href=\"https:\/\/twitter.com\/intent\/tweet?text=Ministrul+Mediului+%C8%99i+prefectul+de+Timi%C8%99%2C+control+la+S%C4%83c%C4%83laz+dup%C4%83+descoperirea+unui+depozit+ilegal+de+de%C8%99euri&amp;url=https%3A%2F%2Forasul-timisoara.ro%2Flocal-39876%2F&amp;via=orasultm\" title=\"Twitter\"><\/p>\n<div class=\"td-social-but-text\">Twitter<\/div>\n<p><\/a><a class=\"td-social-sharing-button td-social-sharing-button-js td-social-network td-social-whatsapp\" href=\"https:\/\/api.whatsapp.com\/send?text=Ministrul+Mediului+%C8%99i+prefectul+de+Timi%C8%99%2C+control+la+S%C4%83c%C4%83laz+dup%C4%83+descoperirea+unui+depozit+ilegal+de+de%C8%99euri%20%0A%0A%20https:\/\/orasul-timisoara.ro\/local-39876\/\" title=\"WhatsApp\"><\/p>\n<div class=\"td-social-but-text\">WhatsApp<\/div>\n<p><\/a><a class=\"td-social-sharing-button td-social-sharing-button-js td-social-network td-social-linkedin\" href=\"https:\/\/www.linkedin.com\/shareArticle?mini=true&amp;url=https:\/\/orasul-timisoara.ro\/local-39876\/&amp;title=Ministrul+Mediului+%C8%99i+prefectul+de+Timi%C8%99%2C+control+la+S%C4%83c%C4%83laz+dup%C4%83+descoperirea+unui+depozit+ilegal+de+de%C8%99euri\" title=\"Linkedin\"><\/p>\n<div class=\"td-social-but-text\">Linkedin<\/div>\n<p><\/a><a class=\"td-social-sharing-button td-social-sharing-button-js td-social-network td-social-reddit\" href=\"https:\/\/reddit.com\/submit?url=https:\/\/orasul-timisoara.ro\/local-39876\/&amp;title=Ministrul+Mediului+%C8%99i+prefectul+de+Timi%C8%99%2C+control+la+S%C4%83c%C4%83laz+dup%C4%83+descoperirea+unui+depozit+ilegal+de+de%C8%99euri\" title=\"ReddIt\"><\/p>\n<div class=\"td-social-but-text\">ReddIt<\/div>\n<p><\/a><a class=\"td-social-sharing-button td-social-sharing-button-js td-social-network td-social-mail\" href=\"mailto:?subject=Ministrul%20Mediului%20%C8%99i%20prefectul%20de%20Timi%C8%99,%20control%20la%20S%C4%83c%C4%83laz%20dup%C4%83%20descoperirea%20unui%20depozit%20ilegal%20de%20de%C8%99euri&amp;body=https:\/\/orasul-timisoara.ro\/local-39876\/\" title=\"Email\"><\/p>\n<div class=\"td-social-but-text\">Email<\/div>\n<p><\/a><a class=\"td-social-sharing-button td-social-sharing-button-js td-social-network td-social-print\" href=\"https:\/\/orasul-timisoara.ro\/local-39876\/\" title=\"Imprimare\"><\/p>\n<div class=\"td-social-but-text\">Imprimare<\/div>\n<p><\/a><\/div>\n<\/div>\n<\/div>\n<div class=\"td-block-row td-post-next-prev\">\n<div class=\"td-block-span6 td-post-prev-post\">\n<div class=\"td-post-next-prev-content\"><span>Articolul precedent<\/span><a href=\"https:\/\/orasul-timisoara.ro\/local-39872\/\">Cartea de identitate veche dispare treptat. Cine o mai poate solicita dup\u0103 1 august<\/a><\/div>\n<\/div>\n<div class=\"td-block-span6 td-post-next-post\">\n<div class=\"td-post-next-prev-content\"><span>Articolul urm\u0103tor<\/span><a href=\"https:\/\/orasul-timisoara.ro\/local-39885\/\">Invertor on-grid vs. off-grid vs. hibrid \u2013 care sunt diferen\u021bele \u0219i pe care \u00eel alegi<\/a><\/div>\n<\/div>\n<\/div>\n<div class=\"td-author-name vcard author\"><span class=\"fn\"><a href=\"https:\/\/orasul-timisoara.ro\/author\/timisoara\/\">redactia<\/a><\/span><\/div>\n<p><span class=\"td-page-meta\"><\/span><span class=\"td-page-meta\"><span class=\"td-page-meta\"><\/span><\/span><span class=\"td-page-meta\"><\/span><\/footer>\n<div class=\"td_block_wrap td_block_related_posts tdi_3 td_with_ajax_pagination td-pb-border-top td_block_template_8\" data-td-block-uid=\"tdi_3\">\n<h4 class=\"td-related-title td-block-title\"><a id=\"tdi_4\" class=\"td-related-left td-cur-simple-item\" data-td_filter_value data-td_block_id=\"tdi_3\" href=\"https:\/\/orasul-timisoara.ro\/local-39876\/\">ARTICOLE SIMILARE<\/a><a id=\"tdi_5\" class=\"td-related-right\" data-td_filter_value=\"td_related_more_from_author\" data-td_block_id=\"tdi_3\" href=\"https:\/\/orasul-timisoara.ro\/local-39876\/\">DE LA ACELA\u0218I AUTOR<\/a><\/h4>\n<div id=\"tdi_3\" class=\"td_block_inner\">\n<div class=\"td-related-row\">\n<div class=\"td-related-span4\">\n<div class=\"td_module_related_posts td-animation-stack td_mod_related_posts\">\n<div class=\"td-module-image\">\n<div class=\"td-module-thumb\"><a href=\"https:\/\/orasul-timisoara.ro\/local-39726\/\" rel=\"bookmark\" class=\"td-image-wrap \" title=\"Ac\u021biune de amploare a poli\u021biei \u00een Timi\u0219oara: amenzi, permise re\u021binute \u0219i un urm\u0103rit interna\u021bional depistat (foto)\"><img loading=\"lazy\" decoding=\"async\" class=\"entry-thumb\" src=\"https:\/\/orasul-timisoara.ro\/wp-content\/uploads\/2026\/07\/WhatsApp-Image-2026-07-18-at-13.29.39-436x300.jpg\" alt title=\"Ac\u021biune de amploare a poli\u021biei \u00een Timi\u0219oara: amenzi, permise re\u021binute \u0219i un urm\u0103rit interna\u021bional depistat (foto)\" width=\"218\" height=\"150\"><\/a><\/div>\n<\/div>\n<div class=\"item-details\">\n<h3 class=\"entry-title td-module-title\"><a href=\"https:\/\/orasul-timisoara.ro\/local-39726\/\" rel=\"bookmark\" title=\"Ac\u021biune de amploare a poli\u021biei \u00een Timi\u0219oara: amenzi, permise re\u021binute \u0219i un urm\u0103rit interna\u021bional depistat (foto)\">Ac\u021biune de amploare a poli\u021biei \u00een Timi\u0219oara: amenzi, permise re\u021binute \u0219i un urm\u0103rit interna\u021bional depistat (foto)<\/a><\/h3>\n<\/div>\n<\/div>\n<\/div>\n<div class=\"td-related-span4\">\n<div class=\"td_module_related_posts td-animation-stack td_mod_related_posts\">\n<div class=\"td-module-image\">\n<div class=\"td-module-thumb\"><a href=\"https:\/\/orasul-timisoara.ro\/local-39688\/\" rel=\"bookmark\" class=\"td-image-wrap \" title=\"B\u0103rbat de 46 de ani, re\u021binut dup\u0103 un incendiu care a cuprins o cl\u0103dire \u0219i mai multe ma\u0219ini\"><img loading=\"lazy\" decoding=\"async\" class=\"entry-thumb\" src=\"https:\/\/orasul-timisoara.ro\/wp-content\/uploads\/2021\/07\/catuse-politie-arest.jpg\" alt title=\"B\u0103rbat de 46 de ani, re\u021binut dup\u0103 un incendiu care a cuprins o cl\u0103dire \u0219i mai multe ma\u0219ini\" width=\"218\" height=\"150\"><\/a><\/div>\n<\/div>\n<div class=\"item-details\">\n<h3 class=\"entry-title td-module-title\"><a href=\"https:\/\/orasul-timisoara.ro\/local-39688\/\" rel=\"bookmark\" title=\"B\u0103rbat de 46 de ani, re\u021binut dup\u0103 un incendiu care a cuprins o cl\u0103dire \u0219i mai multe ma\u0219ini\">B\u0103rbat de 46 de ani, re\u021binut dup\u0103 un incendiu care a cuprins o cl\u0103dire \u0219i mai multe ma\u0219ini<\/a><\/h3>\n<\/div>\n<\/div>\n<\/div>\n<div class=\"td-related-span4\">\n<div class=\"td_module_related_posts td-animation-stack td_mod_related_posts\">\n<div class=\"td-module-image\">\n<div class=\"td-module-thumb\"><a href=\"https:\/\/orasul-timisoara.ro\/local-39636\/\" rel=\"bookmark\" class=\"td-image-wrap \" title=\"18 pisici, salvate dintr-un apartament din Timi\u0219oara. Poli\u021bia a intervenit dup\u0103 mai multe sesiz\u0103ri (foto)\"><img loading=\"lazy\" decoding=\"async\" class=\"entry-thumb\" src=\"https:\/\/orasul-timisoara.ro\/wp-content\/uploads\/2026\/07\/pisici-salvate-436x300.jpg\" alt title=\"18 pisici, salvate dintr-un apartament din Timi\u0219oara. Poli\u021bia a intervenit dup\u0103 mai multe sesiz\u0103ri (foto)\" width=\"218\" height=\"150\"><\/a><\/div>\n<\/div>\n<div class=\"item-details\">\n<h3 class=\"entry-title td-module-title\"><a href=\"https:\/\/orasul-timisoara.ro\/local-39636\/\" rel=\"bookmark\" title=\"18 pisici, salvate dintr-un apartament din Timi\u0219oara. Poli\u021bia a intervenit dup\u0103 mai multe sesiz\u0103ri (foto)\">18 pisici, salvate dintr-un apartament din Timi\u0219oara. Poli\u021bia a intervenit dup\u0103 mai multe sesiz\u0103ri (foto)<\/a><\/h3>\n<\/div>\n<\/div>\n<\/div>\n<\/div>\n<\/div>\n<\/div>\n<div class=\"comments\" id=\"comments\">\n<div id=\"respond\" class=\"comment-respond\">\n<h3 id=\"reply-title\" class=\"comment-reply-title\">L\u0102SA\u021aI UN MESAJ<\/h3>\n<div class=\"comment-form-input-wrap td-form-comment\">\n<div class=\"td-warning-comment\">V\u0103 rug\u0103m s\u0103 introduce\u021bi comentariul dvs.!<\/div>\n<\/div>\n<div class=\"comment-form-input-wrap td-form-author\">\n<div class=\"td-warning-author\">Introduce\u021bi aici numele dvs.<\/div>\n<\/div>\n<div class=\"comment-form-input-wrap td-form-email\">\n<div class=\"td-warning-email-error\">A\u021bi introdus o adres\u0103 de e-mail incorect\u0103!<\/div>\n<div class=\"td-warning-email\">V\u0103 rug\u0103m s\u0103 introduce\u021bi adresa dvs. de e-mail aici<\/div>\n<\/div>\n<\/div>\n<p class=\"akismet_comment_form_privacy_notice\">Acest site folose\u0219te Akismet pentru a reduce spamul. <a href=\"https:\/\/akismet.com\/privacy\/\" target=\"_blank\" rel=\"nofollow noopener\">Afl\u0103 cum sunt procesate datele comentariilor tale<\/a>.<\/p>\n<\/div>\n<\/div>\n<\/div>\n<div class=\"td-pb-span4 td-main-sidebar\" role=\"complementary\">\n<div class=\"td-ss-main-sidebar\">\n<aside id=\"block-4\" class=\"td_block_template_8 widget block-4 widget_block widget_media_image\">\n<figure class=\"wp-block-image size-full\"><img decoding=\"async\" loading=\"lazy\" width=\"336\" height=\"280\" src=\"https:\/\/orasul-timisoara.ro\/wp-content\/uploads\/2024\/11\/ReTIM-Abonamentul-Verde-Google-Ads-336x280px.gif\" alt class=\"wp-image-29257\"><\/figure>\n<\/aside>\n<div class=\"td_block_wrap td_block_social_counter td_block_widget tdi_6 td-social-style5 td-social-boxed td-pb-border-top td_block_template_8\">\n<div class=\"td-block-title-wrap\">\n<h4 class=\"td-block-title\"><span>Urm\u0103re\u0219te-ne pe Social Media<\/span><\/h4>\n<\/div>\n<div class=\"td-social-list\">\n<div class=\"td_social_type td-pb-margin-side td_social_facebook\">\n<div class=\"td-social-box\"><span class=\"td_social_info td_social_info_counter\">344,595<\/span><span class=\"td_social_info td_social_info_name\">Fani<\/span><span class=\"td_social_button\"><a href=\"https:\/\/www.facebook.com\/247timisoara\" target=\"_blank\" rel=\"nofollow\">\u00cemi place<\/a><\/span><\/div>\n<\/div>\n<div class=\"td_social_type td-pb-margin-side td_social_instagram\">\n<div class=\"td-social-box\"><span class=\"td_social_info td_social_info_counter\">4,416<\/span><span class=\"td_social_info td_social_info_name\">Cititori<\/span><span class=\"td_social_button\"><a href=\"https:\/\/instagram.com\/orasultimisoararo\/\" target=\"_blank\" rel=\"nofollow\">Conecta\u021bi-v\u0103<\/a><\/span><\/div>\n<\/div>\n<div class=\"td_social_type td-pb-margin-side td_social_rss\">\n<div class=\"td-social-box\"><span class=\"td_social_info td_social_info_counter\">12,506<\/span><span class=\"td_social_info td_social_info_name\">Cititori<\/span><span class=\"td_social_button\"><a href=\"https:\/\/orasul-timisoara.ro\/feed\/\" target=\"_blank\" rel=\"nofollow\">Conecta\u021bi-v\u0103<\/a><\/span><\/div>\n<\/div>\n<div class=\"td_social_type td-pb-margin-side td_social_tiktok\">\n<div class=\"td-social-box\"><span class=\"td_social_info td_social_info_counter\">1,500<\/span><span class=\"td_social_info td_social_info_name\">Cititori<\/span><span class=\"td_social_button\"><a href=\"https:\/\/www.tiktok.com\/@orasultimisoara\" target=\"_blank\" rel=\"nofollow\">Conecta\u021bi-v\u0103<\/a><\/span><\/div>\n<\/div>\n<div class=\"td_social_type td-pb-margin-side td_social_twitter\">\n<div class=\"td-social-box\"><span class=\"td_social_info td_social_info_counter\">1,595<\/span><span class=\"td_social_info td_social_info_name\">Cititori<\/span><span class=\"td_social_button\"><a href=\"https:\/\/twitter.com\/orasultm\" target=\"_blank\" rel=\"nofollow\">Conecta\u021bi-v\u0103<\/a><\/span><\/div>\n<\/div>\n<div class=\"td_social_type td-pb-margin-side td_social_youtube\">\n<div class=\"td-social-box\"><span class=\"td_social_info td_social_info_counter\">3,506<\/span><span class=\"td_social_info td_social_info_name\">Abona\u021bi<\/span><span class=\"td_social_button\"><a href=\"https:\/\/www.youtube.com\/channel\/UCQNsQvs2XCSIm1Z-AHRturw?sub_confirmation=1\" target=\"_blank\" rel=\"nofollow\">Abona\u021bi-v\u0103<\/a><\/span><\/div>\n<\/div>\n<\/div>\n<\/div>\n<aside id=\"text-7\" class=\"td_block_template_8 widget text-7 widget_text\">\n<h4 class=\"td-block-title\"><span>C\u0103ut\u0103ri populare pe OTM<\/span><\/h4>\n<div class=\"textwidget\"><a href=\"https:\/\/orasul-timisoara.ro\/?s=timisoara\"><span>Timisoara<\/span><\/a><a href=\"https:\/\/orasul-timisoara.ro\/?s=calin+dobra\"><span>Calin Dobra<\/span><\/a><a href=\"https:\/\/orasul-timisoara.ro\/?s=primaria+timisoara\"><span>Primaria Timisoara<\/span><\/a><a href=\"https:\/\/orasul-timisoara.ro\/?s=dominic+fritz\"><span>Dominic Fritz<\/span><\/a><a href=\"https:\/\/orasul-timisoara.ro\/?s=nicolae+robu\"><span>Nicolae Robu<\/span><\/a><a href=\"https:\/\/orasul-timisoara.ro\/?s=consiliul+local+timisoara\">Consiliul Local Timisoara<\/a><a href=\"https:\/\/orasul-timisoara.ro\/?s=consiliul+judetean+timis\"><span>Consiliul Judetean Timis<\/span><\/a><a href=\"https:\/\/orasul-timisoara.ro\/?s=cjt\"><span>CJT<\/span><\/a><a href=\"https:\/\/orasul-timisoara.ro\/?s=Alfred+Simonis\"><span>Alfred Simonis<\/span><\/a><a href=\"https:\/\/orasul-timisoara.ro\/?s=PNL\"><span>PNL<\/span><\/a><a href=\"https:\/\/orasul-timisoara.ro\/?s=coronavirus\"><span>coronavirus<\/span><\/a><a href=\"https:\/\/orasul-timisoara.ro\/?s=teatru+timisoara\">teatru Timisoara<\/a><a href=\"https:\/\/orasul-timisoara.ro\/?s=restaurante\"><span>restaurante Timisoara<\/span><\/a><a href=\"https:\/\/orasul-timisoara.ro\/?s=diskoteka\"><span>Diskoteka<\/span><\/a><a href=\"https:\/\/orasul-timisoara.ro\/?s=iulius+town\"><span>Iulius Town<\/span><\/a><a href=\"https:\/\/orasul-timisoara.ro\/?s=iulius+mall\"><span>Iulius Mall<\/span><\/a><a href=\"https:\/\/orasul-timisoara.ro\/?s=stpt\"><span>STPT<\/span><\/a><a href=\"https:\/\/orasul-timisoara.ro\/?s=alin+nica\"><span>Alin Nica<\/span><\/a><a href=\"https:\/\/orasul-timisoara.ro\/?s=psd\"><span>PSD<\/span><\/a><a href=\"https:\/\/orasul-timisoara.ro\/?s=aeroport\"><span>Aeroportul International Timisoara<\/span><\/a><a href=\"https:\/\/orasul-timisoara.ro\/?s=babes\"><span>Spitalul Victor Babes Timisoara<\/span><\/a><a href=\"https:\/\/orasul-timisoara.ro\/?s=poli\"><span>Poli Timi\u0219oara<\/span><\/a><a href=\"https:\/\/orasul-timisoara.ro\/?s=carantina\"><span>carantina<\/span><\/a><a href=\"https:\/\/orasul-timisoara.ro\/?s=aquatim\"><span>Aquatim<\/span><\/a><a href=\"https:\/\/orasul-timisoara.ro\/local-category\/stiri-timisoara\/\"><span>Stiri Timisoara<\/span><\/a><a href=\"https:\/\/orasul-timisoara.ro\/local-category\/investitii-in-timisoara\/\"><span>Investi\u021bii in Timi\u0219oara<\/span><\/a><a href=\"https:\/\/orasul-timisoara.ro\/local-9463\/\"><span>shaorma<\/span><\/a><a href=\"https:\/\/orasul-timisoara.ro\/?s=trafic\"><span>trafic rutier<\/span><\/a><a href=\"https:\/\/orasul-timisoara.ro\/?s=politia\"><span>politia locala timisoara<\/span><\/a><a href=\"https:\/\/orasul-timisoara.ro\/?s=roxana\"><span>Roxana Iliescu<\/span><\/a><a href=\"https:\/\/orasul-timisoara.ro\/?s=colterm\"><span>Colterm<\/span><\/a><a href=\"https:\/\/orasul-timisoara.ro\/?s=latcau\"><span>Ruben La\u021bc\u0103u<\/span><\/a><a href=\"https:\/\/orasul-timisoara.ro\/?s=timis\"><span>\u0218tiri din Timi\u0219<\/span><\/a><a href=\"https:\/\/orasul-timisoara.ro\/?s=spital\"><span>Spitale din Timi\u0219oara<\/span><\/a><a href=\"https:\/\/orasul-timisoara.ro\/?s=tabara\"><span>Cosmin Tab\u0103r\u0103<\/span><\/a><\/div>\n<\/aside>\n<aside id=\"rss-2\" class=\"td_block_template_8 widget rss-2 widget_rss\">\n<h4 class=\"td-block-title\"><span><a class=\"rsswidget rss-widget-feed\" href=\"https:\/\/fashionfridays.ro\/feed\"><img decoding=\"async\" class=\"rss-widget-icon\" width=\"14\" height=\"14\" src=\"https:\/\/orasul-timisoara.ro\/wp-includes\/images\/rss.png\" alt=\"RSS\" loading=\"lazy\"><\/a><a class=\"rsswidget rss-widget-title\" href=\"https:\/\/fashionfridays.ro\/\">Fashion Fridays<\/a><\/span><\/h4>\n<ul>\n<li><a class=\"rsswidget\" href=\"https:\/\/fashionfridays.ro\/romania-devine-a-29-a-piata-vogue-o-noua-era-pentru-industria-locala-de-moda\/\">Rom\u00e2nia devine a 29-a pia\u021b\u0103 Vogue: o nou\u0103 er\u0103 pentru industria local\u0103 de mod\u0103<\/a>\n<div class=\"rssSummary\">Revista Vogue \u00ee\u0219i extinde prezen\u021ba global\u0103 \u0219i va fi lansat\u0103 oficial \u00een Rom\u00e2nia \u00een prim\u0103vara anului 2027, marc\u00e2nd intrarea pe cea de-a 29-a pia\u021b\u0103 interna\u021bional\u0103. Proiectul este realizat \u00een parteneriat cu AEMME Publishing, o companie media recent \u00eenfiin\u021bat\u0103, care va publica edi\u021bia local\u0103 sub licen\u021b\u0103. Noua edi\u021bie, Vogue Rom\u00e2nia, \u00ee\u0219i propune s\u0103 combine autoritatea global\u0103 [\u2026]<\/div>\n<\/li>\n<\/ul>\n<\/aside>\n<aside id=\"rss-4\" class=\"td_block_template_8 widget rss-4 widget_rss\">\n<h4 class=\"td-block-title\"><span><a class=\"rsswidget rss-widget-feed\" href=\"https:\/\/emasini.ro\/feed\"><img decoding=\"async\" class=\"rss-widget-icon\" width=\"14\" height=\"14\" src=\"https:\/\/orasul-timisoara.ro\/wp-includes\/images\/rss.png\" alt=\"RSS\" loading=\"lazy\"><\/a><a class=\"rsswidget rss-widget-title\" href=\"https:\/\/emasini.ro\/\">eMasini<\/a><\/span><\/h4>\n<ul>\n<li><a class=\"rsswidget\" href=\"https:\/\/emasini.ro\/dacia-analizeaza-lansarea-lui-hipster-automobilul-urban-de-doar-3-metri-lungime\/\">Dacia analizeaz\u0103 lansarea lui Hipster, automobilul urban de doar 3 metri lungime (video)<\/a>\n<div class=\"rssSummary\">Dacia ar putea introduce pe pia\u021b\u0103 unul dintre cele mai neobi\u0219nuite modele din istoria sa recent\u0103. Conceptul Hipster, prezentat anul trecut ca o reinterpretare radical\u0103 a automobilului urban accesibil, se afl\u0103 \u00een prezent \u00eentr-o etap\u0103 de evaluare, iar decizia privind produc\u021bia de serie va fi luat\u0103 \u00een func\u021bie de reac\u021bia publicului \u0219i de evolu\u021bia reglement\u0103rilor [\u2026]<\/div>\n<\/li>\n<\/ul>\n<\/aside>\n<\/div>\n<\/div>\n<\/div>\n<\/div>\n<\/article>\n<div class=\"td-post-content tagdiv-type\">\n<p class=\"wp-block-paragraph\">Autorit\u0103\u021bile au declan\u0219at verific\u0103ri ample \u00een comuna <strong>S\u0103c\u0103laz<\/strong>, dup\u0103 ce a fost identificat\u0103 o zon\u0103 \u00een care au fost abandonate cantit\u0103\u021bi importante de de\u0219euri. La ac\u021biunea de control au participat prefectul jude\u021bului Timi\u0219, <strong>Paul Finta<\/strong>, ministrul Mediului, Apelor \u0219i P\u0103durilor, <strong>Diana Buzoianu<\/strong>, precum \u0219i reprezentan\u021bi ai institu\u021biilor cu atribu\u021bii \u00een domeniul protec\u021biei mediului \u0219i al aplic\u0103rii legii.<\/p>\n<p class=\"wp-block-paragraph\">\u00cen urma constat\u0103rilor din teren, <strong>Garda Na\u021bional\u0103 de Mediu \u2013 Comisariatul Jude\u021bean Timi\u0219<\/strong> a dispus continuarea investiga\u021biilor pentru identificarea persoanelor responsabile de depozitarea ilegal\u0103 a de\u0219eurilor \u0219i aplicarea m\u0103surilor prev\u0103zute de legisla\u021bia \u00een vigoare.<\/p>\n<h2 class=\"wp-block-heading\">Depozit ilegal descoperit \u00een apropierea comunei S\u0103c\u0103laz<\/h2>\n<p class=\"wp-block-paragraph\">Ac\u021biunea de control s-a desf\u0103\u0219urat \u00een comuna S\u0103c\u0103laz \u0219i a reunit reprezentan\u021bi ai mai multor institu\u021bii implicate \u00een combaterea infrac\u021biunilor \u0219i contraven\u021biilor de mediu.<\/p>\n<p class=\"wp-block-paragraph\">Al\u0103turi de prefectul jude\u021bului Timi\u0219 \u0219i ministrul Mediului au participat echipe din cadrul <strong>G\u0103rzii Na\u021bionale de Mediu \u2013 Comisariatul Jude\u021bean Timi\u0219<\/strong>, <strong>Inspectoratului de Poli\u021bie Jude\u021bean Timi\u0219<\/strong> \u0219i <strong>Inspectoratului de Jandarmi Jude\u021bean Timi\u0219<\/strong>.<\/p>\n<figure class=\"wp-block-gallery has-nested-images columns-4 is-cropped wp-block-gallery-1 is-layout-flex wp-block-gallery-is-layout-flex\">\n<figure class=\"wp-block-image size-medium\"><img loading=\"lazy\" decoding=\"async\" width=\"960\" height=\"1280\" data-id=\"39879\" src=\"https:\/\/orasul-timisoara.ro\/wp-content\/uploads\/2026\/07\/759078392_1501753698651997_770801095791800666_n-960x1280.jpg\" alt class=\"wp-image-39879\"><\/figure>\n<figure class=\"wp-block-image size-medium\"><img loading=\"lazy\" decoding=\"async\" width=\"960\" height=\"1280\" data-id=\"39882\" src=\"https:\/\/orasul-timisoara.ro\/wp-content\/uploads\/2026\/07\/759676790_1501753665318667_7480947181461244580_n-960x1280.jpg\" alt class=\"wp-image-39882\"><\/figure>\n<figure class=\"wp-block-image size-medium\"><img loading=\"lazy\" decoding=\"async\" width=\"960\" height=\"1280\" data-id=\"39880\" src=\"https:\/\/orasul-timisoara.ro\/wp-content\/uploads\/2026\/07\/758280765_1501753248652042_6721505344405870680_n-960x1280.jpg\" alt class=\"wp-image-39880\"><\/figure>\n<figure class=\"wp-block-image size-medium\"><img decoding=\"async\" loading=\"lazy\" width=\"1080\" height=\"810\" data-id=\"39881\" src=\"https:\/\/orasul-timisoara.ro\/wp-content\/uploads\/2026\/07\/758793580_1501753211985379_4704237874868219787_n-1080x810.jpg\" alt class=\"wp-image-39881\"><\/figure>\n<figure class=\"wp-block-image size-medium\"><img decoding=\"async\" loading=\"lazy\" width=\"960\" height=\"1280\" data-id=\"39883\" src=\"https:\/\/orasul-timisoara.ro\/wp-content\/uploads\/2026\/07\/758793589_1501752748652092_2306458864621509799_n-960x1280.jpg\" alt class=\"wp-image-39883\"><\/figure>\n<\/figure>\n<p class=\"wp-block-paragraph\">\u00cen timpul verific\u0103rilor, autorit\u0103\u021bile au identificat o suprafa\u021b\u0103 extins\u0103 situat\u0103 \u00een imediata apropiere a comunei, pe care au fost abandonate cantit\u0103\u021bi semnificative de de\u0219euri.<\/p>\n<p class=\"wp-block-paragraph\">Dimensiunea zonei afectate a determinat Garda de Mediu s\u0103 continue cercet\u0103rile pentru stabilirea responsabililor \u0219i pentru luarea m\u0103surilor legale.<\/p>\n<h2 class=\"wp-block-heading\">Garda de Mediu continu\u0103 investiga\u021biile<\/h2>\n<p class=\"wp-block-paragraph\">Potrivit autorit\u0103\u021bilor, verific\u0103rile nu se opresc la constatarea existen\u021bei depozitului ilegal. Inspectorii de mediu vor desf\u0103\u0219ura investiga\u021bii suplimentare pentru a identifica persoanele sau entit\u0103\u021bile care au abandonat de\u0219eurile.<\/p>\n<p class=\"wp-block-paragraph\">\u00cen func\u021bie de rezultatele controalelor, vor fi dispuse sanc\u021biunile \u0219i m\u0103surile prev\u0103zute de legisla\u021bia privind protec\u021bia mediului \u0219i gestionarea de\u0219eurilor.<\/p>\n<h2 class=\"wp-block-heading\">Depozit\u0103rile ilegale, un risc pentru mediu \u0219i s\u0103n\u0103tate<\/h2>\n<p class=\"wp-block-paragraph\">Autorit\u0103\u021bile atrag aten\u021bia c\u0103 abandonarea necontrolat\u0103 a de\u0219eurilor produce efecte directe asupra mediului \u0219i poate avea consecin\u021be serioase asupra s\u0103n\u0103t\u0103\u021bii popula\u021biei.<\/p>\n<p class=\"wp-block-paragraph\">Astfel de practici contribuie la poluarea solului \u0219i a apelor, afecteaz\u0103 ecosistemele \u0219i reduc calitatea vie\u021bii \u00een comunit\u0103\u021bile locale. Din acest motiv, institu\u021biile abilitate subliniaz\u0103 c\u0103 vor ac\u021biona ferm pentru identificarea \u0219i sanc\u021bionarea celor care \u00eencalc\u0103 legisla\u021bia de mediu.<\/p>\n<h2 class=\"wp-block-heading\">Controalele vor continua \u00een jude\u021bul Timi\u0219<\/h2>\n<p class=\"wp-block-paragraph\">Institu\u021bia Prefectului Jude\u021bul Timi\u0219 anun\u021b\u0103 c\u0103 ac\u021biunile de verificare privind combaterea depozit\u0103rilor ilegale de de\u0219euri vor continua \u0219i \u00een perioada urm\u0103toare, \u00een colaborare cu autorit\u0103\u021bile competente.<\/p>\n<p class=\"wp-block-paragraph\">Scopul acestor controale este prevenirea apari\u021biei unor noi depozite ilegale, protejarea mediului \u0219i asigurarea respect\u0103rii legisla\u021biei \u00een domeniul gestion\u0103rii de\u0219eurilor.<\/p>\n<p class=\"wp-block-paragraph\">Prin colaborarea dintre institu\u021biile de control \u0219i cele de ordine public\u0103, autorit\u0103\u021bile urm\u0103resc at\u00e2t identificarea persoanelor responsabile pentru poluarea mediului, c\u00e2t \u0219i descurajarea unor astfel de practici pe viitor.<\/p>\n<\/div>\n<p>[analyse_source url=&#8221;https:\/\/orasul-timisoara.ro\/local-39876\/&#8221;]<\/p>\n","protected":false},"excerpt":{"rendered":"<p>[analyse_image type=&#8221;featured&#8221; src=&#8221;https:\/\/orasul-timisoara.ro\/wp-content\/uploads\/2026\/07\/paul-finta-dianabuzoianu.jpg&#8221;] Administra\u021bie local\u0103Ministrul Mediului \u0219i prefectul de Timi\u0219, control la S\u0103c\u0103laz dup\u0103 descoperirea unui&#8230; Administra\u021bie local\u0103 \u0218tiri Locale Ministrul Mediului \u0219i prefectul de Timi\u0219, control la S\u0103c\u0103laz dup\u0103 descoperirea unui depozit ilegal de de\u0219euri De c\u0103tre redactia &#8211; 28\/07\/2026 Facebook Twitter WhatsApp Linkedin ReddIt Email Imprimare Autorit\u0103\u021bile au declan\u0219at verific\u0103ri ample \u00een comuna [&hellip;]<\/p>\n","protected":false},"author":1,"featured_media":0,"comment_status":"open","ping_status":"","sticky":false,"template":"","format":"standard","meta":{"footnotes":""},"categories":[89],"tags":[226,189],"class_list":["post-2066676","post","type-post","status-publish","format-standard","hentry","category-romania","tag-crawlmanager","tag-orasul-timisoara-ro"],"_links":{"self":[{"href":"https:\/\/analyse.optim.biz\/index.php?rest_route=\/wp\/v2\/posts\/2066676","targetHints":{"allow":["GET"]}}],"collection":[{"href":"https:\/\/analyse.optim.biz\/index.php?rest_route=\/wp\/v2\/posts"}],"about":[{"href":"https:\/\/analyse.optim.biz\/index.php?rest_route=\/wp\/v2\/types\/post"}],"author":[{"embeddable":true,"href":"https:\/\/analyse.optim.biz\/index.php?rest_route=\/wp\/v2\/users\/1"}],"replies":[{"embeddable":true,"href":"https:\/\/analyse.optim.biz\/index.php?rest_route=%2Fwp%2Fv2%2Fcomments&post=2066676"}],"version-history":[{"count":0,"href":"https:\/\/analyse.optim.biz\/index.php?rest_route=\/wp\/v2\/posts\/2066676\/revisions"}],"wp:attachment":[{"href":"https:\/\/analyse.optim.biz\/index.php?rest_route=%2Fwp%2Fv2%2Fmedia&parent=2066676"}],"wp:term":[{"taxonomy":"category","embeddable":true,"href":"https:\/\/analyse.optim.biz\/index.php?rest_route=%2Fwp%2Fv2%2Fcategories&post=2066676"},{"taxonomy":"post_tag","embeddable":true,"href":"https:\/\/analyse.optim.biz\/index.php?rest_route=%2Fwp%2Fv2%2Ftags&post=2066676"}],"curies":[{"name":"wp","href":"https:\/\/api.w.org\/{rel}","templated":true}]}}