{"id":2066551,"date":"2026-07-28T11:52:28","date_gmt":"2026-07-28T08:52:28","guid":{"rendered":"https:\/\/analyse.optim.biz\/?p=2066551"},"modified":"2026-07-28T11:52:28","modified_gmt":"2026-07-28T08:52:28","slug":"aur-timis-nu-sustine-propunerea-consilierului-judetean-marcel-mihoc-privind-acordarea-titlului-de-cetatean-de-onoare-lui-sorin-grindeanu","status":"publish","type":"post","link":"https:\/\/analyse.optim.biz\/?p=2066551","title":{"rendered":"AUR Timi\u0219 nu sus\u021bine propunerea consilierului jude\u021bean Marcel Mihoc privind acordarea titlului de Cet\u0103\u021bean de Onoare lui Sorin Grindeanu"},"content":{"rendered":"<p>[analyse_image type=&#8221;featured&#8221; src=&#8221;http:\/\/www.banatulmeu.ro\/wp-content\/uploads\/2026\/07\/bogdan-negoescu-aur-timis-scaled-e1785239176757.jpg&#8221;]<\/p>\n<div class=\"post-content-bd\">\n<p>AUR Timi\u0219 se delimiteaz\u0103 de declara\u021bia <a href=\"https:\/\/www.banatulmeu.ro\/surpriza-in-cj-timis-consilierul-aur-marcel-mihoc-vrea-ca-sorin-grindeanu-sa-primeasca-pe-viitor-titlul-de-cetatean-de-onoare\/\">consilierului jude\u021bean Marcel Mihoc<\/a>, care l-a propus pe Sorin Grindeanu, pre\u0219edintele PSD pentru acordarea, pe viitor, a titlului de Cet\u0103\u021bean de Onoare al jude\u021bului Timi\u0219. Deputatul AUR de Timi\u0219, Bogdan Negoescu precizeaz\u0103 c\u0103 ini\u021biativa \u00eei apar\u021bine exclusiv lui Mihoc \u0219i nu reprezint\u0103 pozi\u021bia oficial\u0103 a partidului.<\/p>\n<p>Reac\u021bia vine dup\u0103 ce Marcel Mihoc, fost secretar general al PSD Timi\u0219 \u0219i actual consilier jude\u021bean AUR, a declarat, \u00een \u0219edin\u021ba extraordinar\u0103 a Consiliului Jude\u021bean Timi\u0219 de mar\u021bi, 28 iulie, c\u0103 Sorin Grindeanu ar merita s\u0103 primeasc\u0103, pe viitor, titlul de Cet\u0103\u021bean de Onoare al jude\u021bului.<\/p>\n<p>Bogdan Negoescu subliniaz\u0103 c\u0103 propunerea nu a fost discutat\u0103, aprobat\u0103 sau asumat\u0103 la nivelul organiza\u021biei jude\u021bene.<\/p>\n<p>\u201e<em>\u00cen primul r\u00e2nd, aceast\u0103 ini\u021biativ\u0103 nu apar\u021bine Alian\u021bei pentru Unirea Rom\u00e2nilor \u0219i nu reprezint\u0103 pozi\u021bia oficial\u0103 a AUR. A\u0219a cum a precizat chiar autorul acesteia, este vorba despre un demers strict personal, care nu a fost discutat, aprobat sau asumat de organiza\u021bia AUR Timi\u0219. \u00cen consecin\u021b\u0103, AUR nu sus\u021bine o asemenea propunere!<\/em>\u201d, a transmis deputatul \u0219i coordonatorul AUR Timi\u0219, Bogdan Negoescu.<\/p>\n<p>Parlamentarul precizeaz\u0103 c\u0103 ale\u0219ii locali au dreptul la opinii personale, \u00eens\u0103 acestea nu trebuie prezentate drept pozi\u021bii oficiale ale partidului dac\u0103 nu au fost asumate de conducerea forma\u021biunii.<\/p>\n<p>Totodat\u0103, Negoescu sus\u021bine c\u0103 pozi\u021bia AUR fa\u021b\u0103 de actuala guvernare \u0219i fa\u021b\u0103 de reprezentan\u021bii PSD Timi\u0219 nu s-a schimbat.<\/p>\n<p>\u201e<em>Pozi\u021bia AUR fa\u021b\u0103 de actuala guvernare \u0219i fa\u021b\u0103 de reprezentan\u021bii PSD Timi\u0219 este una consecvent\u0103 \u0219i bine cunoscut\u0103. Nu exist\u0103 nicio schimbare de direc\u021bie \u0219i nicio sus\u021binere pentru un astfel de demers<\/em>\u201d, a mai precizat deputatul.<\/p>\n<p>Bogdan Negoescu \u00eei asigur\u0103 pe sus\u021bin\u0103torii forma\u021biunii c\u0103 valorile \u0219i principiile partidului r\u0103m\u00e2n neschimbate \u0219i precizeaz\u0103 c\u0103 pozi\u021biile oficiale ale AUR sunt comunicate doar prin structurile de conducere \u0219i reprezentan\u021bii mandata\u021bi ai partidului.<\/p>\n<\/div>\n<p>[analyse_source url=&#8221;https:\/\/www.banatulmeu.ro\/aur-timis-nu-sustine-propunerea-consilierului-judetean-marcel-mihoc-privind-acordarea-titlului-de-cetatean-de-onoare-lui-sorin-grindeanu\/&#8221;]<\/p>\n","protected":false},"excerpt":{"rendered":"<p>[analyse_image type=&#8221;featured&#8221; src=&#8221;http:\/\/www.banatulmeu.ro\/wp-content\/uploads\/2026\/07\/bogdan-negoescu-aur-timis-scaled-e1785239176757.jpg&#8221;] AUR Timi\u0219 se delimiteaz\u0103 de declara\u021bia consilierului jude\u021bean Marcel Mihoc, care l-a propus pe Sorin Grindeanu, pre\u0219edintele PSD pentru acordarea, pe viitor, a titlului de Cet\u0103\u021bean de Onoare al jude\u021bului Timi\u0219. Deputatul AUR de Timi\u0219, Bogdan Negoescu precizeaz\u0103 c\u0103 ini\u021biativa \u00eei apar\u021bine exclusiv lui Mihoc \u0219i nu reprezint\u0103 pozi\u021bia oficial\u0103 a partidului. [&hellip;]<\/p>\n","protected":false},"author":1,"featured_media":0,"comment_status":"open","ping_status":"","sticky":false,"template":"","format":"standard","meta":{"footnotes":""},"categories":[89],"tags":[204,226],"class_list":["post-2066551","post","type-post","status-publish","format-standard","hentry","category-romania","tag-banatulmeu-ro","tag-crawlmanager"],"_links":{"self":[{"href":"https:\/\/analyse.optim.biz\/index.php?rest_route=\/wp\/v2\/posts\/2066551","targetHints":{"allow":["GET"]}}],"collection":[{"href":"https:\/\/analyse.optim.biz\/index.php?rest_route=\/wp\/v2\/posts"}],"about":[{"href":"https:\/\/analyse.optim.biz\/index.php?rest_route=\/wp\/v2\/types\/post"}],"author":[{"embeddable":true,"href":"https:\/\/analyse.optim.biz\/index.php?rest_route=\/wp\/v2\/users\/1"}],"replies":[{"embeddable":true,"href":"https:\/\/analyse.optim.biz\/index.php?rest_route=%2Fwp%2Fv2%2Fcomments&post=2066551"}],"version-history":[{"count":0,"href":"https:\/\/analyse.optim.biz\/index.php?rest_route=\/wp\/v2\/posts\/2066551\/revisions"}],"wp:attachment":[{"href":"https:\/\/analyse.optim.biz\/index.php?rest_route=%2Fwp%2Fv2%2Fmedia&parent=2066551"}],"wp:term":[{"taxonomy":"category","embeddable":true,"href":"https:\/\/analyse.optim.biz\/index.php?rest_route=%2Fwp%2Fv2%2Fcategories&post=2066551"},{"taxonomy":"post_tag","embeddable":true,"href":"https:\/\/analyse.optim.biz\/index.php?rest_route=%2Fwp%2Fv2%2Ftags&post=2066551"}],"curies":[{"name":"wp","href":"https:\/\/api.w.org\/{rel}","templated":true}]}}