{"id":2066550,"date":"2026-07-25T19:01:21","date_gmt":"2026-07-25T16:01:21","guid":{"rendered":"https:\/\/analyse.optim.biz\/?p=2066550"},"modified":"2026-07-25T19:01:21","modified_gmt":"2026-07-25T16:01:21","slug":"doua-fete-ranite-dupa-un-accident-intr-o-intersectie-din-lugoj-greseala-unui-sofer","status":"publish","type":"post","link":"https:\/\/analyse.optim.biz\/?p=2066550","title":{"rendered":"Dou\u0103 fete r\u0103nite, dup\u0103 un accident \u00eentr-o intersec\u021bie din Lugoj. Gre\u0219eala unui \u0219ofer"},"content":{"rendered":"<p>[analyse_image type=&#8221;featured&#8221; src=&#8221;https:\/\/www.opiniatimisoarei.ro\/wp-content\/uploads\/2026\/07\/accident-lugoj-728&#215;336.jpghttps:\/\/www.opiniatimisoarei.ro\/wp-content\/uploads\/2026\/07\/accident-lugoj.jpg&#8221;]<\/p>\n<div class=\"the_content\">\n<p><strong>TIMI\u0218OARA<\/strong>. Impact violent \u00eentr-o intersec\u021bie din Lugoj. \u0218oferul unei ma\u0219ini nu a fost atent la un viraj \u0219i a izbit autoturismul unei soferite care mergea regulamentar.<\/p>\n<p><strong><span>CITE\u0218TE \u0218I: <\/span><a href=\"https:\/\/www.opiniatimisoarei.ro\/masina-de-politie-facuta-praf-in-timp-ce-urmarea-un-sofer-intr-un-oras-din-timis\/25\/07\/2026\">Ma\u0219in\u0103 de Poli\u021bie f\u0103cut\u0103 praf \u00een timp ce urm\u0103rea un \u0219ofer, \u00eentr-un ora\u0219 din Timi\u0219<\/a><\/strong><\/p>\n<p>\u00cen urma coliziunii, dou\u0103 adolescente de 15 si 16 ani au fost r\u0103nite \u0219i transportate la spital.<\/p>\n<p>\u201e<strong>Un b\u0103rbat, de 40 de ani a condus un autoturism dinspre strada Ion Huniade \u00eenspre strada Coloman Wallisch, din municipiul Lugoj, iar la un moment dat, la intersec\u021bia cu splaiul Coriolan Brediceanu ar fi intrat \u00een coliziune cu un autoturism ce circula regulamentar, condus de c\u0103tre o femeie de 40 de ani.<\/strong><\/p>\n<p><strong>\u00cen urma impactului au rezultat dou\u0103 victime, respectiv dou\u0103 minore, de 15 \u0219i 16 ani, pasagere \u00een autoturismul condus de femeia de 40 de ani.<\/strong><\/p>\n<p><strong>\u00cen cauz\u0103 a fost \u00eentocmit un dosar penal sub aspectul s\u0103v\u00e2r\u0219irii infrac\u021biunii de v\u0103t\u0103mare corporal\u0103 din culp\u0103<\/strong>\u201e, transmit reprezentantii IPJ Timis.<\/p>\n<p>***<\/p>\n<p><strong><span class=\"dia_suggestion w0\">Mai<\/span><span class=\"dia_suggestion w1\">multe<\/span><span class=\"dia_suggestion w2\">g\u0103si\u021bi<\/span> pe <span class=\"dia_suggestion w4\">pagina noastr<span class=\"dia_suggestion w0\">\u0103<\/span><\/span>\u00a0de <a href=\"https:\/\/www.facebook.com\/OpiniaTM\/?ref=page_internal\" target=\"_blank\" rel=\"noopener\">Facebook opiniatimisoarei.ro<\/a>!<\/strong><\/p>\n<p><strong><span class=\"dia_suggestion w0\">Dac\u0103<\/span><span class=\"dia_suggestion w1\">a\u021bi<\/span> fost martorii unui eveniment <span class=\"dia_suggestion w6\">sau<\/span><span class=\"dia_suggestion w7\">ai<\/span> unei <span class=\"dia_suggestion w9\">situa\u021bii<\/span><span class=\"dia_suggestion w10\">neobi\u0219nuite<\/span><span class=\"dia_suggestion w11\">care<\/span> ar <span class=\"dia_suggestion w13\">putea<\/span> deveni subiect de <span class=\"dia_suggestion w17\">\u0219tire<\/span>, <span class=\"dia_suggestion w18\">contacta\u021bi<\/span>-ne <span class=\"dia_suggestion w20\">la<\/span><span><a href=\"https:\/\/www.opiniatimisoarei.ro\/cdn-cgi\/l\/email-protection\" class=\"__cf_email__\" data-cfemail=\"671502030604130e022708170e090e06130e0a0e14080615020e491508\">[email\u00a0protected]<\/a>,<\/span>\u00a0 pe <a href=\"https:\/\/www.facebook.com\/OpiniaTM\">FB<\/a><span>sau pe contul nostru de<\/span><a href=\"https:\/\/www.instagram.com\/opiniatimisoarei.ro\/\" target=\"_blank\" rel=\"noopener\">Instagram<\/a>!<\/strong><\/p>\n<p><strong><span>CITE\u0218TE \u0218I<\/span>: <a href=\"https:\/\/www.opiniatimisoarei.ro\/afli-primul-tot-ceea-ce-se-intampla-cu-adevarat-important-in-timisoara-si-in-regiune-cu-aplicatia-de-stiri-opinia-timisoarei-3-tipuri-de-alerte-te-tin-mereu-conectat-la-evenimente-descarca-gratuit-a\/31\/10\/2022\">Afli primul tot ceea ce se intampla cu adevarat important in Timisoara si in regiune cu Aplicatia de stiri Opinia Timisoarei. 3 tipuri de alerte te tin mereu conectat la evenimente. Descarca gratuit Aplicatia OT aici!<\/a><\/strong><\/p>\n<\/div>\n<p>[analyse_source url=&#8221;https:\/\/www.opiniatimisoarei.ro\/doua-fete-ranite-dupa-un-accident-intr-o-intersectie-din-lugoj-greseala-unui-sofer\/25\/07\/2026&#8243;]<\/p>\n","protected":false},"excerpt":{"rendered":"<p>[analyse_image type=&#8221;featured&#8221; src=&#8221;https:\/\/www.opiniatimisoarei.ro\/wp-content\/uploads\/2026\/07\/accident-lugoj-728&#215;336.jpghttps:\/\/www.opiniatimisoarei.ro\/wp-content\/uploads\/2026\/07\/accident-lugoj.jpg&#8221;] TIMI\u0218OARA. Impact violent \u00eentr-o intersec\u021bie din Lugoj. \u0218oferul unei ma\u0219ini nu a fost atent la un viraj \u0219i a izbit autoturismul unei soferite care mergea regulamentar. CITE\u0218TE \u0218I: Ma\u0219in\u0103 de Poli\u021bie f\u0103cut\u0103 praf \u00een timp ce urm\u0103rea un \u0219ofer, \u00eentr-un ora\u0219 din Timi\u0219 \u00cen urma coliziunii, dou\u0103 adolescente de 15 si 16 [&hellip;]<\/p>\n","protected":false},"author":1,"featured_media":0,"comment_status":"open","ping_status":"","sticky":false,"template":"","format":"standard","meta":{"footnotes":""},"categories":[89],"tags":[226,190],"class_list":["post-2066550","post","type-post","status-publish","format-standard","hentry","category-romania","tag-crawlmanager","tag-opiniatimisoarei-ro"],"_links":{"self":[{"href":"https:\/\/analyse.optim.biz\/index.php?rest_route=\/wp\/v2\/posts\/2066550","targetHints":{"allow":["GET"]}}],"collection":[{"href":"https:\/\/analyse.optim.biz\/index.php?rest_route=\/wp\/v2\/posts"}],"about":[{"href":"https:\/\/analyse.optim.biz\/index.php?rest_route=\/wp\/v2\/types\/post"}],"author":[{"embeddable":true,"href":"https:\/\/analyse.optim.biz\/index.php?rest_route=\/wp\/v2\/users\/1"}],"replies":[{"embeddable":true,"href":"https:\/\/analyse.optim.biz\/index.php?rest_route=%2Fwp%2Fv2%2Fcomments&post=2066550"}],"version-history":[{"count":0,"href":"https:\/\/analyse.optim.biz\/index.php?rest_route=\/wp\/v2\/posts\/2066550\/revisions"}],"wp:attachment":[{"href":"https:\/\/analyse.optim.biz\/index.php?rest_route=%2Fwp%2Fv2%2Fmedia&parent=2066550"}],"wp:term":[{"taxonomy":"category","embeddable":true,"href":"https:\/\/analyse.optim.biz\/index.php?rest_route=%2Fwp%2Fv2%2Fcategories&post=2066550"},{"taxonomy":"post_tag","embeddable":true,"href":"https:\/\/analyse.optim.biz\/index.php?rest_route=%2Fwp%2Fv2%2Ftags&post=2066550"}],"curies":[{"name":"wp","href":"https:\/\/api.w.org\/{rel}","templated":true}]}}