{"id":2066549,"date":"2026-07-28T13:19:32","date_gmt":"2026-07-28T10:19:32","guid":{"rendered":"https:\/\/analyse.optim.biz\/?p=2066549"},"modified":"2026-07-28T13:19:32","modified_gmt":"2026-07-28T10:19:32","slug":"gunoaie-aruncate-pe-un-camp-de-langa-timisoara-ministra-mediului-a-mers-in-control-foto","status":"publish","type":"post","link":"https:\/\/analyse.optim.biz\/?p=2066549","title":{"rendered":"Gunoaie aruncate pe un c\u00e2mp de l\u00e2ng\u0103 Timi\u015foara! Ministra Mediului a mers \u00een control FOTO"},"content":{"rendered":"<p>[analyse_image type=&#8221;featured&#8221; src=&#8221;http:\/\/www.banatulmeu.ro\/wp-content\/uploads\/2026\/07\/758793589_1501752748652092_2306458864621509799_n-e1785245425359.jpg&#8221;]<\/p>\n<div class=\"post-content-bd\">\n<p>O cantitate impresionant\u0103 de gunoaie a fost aruncat\u0103 pe un c\u00e2mp din comuna S\u0103c\u0103laz. Ministra Mediului, Diana Buzoianu, \u00eenso\u0163it\u0103 de prefectul de Timi\u015f, Paul Finta, a mers \u00een control mar\u0163i. La ac\u021biune au participat reprezentan\u021bi ai G\u0103rzii de Mediu Timi\u0219, Inspectoratului de Poli\u021bie Jude\u021bean Timi\u0219 \u0219i Inspectoratului de Jandarmi Jude\u021bean Timi\u0219.<\/p>\n<p><em>\u201c\u00cen cadrul verific\u0103rilor a fost identificat\u0103 o zon\u0103 extins\u0103 pe care au fost abandonate cantit\u0103\u021bi semnificative de de\u0219euri, aflat\u0103 \u00een imediata apropiere a comunei S\u0103c\u0103laz. Av\u00e2nd \u00een vedere amploarea situa\u021biei constatate \u00een teren, Garda Na\u021bional\u0103 de Mediu \u2013 Comisariatul Jude\u021bean Timi\u0219 a dispus continuarea verific\u0103rilor pentru identificarea persoanelor responsabile \u0219i aplicarea m\u0103surilor prev\u0103zute de lege. Depozitarea ilegal\u0103 a de\u0219eurilor afecteaz\u0103 direct mediul, pune \u00een pericol s\u0103n\u0103tatea popula\u021biei \u0219i degradeaz\u0103 calitatea vie\u021bii comunit\u0103\u021bilor locale. Astfel de practici nu pot fi tolerate, iar institu\u021biile competente vor ac\u021biona cu fermitate pentru identificarea \u0219i sanc\u021bionarea celor care \u00eencalc\u0103 legea<\/em>\u201c, a transmis Prefectura Timi\u015f.<\/p>\n<p>\u00cen func\u021bie de rezultatele verific\u0103rilor, vor fi dispuse m\u0103surile \u0219i sanc\u021biunile prev\u0103zute de legisla\u021bia \u00een vigoare.<\/p>\n<div id=\"gallery-1\" class=\"gallery galleryid-188506 gallery-columns-3 gallery-size-thumbnail\">\n<figure class=\"gallery-item\">\n<div class=\"gallery-icon portrait\"><a href=\"https:\/\/www.banatulmeu.ro\/wp-content\/uploads\/2026\/07\/759164448_1501752801985420_3916216438040544245_n-e1785245365847.jpg\"><img loading=\"lazy\" decoding=\"async\" width=\"150\" height=\"150\" src=\"https:\/\/www.banatulmeu.ro\/wp-content\/uploads\/2026\/07\/759164448_1501752801985420_3916216438040544245_n-150x150.jpg\" class=\"attachment-thumbnail size-thumbnail\" alt><img loading=\"lazy\" decoding=\"async\" width=\"150\" height=\"150\" src=\"https:\/\/www.banatulmeu.ro\/wp-content\/uploads\/2026\/07\/759164448_1501752801985420_3916216438040544245_n-150x150.jpg\" class=\"attachment-thumbnail size-thumbnail\" alt><\/a><\/div>\n<\/figure>\n<figure class=\"gallery-item\">\n<div class=\"gallery-icon portrait\"><a href=\"https:\/\/www.banatulmeu.ro\/wp-content\/uploads\/2026\/07\/758731003_1501752855318748_7004486245506073235_n-e1785245352421.jpg\"><img loading=\"lazy\" decoding=\"async\" width=\"150\" height=\"150\" src=\"https:\/\/www.banatulmeu.ro\/wp-content\/uploads\/2026\/07\/758731003_1501752855318748_7004486245506073235_n-150x150.jpg\" class=\"attachment-thumbnail size-thumbnail\" alt><img loading=\"lazy\" decoding=\"async\" width=\"150\" height=\"150\" src=\"https:\/\/www.banatulmeu.ro\/wp-content\/uploads\/2026\/07\/758731003_1501752855318748_7004486245506073235_n-150x150.jpg\" class=\"attachment-thumbnail size-thumbnail\" alt><\/a><\/div>\n<\/figure>\n<figure class=\"gallery-item\">\n<div class=\"gallery-icon portrait\"><a href=\"https:\/\/www.banatulmeu.ro\/wp-content\/uploads\/2026\/07\/758730998_1501753135318720_1126020551502804411_n-e1785245338941.jpg\"><img loading=\"lazy\" decoding=\"async\" width=\"150\" height=\"150\" src=\"https:\/\/www.banatulmeu.ro\/wp-content\/uploads\/2026\/07\/758730998_1501753135318720_1126020551502804411_n-150x150.jpg\" class=\"attachment-thumbnail size-thumbnail\" alt><img decoding=\"async\" loading=\"lazy\" width=\"150\" height=\"150\" src=\"https:\/\/www.banatulmeu.ro\/wp-content\/uploads\/2026\/07\/758730998_1501753135318720_1126020551502804411_n-150x150.jpg\" class=\"attachment-thumbnail size-thumbnail\" alt><\/a><\/div>\n<\/figure>\n<figure class=\"gallery-item\">\n<div class=\"gallery-icon landscape\"><a href=\"https:\/\/www.banatulmeu.ro\/wp-content\/uploads\/2026\/07\/758793580_1501753211985379_4704237874868219787_n-e1785245324949.jpg\"><img loading=\"lazy\" decoding=\"async\" width=\"150\" height=\"150\" src=\"https:\/\/www.banatulmeu.ro\/wp-content\/uploads\/2026\/07\/758793580_1501753211985379_4704237874868219787_n-150x150.jpg\" class=\"attachment-thumbnail size-thumbnail\" alt><img decoding=\"async\" loading=\"lazy\" width=\"150\" height=\"150\" src=\"https:\/\/www.banatulmeu.ro\/wp-content\/uploads\/2026\/07\/758793580_1501753211985379_4704237874868219787_n-150x150.jpg\" class=\"attachment-thumbnail size-thumbnail\" alt><\/a><\/div>\n<\/figure>\n<figure class=\"gallery-item\">\n<div class=\"gallery-icon landscape\"><a href=\"https:\/\/www.banatulmeu.ro\/wp-content\/uploads\/2026\/07\/759500462_1501753738651993_1643605554078431810_n-e1785245311879.jpg\"><img loading=\"lazy\" decoding=\"async\" width=\"150\" height=\"150\" src=\"https:\/\/www.banatulmeu.ro\/wp-content\/uploads\/2026\/07\/759500462_1501753738651993_1643605554078431810_n-150x150.jpg\" class=\"attachment-thumbnail size-thumbnail\" alt><img decoding=\"async\" loading=\"lazy\" width=\"150\" height=\"150\" src=\"https:\/\/www.banatulmeu.ro\/wp-content\/uploads\/2026\/07\/759500462_1501753738651993_1643605554078431810_n-150x150.jpg\" class=\"attachment-thumbnail size-thumbnail\" alt><\/a><\/div>\n<\/figure>\n<figure class=\"gallery-item\">\n<div class=\"gallery-icon portrait\"><a href=\"https:\/\/www.banatulmeu.ro\/wp-content\/uploads\/2026\/07\/759078392_1501753698651997_770801095791800666_n-e1785245295574.jpg\"><img loading=\"lazy\" decoding=\"async\" width=\"150\" height=\"150\" src=\"https:\/\/www.banatulmeu.ro\/wp-content\/uploads\/2026\/07\/759078392_1501753698651997_770801095791800666_n-150x150.jpg\" class=\"attachment-thumbnail size-thumbnail\" alt><img decoding=\"async\" loading=\"lazy\" width=\"150\" height=\"150\" src=\"https:\/\/www.banatulmeu.ro\/wp-content\/uploads\/2026\/07\/759078392_1501753698651997_770801095791800666_n-150x150.jpg\" class=\"attachment-thumbnail size-thumbnail\" alt><\/a><\/div>\n<\/figure>\n<figure class=\"gallery-item\">\n<div class=\"gallery-icon landscape\"><a href=\"https:\/\/www.banatulmeu.ro\/wp-content\/uploads\/2026\/07\/759717119_1501753165318717_5072181874376583767_n-e1785245283579.jpg\"><img loading=\"lazy\" decoding=\"async\" width=\"150\" height=\"150\" src=\"https:\/\/www.banatulmeu.ro\/wp-content\/uploads\/2026\/07\/759717119_1501753165318717_5072181874376583767_n-150x150.jpg\" class=\"attachment-thumbnail size-thumbnail\" alt><img decoding=\"async\" loading=\"lazy\" width=\"150\" height=\"150\" src=\"https:\/\/www.banatulmeu.ro\/wp-content\/uploads\/2026\/07\/759717119_1501753165318717_5072181874376583767_n-150x150.jpg\" class=\"attachment-thumbnail size-thumbnail\" alt><\/a><\/div>\n<\/figure>\n<\/div>\n<\/div>\n<p>[analyse_source url=&#8221;https:\/\/www.banatulmeu.ro\/gunoaie-aruncate-pe-un-camp-de-langa-timisoara-ministra-mediului-a-mers-in-control-foto\/&#8221;]<\/p>\n","protected":false},"excerpt":{"rendered":"<p>[analyse_image type=&#8221;featured&#8221; src=&#8221;http:\/\/www.banatulmeu.ro\/wp-content\/uploads\/2026\/07\/758793589_1501752748652092_2306458864621509799_n-e1785245425359.jpg&#8221;] O cantitate impresionant\u0103 de gunoaie a fost aruncat\u0103 pe un c\u00e2mp din comuna S\u0103c\u0103laz. Ministra Mediului, Diana Buzoianu, \u00eenso\u0163it\u0103 de prefectul de Timi\u015f, Paul Finta, a mers \u00een control mar\u0163i. La ac\u021biune au participat reprezentan\u021bi ai G\u0103rzii de Mediu Timi\u0219, Inspectoratului de Poli\u021bie Jude\u021bean Timi\u0219 \u0219i Inspectoratului de Jandarmi Jude\u021bean Timi\u0219. \u201c\u00cen [&hellip;]<\/p>\n","protected":false},"author":1,"featured_media":0,"comment_status":"open","ping_status":"","sticky":false,"template":"","format":"standard","meta":{"footnotes":""},"categories":[89],"tags":[204,226],"class_list":["post-2066549","post","type-post","status-publish","format-standard","hentry","category-romania","tag-banatulmeu-ro","tag-crawlmanager"],"_links":{"self":[{"href":"https:\/\/analyse.optim.biz\/index.php?rest_route=\/wp\/v2\/posts\/2066549","targetHints":{"allow":["GET"]}}],"collection":[{"href":"https:\/\/analyse.optim.biz\/index.php?rest_route=\/wp\/v2\/posts"}],"about":[{"href":"https:\/\/analyse.optim.biz\/index.php?rest_route=\/wp\/v2\/types\/post"}],"author":[{"embeddable":true,"href":"https:\/\/analyse.optim.biz\/index.php?rest_route=\/wp\/v2\/users\/1"}],"replies":[{"embeddable":true,"href":"https:\/\/analyse.optim.biz\/index.php?rest_route=%2Fwp%2Fv2%2Fcomments&post=2066549"}],"version-history":[{"count":0,"href":"https:\/\/analyse.optim.biz\/index.php?rest_route=\/wp\/v2\/posts\/2066549\/revisions"}],"wp:attachment":[{"href":"https:\/\/analyse.optim.biz\/index.php?rest_route=%2Fwp%2Fv2%2Fmedia&parent=2066549"}],"wp:term":[{"taxonomy":"category","embeddable":true,"href":"https:\/\/analyse.optim.biz\/index.php?rest_route=%2Fwp%2Fv2%2Fcategories&post=2066549"},{"taxonomy":"post_tag","embeddable":true,"href":"https:\/\/analyse.optim.biz\/index.php?rest_route=%2Fwp%2Fv2%2Ftags&post=2066549"}],"curies":[{"name":"wp","href":"https:\/\/api.w.org\/{rel}","templated":true}]}}