{"id":2066548,"date":"2026-07-25T08:42:01","date_gmt":"2026-07-25T05:42:01","guid":{"rendered":"https:\/\/analyse.optim.biz\/?p=2066548"},"modified":"2026-07-25T08:42:01","modified_gmt":"2026-07-25T05:42:01","slug":"masina-de-politie-facuta-praf-in-timp-ce-urmarea-un-sofer-intr-un-oras-din-timis","status":"publish","type":"post","link":"https:\/\/analyse.optim.biz\/?p=2066548","title":{"rendered":"Ma\u0219in\u0103 de Poli\u021bie f\u0103cut\u0103 praf \u00een timp ce urm\u0103rea un \u0219ofer, \u00eentr-un ora\u0219 din Timi\u0219"},"content":{"rendered":"<p>[analyse_image type=&#8221;featured&#8221; src=&#8221;https:\/\/www.opiniatimisoarei.ro\/wp-content\/uploads\/2026\/07\/masina-politie-accident-728&#215;336.jpghttps:\/\/www.opiniatimisoarei.ro\/wp-content\/uploads\/2026\/07\/masina-politie-accident.jpg&#8221;]<\/p>\n<div class=\"the_content\">\n<p><strong>TIMI\u0218<\/strong>. O ma\u0219in\u0103 de Poli\u021bie a fost f\u0103cut\u0103 praf \u00een timpul unei misiuni. Echipajul urm\u0103rea un \u0219ofer fugar care nu a oprit la semnalele poli\u021bi\u0219tilor.<\/p>\n<p><strong><span>CITE\u0218TE \u0218I: <\/span><a href=\"https:\/\/www.opiniatimisoarei.ro\/casa-in-flacari-langa-timisoara-un-barbat-s-a-ars-la-maini-incercand-sa-stinga-focul-video\/24\/07\/2026\">Cas\u0103 \u00een fl\u0103c\u0103ri l\u00e2ng\u0103 Timi\u0219oara. Un b\u0103rbat s-a ars la m\u00e2ini \u00eencerc\u00e2nd s\u0103 sting\u0103 focul. VIDEO<\/a><\/strong><\/p>\n<p>\u00cen autospeciala Poli\u021biei Lugoj se aflau un poli\u021bist \u0219i un jandarm care au pornit \u00een urm\u0103rirea conducatorului auto.<\/p>\n<p>La intersec\u021bia str\u0103zilor Dacilor \u0219i Pongratz, \u00een cartierul Cotu Mic, din Lugoj, autospeciala a fost lovit\u0103 \u00een plin de un alt autoturism, al c\u0103rui \u0219ofer circula pe un drum cu prioritate, si s-a rasturnat.<\/p>\n<p>Potrivit surselor <a href=\"https:\/\/lugojinfo.ro\/autospeciala-de-politie-facuta-praf-intr-o-intersectie-din-lugoj-ce-s-a-intamplat\/?fbclid=IwY2xjawTRUpZwZG9mAWV4dG4DYWVtAjEwAGJyaWQRMWRVNjdEWXJvUG52SEh2cDVzcnRjBmFwcF9pZBAyMjIwMzkxNzg4MjAwODkyAAEe8ryrI6OtVvFfznL5EfBMHFoNJhre4y93Kcb2RI251gEicvq_HFfciealEF8_aem_C1WiKNgaW_y1w7j0_N5Mng\"><strong>Lugoj Info<\/strong><\/a>, autospeciala de poli\u021bie avea semnalele luminoase \u00een func\u021biune \u00een momentul producerii accidentului.<\/p>\n<p>\u00cen urma impactului, nu au existat victime, fiind \u00eenregistrate doar pagube materiale.<\/p>\n<p>Poli\u021bi\u0219tii au demarat cercet\u0103ri pentru a stabili cu exactitate \u00eemprejur\u0103rile \u00een care s-a produs accidentul \u0219i cine se face vinovat de producerea acestuia.<\/p>\n<p>Sursa: <a href=\"https:\/\/lugojinfo.ro\/autospeciala-de-politie-facuta-praf-intr-o-intersectie-din-lugoj-ce-s-a-intamplat\/?fbclid=IwY2xjawTRUpZwZG9mAWV4dG4DYWVtAjEwAGJyaWQRMWRVNjdEWXJvUG52SEh2cDVzcnRjBmFwcF9pZBAyMjIwMzkxNzg4MjAwODkyAAEe8ryrI6OtVvFfznL5EfBMHFoNJhre4y93Kcb2RI251gEicvq_HFfciealEF8_aem_C1WiKNgaW_y1w7j0_N5Mng\"><strong>Lugojinfo.ro<\/strong><\/a><\/p>\n<h3><span><strong>UPDATE:<\/strong><\/span><span><strong>Agentul de poli\u021bie care a condus autospeciala a fost sanc\u021bionat<\/strong><\/span><\/h3>\n<p>\u201d<strong>La momentul producerii evenimentului, echipajul mixt, format dintr-un agent de poli\u021bie din cadrul Poli\u021biei Municipiului Lugoj \u2013 Biroul Ordine Public\u0103 \u0219i un jandarm din cadrul Inspectoratului de Jandarmi Jude\u021bean Timi\u0219, se afla \u00een exercitarea atribu\u021biilor de serviciu. <\/strong><\/p>\n<p><strong>\u00cen timpul desf\u0103\u0219ur\u0103rii activit\u0103\u021bilor specifice, poli\u021bi\u0219tii au observat un autoturism al c\u0103rui conduc\u0103tor auto, la vederea echipajului, a efectuat manevra de \u00eentoarcere prin \u00eenc\u0103lcarea marcajului longitudinal dublu continuu \u0219i nu s-a conformat semnalului regulamentar de oprire efectuat de poli\u021bi\u0219ti. \u00cen acest context, echipajul a procedat la urm\u0103rirea autoturismului, av\u00e2nd \u00een func\u021biune semnalele luminoase<\/strong>\u201d, a transmis IPJ Timi\u0219.<\/p>\n<p>Potrivit poli\u021bi\u0219tilor, \u00een timpul interven\u021biei, la intersec\u021bia str\u0103zilor Dacilor \u0219i Nicolae Pongratz din municipiul Lugoj, autospeciala de poli\u021bie a fost implicat\u0103 \u00eentr-un accident rutier cu un autoturism care circula regulamentar. \u00cen urma impactului, autospeciala a fost proiectat\u0103 \u0219i r\u0103sturnat\u0103, rezult\u00e2nd doar pagube materiale.<\/p>\n<p>Ambii conduc\u0103tori auto au fost testa\u021bi cu aparatul alcooltest, rezultatele fiind negative, precizeaz\u0103 IPJ Timi\u0219.<\/p>\n<p>\u201d<strong>Agentul de poli\u021bie a fost sanc\u021bionat contraven\u021bional, fiindu-i re\u021binut permisul de conducere \u00een vederea suspend\u0103rii exercit\u0103rii dreptului de a conduce pentru o perioad\u0103 de 90 de zile, conform prevederilor O.U.G. nr. 195\/2002 privind circula\u021bia pe drumurile publice.<\/strong><br \/><strong>Inspectoratul de Poli\u021bie Jude\u021bean Timi\u0219 \u00ee\u0219i reafirm\u0103 angajamentul privind respectarea legalit\u0103\u021bii, transparen\u021ba \u0219i responsabilitatea \u00een exercitarea atribu\u021biilor de serviciu, precum \u0219i aplicarea legii \u00een mod egal, indiferent de calitatea persoanelor implicate\u201d<\/strong>, a mai precizat IPJ Timi\u0219.<\/p>\n<p>***<\/p>\n<p><strong><span class=\"dia_suggestion w0\">Mai<\/span><span class=\"dia_suggestion w1\">multe<\/span><span class=\"dia_suggestion w2\">g\u0103si\u021bi<\/span> pe <span class=\"dia_suggestion w4\">pagina noastr<span class=\"dia_suggestion w0\">\u0103<\/span><\/span>\u00a0de <a href=\"https:\/\/www.facebook.com\/OpiniaTM\/?ref=page_internal\" target=\"_blank\" rel=\"noopener\">Facebook opiniatimisoarei.ro<\/a>!<\/strong><\/p>\n<p><strong><span class=\"dia_suggestion w0\">Dac\u0103<\/span><span class=\"dia_suggestion w1\">a\u021bi<\/span> fost martorii unui eveniment <span class=\"dia_suggestion w6\">sau<\/span><span class=\"dia_suggestion w7\">ai<\/span> unei <span class=\"dia_suggestion w9\">situa\u021bii<\/span><span class=\"dia_suggestion w10\">neobi\u0219nuite<\/span><span class=\"dia_suggestion w11\">care<\/span> ar <span class=\"dia_suggestion w13\">putea<\/span> deveni subiect de <span class=\"dia_suggestion w17\">\u0219tire<\/span>, <span class=\"dia_suggestion w18\">contacta\u021bi<\/span>-ne <span class=\"dia_suggestion w20\">la<\/span><span><a href=\"https:\/\/www.opiniatimisoarei.ro\/cdn-cgi\/l\/email-protection\" class=\"__cf_email__\" data-cfemail=\"720017161311061b17321d021b1c1b13061b1f1b011d1300171b5c001d\">[email\u00a0protected]<\/a>,<\/span>\u00a0 pe <a href=\"https:\/\/www.facebook.com\/OpiniaTM\">FB<\/a><span>sau pe contul nostru de<\/span><a href=\"https:\/\/www.instagram.com\/opiniatimisoarei.ro\/\" target=\"_blank\" rel=\"noopener\">Instagram<\/a>!<\/strong><\/p>\n<p><strong><span>CITE\u0218TE \u0218I<\/span>: <a href=\"https:\/\/www.opiniatimisoarei.ro\/afli-primul-tot-ceea-ce-se-intampla-cu-adevarat-important-in-timisoara-si-in-regiune-cu-aplicatia-de-stiri-opinia-timisoarei-3-tipuri-de-alerte-te-tin-mereu-conectat-la-evenimente-descarca-gratuit-a\/31\/10\/2022\">Afli primul tot ceea ce se intampla cu adevarat important in Timisoara si in regiune cu Aplicatia de stiri Opinia Timisoarei. 3 tipuri de alerte te tin mereu conectat la evenimente. Descarca gratuit Aplicatia OT aici!<\/a><\/strong><\/p>\n<\/div>\n<p>[analyse_source url=&#8221;https:\/\/www.opiniatimisoarei.ro\/masina-de-politie-facuta-praf-in-timp-ce-urmarea-un-sofer-intr-un-oras-din-timis\/25\/07\/2026&#8243;]<\/p>\n","protected":false},"excerpt":{"rendered":"<p>[analyse_image type=&#8221;featured&#8221; src=&#8221;https:\/\/www.opiniatimisoarei.ro\/wp-content\/uploads\/2026\/07\/masina-politie-accident-728&#215;336.jpghttps:\/\/www.opiniatimisoarei.ro\/wp-content\/uploads\/2026\/07\/masina-politie-accident.jpg&#8221;] TIMI\u0218. O ma\u0219in\u0103 de Poli\u021bie a fost f\u0103cut\u0103 praf \u00een timpul unei misiuni. Echipajul urm\u0103rea un \u0219ofer fugar care nu a oprit la semnalele poli\u021bi\u0219tilor. CITE\u0218TE \u0218I: Cas\u0103 \u00een fl\u0103c\u0103ri l\u00e2ng\u0103 Timi\u0219oara. Un b\u0103rbat s-a ars la m\u00e2ini \u00eencerc\u00e2nd s\u0103 sting\u0103 focul. VIDEO \u00cen autospeciala Poli\u021biei Lugoj se aflau un poli\u021bist \u0219i [&hellip;]<\/p>\n","protected":false},"author":1,"featured_media":0,"comment_status":"open","ping_status":"","sticky":false,"template":"","format":"standard","meta":{"footnotes":""},"categories":[89],"tags":[226,190],"class_list":["post-2066548","post","type-post","status-publish","format-standard","hentry","category-romania","tag-crawlmanager","tag-opiniatimisoarei-ro"],"_links":{"self":[{"href":"https:\/\/analyse.optim.biz\/index.php?rest_route=\/wp\/v2\/posts\/2066548","targetHints":{"allow":["GET"]}}],"collection":[{"href":"https:\/\/analyse.optim.biz\/index.php?rest_route=\/wp\/v2\/posts"}],"about":[{"href":"https:\/\/analyse.optim.biz\/index.php?rest_route=\/wp\/v2\/types\/post"}],"author":[{"embeddable":true,"href":"https:\/\/analyse.optim.biz\/index.php?rest_route=\/wp\/v2\/users\/1"}],"replies":[{"embeddable":true,"href":"https:\/\/analyse.optim.biz\/index.php?rest_route=%2Fwp%2Fv2%2Fcomments&post=2066548"}],"version-history":[{"count":0,"href":"https:\/\/analyse.optim.biz\/index.php?rest_route=\/wp\/v2\/posts\/2066548\/revisions"}],"wp:attachment":[{"href":"https:\/\/analyse.optim.biz\/index.php?rest_route=%2Fwp%2Fv2%2Fmedia&parent=2066548"}],"wp:term":[{"taxonomy":"category","embeddable":true,"href":"https:\/\/analyse.optim.biz\/index.php?rest_route=%2Fwp%2Fv2%2Fcategories&post=2066548"},{"taxonomy":"post_tag","embeddable":true,"href":"https:\/\/analyse.optim.biz\/index.php?rest_route=%2Fwp%2Fv2%2Ftags&post=2066548"}],"curies":[{"name":"wp","href":"https:\/\/api.w.org\/{rel}","templated":true}]}}