{"id":2066547,"date":"2026-07-24T19:23:42","date_gmt":"2026-07-24T16:23:42","guid":{"rendered":"https:\/\/analyse.optim.biz\/?p=2066547"},"modified":"2026-07-24T19:23:42","modified_gmt":"2026-07-24T16:23:42","slug":"casa-in-flacari-langa-timisoara-un-barbat-s-a-ars-la-maini-incercand-sa-stinga-focul-video","status":"publish","type":"post","link":"https:\/\/analyse.optim.biz\/?p=2066547","title":{"rendered":"Cas\u0103 \u00een fl\u0103c\u0103ri l\u00e2ng\u0103 Timi\u0219oara. Un b\u0103rbat s-a ars la m\u00e2ini \u00eencerc\u00e2nd s\u0103 sting\u0103 focul. VIDEO"},"content":{"rendered":"<p>[analyse_image type=&#8221;featured&#8221; src=&#8221;https:\/\/www.opiniatimisoarei.ro\/wp-content\/uploads\/2026\/07\/incendiu-casa-728&#215;336.jpghttps:\/\/www.opiniatimisoarei.ro\/wp-content\/uploads\/2026\/07\/incendiu-casa.jpg&#8221;]<\/p>\n<div class=\"the_content\">\n<p><strong>TIMI\u0218OARA<\/strong>. O cas\u0103 a fost cuprins\u0103 de fl\u0103c\u0103ri, l\u00e2ng\u0103 Timi\u0219oara, la Giroc, vineri seara.<\/p>\n<p>Un b\u0103rbat a primit \u00eengrijiri medicale, dup\u0103 ce s-a ars la m\u00e2ini \u00eencerc\u00e2nd s\u0103 sting\u0103 focul.<\/p>\n<p><strong><span>CITE\u0218TE \u0218I: <\/span><a href=\"https:\/\/www.opiniatimisoarei.ro\/super-poligonul-de-peste-peste-5-milioane-de-euro-de-la-timisoara-e-gata-aici-se-vor-antrena-specialistii-in-interventii-de-urgenta-din-romania-si-serbia\/24\/07\/2026\">Super poligonul de peste peste 5 milioane de euro de la Timi\u0219oara e gata. Aici se vor antrena speciali\u0219tii \u00een interven\u021bii de urgen\u021b\u0103 din Rom\u00e2nia \u0219i Serbia<\/a><\/strong><\/p>\n<iframe loading=\"lazy\" title=\"Cas\u0103 \u00een fl\u0103c\u0103ri l\u00e2ng\u0103 Timi\u0219oara, la Giroc\" width=\"728\" height=\"410\" src=\"https:\/\/www.youtube.com\/embed\/OuM7IXy4hXM?feature=oembed&amp;wmode=opaque&amp;rel=0\" frameborder allow=\"accelerometer; autoplay; clipboard-write; encrypted-media; gyroscope; picture-in-picture; web-share\" referrerpolicy=\"strict-origin-when-cross-origin\" allowfullscreen><\/iframe>\n<p>\u201d<strong>Am fost solicita\u021bi s\u0103 intervenim pentru stingerea unui incendiu izbucnit la o cas\u0103 din comuna Giroc, str. Bega. <\/strong><\/p>\n<p><strong>La locul evenimentului s-au deplasat pompierii din cadrul Deta\u0219amentului 2 Timi\u0219oara cu dou\u0103 autospeciale de stingere, un autocamion cu container de stingere, o autoscar\u0103 mecanic\u0103 \u0219i dou\u0103 echipaje SMURD, precum \u0219i o ambulan\u021b\u0103 SAJ. \u00cen sprijin a fost alertat Serviciul Voluntar pentru Situa\u021bii de Urgen\u021b\u0103 Giroc<\/strong>\u201d, a transmis ISU Timi\u0219.<\/p>\n<p>La sosirea pompierilor, incendiul se manifesta la nivelul acoperi\u0219ului unei locuin\u021be, pe o suprafa\u021b\u0103 de aproximativ 120 mp.<\/p>\n<p>Trei b\u0103rba\u021bi au primit \u00eengrijiri medicale. Unul dintre ei a suferit arsuri la m\u00e2ini \u0219i al\u021bi doi au avut atac de panic\u0103.<\/p>\n<p>Incendiul a fost localizat, iar pompierii urmeaz\u0103 s\u0103 stabileasc\u0103 de la ce a pornit focul.<\/p>\n<p>***<\/p>\n<p><strong><span class=\"dia_suggestion w0\">Mai<\/span><span class=\"dia_suggestion w1\">multe<\/span><span class=\"dia_suggestion w2\">g\u0103si\u021bi<\/span> pe <span class=\"dia_suggestion w4\">pagina noastr<span class=\"dia_suggestion w0\">\u0103<\/span><\/span>\u00a0de <a href=\"https:\/\/www.facebook.com\/OpiniaTM\/?ref=page_internal\" target=\"_blank\" rel=\"noopener\">Facebook opiniatimisoarei.ro<\/a>!<\/strong><\/p>\n<p><strong><span class=\"dia_suggestion w0\">Dac\u0103<\/span><span class=\"dia_suggestion w1\">a\u021bi<\/span> fost martorii unui eveniment <span class=\"dia_suggestion w6\">sau<\/span><span class=\"dia_suggestion w7\">ai<\/span> unei <span class=\"dia_suggestion w9\">situa\u021bii<\/span><span class=\"dia_suggestion w10\">neobi\u0219nuite<\/span><span class=\"dia_suggestion w11\">care<\/span> ar <span class=\"dia_suggestion w13\">putea<\/span> deveni subiect de <span class=\"dia_suggestion w17\">\u0219tire<\/span>, <span class=\"dia_suggestion w18\">contacta\u021bi<\/span>-ne <span class=\"dia_suggestion w20\">la<\/span><span><a href=\"https:\/\/www.opiniatimisoarei.ro\/cdn-cgi\/l\/email-protection\" class=\"__cf_email__\" data-cfemail=\"8af8efeeebe9fee3efcae5fae3e4e3ebfee3e7e3f9e5ebf8efe3a4f8e5\">[email\u00a0protected]<\/a>,<\/span>\u00a0 pe <a href=\"https:\/\/www.facebook.com\/OpiniaTM\">FB<\/a><span>sau pe contul nostru de<\/span><a href=\"https:\/\/www.instagram.com\/opiniatimisoarei.ro\/\" target=\"_blank\" rel=\"noopener\">Instagram<\/a>!<\/strong><\/p>\n<p><strong><span>CITE\u0218TE \u0218I<\/span>: <a href=\"https:\/\/www.opiniatimisoarei.ro\/afli-primul-tot-ceea-ce-se-intampla-cu-adevarat-important-in-timisoara-si-in-regiune-cu-aplicatia-de-stiri-opinia-timisoarei-3-tipuri-de-alerte-te-tin-mereu-conectat-la-evenimente-descarca-gratuit-a\/31\/10\/2022\">Afli primul tot ceea ce se intampla cu adevarat important in Timisoara si in regiune cu Aplicatia de stiri Opinia Timisoarei. 3 tipuri de alerte te tin mereu conectat la evenimente. Descarca gratuit Aplicatia OT aici!<\/a><\/strong><\/p>\n<\/div>\n<p>[analyse_source url=&#8221;https:\/\/www.opiniatimisoarei.ro\/casa-in-flacari-langa-timisoara-un-barbat-s-a-ars-la-maini-incercand-sa-stinga-focul-video\/24\/07\/2026&#8243;]<\/p>\n","protected":false},"excerpt":{"rendered":"<p>[analyse_image type=&#8221;featured&#8221; src=&#8221;https:\/\/www.opiniatimisoarei.ro\/wp-content\/uploads\/2026\/07\/incendiu-casa-728&#215;336.jpghttps:\/\/www.opiniatimisoarei.ro\/wp-content\/uploads\/2026\/07\/incendiu-casa.jpg&#8221;] TIMI\u0218OARA. O cas\u0103 a fost cuprins\u0103 de fl\u0103c\u0103ri, l\u00e2ng\u0103 Timi\u0219oara, la Giroc, vineri seara. Un b\u0103rbat a primit \u00eengrijiri medicale, dup\u0103 ce s-a ars la m\u00e2ini \u00eencerc\u00e2nd s\u0103 sting\u0103 focul. CITE\u0218TE \u0218I: Super poligonul de peste peste 5 milioane de euro de la Timi\u0219oara e gata. Aici se vor antrena speciali\u0219tii \u00een [&hellip;]<\/p>\n","protected":false},"author":1,"featured_media":0,"comment_status":"open","ping_status":"","sticky":false,"template":"","format":"standard","meta":{"footnotes":""},"categories":[89],"tags":[226,190],"class_list":["post-2066547","post","type-post","status-publish","format-standard","hentry","category-romania","tag-crawlmanager","tag-opiniatimisoarei-ro"],"_links":{"self":[{"href":"https:\/\/analyse.optim.biz\/index.php?rest_route=\/wp\/v2\/posts\/2066547","targetHints":{"allow":["GET"]}}],"collection":[{"href":"https:\/\/analyse.optim.biz\/index.php?rest_route=\/wp\/v2\/posts"}],"about":[{"href":"https:\/\/analyse.optim.biz\/index.php?rest_route=\/wp\/v2\/types\/post"}],"author":[{"embeddable":true,"href":"https:\/\/analyse.optim.biz\/index.php?rest_route=\/wp\/v2\/users\/1"}],"replies":[{"embeddable":true,"href":"https:\/\/analyse.optim.biz\/index.php?rest_route=%2Fwp%2Fv2%2Fcomments&post=2066547"}],"version-history":[{"count":0,"href":"https:\/\/analyse.optim.biz\/index.php?rest_route=\/wp\/v2\/posts\/2066547\/revisions"}],"wp:attachment":[{"href":"https:\/\/analyse.optim.biz\/index.php?rest_route=%2Fwp%2Fv2%2Fmedia&parent=2066547"}],"wp:term":[{"taxonomy":"category","embeddable":true,"href":"https:\/\/analyse.optim.biz\/index.php?rest_route=%2Fwp%2Fv2%2Fcategories&post=2066547"},{"taxonomy":"post_tag","embeddable":true,"href":"https:\/\/analyse.optim.biz\/index.php?rest_route=%2Fwp%2Fv2%2Ftags&post=2066547"}],"curies":[{"name":"wp","href":"https:\/\/api.w.org\/{rel}","templated":true}]}}