{"id":2066544,"date":"2026-07-24T07:20:33","date_gmt":"2026-07-24T04:20:33","guid":{"rendered":"https:\/\/analyse.optim.biz\/?p=2066544"},"modified":"2026-07-24T07:20:33","modified_gmt":"2026-07-24T04:20:33","slug":"aproape-450-de-soferi-au-parcat-in-statiile-mijloacelor-de-transport-la-timisoara-care-sunt-preferatele","status":"publish","type":"post","link":"https:\/\/analyse.optim.biz\/?p=2066544","title":{"rendered":"Aproape 450 de \u0219oferi au parcat \u00een sta\u021biile mijloacelor de transport la Timi\u0219oara. Care sunt \u2018preferatele\u2019"},"content":{"rendered":"<p>[analyse_image type=&#8221;featured&#8221; src=&#8221;https:\/\/www.opiniatimisoarei.ro\/wp-content\/uploads\/2026\/07\/parcare-in-statie-728&#215;336.jpghttps:\/\/www.opiniatimisoarei.ro\/wp-content\/uploads\/2026\/07\/parcare-in-statie.jpg&#8221;]<\/p>\n<div class=\"the_content\">\n<p><strong>TIMI\u0218OARA<\/strong>. A crescut num\u0103rul de sesiz\u0103ri care reclam\u0103 conduc\u0103tori auto ce opresc \u00een sta\u021biile STPT la Timi\u0219oara, sus\u021bin poli\u021bi\u0219tii locali.<\/p>\n<p>Aproape 450 de \u0219oferi au parcat \u00een sta\u021biile mijloacelor de transport la Timi\u0219oara<\/p>\n<p><strong><span>CITESTE SI<\/span>: <a href=\"https:\/\/www.opiniatimisoarei.ro\/dominic-fritz-s-a-razgandit-dupa-inceperea-demersurilor-pentru-un-referendum-local-voi-propune-interzicerea-totala-a-pacanelelor-in-timisoara\/24\/07\/2026\">Dominic Fritz s-a r\u0103zg\u00e2ndit, dup\u0103 \u00eenceperea demersurilor pentru un referendum local. \u2018Voi propune interzicerea total\u0103 a p\u0103c\u0103nelelor \u00een Timi\u0219oara\u2019<\/a><\/strong><\/p>\n<p>Astfel, \u0219oferii STPT \u00eencurc\u0103 la r\u00e2ndul lor circula\u021bia celorlal\u021bi participan\u021bi la trafic dac\u0103 nu pot intra \u00een sta\u021bii.<\/p>\n<p>Cel mai frecvent se \u00eent\u00e2mpl\u0103 asta \u00een noua sta\u021bie de la Parcul Botanic, unde \u0219oferii blocheaz\u0103 accesul autobuzelor.<\/p>\n<p>O alt\u0103 pe care o \u2018prefer\u0103\u2019 \u0219oferii tupei\u0219ti este cea a liniei 13, pe Str. Clo\u0219ca.<\/p>\n<p>Chema\u021bi \u00een ajutor, poli\u021bi\u0219tii locali intervin adesea \u0219i \u00een sta\u021bii de pe Ion Ionescu de la Brad, \u00een Pia\u021ba Traian, pe Bdul Take Ionescu, pe Simion B\u0103rnu\u021biu spre Pia\u021ba Badea C\u00e2r\u021ban, precum \u0219i pe str. Sf. Apostoli Petru \u0219i Pavel ori la AEM.<\/p>\n<p>\u201e<strong>De la \u00eenceputul anului, doar pentru astfel de opriri \u00een sta\u021bii poli\u021bi\u0219tii locali au aplicat un num\u0103r de 439 sanc\u021biuni \u00een valoare total\u0103 de 137.295 lei.<\/strong><\/p>\n<p><strong>Potrivit OUG 195\/2002, articol 108, oprirea neregulamentar\u0103 se sanc\u021bioneaz\u0103 cu amenzi \u00eentre 432,5 lei \u0219i 648,75 \u0219i 2 puncte penalizare la permis<\/strong>\u201e, atrag aten\u021bia reprezentan\u021bii Poli\u021biei Locale Timi\u0219oara.<\/p>\n<p>Cei care observ\u0103 astfel de situa\u021bii le pot semnala la Dispeceratul Poli\u021biei Locale, la numerele de telefon 0256.968 sau 0245.246.112.<\/p>\n<p>***<\/p>\n<p><strong><span class=\"dia_suggestion w0\">Mai<\/span><span class=\"dia_suggestion w1\">multe<\/span><span class=\"dia_suggestion w2\">g\u0103si\u021bi<\/span> pe <span class=\"dia_suggestion w4\">pagina noastr<span class=\"dia_suggestion w0\">\u0103<\/span><\/span>\u00a0de <a href=\"https:\/\/www.facebook.com\/OpiniaTM\/?ref=page_internal\" target=\"_blank\" rel=\"noopener\">Facebook opiniatimisoarei.ro<\/a>!<\/strong><\/p>\n<p><strong><span class=\"dia_suggestion w0\">Dac\u0103<\/span><span class=\"dia_suggestion w1\">a\u021bi<\/span> fost martorii unui eveniment <span class=\"dia_suggestion w6\">sau<\/span><span class=\"dia_suggestion w7\">ai<\/span> unei <span class=\"dia_suggestion w9\">situa\u021bii<\/span><span class=\"dia_suggestion w10\">neobi\u0219nuite<\/span><span class=\"dia_suggestion w11\">care<\/span> ar <span class=\"dia_suggestion w13\">putea<\/span> deveni subiect de <span class=\"dia_suggestion w17\">\u0219tire<\/span>, <span class=\"dia_suggestion w18\">contacta\u021bi<\/span>-ne <span class=\"dia_suggestion w20\">la<\/span><span><a href=\"https:\/\/www.opiniatimisoarei.ro\/cdn-cgi\/l\/email-protection\" class=\"__cf_email__\" data-cfemail=\"c2b0a7a6a3a1b6aba782adb2abacaba3b6abafabb1ada3b0a7abecb0ad\">[email\u00a0protected]<\/a>,<\/span>\u00a0 pe <a href=\"https:\/\/www.facebook.com\/OpiniaTM\">FB<\/a><span>sau pe contul nostru de<\/span><a href=\"https:\/\/www.instagram.com\/opiniatimisoarei.ro\/\" target=\"_blank\" rel=\"noopener\">Instagram<\/a>!<\/strong><\/p>\n<p><strong><span>CITE\u0218TE \u0218I<\/span>: <a href=\"https:\/\/www.opiniatimisoarei.ro\/afli-primul-tot-ceea-ce-se-intampla-cu-adevarat-important-in-timisoara-si-in-regiune-cu-aplicatia-de-stiri-opinia-timisoarei-3-tipuri-de-alerte-te-tin-mereu-conectat-la-evenimente-descarca-gratuit-a\/31\/10\/2022\">Afli primul tot ceea ce se intampla cu adevarat important in Timisoara si in regiune cu Aplicatia de stiri Opinia Timisoarei. 3 tipuri de alerte te tin mereu conectat la evenimente. Descarca gratuit Aplicatia OT aici!<\/a><\/strong><\/p>\n<\/div>\n<p>[analyse_source url=&#8221;https:\/\/www.opiniatimisoarei.ro\/aproape-450-de-soferi-au-parcat-in-statiile-mijloacelor-de-transport-la-timisoara-care-sunt-preferatele\/24\/07\/2026&#8243;]<\/p>\n","protected":false},"excerpt":{"rendered":"<p>[analyse_image type=&#8221;featured&#8221; src=&#8221;https:\/\/www.opiniatimisoarei.ro\/wp-content\/uploads\/2026\/07\/parcare-in-statie-728&#215;336.jpghttps:\/\/www.opiniatimisoarei.ro\/wp-content\/uploads\/2026\/07\/parcare-in-statie.jpg&#8221;] TIMI\u0218OARA. A crescut num\u0103rul de sesiz\u0103ri care reclam\u0103 conduc\u0103tori auto ce opresc \u00een sta\u021biile STPT la Timi\u0219oara, sus\u021bin poli\u021bi\u0219tii locali. Aproape 450 de \u0219oferi au parcat \u00een sta\u021biile mijloacelor de transport la Timi\u0219oara CITESTE SI: Dominic Fritz s-a r\u0103zg\u00e2ndit, dup\u0103 \u00eenceperea demersurilor pentru un referendum local. \u2018Voi propune interzicerea total\u0103 a p\u0103c\u0103nelelor [&hellip;]<\/p>\n","protected":false},"author":1,"featured_media":0,"comment_status":"open","ping_status":"","sticky":false,"template":"","format":"standard","meta":{"footnotes":""},"categories":[89],"tags":[226,190],"class_list":["post-2066544","post","type-post","status-publish","format-standard","hentry","category-romania","tag-crawlmanager","tag-opiniatimisoarei-ro"],"_links":{"self":[{"href":"https:\/\/analyse.optim.biz\/index.php?rest_route=\/wp\/v2\/posts\/2066544","targetHints":{"allow":["GET"]}}],"collection":[{"href":"https:\/\/analyse.optim.biz\/index.php?rest_route=\/wp\/v2\/posts"}],"about":[{"href":"https:\/\/analyse.optim.biz\/index.php?rest_route=\/wp\/v2\/types\/post"}],"author":[{"embeddable":true,"href":"https:\/\/analyse.optim.biz\/index.php?rest_route=\/wp\/v2\/users\/1"}],"replies":[{"embeddable":true,"href":"https:\/\/analyse.optim.biz\/index.php?rest_route=%2Fwp%2Fv2%2Fcomments&post=2066544"}],"version-history":[{"count":0,"href":"https:\/\/analyse.optim.biz\/index.php?rest_route=\/wp\/v2\/posts\/2066544\/revisions"}],"wp:attachment":[{"href":"https:\/\/analyse.optim.biz\/index.php?rest_route=%2Fwp%2Fv2%2Fmedia&parent=2066544"}],"wp:term":[{"taxonomy":"category","embeddable":true,"href":"https:\/\/analyse.optim.biz\/index.php?rest_route=%2Fwp%2Fv2%2Fcategories&post=2066544"},{"taxonomy":"post_tag","embeddable":true,"href":"https:\/\/analyse.optim.biz\/index.php?rest_route=%2Fwp%2Fv2%2Ftags&post=2066544"}],"curies":[{"name":"wp","href":"https:\/\/api.w.org\/{rel}","templated":true}]}}