{"id":2066442,"date":"2026-07-28T11:23:48","date_gmt":"2026-07-28T08:23:48","guid":{"rendered":"https:\/\/analyse.optim.biz\/?p=2066442"},"modified":"2026-07-28T11:23:48","modified_gmt":"2026-07-28T08:23:48","slug":"medicul-margit-serban-cetatean-de-onoare-al-judetului-timis-a-coordonat-primul-transplant-de-maduva-din-romania","status":"publish","type":"post","link":"https:\/\/analyse.optim.biz\/?p=2066442","title":{"rendered":"Medicul Margit \u0218erban, Cet\u0103\u021bean de Onoare al Jude\u021bului Timi\u0219. A coordonat primul transplant de m\u0103duv\u0103 din Rom\u00e2nia"},"content":{"rendered":"<p>[analyse_image type=&#8221;featured&#8221; src=&#8221;https:\/\/www.opiniatimisoarei.ro\/wp-content\/uploads\/2026\/07\/cetatean-de-onoare-Timis-Petre-Serban1-1-728&#215;336.jpghttps:\/\/www.opiniatimisoarei.ro\/wp-content\/uploads\/2026\/07\/cetatean-de-onoare-Timis-Petre-Serban1-1.jpg&#8221;]<\/p>\n<div class=\"the_content\">\n<p><strong>TIMI\u0218OARA<\/strong>. Moment emo\u021bionant de\u00a0 Ziua Jude\u021bului Timi\u0219, la 107 ani de la instaurarea <span class=\"dia_suggestion w0\">administra\u021biei<\/span><span class=\"dia_suggestion w1\">rom\u00e2ne\u0219ti.<\/span><\/p>\n<p>Consiliul Jude\u021bean Timi\u0219 i-a conferit, marti, titlul de \u201eCet\u0103\u021bean de Onoare al Jude\u021bului Timi\u0219\u201d prof. univ. dr. Margit \u0218erban.<\/p>\n<p>Distinc\u021bia i-a fost \u00eenm\u00e2nat\u0103 fiului, Petre \u0218erban, deoarece Margit \u0218erban se afl\u0103 zilele acestea internat\u0103 \u00een spital cu unele probleme de s\u0103n\u0103tate.<\/p>\n<p><strong><span>CITE\u0218TE \u0218I:<\/span><a href=\"https:\/\/www.opiniatimisoarei.ro\/liceele-din-timisoara-in-care-se-schimba-programa-din-toamna-intra-intr-un-program-pilot-iar-elevii-vor-studia-materii-noi-inteligenta-artificiala-robotica-sau-educatie-financiara\/28\/07\/2026\">Liceele din Timi\u0219oara \u00een care se schimb\u0103 programa din toamn\u0103. Intr\u0103 \u00eentr-un program pilot, iar elevii vor studia materii noi, inteligen\u021b\u0103 artificial\u0103, robotic\u0103 sau educa\u021bie financiar\u0103<\/a><\/strong><\/p>\n<p>Margit \u0218erban s-a n\u0103scut \u00een 25 septembrie 1942 \u00een Ciumani, jude\u0163ul Harghita. Este absolvent\u0103 a Institutului de Medicin\u0103 \u0219i Farmacie Victor Babe\u015f din Timi\u015foara, \u00een anul 1966, ob\u0163in\u00e2nd titlul de doctor \u00een medicin\u0103, \u00een anul 1977, la aceea\u015fi universitate, cu teza Sindromul de coagulare intravascular\u0103 la copil, sub \u00eendrumarea prof. dr. Louis \u0162urcanu.<\/p>\n<p><img loading=\"lazy\" decoding=\"async\" class=\"aligncenter size-full wp-image-883236\" src=\"https:\/\/www.opiniatimisoarei.ro\/wp-content\/uploads\/2026\/07\/margit-serban-adevarul.jpg\" alt=\"\" width=\"1080\" height=\"555\"><\/p>\n<p>A efectuat stagii de preg\u0103tire postuniversitar\u0103 \u00een pediatrie \u015fi hematologie la clinici universitare din Bucure\u015fti, iar \u00een onco-hematologie, imunologie \u015fi transplant medular \u00een spitale din Europa (M\u00fcnchen, Essen, Viena, Miskolc) \u015fi Statele Unite ale Americii (Orlando, Louisville).<\/p>\n<p>Activitatea profesional\u0103: \u00eenceput\u0103 \u00een cadrul Spitalului Clinic de Urgen\u0163\u0103 pentru Copii Louis \u0162urcanu, parcurg\u00e2nd \u00eentreaga scar\u0103 ierarhic\u0103 de la medic rezident p\u00e2n\u0103 la cea de medic primar \u00een patru specialit\u0103\u0163i: pediatrie (1990), hematologie (1992), oncologie (1998) \u0219i imunologie clinic\u0103 (1994).<br \/>\nActivitatea didactic\u0103 a \u00eenceput-o \u00een 1968 ca asistent stagiar parcurg\u00e2nd scara valoric\u0103 p\u00e2n\u0103 la titlul de profesor universitar \u00een anul 1993 la Universitatea de Medicin\u0103 \u0219i Farmacie Victor Babe\u015f \u0219i \u015fef de clinic\u0103 la Spitalul Clinic de Urgen\u0163\u0103 pentru Copii Louis \u0162urcanu din Timi\u015foara, din anul 1994. Este conduc\u0103tor de doctorat din 1994, av\u00e2nd peste 15 medici cu doctoratul finalizat.<\/p>\n<h2><span><strong>Margit <span class=\"dia_suggestion w1\">\u0218erban<\/span> \u2013 coordonator <span class=\"dia_suggestion w3\">al<\/span> primului transplant de <span class=\"dia_suggestion w7\">m\u0103duv<\/span><\/strong><\/span><span><strong><span class=\"dia_suggestion w7\">\u0103 <\/span><\/strong><\/span><span><strong><span class=\"dia_suggestion w8\">din<\/span><span class=\"dia_suggestion w9\">Rom\u00e2nia<\/span><\/strong><\/span><\/h2>\n<p>Medicul a fost conduc\u0103torul echipei de transplant medular, ce a realizat \u00een premier\u0103 na\u0163ional\u0103 at\u00e2t transplantul medular autolog, \u00een 2001, c\u00e2t \u015fi pe cel alogenic, \u00een 2003.<\/p>\n<p>S-a implicat direct \u00een ridicarea,dotarea, darea \u00een func\u0163iune \u015fi coordonarea activit\u0103\u0163ii \u00een Centrul Clinic de Recuperare \u0219i Evaluare Cristian \u015eerban din Buzia\u015f, precum \u015fi \u00een ridicarea, dotarea \u015fi darea \u00een func\u0163iune a sec\u0163iei de Onco-hematologie pediatric\u0103 \u0219i a unui Centru familial aferent prin antrenarea unui ajutor interna\u0163ional din Austria, Germania \u015fi Italia.<\/p>\n<p>Este pre\u015fedinte fondator al Asocia\u0163iei Na\u0163ionale de Hemofilie \u015fi copre\u015fedinte al parteneriatului dintre Centrul de Hemofilie din M\u00fcnchen \u015fi cel din Timi\u015foara.<\/p>\n<p>Premii \u015fi distinc\u0163ii: 32, dintre care amintim: Ordinul Na\u0163ional Serviciul Credincios \u00een grad de Cavaler (2002); Premiile Academiei Rom\u00e2ne Daniel Danielopolu pentru tratatul de Hemostazeologie clinic\u0103 (2003) \u0219i Iuliu Ha\u0163ieganu pentru lucrarea Artropatiile hemofilice (2007); Premiul Cecil Popa al Societ\u0103\u0163ii Na\u0163ionale de Hematologie (2002); Premiul de excelen\u0163\u0103 Medic.Ro \u2013 Sec\u0163iunea pediatrie (2004) \u015fi hematologie (2006); premiul CNCSIS \u2013 Opera Omnia (2004); 4 premii poster Hamburg (1995-2007); Medalie a Landului de Bavaria (1995); Diplom\u0103 de onoare a Federa\u0163iei Interna\u0163ionale de Hemofilie (1996 \u015fi 2002); Diplom\u0103 de onoare a Societ\u0103\u0163ii Maghiare de Oncologie Pediatric\u0103 (2006); Diplom\u0103 de excelen\u0163\u0103 a Asocia\u0163iei Ziari\u015ftilor (2002); cet\u0103\u0163ean de onoare al ora\u015fului Buzia\u015f (1999); cet\u0103\u0163ean de onoare al ora\u015fului Timi\u015foara (2003).<\/p>\n<p>***<\/p>\n<p><strong><span class=\"dia_suggestion w0\">Mai<\/span><span class=\"dia_suggestion w1\">multe<\/span><span class=\"dia_suggestion w2\">g\u0103si\u021bi<\/span> pe <span class=\"dia_suggestion w4\">pagina noastr<span class=\"dia_suggestion w0\">\u0103<\/span><\/span>\u00a0de <a href=\"https:\/\/www.facebook.com\/OpiniaTM\/?ref=page_internal\" target=\"_blank\" rel=\"noopener\">Facebook opiniatimisoarei.ro<\/a>!<\/strong><\/p>\n<p><strong><span class=\"dia_suggestion w0\">Dac\u0103<\/span><span class=\"dia_suggestion w1\">a\u021bi<\/span> fost martorii unui eveniment <span class=\"dia_suggestion w6\">sau<\/span><span class=\"dia_suggestion w7\">ai<\/span> unei <span class=\"dia_suggestion w9\">situa\u021bii<\/span><span class=\"dia_suggestion w10\">neobi\u0219nuite<\/span><span class=\"dia_suggestion w11\">care<\/span> ar <span class=\"dia_suggestion w13\">putea<\/span> deveni subiect de <span class=\"dia_suggestion w17\">\u0219tire<\/span>, <span class=\"dia_suggestion w18\">contacta\u021bi<\/span>-ne <span class=\"dia_suggestion w20\">la<\/span><span><a href=\"https:\/\/www.opiniatimisoarei.ro\/cdn-cgi\/l\/email-protection\" class=\"__cf_email__\" data-cfemail=\"93e1f6f7f2f0e7faf6d3fce3fafdfaf2e7fafefae0fcf2e1f6fabde1fc\">[email\u00a0protected]<\/a>,<\/span>\u00a0 pe <a href=\"https:\/\/www.facebook.com\/OpiniaTM\">FB<\/a><span>sau pe contul nostru de<\/span><a href=\"https:\/\/www.instagram.com\/opiniatimisoarei.ro\/\" target=\"_blank\" rel=\"noopener\">Instagram<\/a>!<\/strong><\/p>\n<p><strong><span>CITE\u0218TE \u0218I<\/span>: <a href=\"https:\/\/www.opiniatimisoarei.ro\/afli-primul-tot-ceea-ce-se-intampla-cu-adevarat-important-in-timisoara-si-in-regiune-cu-aplicatia-de-stiri-opinia-timisoarei-3-tipuri-de-alerte-te-tin-mereu-conectat-la-evenimente-descarca-gratuit-a\/31\/10\/2022\">Afli primul tot ceea ce se intampla cu adevarat important in Timisoara si in regiune cu Aplicatia de stiri Opinia Timisoarei. 3 tipuri de alerte te tin mereu conectat la evenimente. Descarca gratuit Aplicatia OT aici!<\/a><\/strong><\/p>\n<\/div>\n<p>[analyse_source url=&#8221;https:\/\/www.opiniatimisoarei.ro\/medicul-margit-serban-cetatean-de-onoare-al-judetului-timis-a-coordonat-primul-transplant-de-maduva-din-romania\/28\/07\/2026&#8243;]<\/p>\n","protected":false},"excerpt":{"rendered":"<p>[analyse_image type=&#8221;featured&#8221; src=&#8221;https:\/\/www.opiniatimisoarei.ro\/wp-content\/uploads\/2026\/07\/cetatean-de-onoare-Timis-Petre-Serban1-1-728&#215;336.jpghttps:\/\/www.opiniatimisoarei.ro\/wp-content\/uploads\/2026\/07\/cetatean-de-onoare-Timis-Petre-Serban1-1.jpg&#8221;] TIMI\u0218OARA. Moment emo\u021bionant de\u00a0 Ziua Jude\u021bului Timi\u0219, la 107 ani de la instaurarea administra\u021bieirom\u00e2ne\u0219ti. Consiliul Jude\u021bean Timi\u0219 i-a conferit, marti, titlul de \u201eCet\u0103\u021bean de Onoare al Jude\u021bului Timi\u0219\u201d prof. univ. dr. Margit \u0218erban. Distinc\u021bia i-a fost \u00eenm\u00e2nat\u0103 fiului, Petre \u0218erban, deoarece Margit \u0218erban se afl\u0103 zilele acestea internat\u0103 \u00een spital cu unele [&hellip;]<\/p>\n","protected":false},"author":1,"featured_media":0,"comment_status":"open","ping_status":"","sticky":false,"template":"","format":"standard","meta":{"footnotes":""},"categories":[89],"tags":[226,190],"class_list":["post-2066442","post","type-post","status-publish","format-standard","hentry","category-romania","tag-crawlmanager","tag-opiniatimisoarei-ro"],"_links":{"self":[{"href":"https:\/\/analyse.optim.biz\/index.php?rest_route=\/wp\/v2\/posts\/2066442","targetHints":{"allow":["GET"]}}],"collection":[{"href":"https:\/\/analyse.optim.biz\/index.php?rest_route=\/wp\/v2\/posts"}],"about":[{"href":"https:\/\/analyse.optim.biz\/index.php?rest_route=\/wp\/v2\/types\/post"}],"author":[{"embeddable":true,"href":"https:\/\/analyse.optim.biz\/index.php?rest_route=\/wp\/v2\/users\/1"}],"replies":[{"embeddable":true,"href":"https:\/\/analyse.optim.biz\/index.php?rest_route=%2Fwp%2Fv2%2Fcomments&post=2066442"}],"version-history":[{"count":0,"href":"https:\/\/analyse.optim.biz\/index.php?rest_route=\/wp\/v2\/posts\/2066442\/revisions"}],"wp:attachment":[{"href":"https:\/\/analyse.optim.biz\/index.php?rest_route=%2Fwp%2Fv2%2Fmedia&parent=2066442"}],"wp:term":[{"taxonomy":"category","embeddable":true,"href":"https:\/\/analyse.optim.biz\/index.php?rest_route=%2Fwp%2Fv2%2Fcategories&post=2066442"},{"taxonomy":"post_tag","embeddable":true,"href":"https:\/\/analyse.optim.biz\/index.php?rest_route=%2Fwp%2Fv2%2Ftags&post=2066442"}],"curies":[{"name":"wp","href":"https:\/\/api.w.org\/{rel}","templated":true}]}}