{"id":2066439,"date":"2026-07-27T14:52:06","date_gmt":"2026-07-27T11:52:06","guid":{"rendered":"https:\/\/analyse.optim.biz\/?p=2066439"},"modified":"2026-07-27T14:52:06","modified_gmt":"2026-07-27T11:52:06","slug":"sute-de-amenzi-pentru-biciclisti-si-trotinetisti-la-timisoara-controale-pe-banda-rulanta","status":"publish","type":"post","link":"https:\/\/analyse.optim.biz\/?p=2066439","title":{"rendered":"Sute de amenzi pentru biciclisti \u0219i trotineti\u0219ti la Timi\u0219oara. Controale pe band\u0103 rulant\u0103"},"content":{"rendered":"<p>[analyse_image type=&#8221;featured&#8221; src=&#8221;https:\/\/www.opiniatimisoarei.ro\/wp-content\/uploads\/2024\/05\/biciclisti-politie-6-728&#215;336.jpghttps:\/\/www.opiniatimisoarei.ro\/wp-content\/uploads\/2024\/05\/biciclisti-politie-6.jpg&#8221;]<\/p>\n<div class=\"the_content\">\n<p><strong>TIMISOARA.<\/strong> Controale f\u0103cute de poli\u021bi\u0219ti \u00een fiecare zi a s\u0103pt\u0103m\u00e2nii trecute la Timi\u0219oara i-au vizat pe bicicli\u0219ti, trotineti\u0219ti, dar \u0219i pe pietoni.<\/p>\n<p><strong><span>CITE\u0218TE \u0218I:<\/span><a href=\"https:\/\/www.opiniatimisoarei.ro\/accident-intre-un-bmw-si-un-tramvai-la-timisoara-circulatia-mijloacelor-stpt-data-peste-cap-foto\/27\/07\/2026\">Accident \u00eentre un BMW \u0219i un tramvai la Timi\u0219oara. Circula\u021bia mijloacelor STPT dat\u0103 peste cap. FOTO<\/a><\/strong><\/p>\n<p>Oamenii legii au vrut s\u0103 vad\u0103 dac\u0103 ace\u0219tia respect\u0103 regulile de circula\u021bie, dac\u0103 sunt echipa\u021bi corespunz\u0103tor sau, \u00een cazul pietonilor, dac\u0103 traverseaz\u0103 regulamentar strada.<\/p>\n<p>Agen\u021bii au aplicat peste 300 de amenzi, majoritatea sanc\u021biunilor fiind date bicicli\u0219tilor.<\/p>\n<p>\u201e<strong>Activit\u0103\u021bile au vizat identificarea \u0219i sanc\u021bionarea persoanelor care nu respect\u0103 normele privind circula\u021bia pe drumurile publice, \u00een vederea reducerii riscului rutier \u0219i protej\u0103rii participan\u021bilor vulnerabili la trafic.<\/strong><\/p>\n<p><strong>\u00cen urma controalelor efectuate, poli\u021bi\u0219tii au aplicat 320 de sanc\u021biuni contraven\u021bionale, \u00een valoare total\u0103 de 65.523,75 lei, dintre care 261 de sanc\u021biuni au fost aplicate bicicli\u0219tilor, 16 sanc\u021biuni au fost aplicate utilizatorilor de trotinete electrice \u0219i 43 de sanc\u021biuni au fost aplicate pietonilor<\/strong>\u201e, au transmis reprezentan\u021bii IPJ Timi\u0219.<\/p>\n<p><strong>Foto:<\/strong> Arhiv\u0103<\/p>\n<p>***<\/p>\n<p><strong><span class=\"dia_suggestion w0\">Mai<\/span>\u00a0<span class=\"dia_suggestion w1\">multe<\/span>\u00a0<span class=\"dia_suggestion w2\">g\u0103si\u021bi<\/span>\u00a0pe\u00a0<span class=\"dia_suggestion w4\">pagina noastr<span class=\"dia_suggestion w0\">\u0103<\/span><\/span>\u00a0de\u00a0<a href=\"https:\/\/www.facebook.com\/OpiniaTM\/?ref=page_internal\" target=\"_blank\" rel=\"noopener\">Facebook opiniatimisoarei.ro<\/a>!<\/strong><\/p>\n<p><strong><span class=\"dia_suggestion w0\">Dac\u0103<\/span>\u00a0<span class=\"dia_suggestion w1\">a\u021bi<\/span>\u00a0fost martorii unui eveniment\u00a0<span class=\"dia_suggestion w6\">sau<\/span>\u00a0<span class=\"dia_suggestion w7\">ai<\/span>\u00a0unei\u00a0<span class=\"dia_suggestion w9\">situa\u021bii<\/span>\u00a0<span class=\"dia_suggestion w10\">neobi\u0219nuite<\/span>\u00a0<span class=\"dia_suggestion w11\">care<\/span>\u00a0ar\u00a0<span class=\"dia_suggestion w13\">putea<\/span>\u00a0deveni subiect de\u00a0<span class=\"dia_suggestion w17\">\u0219tire<\/span>,\u00a0<span class=\"dia_suggestion w18\">contacta\u021bi<\/span>-ne\u00a0<span class=\"dia_suggestion w20\">la<\/span>\u00a0<a href=\"https:\/\/www.opiniatimisoarei.ro\/cdn-cgi\/l\/email-protection\" class=\"__cf_email__\" data-cfemail=\"067463626765726f634669766f686f67726f6b6f75696774636f287469\">[email\u00a0protected]<\/a>,\u00a0 pe\u00a0<a href=\"https:\/\/www.facebook.com\/OpiniaTM\">FB<\/a>\u00a0sau pe contul nostru de\u00a0<a href=\"https:\/\/www.instagram.com\/opiniatimisoarei.ro\/\" target=\"_blank\" rel=\"noopener\">Instagram<\/a>!<\/strong><\/p>\n<p><strong><span>CITE\u0218TE \u0218I:<\/span>\u00a0<a href=\"https:\/\/www.opiniatimisoarei.ro\/afli-primul-tot-ceea-ce-se-intampla-cu-adevarat-important-in-timisoara-si-in-regiune-cu-aplicatia-de-stiri-opinia-timisoarei-3-tipuri-de-alerte-te-tin-mereu-conectat-la-evenimente-descarca-gratuit-a\/31\/10\/2022\">Afli primul tot ceea ce se intampla cu adevarat important in Timisoara si in regiune cu Aplicatia de stiri Opinia Timisoarei. 3 tipuri de alerte te tin mereu conectat la evenimente. Descarca gratuit Aplicatia OT aici!<\/a><\/strong><\/p>\n<\/div>\n<p>[analyse_source url=&#8221;https:\/\/www.opiniatimisoarei.ro\/sute-de-amenzi-pentru-biciclisti-si-trotinetisti-la-timisoara-controale-pe-banda-rulanta\/27\/07\/2026&#8243;]<\/p>\n","protected":false},"excerpt":{"rendered":"<p>[analyse_image type=&#8221;featured&#8221; src=&#8221;https:\/\/www.opiniatimisoarei.ro\/wp-content\/uploads\/2024\/05\/biciclisti-politie-6-728&#215;336.jpghttps:\/\/www.opiniatimisoarei.ro\/wp-content\/uploads\/2024\/05\/biciclisti-politie-6.jpg&#8221;] TIMISOARA. Controale f\u0103cute de poli\u021bi\u0219ti \u00een fiecare zi a s\u0103pt\u0103m\u00e2nii trecute la Timi\u0219oara i-au vizat pe bicicli\u0219ti, trotineti\u0219ti, dar \u0219i pe pietoni. CITE\u0218TE \u0218I:Accident \u00eentre un BMW \u0219i un tramvai la Timi\u0219oara. Circula\u021bia mijloacelor STPT dat\u0103 peste cap. FOTO Oamenii legii au vrut s\u0103 vad\u0103 dac\u0103 ace\u0219tia respect\u0103 regulile de circula\u021bie, dac\u0103 [&hellip;]<\/p>\n","protected":false},"author":1,"featured_media":0,"comment_status":"open","ping_status":"","sticky":false,"template":"","format":"standard","meta":{"footnotes":""},"categories":[89],"tags":[226,190],"class_list":["post-2066439","post","type-post","status-publish","format-standard","hentry","category-romania","tag-crawlmanager","tag-opiniatimisoarei-ro"],"_links":{"self":[{"href":"https:\/\/analyse.optim.biz\/index.php?rest_route=\/wp\/v2\/posts\/2066439","targetHints":{"allow":["GET"]}}],"collection":[{"href":"https:\/\/analyse.optim.biz\/index.php?rest_route=\/wp\/v2\/posts"}],"about":[{"href":"https:\/\/analyse.optim.biz\/index.php?rest_route=\/wp\/v2\/types\/post"}],"author":[{"embeddable":true,"href":"https:\/\/analyse.optim.biz\/index.php?rest_route=\/wp\/v2\/users\/1"}],"replies":[{"embeddable":true,"href":"https:\/\/analyse.optim.biz\/index.php?rest_route=%2Fwp%2Fv2%2Fcomments&post=2066439"}],"version-history":[{"count":0,"href":"https:\/\/analyse.optim.biz\/index.php?rest_route=\/wp\/v2\/posts\/2066439\/revisions"}],"wp:attachment":[{"href":"https:\/\/analyse.optim.biz\/index.php?rest_route=%2Fwp%2Fv2%2Fmedia&parent=2066439"}],"wp:term":[{"taxonomy":"category","embeddable":true,"href":"https:\/\/analyse.optim.biz\/index.php?rest_route=%2Fwp%2Fv2%2Fcategories&post=2066439"},{"taxonomy":"post_tag","embeddable":true,"href":"https:\/\/analyse.optim.biz\/index.php?rest_route=%2Fwp%2Fv2%2Ftags&post=2066439"}],"curies":[{"name":"wp","href":"https:\/\/api.w.org\/{rel}","templated":true}]}}