{"id":2066433,"date":"2026-07-27T09:41:58","date_gmt":"2026-07-27T06:41:58","guid":{"rendered":"https:\/\/analyse.optim.biz\/?p=2066433"},"modified":"2026-07-27T09:41:58","modified_gmt":"2026-07-27T06:41:58","slug":"unul-dintre-cei-mai-cunoscuti-primari-din-arad-fost-presedinte-de-consiliu-judetean-cercetat-de-procurorii-parchetului-european-timisoara-e-acuzat-de-frauda-cu-bani-europeni","status":"publish","type":"post","link":"https:\/\/analyse.optim.biz\/?p=2066433","title":{"rendered":"Unul dintre cei mai cunoscu\u021bi primari din Arad, fost pre\u0219edinte de Consiliu Jude\u021bean, cercetat de procurorii Parchetului European Timi\u0219oara. E acuzat de fraud\u0103 cu bani europeni"},"content":{"rendered":"<p>[analyse_image type=&#8221;featured&#8221; src=&#8221;https:\/\/www.opiniatimisoarei.ro\/wp-content\/uploads\/2026\/07\/Florin-Tolea-primar-livada-728&#215;336.jpghttps:\/\/www.opiniatimisoarei.ro\/wp-content\/uploads\/2026\/07\/Florin-Tolea-primar-livada.jpg&#8221;]<\/p>\n<div class=\"the_content\">\n<p><strong>TIMI\u0218OARA<\/strong>. Anchet\u0103 a procurorilor Parchetului European Timi\u0219oara \u00eentr-un dosar de fraud\u0103 cu fonduri europene \u00een Arad.<\/p>\n<p><strong><span>CITE\u0218TE \u0218I:<\/span><a href=\"https:\/\/www.opiniatimisoarei.ro\/bataie-pe-documentatie-12-oferte-la-licitatie-podul-verde-care-va-lega-dn6-de-autostrada-in-ungaria-intr-o-noua-etapa\/27\/07\/2026\">\u2018B\u0103taie\u2019 pe documenta\u021bie, 12 oferte la licita\u021bie. Podul \u2018verde\u2019 care va lega DN6 de autostrad\u0103, \u00een Ungaria, \u00eentr-o nou\u0103 etap\u0103<\/a><\/strong><\/p>\n<p>Primarul comunei Livada Florin \u021aolea este cercetat de procurorii EPPO, coordona\u021bi de Laura Codru\u021ba Kovesi.<\/p>\n<p>Florin \u021aolea sus\u021bine c\u0103 dosarul intrumentat de procurorii parchetului condus de Laura Codru\u021ba Kovesi are leg\u0103tur\u0103 cu perioada \u00een care so\u021bia lui de\u021binea o firm\u0103 \u00een jude\u021bul Arad. Aceasta ar fi accesat fonduri europene pentru achizi\u021bia unor jocuri de societate.<br \/>\nSuma ar fi fost de aproximativ 30.000 de euro.<\/p>\n<p>Procurorii europeni verific\u0103 dac\u0103 \u00eentr-adev\u0103r a fost f\u0103cut\u0103 achizi\u021bia \u0219i s-au respectat toate condi\u021biile prev\u0103zute de proiectul finan\u021bat cu bani europeni.<\/p>\n<p>Luni, primarul ar\u0103dean \u0219i so\u021bia au ajuns \u00een fa\u021ba anchetatorilor.<br \/>\nEdilului i-a fost comunicat\u0103 calitatea de suspect \u00een dosarul de fraud\u0103 cu fonduri europene.<\/p>\n<p>\u021aolea sus\u021bine c\u0103 este nevinovat \u0219i c\u0103, de fapt, totul este o r\u0103zbunare a fiului vitreg, care cel mai probabil a f\u0103cut pl\u00e2ngerea la EPPO.<\/p>\n<iframe loading=\"lazy\" title=\"Un primar din Arad, fost pre\u0219edinte de Consiliu Jude\u021bean, cercetat de procurorii EPPO Timi\u0219oara\" width=\"728\" height=\"410\" src=\"https:\/\/www.youtube.com\/embed\/jcHs6jwbgmE?feature=oembed&amp;wmode=opaque&amp;rel=0\" frameborder allow=\"accelerometer; autoplay; clipboard-write; encrypted-media; gyroscope; picture-in-picture; web-share\" referrerpolicy=\"strict-origin-when-cross-origin\" allowfullscreen><\/iframe>\n<p><strong>VIDEO: Darius Rogojinaru<\/strong><\/p>\n<p>Primarul ar\u0103dean a mai spus c\u0103 nu a dat niciun fel de declara\u021bii \u00een fa\u021ba procurorilor europeni, preval\u00e2ndu-se de dreptul la t\u0103cere.<\/p>\n<p>Florin \u021aolea este primarul comunei Livada din 2024, iar \u00een trecut a fost vicepre\u0219edinte al Consiliului Jude\u021bean Arad, \u00een perioada 2008 \u2013 2015 \u0219i pre\u0219edinte interimar la CJ Arad \u00eentre 2015 \u2013 2016.<\/p>\n<p>***<\/p>\n<p><strong><span class=\"dia_suggestion w0\">Mai<\/span><span class=\"dia_suggestion w1\">multe<\/span><span class=\"dia_suggestion w2\">g\u0103si\u021bi<\/span> pe <span class=\"dia_suggestion w4\">pagina noastr<span class=\"dia_suggestion w0\">\u0103<\/span><\/span>\u00a0de <a href=\"https:\/\/www.facebook.com\/OpiniaTM\/?ref=page_internal\" target=\"_blank\" rel=\"noopener\">Facebook opiniatimisoarei.ro<\/a>!<\/strong><\/p>\n<p><strong><span class=\"dia_suggestion w0\">Dac\u0103<\/span><span class=\"dia_suggestion w1\">a\u021bi<\/span> fost martorii unui eveniment <span class=\"dia_suggestion w6\">sau<\/span><span class=\"dia_suggestion w7\">ai<\/span> unei <span class=\"dia_suggestion w9\">situa\u021bii<\/span><span class=\"dia_suggestion w10\">neobi\u0219nuite<\/span><span class=\"dia_suggestion w11\">care<\/span> ar <span class=\"dia_suggestion w13\">putea<\/span> deveni subiect de <span class=\"dia_suggestion w17\">\u0219tire<\/span>, <span class=\"dia_suggestion w18\">contacta\u021bi<\/span>-ne <span class=\"dia_suggestion w20\">la<\/span><span><a href=\"https:\/\/www.opiniatimisoarei.ro\/cdn-cgi\/l\/email-protection\" class=\"__cf_email__\" data-cfemail=\"fa889f9e9b998e939fba958a9394939b8e93979389959b889f93d48895\">[email\u00a0protected]<\/a>,<\/span>\u00a0 pe <a href=\"https:\/\/www.facebook.com\/OpiniaTM\">FB<\/a><span>sau pe contul nostru de<\/span><a href=\"https:\/\/www.instagram.com\/opiniatimisoarei.ro\/\" target=\"_blank\" rel=\"noopener\">Instagram<\/a>!<\/strong><\/p>\n<p><strong><span>CITE\u0218TE \u0218I<\/span>: <a href=\"https:\/\/www.opiniatimisoarei.ro\/afli-primul-tot-ceea-ce-se-intampla-cu-adevarat-important-in-timisoara-si-in-regiune-cu-aplicatia-de-stiri-opinia-timisoarei-3-tipuri-de-alerte-te-tin-mereu-conectat-la-evenimente-descarca-gratuit-a\/31\/10\/2022\">Afli primul tot ceea ce se intampla cu adevarat important in Timisoara si in regiune cu Aplicatia de stiri Opinia Timisoarei. 3 tipuri de alerte te tin mereu conectat la evenimente. Descarca gratuit Aplicatia OT aici!<\/a><\/strong><\/p>\n<\/div>\n<p>[analyse_source url=&#8221;https:\/\/www.opiniatimisoarei.ro\/unul-dintre-cei-mai-cunoscuti-primari-din-arad-fost-presedinte-de-consiliu-judetean-cercetat-de-procurorii-parchetului-european-timisoara-e-acuzat-de-frauda-cu-bani-europeni\/27\/07\/2026&#8243;]<\/p>\n","protected":false},"excerpt":{"rendered":"<p>[analyse_image type=&#8221;featured&#8221; src=&#8221;https:\/\/www.opiniatimisoarei.ro\/wp-content\/uploads\/2026\/07\/Florin-Tolea-primar-livada-728&#215;336.jpghttps:\/\/www.opiniatimisoarei.ro\/wp-content\/uploads\/2026\/07\/Florin-Tolea-primar-livada.jpg&#8221;] TIMI\u0218OARA. Anchet\u0103 a procurorilor Parchetului European Timi\u0219oara \u00eentr-un dosar de fraud\u0103 cu fonduri europene \u00een Arad. CITE\u0218TE \u0218I:\u2018B\u0103taie\u2019 pe documenta\u021bie, 12 oferte la licita\u021bie. Podul \u2018verde\u2019 care va lega DN6 de autostrad\u0103, \u00een Ungaria, \u00eentr-o nou\u0103 etap\u0103 Primarul comunei Livada Florin \u021aolea este cercetat de procurorii EPPO, coordona\u021bi de Laura Codru\u021ba Kovesi. [&hellip;]<\/p>\n","protected":false},"author":1,"featured_media":0,"comment_status":"open","ping_status":"","sticky":false,"template":"","format":"standard","meta":{"footnotes":""},"categories":[89],"tags":[226,190],"class_list":["post-2066433","post","type-post","status-publish","format-standard","hentry","category-romania","tag-crawlmanager","tag-opiniatimisoarei-ro"],"_links":{"self":[{"href":"https:\/\/analyse.optim.biz\/index.php?rest_route=\/wp\/v2\/posts\/2066433","targetHints":{"allow":["GET"]}}],"collection":[{"href":"https:\/\/analyse.optim.biz\/index.php?rest_route=\/wp\/v2\/posts"}],"about":[{"href":"https:\/\/analyse.optim.biz\/index.php?rest_route=\/wp\/v2\/types\/post"}],"author":[{"embeddable":true,"href":"https:\/\/analyse.optim.biz\/index.php?rest_route=\/wp\/v2\/users\/1"}],"replies":[{"embeddable":true,"href":"https:\/\/analyse.optim.biz\/index.php?rest_route=%2Fwp%2Fv2%2Fcomments&post=2066433"}],"version-history":[{"count":0,"href":"https:\/\/analyse.optim.biz\/index.php?rest_route=\/wp\/v2\/posts\/2066433\/revisions"}],"wp:attachment":[{"href":"https:\/\/analyse.optim.biz\/index.php?rest_route=%2Fwp%2Fv2%2Fmedia&parent=2066433"}],"wp:term":[{"taxonomy":"category","embeddable":true,"href":"https:\/\/analyse.optim.biz\/index.php?rest_route=%2Fwp%2Fv2%2Fcategories&post=2066433"},{"taxonomy":"post_tag","embeddable":true,"href":"https:\/\/analyse.optim.biz\/index.php?rest_route=%2Fwp%2Fv2%2Ftags&post=2066433"}],"curies":[{"name":"wp","href":"https:\/\/api.w.org\/{rel}","templated":true}]}}