{"id":2066432,"date":"2026-07-27T18:55:02","date_gmt":"2026-07-27T15:55:02","guid":{"rendered":"https:\/\/analyse.optim.biz\/?p=2066432"},"modified":"2026-07-27T18:55:02","modified_gmt":"2026-07-27T15:55:02","slug":"doua-echipe-din-timis-intra-in-competitie-in-primul-tur-din-cupa-romaniei","status":"publish","type":"post","link":"https:\/\/analyse.optim.biz\/?p=2066432","title":{"rendered":"Dou\u0103 echipe din Timi\u0219 intr\u0103 \u00een competi\u021bie \u00een primul tur din Cupa Rom\u00e2niei"},"content":{"rendered":"<p>[analyse_image type=&#8221;featured&#8221; src=&#8221;https:\/\/www.opiniatimisoarei.ro\/wp-content\/uploads\/2025\/11\/Ghiroda-Sag-728&#215;336.jpghttps:\/\/www.opiniatimisoarei.ro\/wp-content\/uploads\/2025\/11\/Ghiroda-Sag.jpg&#8221;]<\/p>\n<div class=\"the_content\">\n<p><strong>TIMIS.<\/strong> Cum c\u00e2\u0219tig\u0103toarea Cupei Rom\u00e2niei la nivelul jude\u021bului a fost eliminat\u0103 \u00een faza regional\u0103, Timi\u0219ul va fi reprezentat \u00een primul tur al fazei na\u021bionale a \u00eentrecerii de dou\u0103 forma\u021bii.<\/p>\n<p><strong><span>CITE\u0218TE \u0218I:<\/span><a href=\"https:\/\/www.opiniatimisoarei.ro\/cea-mai-indrazneata-vulpe-din-timisoara-s-a-plimbat-prin-piata-operei-video-2\/27\/07\/2026\">Cea mai \u00eendr\u0103znea\u021b\u0103 vulpe din Timi\u0219oara. S-a plimbat prin Pia\u021ba Operei. VIDEO<\/a><\/strong><\/p>\n<p>Timi\u0219ul \u0218ag va primi vizita unei echipe ce \u00een stagiunea trecut\u0103 i-a fost rival\u0103 \u0219i \u00een play-out-ul din Liga 3, Progresul Pecica. Gruparea ar\u0103dean\u0103 a terminat pe locul 3 \u00een faza a doua a campionatului. Progresul a c\u00e2\u0219tigat ambele meciuri \u00eempotriva \u0218agului \u00een sezonul regular, cu 3-0 \u00een Timi\u0219, \u0219i 5-0 pe teren propriu. \u00cen play-out, timi\u0219enii s-au impus cu 2-0, la Pecica.<\/p>\n<p>Al doilea meci \u00een care este implicat\u0103 o reprezentant\u0103 a Timi\u0219ului se va disputa la Caransebe\u0219. C\u00e2\u0219tig\u0103toarea Cupei din jude\u021bul vecin va primi vizita divizionarei ter\u021be CSC Ghiroda \u0219i Giarmata Vii.<br \/>\nEchipa din Ghiroda vine dup\u0103 un e\u0219ec \u00een amicalul cu CSC Dumbr\u0103vi\u021ba de la finalu\u0219l s\u0103pt\u0103m\u00e2nii trecute, 3-0.<\/p>\n<p>Cele dou\u0103 meciuri sunt programate miercuri, de la ora 17:30.<\/p>\n<p>***<\/p>\n<p><strong><span class=\"dia_suggestion w0\">Mai<\/span>\u00a0<span class=\"dia_suggestion w1\">multe<\/span>\u00a0<span class=\"dia_suggestion w2\">g\u0103si\u021bi<\/span>\u00a0pe\u00a0<span class=\"dia_suggestion w4\">pagina noastr<span class=\"dia_suggestion w0\">\u0103<\/span><\/span>\u00a0de\u00a0<a href=\"https:\/\/www.facebook.com\/OpiniaTM\/?ref=page_internal\" target=\"_blank\" rel=\"noopener\">Facebook opiniatimisoarei.ro<\/a>!<\/strong><\/p>\n<p><strong><span class=\"dia_suggestion w0\">Dac\u0103<\/span>\u00a0<span class=\"dia_suggestion w1\">a\u021bi<\/span>\u00a0fost martorii unui eveniment\u00a0<span class=\"dia_suggestion w6\">sau<\/span>\u00a0<span class=\"dia_suggestion w7\">ai<\/span>\u00a0unei\u00a0<span class=\"dia_suggestion w9\">situa\u021bii<\/span>\u00a0<span class=\"dia_suggestion w10\">neobi\u0219nuite<\/span>\u00a0<span class=\"dia_suggestion w11\">care<\/span>\u00a0ar\u00a0<span class=\"dia_suggestion w13\">putea<\/span>\u00a0deveni subiect de\u00a0<span class=\"dia_suggestion w17\">\u0219tire<\/span>,\u00a0<span class=\"dia_suggestion w18\">contacta\u021bi<\/span>-ne\u00a0<span class=\"dia_suggestion w20\">la<\/span>\u00a0<a href=\"https:\/\/www.opiniatimisoarei.ro\/cdn-cgi\/l\/email-protection\" class=\"__cf_email__\" data-cfemail=\"c2b0a7a6a3a1b6aba782adb2abacaba3b6abafabb1ada3b0a7abecb0ad\">[email\u00a0protected]<\/a>,\u00a0 pe\u00a0<a href=\"https:\/\/www.facebook.com\/OpiniaTM\">FB<\/a>\u00a0sau pe contul nostru de\u00a0<a href=\"https:\/\/www.instagram.com\/opiniatimisoarei.ro\/\" target=\"_blank\" rel=\"noopener\">Instagram<\/a>!<\/strong><\/p>\n<p><strong><span>CITE\u0218TE \u0218I:<\/span>\u00a0<a href=\"https:\/\/www.opiniatimisoarei.ro\/afli-primul-tot-ceea-ce-se-intampla-cu-adevarat-important-in-timisoara-si-in-regiune-cu-aplicatia-de-stiri-opinia-timisoarei-3-tipuri-de-alerte-te-tin-mereu-conectat-la-evenimente-descarca-gratuit-a\/31\/10\/2022\">Afli primul tot ceea ce se intampla cu adevarat important in Timisoara si in regiune cu Aplicatia de stiri Opinia Timisoarei. 3 tipuri de alerte te tin mereu conectat la evenimente. Descarca gratuit Aplicatia OT aici!<\/a><\/strong><\/p>\n<\/div>\n<p>[analyse_source url=&#8221;https:\/\/www.opiniatimisoarei.ro\/doua-echipe-din-timis-intra-in-competitie-in-primul-tur-din-cupa-romaniei\/27\/07\/2026&#8243;]<\/p>\n","protected":false},"excerpt":{"rendered":"<p>[analyse_image type=&#8221;featured&#8221; src=&#8221;https:\/\/www.opiniatimisoarei.ro\/wp-content\/uploads\/2025\/11\/Ghiroda-Sag-728&#215;336.jpghttps:\/\/www.opiniatimisoarei.ro\/wp-content\/uploads\/2025\/11\/Ghiroda-Sag.jpg&#8221;] TIMIS. Cum c\u00e2\u0219tig\u0103toarea Cupei Rom\u00e2niei la nivelul jude\u021bului a fost eliminat\u0103 \u00een faza regional\u0103, Timi\u0219ul va fi reprezentat \u00een primul tur al fazei na\u021bionale a \u00eentrecerii de dou\u0103 forma\u021bii. CITE\u0218TE \u0218I:Cea mai \u00eendr\u0103znea\u021b\u0103 vulpe din Timi\u0219oara. S-a plimbat prin Pia\u021ba Operei. VIDEO Timi\u0219ul \u0218ag va primi vizita unei echipe ce \u00een stagiunea [&hellip;]<\/p>\n","protected":false},"author":1,"featured_media":0,"comment_status":"open","ping_status":"","sticky":false,"template":"","format":"standard","meta":{"footnotes":""},"categories":[89],"tags":[226,190],"class_list":["post-2066432","post","type-post","status-publish","format-standard","hentry","category-romania","tag-crawlmanager","tag-opiniatimisoarei-ro"],"_links":{"self":[{"href":"https:\/\/analyse.optim.biz\/index.php?rest_route=\/wp\/v2\/posts\/2066432","targetHints":{"allow":["GET"]}}],"collection":[{"href":"https:\/\/analyse.optim.biz\/index.php?rest_route=\/wp\/v2\/posts"}],"about":[{"href":"https:\/\/analyse.optim.biz\/index.php?rest_route=\/wp\/v2\/types\/post"}],"author":[{"embeddable":true,"href":"https:\/\/analyse.optim.biz\/index.php?rest_route=\/wp\/v2\/users\/1"}],"replies":[{"embeddable":true,"href":"https:\/\/analyse.optim.biz\/index.php?rest_route=%2Fwp%2Fv2%2Fcomments&post=2066432"}],"version-history":[{"count":0,"href":"https:\/\/analyse.optim.biz\/index.php?rest_route=\/wp\/v2\/posts\/2066432\/revisions"}],"wp:attachment":[{"href":"https:\/\/analyse.optim.biz\/index.php?rest_route=%2Fwp%2Fv2%2Fmedia&parent=2066432"}],"wp:term":[{"taxonomy":"category","embeddable":true,"href":"https:\/\/analyse.optim.biz\/index.php?rest_route=%2Fwp%2Fv2%2Fcategories&post=2066432"},{"taxonomy":"post_tag","embeddable":true,"href":"https:\/\/analyse.optim.biz\/index.php?rest_route=%2Fwp%2Fv2%2Ftags&post=2066432"}],"curies":[{"name":"wp","href":"https:\/\/api.w.org\/{rel}","templated":true}]}}