{"id":2066431,"date":"2026-07-27T13:15:14","date_gmt":"2026-07-27T10:15:14","guid":{"rendered":"https:\/\/analyse.optim.biz\/?p=2066431"},"modified":"2026-07-27T13:15:14","modified_gmt":"2026-07-27T10:15:14","slug":"retim-recomanda-respectarea-regulilor-de-reciclare-la-timisoara-si-in-judet-romania-e-la-coada-clasamentului-la-acest-capitol-in-uniunea-europeana","status":"publish","type":"post","link":"https:\/\/analyse.optim.biz\/?p=2066431","title":{"rendered":"RETIM recomand\u0103 respectarea regulilor de reciclare la Timi\u0219oara \u0219i \u00een jude\u021b. Rom\u00e2nia e la coada clasamentului la acest capitol \u00een Uniunea European\u0103"},"content":{"rendered":"<p>[analyse_image type=&#8221;featured&#8221; src=&#8221;https:\/\/www.opiniatimisoarei.ro\/wp-content\/uploads\/2023\/10\/retim-eticheta-rosie-8-728&#215;336.jpghttps:\/\/www.opiniatimisoarei.ro\/wp-content\/uploads\/2023\/10\/retim-eticheta-rosie-8.jpg&#8221;]<\/p>\n<div class=\"the_content\">\n<p><strong>TIMISOARA.<\/strong> Colectarea separat\u0103 a ambalajelor reciclabile ajut\u0103 la protec\u021bia mediului \u0219i la sc\u0103derea gradului de poluare, \u00eens\u0103 \u021bara noastr\u0103 este departe de cotele de reciclare stabilite la nivelul Uniunii Europene.<\/p>\n<p><strong><span>CITE\u0218TE \u0218I:<\/span><a href=\"https:\/\/www.opiniatimisoarei.ro\/restrictii-de-circulatie-pe-a1-se-monteaza-camere-de-supraveghere-si-panouri-de-informare-pe-autostrada-anuntul-drdp-timisoara\/27\/07\/2026\">Restric\u021bii de circula\u021bie pe A1, se monteaz\u0103 camere de supraveghere \u0219i panouri de informare pe autostrad\u0103. Anun\u021bul DRDP Timi\u0219oara<\/a><\/strong><\/p>\n<p>Conform ultimului raport \u00eentocmit de Comisia European\u0103 \u00een 2025,co datele centralizate din 2023, Rom\u00e2nia a ajuns la un procent de reciclare de numai 12,4%, pe c\u00e2nd media european\u0103 este de 50%.<\/p>\n<p>La capitolul de\u0219euri de ambalaje reciclate procentul este de 37,3%, \u00een timp ce la ambalajele din plastic reciclat, \u021bara noastr\u0103 a ajuns la 32,4.<br \/>\nAceste date fac ca \u021bara noastr\u0103 s\u0103 fie ultima \u00een Uniunea European\u0103 la colectare selectiv\u0103 \u0219i reciclare a de\u0219eurilor.<\/p>\n<p>Obiectivul UE este ca p\u00e2n\u0103 \u00een 2030 statele membre s\u0103 ajung\u0103 la o cot\u0103 de reciclare de 70%. \u00cen aceste condi\u021bii, pentru a se atinge \u00een viitor aceast\u0103 cot\u0103, trebuie respectate regulile de colectare separat\u0103.<\/p>\n<p>\u00cen Timi\u0219, compania RETIM preia de\u0219eurile ce sunt puse \u00een recipiente diferite:<br \/><strong>\u2013 \u00een pubela neagr\u0103:<\/strong> de\u0219euri reziduale (nereciclabile) \u0219i cele biodegradabile<br \/><strong>\u2013 \u00een pubela galben\u0103:<\/strong> plastic, metal, h\u00e2rtie si carton (aceste materiale pot fi puse \u0219i \u00een sacul de aceea\u0219i culoare, iar \u00een cazul plasticului, acesta poate fi reutilizat \u00een gospod\u0103rii, dar nu abandonat, deoarece descompunerea acestuia dureaz\u0103 \u0219i c\u00e2teva sute de ani)<br \/><strong>\u2013 \u00een clopotele verzi:<\/strong> ambalaje de sticla trebuie colectate separat si depozitate in clopotele verzi, amplasate stradal. Harta clopotelor o pute\u021bi g\u0103si <strong><a href=\"https:\/\/retim.ro\/utile-timis\/colectare-ambalaje-din-sticla-in-timis\/\">AICI<\/a><\/strong>.<\/p>\n<p>Regulile de colectare pot fi consultate \u0219i \u00een ghidurile actualizate \u0219i publicate pe site-ul companiei pentru <strong><a href=\"https:\/\/retim.ro\/wp-content\/uploads\/2025\/10\/Ghid-colectare-separata-Timis-zona-1-urbanperiurban.pdf\">Zona 1 urban + periurban<\/a><\/strong>, <strong><a href=\"https:\/\/retim.ro\/wp-content\/uploads\/2024\/08\/ghid-colectare-separata-Timis-Zona-1-rural-SITE.pdf\">zona 1 rural<\/a><\/strong> \u0219i <strong><a href=\"https:\/\/retim.ro\/wp-content\/uploads\/2024\/08\/ghid-colectare-separata-Timis-Zona-0-SITE.pdf\">Zona 0 urban + rural<\/a><\/strong>.<\/p>\n<p>\u00cen momentul \u00een care un de\u0219eu reciclabil ajunge \u00eentr-un alt recipient dec\u00e2t cel care \u00eei este destinat, acesta este considerat contaminat, \u0219i nu mai poate fi recuperat. La fel se \u00eent\u00e2mpl\u0103 dac\u0103 arunc\u0103m resturi alimentare \u0219i alte de\u0219euri reziduale peste de\u0219eurile reciclabile, anul\u00e2nd astfel eforturile celor care le-au gestionat responsabil.<\/p>\n<p>Compania gestioneaz\u0103 \u0219i de\u0219eurile din insulele ecologice.<\/p>\n<p>Fiecare insul\u0103 permite colectarea separat\u0103 a de\u0219eurilor pe patru frac\u021bii:<\/p>\n<p><strong>Compartimentul verde:<\/strong> ambalaje din sticl\u0103<\/p>\n<p><strong>Compartimentul galben:<\/strong> ambalaje din plastic \u0219i metal<\/p>\n<p><strong>Compartimentul albastru:<\/strong> h\u00e2rtie \u0219i carton<\/p>\n<p><strong>Compartimentele negru \u0219i maro:<\/strong> \u00een aceast\u0103 etap\u0103 ambele sunt utilizate pentru de\u0219euri reziduale \u0219i biodegradabile, \u00eempreun\u0103<\/p>\n<p>Lista complet\u0103 a insulelor ecologice poate fi g\u0103sit\u0103 pe <strong><a href=\"https:\/\/retim.ro\/utile-timis\/insule-ecologice-timisoara\/\">site-ul RETIM<\/a><\/strong>.<\/p>\n<\/div>\n<p>[analyse_source url=&#8221;https:\/\/www.opiniatimisoarei.ro\/retim-recomanda-respectarea-regulilor-de-reciclare-la-timisoara-si-in-judet-romania-e-la-coada-clasamentului-la-acest-capitol-in-uniunea-europeana\/27\/07\/2026&#8243;]<\/p>\n","protected":false},"excerpt":{"rendered":"<p>[analyse_image type=&#8221;featured&#8221; src=&#8221;https:\/\/www.opiniatimisoarei.ro\/wp-content\/uploads\/2023\/10\/retim-eticheta-rosie-8-728&#215;336.jpghttps:\/\/www.opiniatimisoarei.ro\/wp-content\/uploads\/2023\/10\/retim-eticheta-rosie-8.jpg&#8221;] TIMISOARA. Colectarea separat\u0103 a ambalajelor reciclabile ajut\u0103 la protec\u021bia mediului \u0219i la sc\u0103derea gradului de poluare, \u00eens\u0103 \u021bara noastr\u0103 este departe de cotele de reciclare stabilite la nivelul Uniunii Europene. CITE\u0218TE \u0218I:Restric\u021bii de circula\u021bie pe A1, se monteaz\u0103 camere de supraveghere \u0219i panouri de informare pe autostrad\u0103. Anun\u021bul DRDP Timi\u0219oara Conform ultimului [&hellip;]<\/p>\n","protected":false},"author":1,"featured_media":0,"comment_status":"open","ping_status":"","sticky":false,"template":"","format":"standard","meta":{"footnotes":""},"categories":[89],"tags":[226,190],"class_list":["post-2066431","post","type-post","status-publish","format-standard","hentry","category-romania","tag-crawlmanager","tag-opiniatimisoarei-ro"],"_links":{"self":[{"href":"https:\/\/analyse.optim.biz\/index.php?rest_route=\/wp\/v2\/posts\/2066431","targetHints":{"allow":["GET"]}}],"collection":[{"href":"https:\/\/analyse.optim.biz\/index.php?rest_route=\/wp\/v2\/posts"}],"about":[{"href":"https:\/\/analyse.optim.biz\/index.php?rest_route=\/wp\/v2\/types\/post"}],"author":[{"embeddable":true,"href":"https:\/\/analyse.optim.biz\/index.php?rest_route=\/wp\/v2\/users\/1"}],"replies":[{"embeddable":true,"href":"https:\/\/analyse.optim.biz\/index.php?rest_route=%2Fwp%2Fv2%2Fcomments&post=2066431"}],"version-history":[{"count":0,"href":"https:\/\/analyse.optim.biz\/index.php?rest_route=\/wp\/v2\/posts\/2066431\/revisions"}],"wp:attachment":[{"href":"https:\/\/analyse.optim.biz\/index.php?rest_route=%2Fwp%2Fv2%2Fmedia&parent=2066431"}],"wp:term":[{"taxonomy":"category","embeddable":true,"href":"https:\/\/analyse.optim.biz\/index.php?rest_route=%2Fwp%2Fv2%2Fcategories&post=2066431"},{"taxonomy":"post_tag","embeddable":true,"href":"https:\/\/analyse.optim.biz\/index.php?rest_route=%2Fwp%2Fv2%2Ftags&post=2066431"}],"curies":[{"name":"wp","href":"https:\/\/api.w.org\/{rel}","templated":true}]}}