{"id":2066430,"date":"2026-07-27T08:32:29","date_gmt":"2026-07-27T05:32:29","guid":{"rendered":"https:\/\/analyse.optim.biz\/?p=2066430"},"modified":"2026-07-27T08:32:29","modified_gmt":"2026-07-27T05:32:29","slug":"politist-atacat-la-timisoara-agresorul-e-recidivist","status":"publish","type":"post","link":"https:\/\/analyse.optim.biz\/?p=2066430","title":{"rendered":"Poli\u021bist atacat la Timi\u0219oara. Agresorul e recidivist"},"content":{"rendered":"<p>[analyse_image type=&#8221;featured&#8221; src=&#8221;https:\/\/www.opiniatimisoarei.ro\/wp-content\/uploads\/2024\/08\/razie-scandal-politie-728&#215;336.jpghttps:\/\/www.opiniatimisoarei.ro\/wp-content\/uploads\/2024\/08\/razie-scandal-politie.jpg&#8221;]<\/p>\n<div class=\"the_content\">\n<p><strong><span class=\"dia_suggestion w0\">TIMI\u0218OARA<\/span>. <\/strong><span class=\"dia_suggestion w1\">Poli\u021bist<\/span> atacat <span class=\"dia_suggestion w3\">la<\/span><span class=\"dia_suggestion w4\">Timi\u0219oara<\/span> de un <span class=\"dia_suggestion w7\">b\u0103rbat<\/span>.<\/p>\n<p><strong><span>CITE\u0218TE \u0218I:<\/span><a href=\"https:\/\/www.opiniatimisoarei.ro\/cea-mai-indrazneata-vulpe-din-timisoara-s-a-plimbat-prin-piata-operei-video-2\/27\/07\/2026\">Cea mai \u00eendr\u0103znea\u021b\u0103 vulpe din Timi\u0219oara. S-a plimbat prin Pia\u021ba Operei. VIDEO<\/a><\/strong><\/p>\n<p>Individul era cu al\u021bi amici la o teras\u0103 pe malul canalului Bega \u0219i vorbea tare deranj\u00e2ndu-i pe cei din jur.<\/p>\n<p>Un echipaj al poli\u021bi\u0219tilor de la sec\u021bia 1 a ajuns \u00een zon\u0103. B\u0103rbatul,care era beat, a fost iritat de prezen\u021ba oamenilor legii \u0219i l-a lovit cu pumnul pe unul dintre ace\u0219tia.<\/p>\n<p>Colegii poli\u021bistului au intervenit \u0219i l-au imobilizat. \u00cen urma verific\u0103rilor, agentii au aflat c\u0103 b\u0103rbatul mai avea o condamnare la activ.<\/p>\n<p>Agresorul a fost prezentat magistra\u021bilor, care au decis s\u0103 \u00eel trimit\u0103 in arest pentru urm\u0103toarele 30 de zile.<\/p>\n<p>\u201e<strong>\u00cen fapt, s-a re\u021binut c\u0103 \u00een data de 25.07.2026, \u00een jurul orei 23:30, \u00een timp ce persoana v\u0103t\u0103mat\u0103, agent de poli\u021bie, se afla \u00een exercitarea atribu\u021biilor referitoare la men\u021binerea ordinii publice pe raza Sec\u021biei 1 Poli\u021bie din municipiul Timi\u0219oara, pe malul r\u00e2ului Bega, proced\u00e2nd la legitimarea mai multor persoane care consumau b\u0103uturi alcoolice, inculpatul l-a lovit cu pumnul \u00een zona g\u00e2tului \u0219i a capului, \u00een partea st\u00e2ng\u0103, fapt ce a produs indignare \u0219i team\u0103 celor din jur prin comportamentul agresiv, tulbur\u00e2nd lini\u0219tea \u0219i ordinea public\u0103.<\/strong><\/p>\n<p><strong>Gravitatea faptei este conturat\u0103 de modalitatea concret\u0103 de comitere a acesteia, precum \u0219i de circumstan\u021bele personale ale inculpatului, recidivist postcondamnatoriu fa\u021b\u0103 de o condamnare anterioar\u0103 la pedeapsa \u00eenchisorii cu suspendarea execut\u0103rii sub supraveghere.<\/strong><\/p>\n<p><strong>Av\u00e2nd \u00een vedere c\u0103 incriminarea acestor infrac\u021biuni ap\u0103r\u0103 rela\u021bii sociale de o importan\u021b\u0103 ridicat\u0103 \u00een asigurarea bunei desf\u0103\u0219ur\u0103ri a vie\u021bii citadine, asigur\u00e2nd climatul necesar de ordine \u0219i siguran\u021b\u0103 public\u0103, procurorul de caz a formulat o propunere de arestare preventiv\u0103 pentru o perioad\u0103 de 30 de zile, propunere admis\u0103 \u00een data de 26.07.2026 de c\u0103tre judec\u0103torul de drepturi \u0219i libert\u0103\u021bi din cadrul Judec\u0103toriei Timi\u0219oara<\/strong>\u201e, au transmis reprezentan\u021bii Parchetului de pe l\u00e2ng\u0103 Judec\u0103toria Timi\u0219oara.<\/p>\n<p>***<\/p>\n<p><strong><span class=\"dia_suggestion w0\">Mai<\/span>\u00a0<span class=\"dia_suggestion w1\">multe<\/span>\u00a0<span class=\"dia_suggestion w2\">g\u0103si\u021bi<\/span>\u00a0pe\u00a0<span class=\"dia_suggestion w4\">pagina noastr<span class=\"dia_suggestion w0\">\u0103<\/span><\/span>\u00a0de\u00a0<a href=\"https:\/\/www.facebook.com\/OpiniaTM\/?ref=page_internal\" target=\"_blank\" rel=\"noopener\">Facebook opiniatimisoarei.ro<\/a>!<\/strong><\/p>\n<p><strong><span class=\"dia_suggestion w0\">Dac\u0103<\/span>\u00a0<span class=\"dia_suggestion w1\">a\u021bi<\/span>\u00a0fost martorii unui eveniment\u00a0<span class=\"dia_suggestion w6\">sau<\/span>\u00a0<span class=\"dia_suggestion w7\">ai<\/span>\u00a0unei\u00a0<span class=\"dia_suggestion w9\">situa\u021bii<\/span>\u00a0<span class=\"dia_suggestion w10\">neobi\u0219nuite<\/span>\u00a0<span class=\"dia_suggestion w11\">care<\/span>\u00a0ar\u00a0<span class=\"dia_suggestion w13\">putea<\/span>\u00a0deveni subiect de\u00a0<span class=\"dia_suggestion w17\">\u0219tire<\/span>,\u00a0<span class=\"dia_suggestion w18\">contacta\u021bi<\/span>-ne\u00a0<span class=\"dia_suggestion w20\">la<\/span>\u00a0<a href=\"https:\/\/www.opiniatimisoarei.ro\/cdn-cgi\/l\/email-protection\" class=\"__cf_email__\" data-cfemail=\"c7b5a2a3a6a4b3aea287a8b7aea9aea6b3aeaaaeb4a8a6b5a2aee9b5a8\">[email\u00a0protected]<\/a>,\u00a0 pe\u00a0<a href=\"https:\/\/www.facebook.com\/OpiniaTM\">FB<\/a>\u00a0sau pe contul nostru de\u00a0<a href=\"https:\/\/www.instagram.com\/opiniatimisoarei.ro\/\" target=\"_blank\" rel=\"noopener\">Instagram<\/a>!<\/strong><\/p>\n<p><strong><span>CITE\u0218TE \u0218I:<\/span>\u00a0<a href=\"https:\/\/www.opiniatimisoarei.ro\/afli-primul-tot-ceea-ce-se-intampla-cu-adevarat-important-in-timisoara-si-in-regiune-cu-aplicatia-de-stiri-opinia-timisoarei-3-tipuri-de-alerte-te-tin-mereu-conectat-la-evenimente-descarca-gratuit-a\/31\/10\/2022\">Afli primul tot ceea ce se intampla cu adevarat important in Timisoara si in regiune cu Aplicatia de stiri Opinia Timisoarei. 3 tipuri de alerte te tin mereu conectat la evenimente. Descarca gratuit Aplicatia OT aici!<\/a><\/strong><\/p>\n<\/div>\n<p>[analyse_source url=&#8221;https:\/\/www.opiniatimisoarei.ro\/a-lovit-cu-pumnul-un-politist-la-timisoara-scandalagiu-recidivist-arestat\/27\/07\/2026&#8243;]<\/p>\n","protected":false},"excerpt":{"rendered":"<p>[analyse_image type=&#8221;featured&#8221; src=&#8221;https:\/\/www.opiniatimisoarei.ro\/wp-content\/uploads\/2024\/08\/razie-scandal-politie-728&#215;336.jpghttps:\/\/www.opiniatimisoarei.ro\/wp-content\/uploads\/2024\/08\/razie-scandal-politie.jpg&#8221;] TIMI\u0218OARA. Poli\u021bist atacat laTimi\u0219oara de un b\u0103rbat. CITE\u0218TE \u0218I:Cea mai \u00eendr\u0103znea\u021b\u0103 vulpe din Timi\u0219oara. S-a plimbat prin Pia\u021ba Operei. VIDEO Individul era cu al\u021bi amici la o teras\u0103 pe malul canalului Bega \u0219i vorbea tare deranj\u00e2ndu-i pe cei din jur. Un echipaj al poli\u021bi\u0219tilor de la sec\u021bia 1 a ajuns \u00een zon\u0103. [&hellip;]<\/p>\n","protected":false},"author":1,"featured_media":0,"comment_status":"open","ping_status":"","sticky":false,"template":"","format":"standard","meta":{"footnotes":""},"categories":[89],"tags":[226,190],"class_list":["post-2066430","post","type-post","status-publish","format-standard","hentry","category-romania","tag-crawlmanager","tag-opiniatimisoarei-ro"],"_links":{"self":[{"href":"https:\/\/analyse.optim.biz\/index.php?rest_route=\/wp\/v2\/posts\/2066430","targetHints":{"allow":["GET"]}}],"collection":[{"href":"https:\/\/analyse.optim.biz\/index.php?rest_route=\/wp\/v2\/posts"}],"about":[{"href":"https:\/\/analyse.optim.biz\/index.php?rest_route=\/wp\/v2\/types\/post"}],"author":[{"embeddable":true,"href":"https:\/\/analyse.optim.biz\/index.php?rest_route=\/wp\/v2\/users\/1"}],"replies":[{"embeddable":true,"href":"https:\/\/analyse.optim.biz\/index.php?rest_route=%2Fwp%2Fv2%2Fcomments&post=2066430"}],"version-history":[{"count":0,"href":"https:\/\/analyse.optim.biz\/index.php?rest_route=\/wp\/v2\/posts\/2066430\/revisions"}],"wp:attachment":[{"href":"https:\/\/analyse.optim.biz\/index.php?rest_route=%2Fwp%2Fv2%2Fmedia&parent=2066430"}],"wp:term":[{"taxonomy":"category","embeddable":true,"href":"https:\/\/analyse.optim.biz\/index.php?rest_route=%2Fwp%2Fv2%2Fcategories&post=2066430"},{"taxonomy":"post_tag","embeddable":true,"href":"https:\/\/analyse.optim.biz\/index.php?rest_route=%2Fwp%2Fv2%2Ftags&post=2066430"}],"curies":[{"name":"wp","href":"https:\/\/api.w.org\/{rel}","templated":true}]}}