{"id":2066425,"date":"2026-07-27T07:26:20","date_gmt":"2026-07-27T04:26:20","guid":{"rendered":"https:\/\/analyse.optim.biz\/?p=2066425"},"modified":"2026-07-27T07:26:20","modified_gmt":"2026-07-27T04:26:20","slug":"restrictii-de-circulatie-pe-a1-se-monteaza-camere-de-supraveghere-si-panouri-de-informare-pe-autostrada-anuntul-drdp-timisoara","status":"publish","type":"post","link":"https:\/\/analyse.optim.biz\/?p=2066425","title":{"rendered":"Restric\u021bii de circula\u021bie pe A1, se monteaz\u0103 camere de supraveghere \u0219i panouri de informare pe autostrad\u0103. Anun\u021bul DRDP Timi\u0219oara"},"content":{"rendered":"<p>[analyse_image type=&#8221;featured&#8221; src=&#8221;https:\/\/www.opiniatimisoarei.ro\/wp-content\/uploads\/2026\/07\/lucrari-autostrada-728&#215;336.jpghttps:\/\/www.opiniatimisoarei.ro\/wp-content\/uploads\/2026\/07\/lucrari-autostrada.jpg&#8221;]<\/p>\n<div class=\"the_content\">\n<p><strong>TIMI\u0218OARA<\/strong>. Se instituie o serie de restric\u021bii de circula\u021bie pe A1 \u00een urm\u0103toarele nop\u021bi. Se vor monta noi camere de supraveghere \u0219i panouri de informare cu mesaje variabile, astfel c\u0103 traficul va fi \u00eenchis temporar pe unele sectoare.<\/p>\n<p><strong><span>CITE\u0218TE \u0218I<\/span><\/strong>:<a href=\"https:\/\/www.opiniatimisoarei.ro\/bataie-pe-documentatie-12-oferte-la-licitatie-podul-verde-care-va-lega-dn6-de-autostrada-in-ungaria-intr-o-noua-etapa\/27\/07\/2026\"><strong>\u2018B\u0103taie\u2019 pe documenta\u021bie, 12 oferte la licita\u021bie. Podul \u2018verde\u2019 care va lega DN6 de autostrad\u0103, \u00een Ungaria, \u00eentr-o nou\u0103 etap\u0103<\/strong><\/a><\/p>\n<p>\u201e<strong>\u00cen vederea realiz\u0103rii lucr\u0103rilor din cadrul proiectului \u201dImplementarea \u0219i integrarea sistemelor ITS pe autostrada A1 Sibiu \u2013 Holdea\u201d, derulat de S.C. Elektra Invest SRL, \u00eencep\u00e2nd de mar\u021bi noaptea, 28 iulie 2026, se vor executa lucr\u0103ri etapizate de modernizare \u0219i calibrare a sistemelor inteligente de transport (ITS).<\/strong><\/p>\n<p><strong>Pentru montarea portalurilor VMS (panouri de informare cu mesaje variabile) vor fi instituite \u00eenchideri temporare de trafic (dou\u0103 ore, pe timpul nop\u021bii) pe anumite sectoare ale A1, \u00een jude\u021bul Hunedoara, cu devierea circula\u021biei pe re\u021beaua de drumuri na\u021bionale, dup\u0103 cum urmeaz\u0103:<\/strong><\/p>\n<p><span><strong>PROGRAMUL RESTRIC\u021aIILOR \u0218I RUTELE DE DEVIERE<\/strong><\/span><\/p>\n<p><strong>Data: 28.07.2026, ora \u00eencepere: 0:00 \u2013 Ora finalizare: 2:00<\/strong><\/p>\n<p><strong>\u00b7 Rela\u021bia: N\u0103dlac \u2013 Sebe\u0219<\/strong><br \/><strong>\u00b7 Portal VMS: km 357+200<\/strong><br \/><strong>\u00b7 Rut\u0103 deviere: Nod \u0218oimu\u0219, A1 km 369+200 \u2013&gt; intersec\u021bie DN 68 km 0+900 \u2013&gt; intersec\u021bie cu DN 7 km 394+780 \u2013&gt; Deva \u2013&gt; S\u00e2ntuhalm \u2013&gt; Simeria \u2013&gt; Nod rutier Simeria Veche, A1 km 354+400.<\/strong><\/p>\n<p><strong>Data: 29.07.2026, Ora \u00eencepere: 0:00 \u2013 Ora finalizare: 2:00<\/strong><\/p>\n<p><strong>\u00b7 Rela\u021bia: Sebe\u0219 \u2013 N\u0103dlac<\/strong><br \/><strong>\u00b7 Portal VMS: km 350+850<\/strong><br \/><strong>\u00b7 Rut\u0103 deviere: Nod Rutier Or\u0103\u0219tie, A1 km 333+800 \u2013&gt; intersec\u021bie DN 7 km 357+000 \u2013&gt; Or\u0103\u0219tie \u2013&gt; Turda\u0219 \u2013&gt; Spini \u2013&gt; intersec\u021bie Nod Rutier Simeria Veche, A1 km 354+300.<\/strong><\/p>\n<p><strong>Data: 29.07.2026, Ora \u00eencepere: 2:00 \u2013 Ora finalizare: 4:00<\/strong><\/p>\n<p><strong>\u00b7 Rela\u021bia: N\u0103dlac \u2013 Sebe\u0219<\/strong><br \/><strong>\u00b7 Portal VMS: km 350+850<\/strong><br \/><strong>\u00b7 Rut\u0103 deviere: Nod Rutier Simeria Veche, A1 km 354+400 \u2013&gt; intersec\u021bie DN 7 km 377+600 \u2013&gt; Simeria \u2013&gt; S\u00e2ntuhalm \u2013&gt; Deva \u2013&gt; intersec\u021bie cu DN 7 km 394+780 \u2013&gt; intersec\u021bie DN 68 km 0+900 \u2013&gt; Nod \u0218oimu\u0219, A1 km 369+200<\/strong>\u201e, transmit reprezentantii DRDP Timisoara.<\/p>\n<p>Se instaleaz\u0103 portaluri \u0219i echipamente ITS, se \u00eenlocuiesc camerele de supraveghere (CCTV) de pe st\u00e2lpii existen\u021bi \u00een zona median\u0103 a autostr\u0103zii \u0219i se monteaz\u0103 senzori \u00een carosabil, at\u00e2t pe banda de circula\u021bie a autostr\u0103zii, c\u00e2t \u0219i pe bretelele bidirec\u021bionale. \u00cen zonele cu lucr\u0103ri va fi montat\u0103 semnalizare rutier\u0103 temporar\u0103, fiind posibile \u00eenchideri temporare ale unei benzi de circula\u021bie \u0219i dirijarea traficului pe o singur\u0103 band\u0103.<\/p>\n<p>Soferii sunt indemnati s\u0103 circule cu pruden\u021b\u0103, s\u0103 respecte semnalizarea rutier\u0103 temporar\u0103 instituit\u0103 \u0219i indica\u021biile personalului prezent \u00een teren!<\/p>\n<\/div>\n<p>[analyse_source url=&#8221;https:\/\/www.opiniatimisoarei.ro\/restrictii-de-circulatie-pe-a1-se-monteaza-camere-de-supraveghere-si-panouri-de-informare-pe-autostrada-anuntul-drdp-timisoara\/27\/07\/2026&#8243;]<\/p>\n","protected":false},"excerpt":{"rendered":"<p>[analyse_image type=&#8221;featured&#8221; src=&#8221;https:\/\/www.opiniatimisoarei.ro\/wp-content\/uploads\/2026\/07\/lucrari-autostrada-728&#215;336.jpghttps:\/\/www.opiniatimisoarei.ro\/wp-content\/uploads\/2026\/07\/lucrari-autostrada.jpg&#8221;] TIMI\u0218OARA. Se instituie o serie de restric\u021bii de circula\u021bie pe A1 \u00een urm\u0103toarele nop\u021bi. Se vor monta noi camere de supraveghere \u0219i panouri de informare cu mesaje variabile, astfel c\u0103 traficul va fi \u00eenchis temporar pe unele sectoare. CITE\u0218TE \u0218I:\u2018B\u0103taie\u2019 pe documenta\u021bie, 12 oferte la licita\u021bie. Podul \u2018verde\u2019 care va lega DN6 [&hellip;]<\/p>\n","protected":false},"author":1,"featured_media":0,"comment_status":"open","ping_status":"","sticky":false,"template":"","format":"standard","meta":{"footnotes":""},"categories":[89],"tags":[226,190],"class_list":["post-2066425","post","type-post","status-publish","format-standard","hentry","category-romania","tag-crawlmanager","tag-opiniatimisoarei-ro"],"_links":{"self":[{"href":"https:\/\/analyse.optim.biz\/index.php?rest_route=\/wp\/v2\/posts\/2066425","targetHints":{"allow":["GET"]}}],"collection":[{"href":"https:\/\/analyse.optim.biz\/index.php?rest_route=\/wp\/v2\/posts"}],"about":[{"href":"https:\/\/analyse.optim.biz\/index.php?rest_route=\/wp\/v2\/types\/post"}],"author":[{"embeddable":true,"href":"https:\/\/analyse.optim.biz\/index.php?rest_route=\/wp\/v2\/users\/1"}],"replies":[{"embeddable":true,"href":"https:\/\/analyse.optim.biz\/index.php?rest_route=%2Fwp%2Fv2%2Fcomments&post=2066425"}],"version-history":[{"count":0,"href":"https:\/\/analyse.optim.biz\/index.php?rest_route=\/wp\/v2\/posts\/2066425\/revisions"}],"wp:attachment":[{"href":"https:\/\/analyse.optim.biz\/index.php?rest_route=%2Fwp%2Fv2%2Fmedia&parent=2066425"}],"wp:term":[{"taxonomy":"category","embeddable":true,"href":"https:\/\/analyse.optim.biz\/index.php?rest_route=%2Fwp%2Fv2%2Fcategories&post=2066425"},{"taxonomy":"post_tag","embeddable":true,"href":"https:\/\/analyse.optim.biz\/index.php?rest_route=%2Fwp%2Fv2%2Ftags&post=2066425"}],"curies":[{"name":"wp","href":"https:\/\/api.w.org\/{rel}","templated":true}]}}