{"id":2066421,"date":"2026-07-28T15:09:12","date_gmt":"2026-07-28T12:09:12","guid":{"rendered":"https:\/\/analyse.optim.biz\/?p=2066421"},"modified":"2026-07-28T15:09:12","modified_gmt":"2026-07-28T12:09:12","slug":"bega-si-sculpturile-din-alpinet-redescoperite-printr-un-nou-proiect-cultural","status":"publish","type":"post","link":"https:\/\/analyse.optim.biz\/?p=2066421","title":{"rendered":"Bega \u0219i sculpturile din Alpinet, redescoperite printr-un nou proiect cultural"},"content":{"rendered":"<p>[analyse_image type=&#8221;featured&#8221; src=&#8221;https:\/\/orasul-timisoara.ro\/wp-content\/uploads\/2026\/07\/Ecluze5.jpg&#8221;]<\/p>\n<article id=\"post-39894\" class=\"td-post-template-7 post-39894 post type-post status-publish format-standard has-post-thumbnail category-evenimente-in-timisoara category-featured category-stiri-timisoara tag-asociatia-culturala-ecluze tag-banat tag-bega tag-cultura-2 tag-expozitie-2 tag-maria-sarbu tag-parcul-alpinet tag-patrimoniu-hidrotehnic tag-pelicanul tag-re-descoperim tag-re-flux-pe-bega tag-sculptura-2 tag-timisoara-2 tag-vila-mal td-container-wrap\">\n<div class=\"td-full-screen-header-image-wrap\">\n<div class=\"td-container td-post-header\">\n<div class=\"td-crumb-container\">\n<div class=\"entry-crumbs\"><span><a title=\"Vede\u021bi toate articolele \u00een Evenimente in Timisoara\" class=\"entry-crumb\" href=\"https:\/\/orasul-timisoara.ro\/local-category\/evenimente-in-timisoara\/\">Evenimente in Timisoara<\/a><\/span><span class=\"td-bred-no-url-last\">Bega \u0219i sculpturile din Alpinet, redescoperite printr-un nou proiect cultural<\/span><\/div>\n<\/div>\n<div class=\"td-post-header-holder\">\n<div class=\"td-parallax-header\">\n<header class=\"td-post-title\">\n<ul class=\"td-category\">\n<li class=\"entry-category\"><a href=\"https:\/\/orasul-timisoara.ro\/local-category\/evenimente-in-timisoara\/\">Evenimente in Timisoara<\/a><\/li>\n<li class=\"entry-category\"><a href=\"https:\/\/orasul-timisoara.ro\/local-category\/stiri-timisoara\/\">\u0218tiri Locale<\/a><\/li>\n<\/ul>\n<h1 class=\"entry-title\">Bega \u0219i sculpturile din Alpinet, redescoperite printr-un nou proiect cultural<\/h1>\n<div class=\"td-module-meta-info\">\n<div class=\"td-post-author-name\">\n<div class=\"td-author-by\">De c\u0103tre<\/div>\n<p><a href=\"https:\/\/orasul-timisoara.ro\/author\/timisoara\/\">redactia<\/a><\/p>\n<div class=\"td-author-line\"> &#8211; <\/div>\n<\/div>\n<p><span class=\"td-post-date\"><time class=\"entry-date updated td-module-date\" datetime=\"2026-07-28T18:09:12+03:00\">28\/07\/2026<\/time><\/span><\/div>\n<\/header>\n<\/div>\n<\/div>\n<\/div>\n<div id=\"td-full-screen-header-image\" class=\"td-image-gradient-style7\"><img decoding=\"async\" class=\"td-backstretch\" src=\"https:\/\/orasul-timisoara.ro\/wp-content\/uploads\/2026\/07\/Ecluze5.jpg\"><\/div>\n<\/div>\n<div class=\"td-container\">\n<div class=\"td-pb-row\">\n<div class=\"td-pb-span8 td-main-content\" role=\"main\">\n<div class=\"td-ss-main-content\">\n<div class=\"td-post-sharing-top\">\n<div class=\"td-post-sharing-classic\"><iframe title=\"topFacebookLike\" frameborder src=\"https:\/\/www.facebook.com\/plugins\/like.php?href=https:\/\/orasul-timisoara.ro\/local-39894\/&amp;layout=button_count&amp;show_faces=false&amp;width=105&amp;action=like&amp;colorscheme=light&amp;height=21\"><\/iframe><\/div>\n<div id=\"td_social_sharing_article_top\" class=\"td-post-sharing td-ps-bg td-ps-notext td-post-sharing-style1 \">\n<div class=\"td-post-sharing-visible\"><a class=\"td-social-sharing-button td-social-sharing-button-js td-social-network td-social-facebook\" href=\"https:\/\/www.facebook.com\/sharer.php?u=https%3A%2F%2Forasul-timisoara.ro%2Flocal-39894%2F\" title=\"Facebook\"><\/p>\n<div class=\"td-social-but-text\">Facebook<\/div>\n<p><\/a><a class=\"td-social-sharing-button td-social-sharing-button-js td-social-network td-social-twitter\" href=\"https:\/\/twitter.com\/intent\/tweet?text=Bega+%C8%99i+sculpturile+din+Alpinet%2C+redescoperite+printr-un+nou+proiect+cultural&amp;url=https%3A%2F%2Forasul-timisoara.ro%2Flocal-39894%2F&amp;via=orasultm\" title=\"Twitter\"><\/p>\n<div class=\"td-social-but-text\">Twitter<\/div>\n<p><\/a><a class=\"td-social-sharing-button td-social-sharing-button-js td-social-network td-social-whatsapp\" href=\"https:\/\/api.whatsapp.com\/send?text=Bega+%C8%99i+sculpturile+din+Alpinet%2C+redescoperite+printr-un+nou+proiect+cultural%20%0A%0A%20https:\/\/orasul-timisoara.ro\/local-39894\/\" title=\"WhatsApp\"><\/p>\n<div class=\"td-social-but-text\">WhatsApp<\/div>\n<p><\/a><a class=\"td-social-sharing-button td-social-sharing-button-js td-social-network td-social-linkedin\" href=\"https:\/\/www.linkedin.com\/shareArticle?mini=true&amp;url=https:\/\/orasul-timisoara.ro\/local-39894\/&amp;title=Bega+%C8%99i+sculpturile+din+Alpinet%2C+redescoperite+printr-un+nou+proiect+cultural\" title=\"Linkedin\"><\/p>\n<div class=\"td-social-but-text\">Linkedin<\/div>\n<p><\/a><a class=\"td-social-sharing-button td-social-sharing-button-js td-social-network td-social-reddit\" href=\"https:\/\/reddit.com\/submit?url=https:\/\/orasul-timisoara.ro\/local-39894\/&amp;title=Bega+%C8%99i+sculpturile+din+Alpinet%2C+redescoperite+printr-un+nou+proiect+cultural\" title=\"ReddIt\"><\/p>\n<div class=\"td-social-but-text\">ReddIt<\/div>\n<p><\/a><a class=\"td-social-sharing-button td-social-sharing-button-js td-social-network td-social-mail\" href=\"mailto:?subject=Bega%20%C8%99i%20sculpturile%20din%20Alpinet,%20redescoperite%20printr-un%20nou%20proiect%20cultural&amp;body=https:\/\/orasul-timisoara.ro\/local-39894\/\" title=\"Email\"><\/p>\n<div class=\"td-social-but-text\">Email<\/div>\n<p><\/a><a class=\"td-social-sharing-button td-social-sharing-button-js td-social-network td-social-print\" href=\"https:\/\/orasul-timisoara.ro\/local-39894\/\" title=\"Imprimare\"><\/p>\n<div class=\"td-social-but-text\">Imprimare<\/div>\n<p><\/a><\/div>\n<\/div>\n<\/div>\n<div class=\"td-post-content tagdiv-type\">\n<p class=\"wp-block-paragraph\">Asocia\u021bia Cultural\u0103 Ecluze deschide joi, 30 iulie, de la ora 18:00, la Vila MAL din Timi\u0219oara, expozi\u021bia <strong>RE.Flux pe Bega<\/strong> \u0219i lanseaz\u0103 oficial <strong>RE.Descoperim<\/strong>, un nou traseu cultural dedicat sculpturilor monumentale din Parcul Alpinet. Evenimentul marcheaz\u0103 \u00eenceputul unui program desf\u0103\u0219urat pe parcursul \u00eentregului weekend, care include tururi ghidate \u0219i o c\u0103l\u0103torie pe Bega la bordul vaporului Pelican.<\/p>\n<p class=\"wp-block-paragraph\">Prin acest proiect, organizatorii \u00ee\u0219i propun s\u0103 readuc\u0103 \u00een aten\u021bia publicului patrimoniul natural, hidrotehnic \u0219i artistic al Beg\u0103i, oferind o perspectiv\u0103 ampl\u0103 asupra r\u00e2ului care a influen\u021bat dezvoltarea Timi\u0219oarei \u0219i a Banatului. Toate activit\u0103\u021bile sunt gratuite, iar accesul la vernisaj este liber.<\/p>\n<h2 class=\"wp-block-heading\">RE.Flux pe Bega urm\u0103re\u0219te povestea r\u00e2ului de la izvoare p\u00e2n\u0103 la Tisa<\/h2>\n<p class=\"wp-block-paragraph\">Expozi\u021bia invit\u0103 publicul s\u0103 descopere Bega dincolo de imaginea cunoscut\u0103 a canalului care traverseaz\u0103 Timi\u0219oara. Parcursul expozi\u021bional urm\u0103re\u0219te traseul complet al r\u00e2ului, de la izvoarele din Mun\u021bii Poiana Rusc\u0103 p\u00e2n\u0103 la v\u0103rsarea \u00een Tisa, prezent\u00e2nd leg\u0103tura dintre ap\u0103, comunit\u0103\u021bile dezvoltate \u00een jurul s\u0103u \u0219i patrimoniul hidrotehnic construit de-a lungul timpului.<\/p>\n<p class=\"wp-block-paragraph\">Simbolul proiectului este egreta, care \u00eei \u00eenso\u021be\u0219te pe vizitatori \u00eentr-o incursiune prin istoria locurilor \u0219i ecosistemul Beg\u0103i. Organizatorii propun astfel o privire asupra \u00eentregului bazin hidrografic, incluz\u00e2nd afluen\u021bii, lucr\u0103rile hidrotehnice \u0219i comunit\u0103\u021bile care formeaz\u0103 un peisaj cultural considerat unic \u00een Rom\u00e2nia.<\/p>\n<h2 class=\"wp-block-heading\">Schimb\u0103rile climatice \u0219i protejarea patrimoniului hidrotehnic<\/h2>\n<p class=\"wp-block-paragraph\">O component\u0103 important\u0103 a expozi\u021biei este dedicat\u0103 provoc\u0103rilor cu care se confrunt\u0103 \u00een prezent cursurile de ap\u0103 din vestul \u021b\u0103rii. Debitele reduse, perioadele \u00een care unele albii r\u0103m\u00e2n f\u0103r\u0103 ap\u0103 \u0219i impactul interven\u021biilor umane sunt prezentate ca fenomene care afecteaz\u0103 \u00eentregul bazin al Beg\u0103i.<\/p>\n<p class=\"wp-block-paragraph\">Prin aceast\u0103 abordare, vizitatorii sunt invita\u021bi s\u0103 \u00een\u021beleag\u0103 c\u0103 protejarea patrimoniului hidrotehnic \u00eenseamn\u0103 \u0219i cunoa\u0219terea modului \u00een care func\u021bioneaz\u0103 \u00eentregul sistem al r\u00e2ului, nu doar sectorul navigabil din Timi\u0219oara.<\/p>\n<h2 class=\"wp-block-heading\">RE.Descoperim pune \u00een valoare sculpturile monumentale din Parcul Alpinet<\/h2>\n<p class=\"wp-block-paragraph\">\u00cen cadrul vernisajului va fi prezentat \u0219i RE.Descoperim, traseul cultural creat pentru cele zece sculpturi monumentale amplasate \u00een Parcul Alpinet \u00een urma Simpozionului de Sculptur\u0103 din 1984.<\/p>\n<p class=\"wp-block-paragraph\">Realizate din piatr\u0103 de Vi\u0219tea, lucr\u0103rile au fost concepute \u00een rela\u021bie direct\u0103 cu apa Beg\u0103i \u0219i vegeta\u021bia parcului. Ele apar\u021bin arti\u0219tilor \u0218tefan C\u0103l\u0103r\u0103\u0219anu, Nicolae Kruch junior, Aurel Cucu, Sava Stoianov, Adrian Ioni\u021b\u0103, Niculai B\u00e2nd\u0103r\u0103u, Florin T\u0103n\u0103sescu, Victor Gaga, Liviu Rusu \u0219i B\u00e9la Szak\u00e1ts.<\/p>\n<p class=\"wp-block-paragraph\">Dup\u0103 mai bine de patru decenii, sculpturile continu\u0103 s\u0103 fac\u0103 parte din peisajul urban al Timi\u0219oarei, \u00eens\u0103 informa\u021biile despre autori \u0219i contextul \u00een care au fost realizate s-au estompat treptat. Noul traseu cultural le reune\u0219te printr-o semnalistic\u0103 modern\u0103, fiecare lucrare fiind \u00eenso\u021bit\u0103 de informa\u021bii despre artist, titlu \u0219i perioada \u00een care a fost creat\u0103. Dup\u0103 lansare, traseul va putea fi parcurs liber de c\u0103tre public.<\/p>\n<h2 class=\"wp-block-heading\">Maria S\u00e2rbu prezint\u0103 istoria Simpozionului de Sculptur\u0103 din 1984<\/h2>\n<p class=\"wp-block-paragraph\">Invitat\u0103 la vernisaj este Maria S\u00e2rbu, lector \u00een cadrul Facult\u0103\u021bii de Arte \u0219i Design din Timi\u0219oara, care va prezenta povestea Simpozionului de Sculptur\u0103 \u0219i importan\u021ba lucr\u0103rilor p\u0103strate \u00een Parcul Alpinet.<\/p>\n<p class=\"wp-block-paragraph\">Specializat\u0103 \u00een istoria \u0219i teoria artei la Universitatea Babe\u0219-Bolyai din Cluj-Napoca, Maria S\u00e2rbu este implicat\u0103 \u00een promovarea artei contemporane rom\u00e2ne\u0219ti. De-a lungul timpului a colaborat cu Funda\u021bia Art Encounters, a realizat proiecte curatoriale \u00eempreun\u0103 cu grupul Avantpost \u0219i a fondat programul curatorial DRAFT.<\/p>\n<h2 class=\"wp-block-heading\">Tururi ghidate pentru descoperirea Beg\u0103i \u0219i a patrimoniului artistic<\/h2>\n<p class=\"wp-block-paragraph\">Programul continu\u0103 \u00een weekend cu trei tururi ghidate organizate de echipa Ecluze pe Bega. Participan\u021bii vor vizita mai \u00eent\u00e2i expozi\u021bia de la Vila MAL, apoi vor parcurge traseul RE.Descoperim din Parcul Alpinet, unde vor afla detalii despre istoria Beg\u0103i, patrimoniul hidrotehnic \u0219i sculpturile monumentale realizate \u00een 1984.<\/p>\n<p class=\"wp-block-paragraph\">Tururile sunt programate s\u00e2mb\u0103t\u0103, 1 august, \u00een intervalele 10:00\u201312:00 \u0219i 12:00\u201314:00, respectiv duminic\u0103, 2 august, \u00eentre orele 10:00 \u0219i 12:00. Participarea este gratuit\u0103, pe baz\u0103 de \u00eenscriere prealabil\u0103, iar fiecare grup este limitat la maximum 20 de persoane. Punctul de \u00eent\u00e2lnire este Vila MAL, situat\u0103 l\u00e2ng\u0103 Podul Mihai Viteazul.<\/p>\n<h2 class=\"wp-block-heading\">Pelicanul readuce publicul pe ap\u0103 \u00eentr-o experien\u021b\u0103 cultural\u0103<\/h2>\n<p class=\"wp-block-paragraph\">Evenimentele dedicate Beg\u0103i se \u00eencheie duminic\u0103, 2 august, cu un tur ghidat desf\u0103\u0219urat la bordul vaporului Pelican. Plecarea este programat\u0103 la ora 14:00 de la pontonul D\u2019arc pe Mal, iar participan\u021bii vor descoperi Timi\u0219oara din mijlocul canalului, \u00eentr-o perspectiv\u0103 diferit\u0103 asupra podurilor, cl\u0103dirilor \u0219i patrimoniului construit \u00een jurul r\u00e2ului.<\/p>\n<p class=\"wp-block-paragraph\">Pe durata c\u0103l\u0103toriei, membrii echipei Ecluze pe Bega vor prezenta istoria naviga\u021biei, dezvoltarea ora\u0219ului \u00een rela\u021bie cu apa \u0219i locurile care p\u0103streaz\u0103 urmele patrimoniului hidrotehnic.<\/p>\n<p class=\"wp-block-paragraph\">Construit \u00een 1966 la \u0219antierul naval din Giurgiu \u0219i utilizat pentru curse pe Bega \u00eencep\u00e2nd din anii \u201980, Pelicanul a fost salvat de la dezmembrare \u0219i readus pe ap\u0103 ca platform\u0103 cultural\u0103. Ast\u0103zi este unul dintre simbolurile reconect\u0103rii Timi\u0219oarei cu r\u00e2ul care i-a influen\u021bat dezvoltarea.<\/p>\n<h2 class=\"wp-block-heading\">Un proiect care redeschide dialogul dintre ora\u0219 \u0219i r\u00e2u<\/h2>\n<p class=\"wp-block-paragraph\">Prin expozi\u021bia RE.Flux pe Bega, lansarea traseului RE.Descoperim \u0219i activit\u0103\u021bile organizate pe parcursul weekendului, Asocia\u021bia Cultural\u0103 Ecluze propune o redescoperire a Beg\u0103i din perspectiv\u0103 istoric\u0103, cultural\u0103 \u0219i ecologic\u0103. Proiectul urm\u0103re\u0219te s\u0103 apropie publicul de patrimoniul ora\u0219ului \u0219i s\u0103 \u00eencurajeze o \u00een\u021belegere mai profund\u0103 a rolului pe care r\u00e2ul \u00eel joac\u0103 \u00een identitatea Timi\u0219oarei \u0219i a \u00eentregii regiuni.<\/p>\n<\/div>\n<footer>\n<div class=\"td-post-source-tags\">\n<ul class=\"td-tags td-post-small-box clearfix\">\n<li><span>ETICHETE<\/span><\/li>\n<li><a href=\"https:\/\/orasul-timisoara.ro\/local-tag\/asociatia-culturala-ecluze\/\">Asocia\u021bia Cultural\u0103 Ecluze<\/a><\/li>\n<li><a href=\"https:\/\/orasul-timisoara.ro\/local-tag\/banat\/\">banat<\/a><\/li>\n<li><a href=\"https:\/\/orasul-timisoara.ro\/local-tag\/bega\/\">bega<\/a><\/li>\n<li><a href=\"https:\/\/orasul-timisoara.ro\/local-tag\/cultura-2\/\">Cultur\u0103<\/a><\/li>\n<li><a href=\"https:\/\/orasul-timisoara.ro\/local-tag\/expozitie-2\/\">expozi\u021bie<\/a><\/li>\n<li><a href=\"https:\/\/orasul-timisoara.ro\/local-tag\/maria-sarbu\/\">Maria S\u00e2rbu<\/a><\/li>\n<li><a href=\"https:\/\/orasul-timisoara.ro\/local-tag\/parcul-alpinet\/\">Parcul Alpinet<\/a><\/li>\n<li><a href=\"https:\/\/orasul-timisoara.ro\/local-tag\/patrimoniu-hidrotehnic\/\">patrimoniu hidrotehnic<\/a><\/li>\n<li><a href=\"https:\/\/orasul-timisoara.ro\/local-tag\/pelicanul\/\">Pelicanul<\/a><\/li>\n<li><a href=\"https:\/\/orasul-timisoara.ro\/local-tag\/re-descoperim\/\">RE.Descoperim<\/a><\/li>\n<li><a href=\"https:\/\/orasul-timisoara.ro\/local-tag\/re-flux-pe-bega\/\">RE.Flux pe Bega<\/a><\/li>\n<li><a href=\"https:\/\/orasul-timisoara.ro\/local-tag\/sculptura-2\/\">sculptur\u0103<\/a><\/li>\n<li><a href=\"https:\/\/orasul-timisoara.ro\/local-tag\/timisoara-2\/\">timi\u0219oara<\/a><\/li>\n<li><a href=\"https:\/\/orasul-timisoara.ro\/local-tag\/vila-mal\/\">Vila MAL<\/a><\/li>\n<\/ul>\n<\/div>\n<div class=\"td-post-sharing-bottom\">\n<div class=\"td-post-sharing-classic\"><iframe title=\"bottomFacebookLike\" frameborder src=\"https:\/\/www.facebook.com\/plugins\/like.php?href=https:\/\/orasul-timisoara.ro\/local-39894\/&amp;layout=button_count&amp;show_faces=false&amp;width=105&amp;action=like&amp;colorscheme=light&amp;height=21\"><\/iframe><\/div>\n<div id=\"td_social_sharing_article_bottom\" class=\"td-post-sharing td-ps-bg td-ps-notext td-post-sharing-style1 \">\n<div class=\"td-post-sharing-visible\"><a class=\"td-social-sharing-button td-social-sharing-button-js td-social-network td-social-facebook\" href=\"https:\/\/www.facebook.com\/sharer.php?u=https%3A%2F%2Forasul-timisoara.ro%2Flocal-39894%2F\" title=\"Facebook\"><\/p>\n<div class=\"td-social-but-text\">Facebook<\/div>\n<p><\/a><a class=\"td-social-sharing-button td-social-sharing-button-js td-social-network td-social-twitter\" href=\"https:\/\/twitter.com\/intent\/tweet?text=Bega+%C8%99i+sculpturile+din+Alpinet%2C+redescoperite+printr-un+nou+proiect+cultural&amp;url=https%3A%2F%2Forasul-timisoara.ro%2Flocal-39894%2F&amp;via=orasultm\" title=\"Twitter\"><\/p>\n<div class=\"td-social-but-text\">Twitter<\/div>\n<p><\/a><a class=\"td-social-sharing-button td-social-sharing-button-js td-social-network td-social-whatsapp\" href=\"https:\/\/api.whatsapp.com\/send?text=Bega+%C8%99i+sculpturile+din+Alpinet%2C+redescoperite+printr-un+nou+proiect+cultural%20%0A%0A%20https:\/\/orasul-timisoara.ro\/local-39894\/\" title=\"WhatsApp\"><\/p>\n<div class=\"td-social-but-text\">WhatsApp<\/div>\n<p><\/a><a class=\"td-social-sharing-button td-social-sharing-button-js td-social-network td-social-linkedin\" href=\"https:\/\/www.linkedin.com\/shareArticle?mini=true&amp;url=https:\/\/orasul-timisoara.ro\/local-39894\/&amp;title=Bega+%C8%99i+sculpturile+din+Alpinet%2C+redescoperite+printr-un+nou+proiect+cultural\" title=\"Linkedin\"><\/p>\n<div class=\"td-social-but-text\">Linkedin<\/div>\n<p><\/a><a class=\"td-social-sharing-button td-social-sharing-button-js td-social-network td-social-reddit\" href=\"https:\/\/reddit.com\/submit?url=https:\/\/orasul-timisoara.ro\/local-39894\/&amp;title=Bega+%C8%99i+sculpturile+din+Alpinet%2C+redescoperite+printr-un+nou+proiect+cultural\" title=\"ReddIt\"><\/p>\n<div class=\"td-social-but-text\">ReddIt<\/div>\n<p><\/a><a class=\"td-social-sharing-button td-social-sharing-button-js td-social-network td-social-mail\" href=\"mailto:?subject=Bega%20%C8%99i%20sculpturile%20din%20Alpinet,%20redescoperite%20printr-un%20nou%20proiect%20cultural&amp;body=https:\/\/orasul-timisoara.ro\/local-39894\/\" title=\"Email\"><\/p>\n<div class=\"td-social-but-text\">Email<\/div>\n<p><\/a><a class=\"td-social-sharing-button td-social-sharing-button-js td-social-network td-social-print\" href=\"https:\/\/orasul-timisoara.ro\/local-39894\/\" title=\"Imprimare\"><\/p>\n<div class=\"td-social-but-text\">Imprimare<\/div>\n<p><\/a><\/div>\n<\/div>\n<\/div>\n<div class=\"td-block-row td-post-next-prev\">\n<div class=\"td-block-span6 td-post-prev-post\">\n<div class=\"td-post-next-prev-content\"><span>Articolul precedent<\/span><a href=\"https:\/\/orasul-timisoara.ro\/local-39891\/\">CSC Ghiroda \u00eencepe sezonul oficial cu un duel la Caransebe\u0219 \u00een Cupa Rom\u00e2niei<\/a><\/div>\n<\/div>\n<div class=\"td-block-span6 td-post-next-post\">\n<div class=\"td-post-next-prev-content\"><span>Articolul urm\u0103tor<\/span><a href=\"https:\/\/orasul-timisoara.ro\/local-39898\/\">Ministerul Transporturilor: 80% dintre c\u0103l\u0103tori nu recomand\u0103 mersul cu trenul<\/a><\/div>\n<\/div>\n<\/div>\n<div class=\"td-author-name vcard author\"><span class=\"fn\"><a href=\"https:\/\/orasul-timisoara.ro\/author\/timisoara\/\">redactia<\/a><\/span><\/div>\n<p><span class=\"td-page-meta\"><\/span><span class=\"td-page-meta\"><span class=\"td-page-meta\"><\/span><\/span><span class=\"td-page-meta\"><\/span><\/footer>\n<div class=\"td_block_wrap td_block_related_posts tdi_3 td_with_ajax_pagination td-pb-border-top td_block_template_8\" data-td-block-uid=\"tdi_3\">\n<h4 class=\"td-related-title td-block-title\"><a id=\"tdi_4\" class=\"td-related-left td-cur-simple-item\" data-td_filter_value data-td_block_id=\"tdi_3\" href=\"https:\/\/orasul-timisoara.ro\/local-39894\/\">ARTICOLE SIMILARE<\/a><a id=\"tdi_5\" class=\"td-related-right\" data-td_filter_value=\"td_related_more_from_author\" data-td_block_id=\"tdi_3\" href=\"https:\/\/orasul-timisoara.ro\/local-39894\/\">DE LA ACELA\u0218I AUTOR<\/a><\/h4>\n<div id=\"tdi_3\" class=\"td_block_inner\">\n<div class=\"td-related-row\">\n<div class=\"td-related-span4\">\n<div class=\"td_module_related_posts td-animation-stack td_mod_related_posts\">\n<div class=\"td-module-image\">\n<div class=\"td-module-thumb\"><a href=\"https:\/\/orasul-timisoara.ro\/local-39869\/\" rel=\"bookmark\" class=\"td-image-wrap \" title=\"Summer Beach Cup 2026 revine la Ciacova cu sport, concerte \u0219i mii de participan\u021bi\"><img loading=\"lazy\" decoding=\"async\" class=\"entry-thumb\" src=\"https:\/\/orasul-timisoara.ro\/wp-content\/uploads\/2026\/07\/ciacova-summer-beach-436x300.jpg\" alt title=\"Summer Beach Cup 2026 revine la Ciacova cu sport, concerte \u0219i mii de participan\u021bi\" width=\"218\" height=\"150\"><\/a><\/div>\n<\/div>\n<div class=\"item-details\">\n<h3 class=\"entry-title td-module-title\"><a href=\"https:\/\/orasul-timisoara.ro\/local-39869\/\" rel=\"bookmark\" title=\"Summer Beach Cup 2026 revine la Ciacova cu sport, concerte \u0219i mii de participan\u021bi\">Summer Beach Cup 2026 revine la Ciacova cu sport, concerte \u0219i mii de participan\u021bi<\/a><\/h3>\n<\/div>\n<\/div>\n<\/div>\n<div class=\"td-related-span4\">\n<div class=\"td_module_related_posts td-animation-stack td_mod_related_posts\">\n<div class=\"td-module-image\">\n<div class=\"td-module-thumb\"><a href=\"https:\/\/orasul-timisoara.ro\/local-39851\/\" rel=\"bookmark\" class=\"td-image-wrap \" title=\"O nou\u0103 rut\u0103 velo va conecta Timi\u0219oara de Ghiroda. A fost lansat\u0103 licita\u021bia pentru proiectare\"><img loading=\"lazy\" decoding=\"async\" class=\"entry-thumb\" src=\"https:\/\/orasul-timisoara.ro\/wp-content\/uploads\/2026\/07\/751883961_1040432125025461_3694052655643955190_n-1-436x300.jpg\" alt title=\"O nou\u0103 rut\u0103 velo va conecta Timi\u0219oara de Ghiroda. A fost lansat\u0103 licita\u021bia pentru proiectare\" width=\"218\" height=\"150\"><\/a><\/div>\n<\/div>\n<div class=\"item-details\">\n<h3 class=\"entry-title td-module-title\"><a href=\"https:\/\/orasul-timisoara.ro\/local-39851\/\" rel=\"bookmark\" title=\"O nou\u0103 rut\u0103 velo va conecta Timi\u0219oara de Ghiroda. A fost lansat\u0103 licita\u021bia pentru proiectare\">O nou\u0103 rut\u0103 velo va conecta Timi\u0219oara de Ghiroda. A fost lansat\u0103 licita\u021bia pentru proiectare<\/a><\/h3>\n<\/div>\n<\/div>\n<\/div>\n<div class=\"td-related-span4\">\n<div class=\"td_module_related_posts td-animation-stack td_mod_related_posts\">\n<div class=\"td-module-image\">\n<div class=\"td-module-thumb\"><a href=\"https:\/\/orasul-timisoara.ro\/local-39822\/\" rel=\"bookmark\" class=\"td-image-wrap \" title=\"Timi\u0219oara red\u0103 comunit\u0103\u021bii Turnul de Ap\u0103 din Iosefin dup\u0103 o investi\u021bie de peste 10,5 milioane de lei\"><img loading=\"lazy\" decoding=\"async\" class=\"entry-thumb\" src=\"https:\/\/orasul-timisoara.ro\/wp-content\/uploads\/2026\/07\/Turn-5-436x300.jpg\" alt title=\"Timi\u0219oara red\u0103 comunit\u0103\u021bii Turnul de Ap\u0103 din Iosefin dup\u0103 o investi\u021bie de peste 10,5 milioane de lei\" width=\"218\" height=\"150\"><\/a><\/div>\n<\/div>\n<div class=\"item-details\">\n<h3 class=\"entry-title td-module-title\"><a href=\"https:\/\/orasul-timisoara.ro\/local-39822\/\" rel=\"bookmark\" title=\"Timi\u0219oara red\u0103 comunit\u0103\u021bii Turnul de Ap\u0103 din Iosefin dup\u0103 o investi\u021bie de peste 10,5 milioane de lei\">Timi\u0219oara red\u0103 comunit\u0103\u021bii Turnul de Ap\u0103 din Iosefin dup\u0103 o investi\u021bie de peste 10,5 milioane de lei<\/a><\/h3>\n<\/div>\n<\/div>\n<\/div>\n<\/div>\n<\/div>\n<\/div>\n<div class=\"comments\" id=\"comments\">\n<div id=\"respond\" class=\"comment-respond\">\n<h3 id=\"reply-title\" class=\"comment-reply-title\">L\u0102SA\u021aI UN MESAJ<\/h3>\n<div class=\"comment-form-input-wrap td-form-comment\">\n<div class=\"td-warning-comment\">V\u0103 rug\u0103m s\u0103 introduce\u021bi comentariul dvs.!<\/div>\n<\/div>\n<div class=\"comment-form-input-wrap td-form-author\">\n<div class=\"td-warning-author\">Introduce\u021bi aici numele dvs.<\/div>\n<\/div>\n<div class=\"comment-form-input-wrap td-form-email\">\n<div class=\"td-warning-email-error\">A\u021bi introdus o adres\u0103 de e-mail incorect\u0103!<\/div>\n<div class=\"td-warning-email\">V\u0103 rug\u0103m s\u0103 introduce\u021bi adresa dvs. de e-mail aici<\/div>\n<\/div>\n<\/div>\n<p class=\"akismet_comment_form_privacy_notice\">Acest site folose\u0219te Akismet pentru a reduce spamul. <a href=\"https:\/\/akismet.com\/privacy\/\" target=\"_blank\" rel=\"nofollow noopener\">Afl\u0103 cum sunt procesate datele comentariilor tale<\/a>.<\/p>\n<\/div>\n<\/div>\n<\/div>\n<div class=\"td-pb-span4 td-main-sidebar\" role=\"complementary\">\n<div class=\"td-ss-main-sidebar\">\n<aside id=\"block-4\" class=\"td_block_template_8 widget block-4 widget_block widget_media_image\">\n<figure class=\"wp-block-image size-full\"><img loading=\"lazy\" decoding=\"async\" width=\"336\" height=\"280\" src=\"https:\/\/orasul-timisoara.ro\/wp-content\/uploads\/2024\/11\/ReTIM-Abonamentul-Verde-Google-Ads-336x280px.gif\" alt class=\"wp-image-29257\"><\/figure>\n<\/aside>\n<div class=\"td_block_wrap td_block_social_counter td_block_widget tdi_6 td-social-style5 td-social-boxed td-pb-border-top td_block_template_8\">\n<div class=\"td-block-title-wrap\">\n<h4 class=\"td-block-title\"><span>Urm\u0103re\u0219te-ne pe Social Media<\/span><\/h4>\n<\/div>\n<div class=\"td-social-list\">\n<div class=\"td_social_type td-pb-margin-side td_social_facebook\">\n<div class=\"td-social-box\"><span class=\"td_social_info td_social_info_counter\">344,595<\/span><span class=\"td_social_info td_social_info_name\">Fani<\/span><span class=\"td_social_button\"><a href=\"https:\/\/www.facebook.com\/247timisoara\" target=\"_blank\" rel=\"nofollow\">\u00cemi place<\/a><\/span><\/div>\n<\/div>\n<div class=\"td_social_type td-pb-margin-side td_social_instagram\">\n<div class=\"td-social-box\"><span class=\"td_social_info td_social_info_counter\">4,416<\/span><span class=\"td_social_info td_social_info_name\">Cititori<\/span><span class=\"td_social_button\"><a href=\"https:\/\/instagram.com\/orasultimisoararo\/\" target=\"_blank\" rel=\"nofollow\">Conecta\u021bi-v\u0103<\/a><\/span><\/div>\n<\/div>\n<div class=\"td_social_type td-pb-margin-side td_social_rss\">\n<div class=\"td-social-box\"><span class=\"td_social_info td_social_info_counter\">12,506<\/span><span class=\"td_social_info td_social_info_name\">Cititori<\/span><span class=\"td_social_button\"><a href=\"https:\/\/orasul-timisoara.ro\/feed\/\" target=\"_blank\" rel=\"nofollow\">Conecta\u021bi-v\u0103<\/a><\/span><\/div>\n<\/div>\n<div class=\"td_social_type td-pb-margin-side td_social_tiktok\">\n<div class=\"td-social-box\"><span class=\"td_social_info td_social_info_counter\">1,500<\/span><span class=\"td_social_info td_social_info_name\">Cititori<\/span><span class=\"td_social_button\"><a href=\"https:\/\/www.tiktok.com\/@orasultimisoara\" target=\"_blank\" rel=\"nofollow\">Conecta\u021bi-v\u0103<\/a><\/span><\/div>\n<\/div>\n<div class=\"td_social_type td-pb-margin-side td_social_twitter\">\n<div class=\"td-social-box\"><span class=\"td_social_info td_social_info_counter\">1,595<\/span><span class=\"td_social_info td_social_info_name\">Cititori<\/span><span class=\"td_social_button\"><a href=\"https:\/\/twitter.com\/orasultm\" target=\"_blank\" rel=\"nofollow\">Conecta\u021bi-v\u0103<\/a><\/span><\/div>\n<\/div>\n<div class=\"td_social_type td-pb-margin-side td_social_youtube\">\n<div class=\"td-social-box\"><span class=\"td_social_info td_social_info_counter\">3,506<\/span><span class=\"td_social_info td_social_info_name\">Abona\u021bi<\/span><span class=\"td_social_button\"><a href=\"https:\/\/www.youtube.com\/channel\/UCQNsQvs2XCSIm1Z-AHRturw?sub_confirmation=1\" target=\"_blank\" rel=\"nofollow\">Abona\u021bi-v\u0103<\/a><\/span><\/div>\n<\/div>\n<\/div>\n<\/div>\n<aside id=\"text-7\" class=\"td_block_template_8 widget text-7 widget_text\">\n<h4 class=\"td-block-title\"><span>C\u0103ut\u0103ri populare pe OTM<\/span><\/h4>\n<div class=\"textwidget\"><a href=\"https:\/\/orasul-timisoara.ro\/?s=timisoara\"><span>Timisoara<\/span><\/a><a href=\"https:\/\/orasul-timisoara.ro\/?s=calin+dobra\"><span>Calin Dobra<\/span><\/a><a href=\"https:\/\/orasul-timisoara.ro\/?s=primaria+timisoara\"><span>Primaria Timisoara<\/span><\/a><a href=\"https:\/\/orasul-timisoara.ro\/?s=dominic+fritz\"><span>Dominic Fritz<\/span><\/a><a href=\"https:\/\/orasul-timisoara.ro\/?s=nicolae+robu\"><span>Nicolae Robu<\/span><\/a><a href=\"https:\/\/orasul-timisoara.ro\/?s=consiliul+local+timisoara\">Consiliul Local Timisoara<\/a><a href=\"https:\/\/orasul-timisoara.ro\/?s=consiliul+judetean+timis\"><span>Consiliul Judetean Timis<\/span><\/a><a href=\"https:\/\/orasul-timisoara.ro\/?s=cjt\"><span>CJT<\/span><\/a><a href=\"https:\/\/orasul-timisoara.ro\/?s=Alfred+Simonis\"><span>Alfred Simonis<\/span><\/a><a href=\"https:\/\/orasul-timisoara.ro\/?s=PNL\"><span>PNL<\/span><\/a><a href=\"https:\/\/orasul-timisoara.ro\/?s=coronavirus\"><span>coronavirus<\/span><\/a><a href=\"https:\/\/orasul-timisoara.ro\/?s=teatru+timisoara\">teatru Timisoara<\/a><a href=\"https:\/\/orasul-timisoara.ro\/?s=restaurante\"><span>restaurante Timisoara<\/span><\/a><a href=\"https:\/\/orasul-timisoara.ro\/?s=diskoteka\"><span>Diskoteka<\/span><\/a><a href=\"https:\/\/orasul-timisoara.ro\/?s=iulius+town\"><span>Iulius Town<\/span><\/a><a href=\"https:\/\/orasul-timisoara.ro\/?s=iulius+mall\"><span>Iulius Mall<\/span><\/a><a href=\"https:\/\/orasul-timisoara.ro\/?s=stpt\"><span>STPT<\/span><\/a><a href=\"https:\/\/orasul-timisoara.ro\/?s=alin+nica\"><span>Alin Nica<\/span><\/a><a href=\"https:\/\/orasul-timisoara.ro\/?s=psd\"><span>PSD<\/span><\/a><a href=\"https:\/\/orasul-timisoara.ro\/?s=aeroport\"><span>Aeroportul International Timisoara<\/span><\/a><a href=\"https:\/\/orasul-timisoara.ro\/?s=babes\"><span>Spitalul Victor Babes Timisoara<\/span><\/a><a href=\"https:\/\/orasul-timisoara.ro\/?s=poli\"><span>Poli Timi\u0219oara<\/span><\/a><a href=\"https:\/\/orasul-timisoara.ro\/?s=carantina\"><span>carantina<\/span><\/a><a href=\"https:\/\/orasul-timisoara.ro\/?s=aquatim\"><span>Aquatim<\/span><\/a><a href=\"https:\/\/orasul-timisoara.ro\/local-category\/stiri-timisoara\/\"><span>Stiri Timisoara<\/span><\/a><a href=\"https:\/\/orasul-timisoara.ro\/local-category\/investitii-in-timisoara\/\"><span>Investi\u021bii in Timi\u0219oara<\/span><\/a><a href=\"https:\/\/orasul-timisoara.ro\/local-9463\/\"><span>shaorma<\/span><\/a><a href=\"https:\/\/orasul-timisoara.ro\/?s=trafic\"><span>trafic rutier<\/span><\/a><a href=\"https:\/\/orasul-timisoara.ro\/?s=politia\"><span>politia locala timisoara<\/span><\/a><a href=\"https:\/\/orasul-timisoara.ro\/?s=roxana\"><span>Roxana Iliescu<\/span><\/a><a href=\"https:\/\/orasul-timisoara.ro\/?s=colterm\"><span>Colterm<\/span><\/a><a href=\"https:\/\/orasul-timisoara.ro\/?s=latcau\"><span>Ruben La\u021bc\u0103u<\/span><\/a><a href=\"https:\/\/orasul-timisoara.ro\/?s=timis\"><span>\u0218tiri din Timi\u0219<\/span><\/a><a href=\"https:\/\/orasul-timisoara.ro\/?s=spital\"><span>Spitale din Timi\u0219oara<\/span><\/a><a href=\"https:\/\/orasul-timisoara.ro\/?s=tabara\"><span>Cosmin Tab\u0103r\u0103<\/span><\/a><\/div>\n<\/aside>\n<aside id=\"rss-2\" class=\"td_block_template_8 widget rss-2 widget_rss\">\n<h4 class=\"td-block-title\"><span><a class=\"rsswidget rss-widget-feed\" href=\"https:\/\/fashionfridays.ro\/feed\"><img decoding=\"async\" class=\"rss-widget-icon\" width=\"14\" height=\"14\" src=\"https:\/\/orasul-timisoara.ro\/wp-includes\/images\/rss.png\" alt=\"RSS\" loading=\"lazy\"><\/a><a class=\"rsswidget rss-widget-title\" href=\"https:\/\/fashionfridays.ro\/\">Fashion Fridays<\/a><\/span><\/h4>\n<ul>\n<li><a class=\"rsswidget\" href=\"https:\/\/fashionfridays.ro\/romania-devine-a-29-a-piata-vogue-o-noua-era-pentru-industria-locala-de-moda\/\">Rom\u00e2nia devine a 29-a pia\u021b\u0103 Vogue: o nou\u0103 er\u0103 pentru industria local\u0103 de mod\u0103<\/a>\n<div class=\"rssSummary\">Revista Vogue \u00ee\u0219i extinde prezen\u021ba global\u0103 \u0219i va fi lansat\u0103 oficial \u00een Rom\u00e2nia \u00een prim\u0103vara anului 2027, marc\u00e2nd intrarea pe cea de-a 29-a pia\u021b\u0103 interna\u021bional\u0103. Proiectul este realizat \u00een parteneriat cu AEMME Publishing, o companie media recent \u00eenfiin\u021bat\u0103, care va publica edi\u021bia local\u0103 sub licen\u021b\u0103. Noua edi\u021bie, Vogue Rom\u00e2nia, \u00ee\u0219i propune s\u0103 combine autoritatea global\u0103 [\u2026]<\/div>\n<\/li>\n<\/ul>\n<\/aside>\n<aside id=\"rss-4\" class=\"td_block_template_8 widget rss-4 widget_rss\">\n<h4 class=\"td-block-title\"><span><a class=\"rsswidget rss-widget-feed\" href=\"https:\/\/emasini.ro\/feed\"><img decoding=\"async\" class=\"rss-widget-icon\" width=\"14\" height=\"14\" src=\"https:\/\/orasul-timisoara.ro\/wp-includes\/images\/rss.png\" alt=\"RSS\" loading=\"lazy\"><\/a><a class=\"rsswidget rss-widget-title\" href=\"https:\/\/emasini.ro\/\">eMasini<\/a><\/span><\/h4>\n<ul>\n<li><a class=\"rsswidget\" href=\"https:\/\/emasini.ro\/dacia-analizeaza-lansarea-lui-hipster-automobilul-urban-de-doar-3-metri-lungime\/\">Dacia analizeaz\u0103 lansarea lui Hipster, automobilul urban de doar 3 metri lungime (video)<\/a>\n<div class=\"rssSummary\">Dacia ar putea introduce pe pia\u021b\u0103 unul dintre cele mai neobi\u0219nuite modele din istoria sa recent\u0103. Conceptul Hipster, prezentat anul trecut ca o reinterpretare radical\u0103 a automobilului urban accesibil, se afl\u0103 \u00een prezent \u00eentr-o etap\u0103 de evaluare, iar decizia privind produc\u021bia de serie va fi luat\u0103 \u00een func\u021bie de reac\u021bia publicului \u0219i de evolu\u021bia reglement\u0103rilor [\u2026]<\/div>\n<\/li>\n<\/ul>\n<\/aside>\n<\/div>\n<\/div>\n<\/div>\n<\/div>\n<\/article>\n<div class=\"td-post-content tagdiv-type\">\n<p class=\"wp-block-paragraph\">Asocia\u021bia Cultural\u0103 Ecluze deschide joi, 30 iulie, de la ora 18:00, la Vila MAL din Timi\u0219oara, expozi\u021bia <strong>RE.Flux pe Bega<\/strong> \u0219i lanseaz\u0103 oficial <strong>RE.Descoperim<\/strong>, un nou traseu cultural dedicat sculpturilor monumentale din Parcul Alpinet. Evenimentul marcheaz\u0103 \u00eenceputul unui program desf\u0103\u0219urat pe parcursul \u00eentregului weekend, care include tururi ghidate \u0219i o c\u0103l\u0103torie pe Bega la bordul vaporului Pelican.<\/p>\n<p class=\"wp-block-paragraph\">Prin acest proiect, organizatorii \u00ee\u0219i propun s\u0103 readuc\u0103 \u00een aten\u021bia publicului patrimoniul natural, hidrotehnic \u0219i artistic al Beg\u0103i, oferind o perspectiv\u0103 ampl\u0103 asupra r\u00e2ului care a influen\u021bat dezvoltarea Timi\u0219oarei \u0219i a Banatului. Toate activit\u0103\u021bile sunt gratuite, iar accesul la vernisaj este liber.<\/p>\n<h2 class=\"wp-block-heading\">RE.Flux pe Bega urm\u0103re\u0219te povestea r\u00e2ului de la izvoare p\u00e2n\u0103 la Tisa<\/h2>\n<p class=\"wp-block-paragraph\">Expozi\u021bia invit\u0103 publicul s\u0103 descopere Bega dincolo de imaginea cunoscut\u0103 a canalului care traverseaz\u0103 Timi\u0219oara. Parcursul expozi\u021bional urm\u0103re\u0219te traseul complet al r\u00e2ului, de la izvoarele din Mun\u021bii Poiana Rusc\u0103 p\u00e2n\u0103 la v\u0103rsarea \u00een Tisa, prezent\u00e2nd leg\u0103tura dintre ap\u0103, comunit\u0103\u021bile dezvoltate \u00een jurul s\u0103u \u0219i patrimoniul hidrotehnic construit de-a lungul timpului.<\/p>\n<p class=\"wp-block-paragraph\">Simbolul proiectului este egreta, care \u00eei \u00eenso\u021be\u0219te pe vizitatori \u00eentr-o incursiune prin istoria locurilor \u0219i ecosistemul Beg\u0103i. Organizatorii propun astfel o privire asupra \u00eentregului bazin hidrografic, incluz\u00e2nd afluen\u021bii, lucr\u0103rile hidrotehnice \u0219i comunit\u0103\u021bile care formeaz\u0103 un peisaj cultural considerat unic \u00een Rom\u00e2nia.<\/p>\n<h2 class=\"wp-block-heading\">Schimb\u0103rile climatice \u0219i protejarea patrimoniului hidrotehnic<\/h2>\n<p class=\"wp-block-paragraph\">O component\u0103 important\u0103 a expozi\u021biei este dedicat\u0103 provoc\u0103rilor cu care se confrunt\u0103 \u00een prezent cursurile de ap\u0103 din vestul \u021b\u0103rii. Debitele reduse, perioadele \u00een care unele albii r\u0103m\u00e2n f\u0103r\u0103 ap\u0103 \u0219i impactul interven\u021biilor umane sunt prezentate ca fenomene care afecteaz\u0103 \u00eentregul bazin al Beg\u0103i.<\/p>\n<p class=\"wp-block-paragraph\">Prin aceast\u0103 abordare, vizitatorii sunt invita\u021bi s\u0103 \u00een\u021beleag\u0103 c\u0103 protejarea patrimoniului hidrotehnic \u00eenseamn\u0103 \u0219i cunoa\u0219terea modului \u00een care func\u021bioneaz\u0103 \u00eentregul sistem al r\u00e2ului, nu doar sectorul navigabil din Timi\u0219oara.<\/p>\n<h2 class=\"wp-block-heading\">RE.Descoperim pune \u00een valoare sculpturile monumentale din Parcul Alpinet<\/h2>\n<p class=\"wp-block-paragraph\">\u00cen cadrul vernisajului va fi prezentat \u0219i RE.Descoperim, traseul cultural creat pentru cele zece sculpturi monumentale amplasate \u00een Parcul Alpinet \u00een urma Simpozionului de Sculptur\u0103 din 1984.<\/p>\n<p class=\"wp-block-paragraph\">Realizate din piatr\u0103 de Vi\u0219tea, lucr\u0103rile au fost concepute \u00een rela\u021bie direct\u0103 cu apa Beg\u0103i \u0219i vegeta\u021bia parcului. Ele apar\u021bin arti\u0219tilor \u0218tefan C\u0103l\u0103r\u0103\u0219anu, Nicolae Kruch junior, Aurel Cucu, Sava Stoianov, Adrian Ioni\u021b\u0103, Niculai B\u00e2nd\u0103r\u0103u, Florin T\u0103n\u0103sescu, Victor Gaga, Liviu Rusu \u0219i B\u00e9la Szak\u00e1ts.<\/p>\n<p class=\"wp-block-paragraph\">Dup\u0103 mai bine de patru decenii, sculpturile continu\u0103 s\u0103 fac\u0103 parte din peisajul urban al Timi\u0219oarei, \u00eens\u0103 informa\u021biile despre autori \u0219i contextul \u00een care au fost realizate s-au estompat treptat. Noul traseu cultural le reune\u0219te printr-o semnalistic\u0103 modern\u0103, fiecare lucrare fiind \u00eenso\u021bit\u0103 de informa\u021bii despre artist, titlu \u0219i perioada \u00een care a fost creat\u0103. Dup\u0103 lansare, traseul va putea fi parcurs liber de c\u0103tre public.<\/p>\n<h2 class=\"wp-block-heading\">Maria S\u00e2rbu prezint\u0103 istoria Simpozionului de Sculptur\u0103 din 1984<\/h2>\n<p class=\"wp-block-paragraph\">Invitat\u0103 la vernisaj este Maria S\u00e2rbu, lector \u00een cadrul Facult\u0103\u021bii de Arte \u0219i Design din Timi\u0219oara, care va prezenta povestea Simpozionului de Sculptur\u0103 \u0219i importan\u021ba lucr\u0103rilor p\u0103strate \u00een Parcul Alpinet.<\/p>\n<p class=\"wp-block-paragraph\">Specializat\u0103 \u00een istoria \u0219i teoria artei la Universitatea Babe\u0219-Bolyai din Cluj-Napoca, Maria S\u00e2rbu este implicat\u0103 \u00een promovarea artei contemporane rom\u00e2ne\u0219ti. De-a lungul timpului a colaborat cu Funda\u021bia Art Encounters, a realizat proiecte curatoriale \u00eempreun\u0103 cu grupul Avantpost \u0219i a fondat programul curatorial DRAFT.<\/p>\n<h2 class=\"wp-block-heading\">Tururi ghidate pentru descoperirea Beg\u0103i \u0219i a patrimoniului artistic<\/h2>\n<p class=\"wp-block-paragraph\">Programul continu\u0103 \u00een weekend cu trei tururi ghidate organizate de echipa Ecluze pe Bega. Participan\u021bii vor vizita mai \u00eent\u00e2i expozi\u021bia de la Vila MAL, apoi vor parcurge traseul RE.Descoperim din Parcul Alpinet, unde vor afla detalii despre istoria Beg\u0103i, patrimoniul hidrotehnic \u0219i sculpturile monumentale realizate \u00een 1984.<\/p>\n<p class=\"wp-block-paragraph\">Tururile sunt programate s\u00e2mb\u0103t\u0103, 1 august, \u00een intervalele 10:00\u201312:00 \u0219i 12:00\u201314:00, respectiv duminic\u0103, 2 august, \u00eentre orele 10:00 \u0219i 12:00. Participarea este gratuit\u0103, pe baz\u0103 de \u00eenscriere prealabil\u0103, iar fiecare grup este limitat la maximum 20 de persoane. Punctul de \u00eent\u00e2lnire este Vila MAL, situat\u0103 l\u00e2ng\u0103 Podul Mihai Viteazul.<\/p>\n<h2 class=\"wp-block-heading\">Pelicanul readuce publicul pe ap\u0103 \u00eentr-o experien\u021b\u0103 cultural\u0103<\/h2>\n<p class=\"wp-block-paragraph\">Evenimentele dedicate Beg\u0103i se \u00eencheie duminic\u0103, 2 august, cu un tur ghidat desf\u0103\u0219urat la bordul vaporului Pelican. Plecarea este programat\u0103 la ora 14:00 de la pontonul D\u2019arc pe Mal, iar participan\u021bii vor descoperi Timi\u0219oara din mijlocul canalului, \u00eentr-o perspectiv\u0103 diferit\u0103 asupra podurilor, cl\u0103dirilor \u0219i patrimoniului construit \u00een jurul r\u00e2ului.<\/p>\n<p class=\"wp-block-paragraph\">Pe durata c\u0103l\u0103toriei, membrii echipei Ecluze pe Bega vor prezenta istoria naviga\u021biei, dezvoltarea ora\u0219ului \u00een rela\u021bie cu apa \u0219i locurile care p\u0103streaz\u0103 urmele patrimoniului hidrotehnic.<\/p>\n<p class=\"wp-block-paragraph\">Construit \u00een 1966 la \u0219antierul naval din Giurgiu \u0219i utilizat pentru curse pe Bega \u00eencep\u00e2nd din anii \u201980, Pelicanul a fost salvat de la dezmembrare \u0219i readus pe ap\u0103 ca platform\u0103 cultural\u0103. Ast\u0103zi este unul dintre simbolurile reconect\u0103rii Timi\u0219oarei cu r\u00e2ul care i-a influen\u021bat dezvoltarea.<\/p>\n<h2 class=\"wp-block-heading\">Un proiect care redeschide dialogul dintre ora\u0219 \u0219i r\u00e2u<\/h2>\n<p class=\"wp-block-paragraph\">Prin expozi\u021bia RE.Flux pe Bega, lansarea traseului RE.Descoperim \u0219i activit\u0103\u021bile organizate pe parcursul weekendului, Asocia\u021bia Cultural\u0103 Ecluze propune o redescoperire a Beg\u0103i din perspectiv\u0103 istoric\u0103, cultural\u0103 \u0219i ecologic\u0103. Proiectul urm\u0103re\u0219te s\u0103 apropie publicul de patrimoniul ora\u0219ului \u0219i s\u0103 \u00eencurajeze o \u00een\u021belegere mai profund\u0103 a rolului pe care r\u00e2ul \u00eel joac\u0103 \u00een identitatea Timi\u0219oarei \u0219i a \u00eentregii regiuni.<\/p>\n<\/div>\n<p>[analyse_source url=&#8221;https:\/\/orasul-timisoara.ro\/local-39894\/&#8221;]<\/p>\n","protected":false},"excerpt":{"rendered":"<p>[analyse_image type=&#8221;featured&#8221; src=&#8221;https:\/\/orasul-timisoara.ro\/wp-content\/uploads\/2026\/07\/Ecluze5.jpg&#8221;] Evenimente in TimisoaraBega \u0219i sculpturile din Alpinet, redescoperite printr-un nou proiect cultural Evenimente in Timisoara \u0218tiri Locale Bega \u0219i sculpturile din Alpinet, redescoperite printr-un nou proiect cultural De c\u0103tre redactia &#8211; 28\/07\/2026 Facebook Twitter WhatsApp Linkedin ReddIt Email Imprimare Asocia\u021bia Cultural\u0103 Ecluze deschide joi, 30 iulie, de la ora 18:00, la Vila [&hellip;]<\/p>\n","protected":false},"author":1,"featured_media":0,"comment_status":"open","ping_status":"","sticky":false,"template":"","format":"standard","meta":{"footnotes":""},"categories":[89],"tags":[226,189],"class_list":["post-2066421","post","type-post","status-publish","format-standard","hentry","category-romania","tag-crawlmanager","tag-orasul-timisoara-ro"],"_links":{"self":[{"href":"https:\/\/analyse.optim.biz\/index.php?rest_route=\/wp\/v2\/posts\/2066421","targetHints":{"allow":["GET"]}}],"collection":[{"href":"https:\/\/analyse.optim.biz\/index.php?rest_route=\/wp\/v2\/posts"}],"about":[{"href":"https:\/\/analyse.optim.biz\/index.php?rest_route=\/wp\/v2\/types\/post"}],"author":[{"embeddable":true,"href":"https:\/\/analyse.optim.biz\/index.php?rest_route=\/wp\/v2\/users\/1"}],"replies":[{"embeddable":true,"href":"https:\/\/analyse.optim.biz\/index.php?rest_route=%2Fwp%2Fv2%2Fcomments&post=2066421"}],"version-history":[{"count":0,"href":"https:\/\/analyse.optim.biz\/index.php?rest_route=\/wp\/v2\/posts\/2066421\/revisions"}],"wp:attachment":[{"href":"https:\/\/analyse.optim.biz\/index.php?rest_route=%2Fwp%2Fv2%2Fmedia&parent=2066421"}],"wp:term":[{"taxonomy":"category","embeddable":true,"href":"https:\/\/analyse.optim.biz\/index.php?rest_route=%2Fwp%2Fv2%2Fcategories&post=2066421"},{"taxonomy":"post_tag","embeddable":true,"href":"https:\/\/analyse.optim.biz\/index.php?rest_route=%2Fwp%2Fv2%2Ftags&post=2066421"}],"curies":[{"name":"wp","href":"https:\/\/api.w.org\/{rel}","templated":true}]}}