{"id":2066419,"date":"2026-07-28T12:30:56","date_gmt":"2026-07-28T09:30:56","guid":{"rendered":"https:\/\/analyse.optim.biz\/?p=2066419"},"modified":"2026-07-28T12:30:56","modified_gmt":"2026-07-28T09:30:56","slug":"summer-beach-cup-2026-revine-la-ciacova-cu-sport-concerte-si-mii-de-participanti","status":"publish","type":"post","link":"https:\/\/analyse.optim.biz\/?p=2066419","title":{"rendered":"Summer Beach Cup 2026 revine la Ciacova cu sport, concerte \u0219i mii de participan\u021bi"},"content":{"rendered":"<p>[analyse_image type=&#8221;featured&#8221; src=&#8221;https:\/\/orasul-timisoara.ro\/wp-content\/uploads\/2026\/07\/ciacova-summer-beach.jpg&#8221;]<\/p>\n<article id=\"post-39869\" class=\"td-post-template-7 post-39869 post type-post status-publish format-standard has-post-thumbnail category-evenimente-in-timisoara category-featured category-stiri-timisoara tag-alexia-nicole-alb tag-banat tag-ciacova tag-dj-adrian tag-donjonul-ciacovei tag-evenimente-timis-2 tag-festival-de-vara tag-fotbal-pe-nisip tag-summer-beach-cup tag-teatrul-de-vara tag-timis-2 tag-turism-ciacova tag-volei-pe-nisip td-container-wrap\">\n<div class=\"td-full-screen-header-image-wrap\">\n<div class=\"td-container td-post-header\">\n<div class=\"td-crumb-container\">\n<div class=\"entry-crumbs\"><span><a title=\"Vede\u021bi toate articolele \u00een Evenimente in Timisoara\" class=\"entry-crumb\" href=\"https:\/\/orasul-timisoara.ro\/local-category\/evenimente-in-timisoara\/\">Evenimente in Timisoara<\/a><\/span><span class=\"td-bred-no-url-last\">Summer Beach Cup 2026 revine la Ciacova cu sport, concerte \u0219i mii&#8230;<\/span><\/div>\n<\/div>\n<div class=\"td-post-header-holder\">\n<div class=\"td-parallax-header\">\n<header class=\"td-post-title\">\n<ul class=\"td-category\">\n<li class=\"entry-category\"><a href=\"https:\/\/orasul-timisoara.ro\/local-category\/evenimente-in-timisoara\/\">Evenimente in Timisoara<\/a><\/li>\n<li class=\"entry-category\"><a href=\"https:\/\/orasul-timisoara.ro\/local-category\/stiri-timisoara\/\">\u0218tiri Locale<\/a><\/li>\n<\/ul>\n<h1 class=\"entry-title\">Summer Beach Cup 2026 revine la Ciacova cu sport, concerte \u0219i mii de participan\u021bi<\/h1>\n<div class=\"td-module-meta-info\">\n<div class=\"td-post-author-name\">\n<div class=\"td-author-by\">De c\u0103tre<\/div>\n<p><a href=\"https:\/\/orasul-timisoara.ro\/author\/timisoara\/\">redactia<\/a><\/p>\n<div class=\"td-author-line\"> &#8211; <\/div>\n<\/div>\n<p><span class=\"td-post-date\"><time class=\"entry-date updated td-module-date\" datetime=\"2026-07-28T15:30:56+03:00\">28\/07\/2026<\/time><\/span><\/div>\n<\/header>\n<\/div>\n<\/div>\n<\/div>\n<div id=\"td-full-screen-header-image\" class=\"td-image-gradient-style7\"><img decoding=\"async\" class=\"td-backstretch\" src=\"https:\/\/orasul-timisoara.ro\/wp-content\/uploads\/2026\/07\/ciacova-summer-beach.jpg\"><\/div>\n<\/div>\n<div class=\"td-container\">\n<div class=\"td-pb-row\">\n<div class=\"td-pb-span8 td-main-content\" role=\"main\">\n<div class=\"td-ss-main-content\">\n<div class=\"td-post-sharing-top\">\n<div class=\"td-post-sharing-classic\"><iframe title=\"topFacebookLike\" frameborder src=\"https:\/\/www.facebook.com\/plugins\/like.php?href=https:\/\/orasul-timisoara.ro\/local-39869\/&amp;layout=button_count&amp;show_faces=false&amp;width=105&amp;action=like&amp;colorscheme=light&amp;height=21\"><\/iframe><\/div>\n<div id=\"td_social_sharing_article_top\" class=\"td-post-sharing td-ps-bg td-ps-notext td-post-sharing-style1 \">\n<div class=\"td-post-sharing-visible\"><a class=\"td-social-sharing-button td-social-sharing-button-js td-social-network td-social-facebook\" href=\"https:\/\/www.facebook.com\/sharer.php?u=https%3A%2F%2Forasul-timisoara.ro%2Flocal-39869%2F\" title=\"Facebook\"><\/p>\n<div class=\"td-social-but-text\">Facebook<\/div>\n<p><\/a><a class=\"td-social-sharing-button td-social-sharing-button-js td-social-network td-social-twitter\" href=\"https:\/\/twitter.com\/intent\/tweet?text=Summer+Beach+Cup+2026+revine+la+Ciacova+cu+sport%2C+concerte+%C8%99i+mii+de+participan%C8%9Bi&amp;url=https%3A%2F%2Forasul-timisoara.ro%2Flocal-39869%2F&amp;via=orasultm\" title=\"Twitter\"><\/p>\n<div class=\"td-social-but-text\">Twitter<\/div>\n<p><\/a><a class=\"td-social-sharing-button td-social-sharing-button-js td-social-network td-social-whatsapp\" href=\"https:\/\/api.whatsapp.com\/send?text=Summer+Beach+Cup+2026+revine+la+Ciacova+cu+sport%2C+concerte+%C8%99i+mii+de+participan%C8%9Bi%20%0A%0A%20https:\/\/orasul-timisoara.ro\/local-39869\/\" title=\"WhatsApp\"><\/p>\n<div class=\"td-social-but-text\">WhatsApp<\/div>\n<p><\/a><a class=\"td-social-sharing-button td-social-sharing-button-js td-social-network td-social-linkedin\" href=\"https:\/\/www.linkedin.com\/shareArticle?mini=true&amp;url=https:\/\/orasul-timisoara.ro\/local-39869\/&amp;title=Summer+Beach+Cup+2026+revine+la+Ciacova+cu+sport%2C+concerte+%C8%99i+mii+de+participan%C8%9Bi\" title=\"Linkedin\"><\/p>\n<div class=\"td-social-but-text\">Linkedin<\/div>\n<p><\/a><a class=\"td-social-sharing-button td-social-sharing-button-js td-social-network td-social-reddit\" href=\"https:\/\/reddit.com\/submit?url=https:\/\/orasul-timisoara.ro\/local-39869\/&amp;title=Summer+Beach+Cup+2026+revine+la+Ciacova+cu+sport%2C+concerte+%C8%99i+mii+de+participan%C8%9Bi\" title=\"ReddIt\"><\/p>\n<div class=\"td-social-but-text\">ReddIt<\/div>\n<p><\/a><a class=\"td-social-sharing-button td-social-sharing-button-js td-social-network td-social-mail\" href=\"mailto:?subject=Summer%20Beach%20Cup%202026%20revine%20la%20Ciacova%20cu%20sport,%20concerte%20%C8%99i%20mii%20de%20participan%C8%9Bi&amp;body=https:\/\/orasul-timisoara.ro\/local-39869\/\" title=\"Email\"><\/p>\n<div class=\"td-social-but-text\">Email<\/div>\n<p><\/a><a class=\"td-social-sharing-button td-social-sharing-button-js td-social-network td-social-print\" href=\"https:\/\/orasul-timisoara.ro\/local-39869\/\" title=\"Imprimare\"><\/p>\n<div class=\"td-social-but-text\">Imprimare<\/div>\n<p><\/a><\/div>\n<\/div>\n<\/div>\n<div class=\"td-post-content tagdiv-type\">\n<p class=\"wp-block-paragraph\">\u00cen perioada <strong>30 iulie \u2013 1 august 2026<\/strong>, ora\u0219ul <strong>Ciacova<\/strong>, din jude\u021bul Timi\u0219, va deveni gazda uneia dintre cele mai ample manifest\u0103ri estivale din vestul Rom\u00e2niei. <strong>Summer Beach Cup 2026<\/strong> revine cu cea de-a doua edi\u021bie, propun\u00e2nd un program complex care \u00eembin\u0103 competi\u021biile sportive, spectacolele artistice \u0219i activit\u0103\u021bile de agrement dedicate tuturor categoriilor de public.<\/p>\n<p class=\"wp-block-paragraph\">Dup\u0103 debutul din 2025, c\u00e2nd aproximativ 1.000 de persoane au participat la eveniment, organizatorii estimeaz\u0103 c\u0103 edi\u021bia din acest an va dep\u0103\u0219i pragul de <strong>2.500 de participan\u021bi<\/strong>, obiectiv care ar confirma interesul tot mai mare pentru festival \u0219i ar consolida pozi\u021bia Ciacovei pe harta evenimentelor de var\u0103 din regiunea Banat.<\/p>\n<h2 class=\"wp-block-heading\">Trei zile \u00een care sportul \u0219i divertismentul merg m\u00e2n\u0103 \u00een m\u00e2n\u0103<\/h2>\n<p class=\"wp-block-paragraph\">Summer Beach Cup 2026 este construit \u00een jurul ideii de competi\u021bie, socializare \u0219i petrecere a timpului liber. Pe parcursul celor trei zile, participan\u021bii vor avea ocazia s\u0103 urm\u0103reasc\u0103 \u00eentreceri sportive, s\u0103 participe la activit\u0103\u021bi recreative \u0219i s\u0103 se bucure de concerte \u0219i spectacole organizate \u00een diferite puncte ale ora\u0219ului.<\/p>\n<p class=\"wp-block-paragraph\">Evenimentul \u00ee\u0219i propune s\u0103 atrag\u0103 at\u00e2t locuitori ai jude\u021bului Timi\u0219, c\u00e2t \u0219i vizitatori din alte zone ale \u021b\u0103rii, contribuind la promovarea Ciacovei ca destina\u021bie pentru evenimente \u0219i turism.<\/p>\n<p class=\"wp-block-paragraph\">Prin conceptul s\u0103u, Summer Beach Cup \u00eembin\u0103 atmosfera unui festival de var\u0103 cu cea a unei competi\u021bii sportive, oferind un program variat pe \u00eentreaga durat\u0103 a manifest\u0103rii.<\/p>\n<h2 class=\"wp-block-heading\">Turnee de volei \u0219i fotbal pe nisip<\/h2>\n<p class=\"wp-block-paragraph\">Printre principalele atrac\u021bii ale edi\u021biei din acest an se num\u0103r\u0103 competi\u021biile de <strong>volei pe nisip<\/strong> \u0219i <strong>fotbal pe nisip<\/strong>, discipline care au reprezentat puncte de interes \u0219i la prima edi\u021bie.<\/p>\n<p class=\"wp-block-paragraph\">Organizatorii au deschis \u00eenscrierile pentru echipele care doresc s\u0103 participe \u00een competi\u021bii, iar cei interesa\u021bi pot ob\u021bine informa\u021bii \u0219i se pot \u00eenscrie prin intermediul persoanei de contact <strong>Flavius Ion<\/strong>, la num\u0103rul de telefon <strong>0753 052 530<\/strong>.<\/p>\n<p class=\"wp-block-paragraph\">Aceste \u00eentreceri sunt concepute at\u00e2t pentru sportivii amatori, c\u00e2t \u0219i pentru echipele care doresc s\u0103 participe \u00eentr-un cadru competitiv, dar relaxat, specific sezonului estival.<\/p>\n<h2 class=\"wp-block-heading\">Program artistic \u00een fiecare sear\u0103<\/h2>\n<p class=\"wp-block-paragraph\">Pe l\u00e2ng\u0103 competi\u021biile sportive, organizatorii au preg\u0103tit un program artistic care se va desf\u0103\u0219ura \u00een fiecare sear\u0103 a evenimentului.<\/p>\n<p class=\"wp-block-paragraph\"><strong>Teatrul de Var\u0103 din Ciacova<\/strong> va g\u0103zdui un spectacol de balet, complet\u00e2nd oferta cultural\u0103 a festivalului \u0219i oferind publicului o experien\u021b\u0103 diferit\u0103 fa\u021b\u0103 de activit\u0103\u021bile sportive din timpul zilei.<\/p>\n<p class=\"wp-block-paragraph\">Atmosfera va continua apoi cu petreceri \u00een aer liber \u0219i concerte dedicate iubitorilor de muzic\u0103.<\/p>\n<p class=\"wp-block-paragraph\">\u00cen <strong>31 iulie<\/strong>, \u00eencep\u00e2nd cu ora <strong>22:30<\/strong>, participan\u021bii sunt invita\u021bi la o discotec\u0103 \u00een aer liber animat\u0103 de <strong>DJ Adrian<\/strong>, iar seara de <strong>1 august<\/strong>, tot de la <strong>22:30<\/strong>, va aduce pe scen\u0103 un nou program muzical sus\u021binut de DJ, urmat de concertul artistei <strong>Alexia Nicole Alb<\/strong>, unul dintre momentele centrale ale edi\u021biei din 2026.<\/p>\n<p class=\"wp-block-paragraph\">Prin diversitatea activit\u0103\u021bilor propuse, organizatorii urm\u0103resc s\u0103 ofere experien\u021be at\u00e2t familiilor cu copii, c\u00e2t \u0219i tinerilor sau iubitorilor de sport \u0219i muzic\u0103.<\/p>\n<h2 class=\"wp-block-heading\">Ciacova \u00ee\u0219i promoveaz\u0103 patrimoniul prin intermediul evenimentului<\/h2>\n<p class=\"wp-block-paragraph\">Summer Beach Cup nu este g\u00e2ndit exclusiv ca o competi\u021bie sportiv\u0103 sau un festival de divertisment. Organizatorii urm\u0103resc \u0219i promovarea patrimoniului local, \u00eencuraj\u00e2nd participan\u021bii s\u0103 descopere cele mai importante obiective turistice ale ora\u0219ului.<\/p>\n<p class=\"wp-block-paragraph\">Printre acestea se num\u0103r\u0103 <strong>Donjonul (Cula Ciacovei)<\/strong>, unul dintre cele mai cunoscute monumente istorice din localitate, <strong>Palatul Administrativ<\/strong> \u0219i <strong>Teatrul de Var\u0103<\/strong>, spa\u021bii reprezentative pentru identitatea \u0219i istoria ora\u0219ului.<\/p>\n<p class=\"wp-block-paragraph\">Prin integrarea acestor obiective \u00een conceptul evenimentului, organizatorii \u00eencearc\u0103 s\u0103 transforme festivalul \u00eentr-o experien\u021b\u0103 complet\u0103, \u00een care vizitatorii s\u0103 combine participarea la activit\u0103\u021bi sportive \u0219i artistice cu descoperirea patrimoniului cultural al Ciacovei.<\/p>\n<p class=\"wp-block-paragraph\">Astfel, evenimentul contribuie \u0219i la promovarea turistic\u0103 a ora\u0219ului, oferind vizitatorilor motive suplimentare pentru a petrece mai mult timp \u00een localitate \u0219i pentru a reveni \u0219i cu alte ocazii.<\/p>\n<h2 class=\"wp-block-heading\">O edi\u021bie care \u00ee\u0219i propune s\u0103 dep\u0103\u0219easc\u0103 succesul din 2025<\/h2>\n<p class=\"wp-block-paragraph\">Prima edi\u021bie a Summer Beach Cup, organizat\u0103 \u00een 2025, a demonstrat c\u0103 exist\u0103 interes pentru un eveniment care combin\u0103 sportul \u0219i divertismentul \u00eentr-un format accesibil publicului larg. Participarea a aproximativ 1.000 de persoane a reprezentat un punct de plecare pentru dezvoltarea proiectului.<\/p>\n<p class=\"wp-block-paragraph\">\u00cen 2026, obiectivul este unul considerabil mai ambi\u021bios. Organizatorii estimeaz\u0103 prezen\u021ba a peste <strong>2.500 de participan\u021bi<\/strong>, miz\u00e2nd pe extinderea programului \u0219i pe interesul crescut al publicului din jude\u021bul Timi\u0219 \u0219i din \u00eentreaga regiune.<\/p>\n<p class=\"wp-block-paragraph\">Dac\u0103 estim\u0103rile vor fi confirmate, Summer Beach Cup \u00ee\u0219i poate consolida statutul de eveniment anual de referin\u021b\u0103 pentru Ciacova \u0219i poate deveni una dintre cele mai importante manifest\u0103ri estivale organizate \u00een vestul Rom\u00e2niei.<\/p>\n<p class=\"wp-block-paragraph\">Prin \u00eembinarea competi\u021biilor sportive, spectacolelor, concertelor \u0219i promov\u0103rii patrimoniului local, festivalul urm\u0103re\u0219te s\u0103 ofere participan\u021bilor o experien\u021b\u0103 complet\u0103 \u0219i s\u0103 contribuie la cre\u0219terea vizibilit\u0103\u021bii ora\u0219ului pe plan regional.<\/p>\n<\/div>\n<footer>\n<div class=\"td-post-source-tags\">\n<ul class=\"td-tags td-post-small-box clearfix\">\n<li><span>ETICHETE<\/span><\/li>\n<li><a href=\"https:\/\/orasul-timisoara.ro\/local-tag\/alexia-nicole-alb\/\">Alexia Nicole Alb<\/a><\/li>\n<li><a href=\"https:\/\/orasul-timisoara.ro\/local-tag\/banat\/\">banat<\/a><\/li>\n<li><a href=\"https:\/\/orasul-timisoara.ro\/local-tag\/ciacova\/\">ciacova<\/a><\/li>\n<li><a href=\"https:\/\/orasul-timisoara.ro\/local-tag\/dj-adrian\/\">DJ Adrian<\/a><\/li>\n<li><a href=\"https:\/\/orasul-timisoara.ro\/local-tag\/donjonul-ciacovei\/\">Donjonul Ciacovei<\/a><\/li>\n<li><a href=\"https:\/\/orasul-timisoara.ro\/local-tag\/evenimente-timis-2\/\">evenimente Timi\u0219<\/a><\/li>\n<li><a href=\"https:\/\/orasul-timisoara.ro\/local-tag\/festival-de-vara\/\">festival de var\u0103<\/a><\/li>\n<li><a href=\"https:\/\/orasul-timisoara.ro\/local-tag\/fotbal-pe-nisip\/\">fotbal pe nisip<\/a><\/li>\n<li><a href=\"https:\/\/orasul-timisoara.ro\/local-tag\/summer-beach-cup\/\">Summer Beach Cup<\/a><\/li>\n<li><a href=\"https:\/\/orasul-timisoara.ro\/local-tag\/teatrul-de-vara\/\">Teatrul de Var\u0103<\/a><\/li>\n<li><a href=\"https:\/\/orasul-timisoara.ro\/local-tag\/timis-2\/\">timi\u0219<\/a><\/li>\n<li><a href=\"https:\/\/orasul-timisoara.ro\/local-tag\/turism-ciacova\/\">turism Ciacova<\/a><\/li>\n<li><a href=\"https:\/\/orasul-timisoara.ro\/local-tag\/volei-pe-nisip\/\">volei pe nisip<\/a><\/li>\n<\/ul>\n<\/div>\n<div class=\"td-post-sharing-bottom\">\n<div class=\"td-post-sharing-classic\"><iframe title=\"bottomFacebookLike\" frameborder src=\"https:\/\/www.facebook.com\/plugins\/like.php?href=https:\/\/orasul-timisoara.ro\/local-39869\/&amp;layout=button_count&amp;show_faces=false&amp;width=105&amp;action=like&amp;colorscheme=light&amp;height=21\"><\/iframe><\/div>\n<div id=\"td_social_sharing_article_bottom\" class=\"td-post-sharing td-ps-bg td-ps-notext td-post-sharing-style1 \">\n<div class=\"td-post-sharing-visible\"><a class=\"td-social-sharing-button td-social-sharing-button-js td-social-network td-social-facebook\" href=\"https:\/\/www.facebook.com\/sharer.php?u=https%3A%2F%2Forasul-timisoara.ro%2Flocal-39869%2F\" title=\"Facebook\"><\/p>\n<div class=\"td-social-but-text\">Facebook<\/div>\n<p><\/a><a class=\"td-social-sharing-button td-social-sharing-button-js td-social-network td-social-twitter\" href=\"https:\/\/twitter.com\/intent\/tweet?text=Summer+Beach+Cup+2026+revine+la+Ciacova+cu+sport%2C+concerte+%C8%99i+mii+de+participan%C8%9Bi&amp;url=https%3A%2F%2Forasul-timisoara.ro%2Flocal-39869%2F&amp;via=orasultm\" title=\"Twitter\"><\/p>\n<div class=\"td-social-but-text\">Twitter<\/div>\n<p><\/a><a class=\"td-social-sharing-button td-social-sharing-button-js td-social-network td-social-whatsapp\" href=\"https:\/\/api.whatsapp.com\/send?text=Summer+Beach+Cup+2026+revine+la+Ciacova+cu+sport%2C+concerte+%C8%99i+mii+de+participan%C8%9Bi%20%0A%0A%20https:\/\/orasul-timisoara.ro\/local-39869\/\" title=\"WhatsApp\"><\/p>\n<div class=\"td-social-but-text\">WhatsApp<\/div>\n<p><\/a><a class=\"td-social-sharing-button td-social-sharing-button-js td-social-network td-social-linkedin\" href=\"https:\/\/www.linkedin.com\/shareArticle?mini=true&amp;url=https:\/\/orasul-timisoara.ro\/local-39869\/&amp;title=Summer+Beach+Cup+2026+revine+la+Ciacova+cu+sport%2C+concerte+%C8%99i+mii+de+participan%C8%9Bi\" title=\"Linkedin\"><\/p>\n<div class=\"td-social-but-text\">Linkedin<\/div>\n<p><\/a><a class=\"td-social-sharing-button td-social-sharing-button-js td-social-network td-social-reddit\" href=\"https:\/\/reddit.com\/submit?url=https:\/\/orasul-timisoara.ro\/local-39869\/&amp;title=Summer+Beach+Cup+2026+revine+la+Ciacova+cu+sport%2C+concerte+%C8%99i+mii+de+participan%C8%9Bi\" title=\"ReddIt\"><\/p>\n<div class=\"td-social-but-text\">ReddIt<\/div>\n<p><\/a><a class=\"td-social-sharing-button td-social-sharing-button-js td-social-network td-social-mail\" href=\"mailto:?subject=Summer%20Beach%20Cup%202026%20revine%20la%20Ciacova%20cu%20sport,%20concerte%20%C8%99i%20mii%20de%20participan%C8%9Bi&amp;body=https:\/\/orasul-timisoara.ro\/local-39869\/\" title=\"Email\"><\/p>\n<div class=\"td-social-but-text\">Email<\/div>\n<p><\/a><a class=\"td-social-sharing-button td-social-sharing-button-js td-social-network td-social-print\" href=\"https:\/\/orasul-timisoara.ro\/local-39869\/\" title=\"Imprimare\"><\/p>\n<div class=\"td-social-but-text\">Imprimare<\/div>\n<p><\/a><\/div>\n<\/div>\n<\/div>\n<div class=\"td-block-row td-post-next-prev\">\n<div class=\"td-block-span6 td-post-prev-post\">\n<div class=\"td-post-next-prev-content\"><span>Articolul precedent<\/span><a href=\"https:\/\/orasul-timisoara.ro\/local-39866\/\">Biarena c\u00e2\u0219tig\u0103 definitiv procesul cu Prim\u0103ria S\u00e2nandrei. Comuna este obligat\u0103 s\u0103 restituie peste dou\u0103 milioane de lei \u0219i poate fi executat\u0103 silit dac\u0103 nu pl\u0103te\u0219te<\/a><\/div>\n<\/div>\n<div class=\"td-block-span6 td-post-next-post\">\n<div class=\"td-post-next-prev-content\"><span>Articolul urm\u0103tor<\/span><a href=\"https:\/\/orasul-timisoara.ro\/local-39872\/\">Cartea de identitate veche dispare treptat. Cine o mai poate solicita dup\u0103 1 august<\/a><\/div>\n<\/div>\n<\/div>\n<div class=\"td-author-name vcard author\"><span class=\"fn\"><a href=\"https:\/\/orasul-timisoara.ro\/author\/timisoara\/\">redactia<\/a><\/span><\/div>\n<p><span class=\"td-page-meta\"><\/span><span class=\"td-page-meta\"><span class=\"td-page-meta\"><\/span><\/span><span class=\"td-page-meta\"><\/span><\/footer>\n<div class=\"td_block_wrap td_block_related_posts tdi_3 td_with_ajax_pagination td-pb-border-top td_block_template_8\" data-td-block-uid=\"tdi_3\">\n<h4 class=\"td-related-title td-block-title\"><a id=\"tdi_4\" class=\"td-related-left td-cur-simple-item\" data-td_filter_value data-td_block_id=\"tdi_3\" href=\"https:\/\/orasul-timisoara.ro\/local-39869\/\">ARTICOLE SIMILARE<\/a><a id=\"tdi_5\" class=\"td-related-right\" data-td_filter_value=\"td_related_more_from_author\" data-td_block_id=\"tdi_3\" href=\"https:\/\/orasul-timisoara.ro\/local-39869\/\">DE LA ACELA\u0218I AUTOR<\/a><\/h4>\n<div id=\"tdi_3\" class=\"td_block_inner\">\n<div class=\"td-related-row\">\n<div class=\"td-related-span4\">\n<div class=\"td_module_related_posts td-animation-stack td_mod_related_posts\">\n<div class=\"td-module-image\">\n<div class=\"td-module-thumb\"><a href=\"https:\/\/orasul-timisoara.ro\/local-39894\/\" rel=\"bookmark\" class=\"td-image-wrap \" title=\"Bega \u0219i sculpturile din Alpinet, redescoperite printr-un nou proiect cultural\"><img loading=\"lazy\" decoding=\"async\" class=\"entry-thumb\" src=\"https:\/\/orasul-timisoara.ro\/wp-content\/uploads\/2026\/07\/Ecluze5-436x300.jpg\" alt title=\"Bega \u0219i sculpturile din Alpinet, redescoperite printr-un nou proiect cultural\" width=\"218\" height=\"150\"><\/a><\/div>\n<\/div>\n<div class=\"item-details\">\n<h3 class=\"entry-title td-module-title\"><a href=\"https:\/\/orasul-timisoara.ro\/local-39894\/\" rel=\"bookmark\" title=\"Bega \u0219i sculpturile din Alpinet, redescoperite printr-un nou proiect cultural\">Bega \u0219i sculpturile din Alpinet, redescoperite printr-un nou proiect cultural<\/a><\/h3>\n<\/div>\n<\/div>\n<\/div>\n<div class=\"td-related-span4\">\n<div class=\"td_module_related_posts td-animation-stack td_mod_related_posts\">\n<div class=\"td-module-image\">\n<div class=\"td-module-thumb\"><a href=\"https:\/\/orasul-timisoara.ro\/local-39799\/\" rel=\"bookmark\" class=\"td-image-wrap \" title=\"Summer Beach Cup 2026 aduce trei zile de sport \u0219i concerte la Ciacova\"><img loading=\"lazy\" decoding=\"async\" class=\"entry-thumb\" src=\"https:\/\/orasul-timisoara.ro\/wp-content\/uploads\/2026\/07\/WhatsApp-Image-2026-07-20-at-22.08.56-436x300.jpg\" alt title=\"Summer Beach Cup 2026 aduce trei zile de sport \u0219i concerte la Ciacova\" width=\"218\" height=\"150\"><\/a><\/div>\n<\/div>\n<div class=\"item-details\">\n<h3 class=\"entry-title td-module-title\"><a href=\"https:\/\/orasul-timisoara.ro\/local-39799\/\" rel=\"bookmark\" title=\"Summer Beach Cup 2026 aduce trei zile de sport \u0219i concerte la Ciacova\">Summer Beach Cup 2026 aduce trei zile de sport \u0219i concerte la Ciacova<\/a><\/h3>\n<\/div>\n<\/div>\n<\/div>\n<div class=\"td-related-span4\">\n<div class=\"td_module_related_posts td-animation-stack td_mod_related_posts\">\n<div class=\"td-module-image\">\n<div class=\"td-module-thumb\"><a href=\"https:\/\/orasul-timisoara.ro\/local-39675\/\" rel=\"bookmark\" class=\"td-image-wrap \" title=\"Un simbol al Banatului rena\u0219te: proiect de restaurare pentru Moara Valeapai (foto)\"><img loading=\"lazy\" decoding=\"async\" class=\"entry-thumb\" src=\"https:\/\/orasul-timisoara.ro\/wp-content\/uploads\/2026\/07\/ChatGPT-Image-Jul-15-2026-02_05_30-PM-436x300.jpg\" alt title=\"Un simbol al Banatului rena\u0219te: proiect de restaurare pentru Moara Valeapai (foto)\" width=\"218\" height=\"150\"><\/a><\/div>\n<\/div>\n<div class=\"item-details\">\n<h3 class=\"entry-title td-module-title\"><a href=\"https:\/\/orasul-timisoara.ro\/local-39675\/\" rel=\"bookmark\" title=\"Un simbol al Banatului rena\u0219te: proiect de restaurare pentru Moara Valeapai (foto)\">Un simbol al Banatului rena\u0219te: proiect de restaurare pentru Moara Valeapai (foto)<\/a><\/h3>\n<\/div>\n<\/div>\n<\/div>\n<\/div>\n<\/div>\n<\/div>\n<div class=\"comments\" id=\"comments\">\n<div id=\"respond\" class=\"comment-respond\">\n<h3 id=\"reply-title\" class=\"comment-reply-title\">L\u0102SA\u021aI UN MESAJ<\/h3>\n<div class=\"comment-form-input-wrap td-form-comment\">\n<div class=\"td-warning-comment\">V\u0103 rug\u0103m s\u0103 introduce\u021bi comentariul dvs.!<\/div>\n<\/div>\n<div class=\"comment-form-input-wrap td-form-author\">\n<div class=\"td-warning-author\">Introduce\u021bi aici numele dvs.<\/div>\n<\/div>\n<div class=\"comment-form-input-wrap td-form-email\">\n<div class=\"td-warning-email-error\">A\u021bi introdus o adres\u0103 de e-mail incorect\u0103!<\/div>\n<div class=\"td-warning-email\">V\u0103 rug\u0103m s\u0103 introduce\u021bi adresa dvs. de e-mail aici<\/div>\n<\/div>\n<\/div>\n<p class=\"akismet_comment_form_privacy_notice\">Acest site folose\u0219te Akismet pentru a reduce spamul. <a href=\"https:\/\/akismet.com\/privacy\/\" target=\"_blank\" rel=\"nofollow noopener\">Afl\u0103 cum sunt procesate datele comentariilor tale<\/a>.<\/p>\n<\/div>\n<\/div>\n<\/div>\n<div class=\"td-pb-span4 td-main-sidebar\" role=\"complementary\">\n<div class=\"td-ss-main-sidebar\">\n<aside id=\"block-4\" class=\"td_block_template_8 widget block-4 widget_block widget_media_image\">\n<figure class=\"wp-block-image size-full\"><img loading=\"lazy\" decoding=\"async\" width=\"336\" height=\"280\" src=\"https:\/\/orasul-timisoara.ro\/wp-content\/uploads\/2024\/11\/ReTIM-Abonamentul-Verde-Google-Ads-336x280px.gif\" alt class=\"wp-image-29257\"><\/figure>\n<\/aside>\n<div class=\"td_block_wrap td_block_social_counter td_block_widget tdi_6 td-social-style5 td-social-boxed td-pb-border-top td_block_template_8\">\n<div class=\"td-block-title-wrap\">\n<h4 class=\"td-block-title\"><span>Urm\u0103re\u0219te-ne pe Social Media<\/span><\/h4>\n<\/div>\n<div class=\"td-social-list\">\n<div class=\"td_social_type td-pb-margin-side td_social_facebook\">\n<div class=\"td-social-box\"><span class=\"td_social_info td_social_info_counter\">344,595<\/span><span class=\"td_social_info td_social_info_name\">Fani<\/span><span class=\"td_social_button\"><a href=\"https:\/\/www.facebook.com\/247timisoara\" target=\"_blank\" rel=\"nofollow\">\u00cemi place<\/a><\/span><\/div>\n<\/div>\n<div class=\"td_social_type td-pb-margin-side td_social_instagram\">\n<div class=\"td-social-box\"><span class=\"td_social_info td_social_info_counter\">4,416<\/span><span class=\"td_social_info td_social_info_name\">Cititori<\/span><span class=\"td_social_button\"><a href=\"https:\/\/instagram.com\/orasultimisoararo\/\" target=\"_blank\" rel=\"nofollow\">Conecta\u021bi-v\u0103<\/a><\/span><\/div>\n<\/div>\n<div class=\"td_social_type td-pb-margin-side td_social_rss\">\n<div class=\"td-social-box\"><span class=\"td_social_info td_social_info_counter\">12,506<\/span><span class=\"td_social_info td_social_info_name\">Cititori<\/span><span class=\"td_social_button\"><a href=\"https:\/\/orasul-timisoara.ro\/feed\/\" target=\"_blank\" rel=\"nofollow\">Conecta\u021bi-v\u0103<\/a><\/span><\/div>\n<\/div>\n<div class=\"td_social_type td-pb-margin-side td_social_tiktok\">\n<div class=\"td-social-box\"><span class=\"td_social_info td_social_info_counter\">1,500<\/span><span class=\"td_social_info td_social_info_name\">Cititori<\/span><span class=\"td_social_button\"><a href=\"https:\/\/www.tiktok.com\/@orasultimisoara\" target=\"_blank\" rel=\"nofollow\">Conecta\u021bi-v\u0103<\/a><\/span><\/div>\n<\/div>\n<div class=\"td_social_type td-pb-margin-side td_social_twitter\">\n<div class=\"td-social-box\"><span class=\"td_social_info td_social_info_counter\">1,595<\/span><span class=\"td_social_info td_social_info_name\">Cititori<\/span><span class=\"td_social_button\"><a href=\"https:\/\/twitter.com\/orasultm\" target=\"_blank\" rel=\"nofollow\">Conecta\u021bi-v\u0103<\/a><\/span><\/div>\n<\/div>\n<div class=\"td_social_type td-pb-margin-side td_social_youtube\">\n<div class=\"td-social-box\"><span class=\"td_social_info td_social_info_counter\">3,506<\/span><span class=\"td_social_info td_social_info_name\">Abona\u021bi<\/span><span class=\"td_social_button\"><a href=\"https:\/\/www.youtube.com\/channel\/UCQNsQvs2XCSIm1Z-AHRturw?sub_confirmation=1\" target=\"_blank\" rel=\"nofollow\">Abona\u021bi-v\u0103<\/a><\/span><\/div>\n<\/div>\n<\/div>\n<\/div>\n<aside id=\"text-7\" class=\"td_block_template_8 widget text-7 widget_text\">\n<h4 class=\"td-block-title\"><span>C\u0103ut\u0103ri populare pe OTM<\/span><\/h4>\n<div class=\"textwidget\"><a href=\"https:\/\/orasul-timisoara.ro\/?s=timisoara\"><span>Timisoara<\/span><\/a><a href=\"https:\/\/orasul-timisoara.ro\/?s=calin+dobra\"><span>Calin Dobra<\/span><\/a><a href=\"https:\/\/orasul-timisoara.ro\/?s=primaria+timisoara\"><span>Primaria Timisoara<\/span><\/a><a href=\"https:\/\/orasul-timisoara.ro\/?s=dominic+fritz\"><span>Dominic Fritz<\/span><\/a><a href=\"https:\/\/orasul-timisoara.ro\/?s=nicolae+robu\"><span>Nicolae Robu<\/span><\/a><a href=\"https:\/\/orasul-timisoara.ro\/?s=consiliul+local+timisoara\">Consiliul Local Timisoara<\/a><a href=\"https:\/\/orasul-timisoara.ro\/?s=consiliul+judetean+timis\"><span>Consiliul Judetean Timis<\/span><\/a><a href=\"https:\/\/orasul-timisoara.ro\/?s=cjt\"><span>CJT<\/span><\/a><a href=\"https:\/\/orasul-timisoara.ro\/?s=Alfred+Simonis\"><span>Alfred Simonis<\/span><\/a><a href=\"https:\/\/orasul-timisoara.ro\/?s=PNL\"><span>PNL<\/span><\/a><a href=\"https:\/\/orasul-timisoara.ro\/?s=coronavirus\"><span>coronavirus<\/span><\/a><a href=\"https:\/\/orasul-timisoara.ro\/?s=teatru+timisoara\">teatru Timisoara<\/a><a href=\"https:\/\/orasul-timisoara.ro\/?s=restaurante\"><span>restaurante Timisoara<\/span><\/a><a href=\"https:\/\/orasul-timisoara.ro\/?s=diskoteka\"><span>Diskoteka<\/span><\/a><a href=\"https:\/\/orasul-timisoara.ro\/?s=iulius+town\"><span>Iulius Town<\/span><\/a><a href=\"https:\/\/orasul-timisoara.ro\/?s=iulius+mall\"><span>Iulius Mall<\/span><\/a><a href=\"https:\/\/orasul-timisoara.ro\/?s=stpt\"><span>STPT<\/span><\/a><a href=\"https:\/\/orasul-timisoara.ro\/?s=alin+nica\"><span>Alin Nica<\/span><\/a><a href=\"https:\/\/orasul-timisoara.ro\/?s=psd\"><span>PSD<\/span><\/a><a href=\"https:\/\/orasul-timisoara.ro\/?s=aeroport\"><span>Aeroportul International Timisoara<\/span><\/a><a href=\"https:\/\/orasul-timisoara.ro\/?s=babes\"><span>Spitalul Victor Babes Timisoara<\/span><\/a><a href=\"https:\/\/orasul-timisoara.ro\/?s=poli\"><span>Poli Timi\u0219oara<\/span><\/a><a href=\"https:\/\/orasul-timisoara.ro\/?s=carantina\"><span>carantina<\/span><\/a><a href=\"https:\/\/orasul-timisoara.ro\/?s=aquatim\"><span>Aquatim<\/span><\/a><a href=\"https:\/\/orasul-timisoara.ro\/local-category\/stiri-timisoara\/\"><span>Stiri Timisoara<\/span><\/a><a href=\"https:\/\/orasul-timisoara.ro\/local-category\/investitii-in-timisoara\/\"><span>Investi\u021bii in Timi\u0219oara<\/span><\/a><a href=\"https:\/\/orasul-timisoara.ro\/local-9463\/\"><span>shaorma<\/span><\/a><a href=\"https:\/\/orasul-timisoara.ro\/?s=trafic\"><span>trafic rutier<\/span><\/a><a href=\"https:\/\/orasul-timisoara.ro\/?s=politia\"><span>politia locala timisoara<\/span><\/a><a href=\"https:\/\/orasul-timisoara.ro\/?s=roxana\"><span>Roxana Iliescu<\/span><\/a><a href=\"https:\/\/orasul-timisoara.ro\/?s=colterm\"><span>Colterm<\/span><\/a><a href=\"https:\/\/orasul-timisoara.ro\/?s=latcau\"><span>Ruben La\u021bc\u0103u<\/span><\/a><a href=\"https:\/\/orasul-timisoara.ro\/?s=timis\"><span>\u0218tiri din Timi\u0219<\/span><\/a><a href=\"https:\/\/orasul-timisoara.ro\/?s=spital\"><span>Spitale din Timi\u0219oara<\/span><\/a><a href=\"https:\/\/orasul-timisoara.ro\/?s=tabara\"><span>Cosmin Tab\u0103r\u0103<\/span><\/a><\/div>\n<\/aside>\n<aside id=\"rss-2\" class=\"td_block_template_8 widget rss-2 widget_rss\">\n<h4 class=\"td-block-title\"><span><a class=\"rsswidget rss-widget-feed\" href=\"https:\/\/fashionfridays.ro\/feed\"><img decoding=\"async\" class=\"rss-widget-icon\" width=\"14\" height=\"14\" src=\"https:\/\/orasul-timisoara.ro\/wp-includes\/images\/rss.png\" alt=\"RSS\" loading=\"lazy\"><\/a><a class=\"rsswidget rss-widget-title\" href=\"https:\/\/fashionfridays.ro\/\">Fashion Fridays<\/a><\/span><\/h4>\n<ul>\n<li><a class=\"rsswidget\" href=\"https:\/\/fashionfridays.ro\/romania-devine-a-29-a-piata-vogue-o-noua-era-pentru-industria-locala-de-moda\/\">Rom\u00e2nia devine a 29-a pia\u021b\u0103 Vogue: o nou\u0103 er\u0103 pentru industria local\u0103 de mod\u0103<\/a>\n<div class=\"rssSummary\">Revista Vogue \u00ee\u0219i extinde prezen\u021ba global\u0103 \u0219i va fi lansat\u0103 oficial \u00een Rom\u00e2nia \u00een prim\u0103vara anului 2027, marc\u00e2nd intrarea pe cea de-a 29-a pia\u021b\u0103 interna\u021bional\u0103. Proiectul este realizat \u00een parteneriat cu AEMME Publishing, o companie media recent \u00eenfiin\u021bat\u0103, care va publica edi\u021bia local\u0103 sub licen\u021b\u0103. Noua edi\u021bie, Vogue Rom\u00e2nia, \u00ee\u0219i propune s\u0103 combine autoritatea global\u0103 [\u2026]<\/div>\n<\/li>\n<\/ul>\n<\/aside>\n<aside id=\"rss-4\" class=\"td_block_template_8 widget rss-4 widget_rss\">\n<h4 class=\"td-block-title\"><span><a class=\"rsswidget rss-widget-feed\" href=\"https:\/\/emasini.ro\/feed\"><img decoding=\"async\" class=\"rss-widget-icon\" width=\"14\" height=\"14\" src=\"https:\/\/orasul-timisoara.ro\/wp-includes\/images\/rss.png\" alt=\"RSS\" loading=\"lazy\"><\/a><a class=\"rsswidget rss-widget-title\" href=\"https:\/\/emasini.ro\/\">eMasini<\/a><\/span><\/h4>\n<ul>\n<li><a class=\"rsswidget\" href=\"https:\/\/emasini.ro\/dacia-analizeaza-lansarea-lui-hipster-automobilul-urban-de-doar-3-metri-lungime\/\">Dacia analizeaz\u0103 lansarea lui Hipster, automobilul urban de doar 3 metri lungime (video)<\/a>\n<div class=\"rssSummary\">Dacia ar putea introduce pe pia\u021b\u0103 unul dintre cele mai neobi\u0219nuite modele din istoria sa recent\u0103. Conceptul Hipster, prezentat anul trecut ca o reinterpretare radical\u0103 a automobilului urban accesibil, se afl\u0103 \u00een prezent \u00eentr-o etap\u0103 de evaluare, iar decizia privind produc\u021bia de serie va fi luat\u0103 \u00een func\u021bie de reac\u021bia publicului \u0219i de evolu\u021bia reglement\u0103rilor [\u2026]<\/div>\n<\/li>\n<\/ul>\n<\/aside>\n<\/div>\n<\/div>\n<\/div>\n<\/div>\n<\/article>\n<div class=\"td-post-content tagdiv-type\">\n<p class=\"wp-block-paragraph\">\u00cen perioada <strong>30 iulie \u2013 1 august 2026<\/strong>, ora\u0219ul <strong>Ciacova<\/strong>, din jude\u021bul Timi\u0219, va deveni gazda uneia dintre cele mai ample manifest\u0103ri estivale din vestul Rom\u00e2niei. <strong>Summer Beach Cup 2026<\/strong> revine cu cea de-a doua edi\u021bie, propun\u00e2nd un program complex care \u00eembin\u0103 competi\u021biile sportive, spectacolele artistice \u0219i activit\u0103\u021bile de agrement dedicate tuturor categoriilor de public.<\/p>\n<p class=\"wp-block-paragraph\">Dup\u0103 debutul din 2025, c\u00e2nd aproximativ 1.000 de persoane au participat la eveniment, organizatorii estimeaz\u0103 c\u0103 edi\u021bia din acest an va dep\u0103\u0219i pragul de <strong>2.500 de participan\u021bi<\/strong>, obiectiv care ar confirma interesul tot mai mare pentru festival \u0219i ar consolida pozi\u021bia Ciacovei pe harta evenimentelor de var\u0103 din regiunea Banat.<\/p>\n<h2 class=\"wp-block-heading\">Trei zile \u00een care sportul \u0219i divertismentul merg m\u00e2n\u0103 \u00een m\u00e2n\u0103<\/h2>\n<p class=\"wp-block-paragraph\">Summer Beach Cup 2026 este construit \u00een jurul ideii de competi\u021bie, socializare \u0219i petrecere a timpului liber. Pe parcursul celor trei zile, participan\u021bii vor avea ocazia s\u0103 urm\u0103reasc\u0103 \u00eentreceri sportive, s\u0103 participe la activit\u0103\u021bi recreative \u0219i s\u0103 se bucure de concerte \u0219i spectacole organizate \u00een diferite puncte ale ora\u0219ului.<\/p>\n<p class=\"wp-block-paragraph\">Evenimentul \u00ee\u0219i propune s\u0103 atrag\u0103 at\u00e2t locuitori ai jude\u021bului Timi\u0219, c\u00e2t \u0219i vizitatori din alte zone ale \u021b\u0103rii, contribuind la promovarea Ciacovei ca destina\u021bie pentru evenimente \u0219i turism.<\/p>\n<p class=\"wp-block-paragraph\">Prin conceptul s\u0103u, Summer Beach Cup \u00eembin\u0103 atmosfera unui festival de var\u0103 cu cea a unei competi\u021bii sportive, oferind un program variat pe \u00eentreaga durat\u0103 a manifest\u0103rii.<\/p>\n<h2 class=\"wp-block-heading\">Turnee de volei \u0219i fotbal pe nisip<\/h2>\n<p class=\"wp-block-paragraph\">Printre principalele atrac\u021bii ale edi\u021biei din acest an se num\u0103r\u0103 competi\u021biile de <strong>volei pe nisip<\/strong> \u0219i <strong>fotbal pe nisip<\/strong>, discipline care au reprezentat puncte de interes \u0219i la prima edi\u021bie.<\/p>\n<p class=\"wp-block-paragraph\">Organizatorii au deschis \u00eenscrierile pentru echipele care doresc s\u0103 participe \u00een competi\u021bii, iar cei interesa\u021bi pot ob\u021bine informa\u021bii \u0219i se pot \u00eenscrie prin intermediul persoanei de contact <strong>Flavius Ion<\/strong>, la num\u0103rul de telefon <strong>0753 052 530<\/strong>.<\/p>\n<p class=\"wp-block-paragraph\">Aceste \u00eentreceri sunt concepute at\u00e2t pentru sportivii amatori, c\u00e2t \u0219i pentru echipele care doresc s\u0103 participe \u00eentr-un cadru competitiv, dar relaxat, specific sezonului estival.<\/p>\n<h2 class=\"wp-block-heading\">Program artistic \u00een fiecare sear\u0103<\/h2>\n<p class=\"wp-block-paragraph\">Pe l\u00e2ng\u0103 competi\u021biile sportive, organizatorii au preg\u0103tit un program artistic care se va desf\u0103\u0219ura \u00een fiecare sear\u0103 a evenimentului.<\/p>\n<p class=\"wp-block-paragraph\"><strong>Teatrul de Var\u0103 din Ciacova<\/strong> va g\u0103zdui un spectacol de balet, complet\u00e2nd oferta cultural\u0103 a festivalului \u0219i oferind publicului o experien\u021b\u0103 diferit\u0103 fa\u021b\u0103 de activit\u0103\u021bile sportive din timpul zilei.<\/p>\n<p class=\"wp-block-paragraph\">Atmosfera va continua apoi cu petreceri \u00een aer liber \u0219i concerte dedicate iubitorilor de muzic\u0103.<\/p>\n<p class=\"wp-block-paragraph\">\u00cen <strong>31 iulie<\/strong>, \u00eencep\u00e2nd cu ora <strong>22:30<\/strong>, participan\u021bii sunt invita\u021bi la o discotec\u0103 \u00een aer liber animat\u0103 de <strong>DJ Adrian<\/strong>, iar seara de <strong>1 august<\/strong>, tot de la <strong>22:30<\/strong>, va aduce pe scen\u0103 un nou program muzical sus\u021binut de DJ, urmat de concertul artistei <strong>Alexia Nicole Alb<\/strong>, unul dintre momentele centrale ale edi\u021biei din 2026.<\/p>\n<p class=\"wp-block-paragraph\">Prin diversitatea activit\u0103\u021bilor propuse, organizatorii urm\u0103resc s\u0103 ofere experien\u021be at\u00e2t familiilor cu copii, c\u00e2t \u0219i tinerilor sau iubitorilor de sport \u0219i muzic\u0103.<\/p>\n<h2 class=\"wp-block-heading\">Ciacova \u00ee\u0219i promoveaz\u0103 patrimoniul prin intermediul evenimentului<\/h2>\n<p class=\"wp-block-paragraph\">Summer Beach Cup nu este g\u00e2ndit exclusiv ca o competi\u021bie sportiv\u0103 sau un festival de divertisment. Organizatorii urm\u0103resc \u0219i promovarea patrimoniului local, \u00eencuraj\u00e2nd participan\u021bii s\u0103 descopere cele mai importante obiective turistice ale ora\u0219ului.<\/p>\n<p class=\"wp-block-paragraph\">Printre acestea se num\u0103r\u0103 <strong>Donjonul (Cula Ciacovei)<\/strong>, unul dintre cele mai cunoscute monumente istorice din localitate, <strong>Palatul Administrativ<\/strong> \u0219i <strong>Teatrul de Var\u0103<\/strong>, spa\u021bii reprezentative pentru identitatea \u0219i istoria ora\u0219ului.<\/p>\n<p class=\"wp-block-paragraph\">Prin integrarea acestor obiective \u00een conceptul evenimentului, organizatorii \u00eencearc\u0103 s\u0103 transforme festivalul \u00eentr-o experien\u021b\u0103 complet\u0103, \u00een care vizitatorii s\u0103 combine participarea la activit\u0103\u021bi sportive \u0219i artistice cu descoperirea patrimoniului cultural al Ciacovei.<\/p>\n<p class=\"wp-block-paragraph\">Astfel, evenimentul contribuie \u0219i la promovarea turistic\u0103 a ora\u0219ului, oferind vizitatorilor motive suplimentare pentru a petrece mai mult timp \u00een localitate \u0219i pentru a reveni \u0219i cu alte ocazii.<\/p>\n<h2 class=\"wp-block-heading\">O edi\u021bie care \u00ee\u0219i propune s\u0103 dep\u0103\u0219easc\u0103 succesul din 2025<\/h2>\n<p class=\"wp-block-paragraph\">Prima edi\u021bie a Summer Beach Cup, organizat\u0103 \u00een 2025, a demonstrat c\u0103 exist\u0103 interes pentru un eveniment care combin\u0103 sportul \u0219i divertismentul \u00eentr-un format accesibil publicului larg. Participarea a aproximativ 1.000 de persoane a reprezentat un punct de plecare pentru dezvoltarea proiectului.<\/p>\n<p class=\"wp-block-paragraph\">\u00cen 2026, obiectivul este unul considerabil mai ambi\u021bios. Organizatorii estimeaz\u0103 prezen\u021ba a peste <strong>2.500 de participan\u021bi<\/strong>, miz\u00e2nd pe extinderea programului \u0219i pe interesul crescut al publicului din jude\u021bul Timi\u0219 \u0219i din \u00eentreaga regiune.<\/p>\n<p class=\"wp-block-paragraph\">Dac\u0103 estim\u0103rile vor fi confirmate, Summer Beach Cup \u00ee\u0219i poate consolida statutul de eveniment anual de referin\u021b\u0103 pentru Ciacova \u0219i poate deveni una dintre cele mai importante manifest\u0103ri estivale organizate \u00een vestul Rom\u00e2niei.<\/p>\n<p class=\"wp-block-paragraph\">Prin \u00eembinarea competi\u021biilor sportive, spectacolelor, concertelor \u0219i promov\u0103rii patrimoniului local, festivalul urm\u0103re\u0219te s\u0103 ofere participan\u021bilor o experien\u021b\u0103 complet\u0103 \u0219i s\u0103 contribuie la cre\u0219terea vizibilit\u0103\u021bii ora\u0219ului pe plan regional.<\/p>\n<\/div>\n<p>[analyse_source url=&#8221;https:\/\/orasul-timisoara.ro\/local-39869\/&#8221;]<\/p>\n","protected":false},"excerpt":{"rendered":"<p>[analyse_image type=&#8221;featured&#8221; src=&#8221;https:\/\/orasul-timisoara.ro\/wp-content\/uploads\/2026\/07\/ciacova-summer-beach.jpg&#8221;] Evenimente in TimisoaraSummer Beach Cup 2026 revine la Ciacova cu sport, concerte \u0219i mii&#8230; Evenimente in Timisoara \u0218tiri Locale Summer Beach Cup 2026 revine la Ciacova cu sport, concerte \u0219i mii de participan\u021bi De c\u0103tre redactia &#8211; 28\/07\/2026 Facebook Twitter WhatsApp Linkedin ReddIt Email Imprimare \u00cen perioada 30 iulie \u2013 1 august [&hellip;]<\/p>\n","protected":false},"author":1,"featured_media":0,"comment_status":"open","ping_status":"","sticky":false,"template":"","format":"standard","meta":{"footnotes":""},"categories":[89],"tags":[226,189],"class_list":["post-2066419","post","type-post","status-publish","format-standard","hentry","category-romania","tag-crawlmanager","tag-orasul-timisoara-ro"],"_links":{"self":[{"href":"https:\/\/analyse.optim.biz\/index.php?rest_route=\/wp\/v2\/posts\/2066419","targetHints":{"allow":["GET"]}}],"collection":[{"href":"https:\/\/analyse.optim.biz\/index.php?rest_route=\/wp\/v2\/posts"}],"about":[{"href":"https:\/\/analyse.optim.biz\/index.php?rest_route=\/wp\/v2\/types\/post"}],"author":[{"embeddable":true,"href":"https:\/\/analyse.optim.biz\/index.php?rest_route=\/wp\/v2\/users\/1"}],"replies":[{"embeddable":true,"href":"https:\/\/analyse.optim.biz\/index.php?rest_route=%2Fwp%2Fv2%2Fcomments&post=2066419"}],"version-history":[{"count":0,"href":"https:\/\/analyse.optim.biz\/index.php?rest_route=\/wp\/v2\/posts\/2066419\/revisions"}],"wp:attachment":[{"href":"https:\/\/analyse.optim.biz\/index.php?rest_route=%2Fwp%2Fv2%2Fmedia&parent=2066419"}],"wp:term":[{"taxonomy":"category","embeddable":true,"href":"https:\/\/analyse.optim.biz\/index.php?rest_route=%2Fwp%2Fv2%2Fcategories&post=2066419"},{"taxonomy":"post_tag","embeddable":true,"href":"https:\/\/analyse.optim.biz\/index.php?rest_route=%2Fwp%2Fv2%2Ftags&post=2066419"}],"curies":[{"name":"wp","href":"https:\/\/api.w.org\/{rel}","templated":true}]}}