{"id":2066417,"date":"2026-07-28T07:56:38","date_gmt":"2026-07-28T04:56:38","guid":{"rendered":"https:\/\/analyse.optim.biz\/?p=2066417"},"modified":"2026-07-28T07:56:38","modified_gmt":"2026-07-28T04:56:38","slug":"liceele-din-timisoara-in-care-se-schimba-programa-din-toamna-intra-intr-un-program-pilot-iar-elevii-vor-studia-materii-noi-inteligenta-artificiala-robotica-sau-educatie-financiara","status":"publish","type":"post","link":"https:\/\/analyse.optim.biz\/?p=2066417","title":{"rendered":"Liceele din Timi\u0219oara \u00een care se schimb\u0103 programa din toamn\u0103. Intr\u0103 \u00eentr-un program pilot, iar elevii vor studia materii noi, inteligen\u021b\u0103 artificial\u0103, robotic\u0103 sau educa\u021bie financiar\u0103"},"content":{"rendered":"<p>[analyse_image type=&#8221;featured&#8221; src=&#8221;https:\/\/www.opiniatimisoarei.ro\/wp-content\/uploads\/2024\/09\/elevi-calculatoare-cabinet-informatica-2-728&#215;336.jpghttps:\/\/www.opiniatimisoarei.ro\/wp-content\/uploads\/2024\/09\/elevi-calculatoare-cabinet-informatica-2.jpg&#8221;]<\/p>\n<div class=\"the_content\">\n<p><strong>TIMISOARA<\/strong>. Elevii care vor \u00eencepe clasa a IX-a \u00een 43 de licee din Rom\u00e2nia vor \u00eenv\u0103\u021ba dup\u0103 planuri-cadru noi, testate \u00een premier\u0103 de Ministerul Educa\u021biei.<\/p>\n<p><strong><span>CITE\u0218TE SI:<\/span><a href=\"https:\/\/www.opiniatimisoarei.ro\/incep-lucrarile-pentru-modernizarea-drumului-mosnita-veche-centura-sud-timisoara-va-fi-o-gura-de-oxigen-pana-se-face-pasajul-de-la-drumul-boilor\/27\/07\/2026\">\u00cencep lucr\u0103rile pentru modernizarea drumului Mo\u0219ni\u021ba Veche \u2013 Centura Sud Timi\u0219oara. Va fi o gur\u0103 de oxigen p\u00e2n\u0103 se face Pasajul de la Drumul Boilor<\/a><\/strong><\/p>\n<p>Noile programe aduc mai multe discipline op\u021bionale, precum inteligen\u021ba artificial\u0103, robotica sau antreprenoriatul digital, \u00eens\u0103 examenul de Bacalaureat r\u0103m\u00e2ne neschimbat.<\/p>\n<p>Ministerul Educa\u021biei \u0219i Cercet\u0103rii implementeaz\u0103, \u00eencep\u00e2nd din toamna anului 2026, Programul na\u021bional pentru pilotarea sistemic\u0103 a planurilor-cadru alternative. Proiectul ofer\u0103 liceelor mai mult\u0103 autonomie \u00een organizarea curriculumului \u0219i urm\u0103re\u0219te adaptarea educa\u021biei la cerin\u021bele actuale ale societ\u0103\u021bii \u0219i ale pie\u021bei muncii.<\/p>\n<h2><span><strong>Ce se schimb\u0103<\/strong><\/span><\/h2>\n<p>Fa\u021b\u0103 de sistemul actual, \u00een care toate liceele func\u021bioneaz\u0103 dup\u0103 aceea\u0219i structur\u0103 curricular\u0103, unit\u0103\u021bile incluse \u00een program vor putea adapta o parte din oferta educa\u021bional\u0103 \u00een func\u021bie de profilul \u0219colii \u0219i de interesele elevilor.<\/p>\n<p>Liceele vor avea posibilitatea s\u0103 reorganizeze num\u0103rul de ore pentru anumite discipline \u0219i s\u0103 introduc\u0103 noi materii op\u021bionale, f\u0103r\u0103 a elimina competen\u021bele obligatorii prev\u0103zute de legisla\u021bie.<\/p>\n<h2><span><strong>Materii noi \u00een licee<\/strong><\/span><\/h2>\n<p>Printre disciplinele care pot fi introduse se num\u0103r\u0103:<\/p>\n<p><strong>Inteligen\u021b\u0103 artificial\u0103;<\/strong><br \/><strong>Robotic\u0103 \u0219i imprimare 3D;<\/strong><br \/><strong>Antreprenoriat digital;<\/strong><br \/><strong>Comunicare \u00een era digital\u0103;<\/strong><br \/><strong>Educa\u021bie financiar\u0103;<\/strong><br \/><strong>Educa\u021bie juridic\u0103;<\/strong><br \/><strong>Bioetic\u0103;<\/strong><br \/><strong>Educa\u021bie pentru starea de bine;<\/strong><br \/><strong>Dezvoltare personal\u0103;<\/strong><br \/><strong>Cursuri suplimentare pentru preg\u0103tirea examenului de Bacalaureat.<\/strong><\/p>\n<p>\u00cen func\u021bie de specificul fiec\u0103rui liceu, oferta poate include \u0219i cursuri de nutri\u021bie, dans sportiv, proiecte interdisciplinare sau discipline dezvoltate \u00eempreun\u0103 cu universit\u0103\u021bi \u0219i reprezentan\u021bi ai mediului de afaceri.<\/p>\n<h2><span><strong>Cum au fost alese liceele? Iat\u0103 lista!<\/strong><\/span><\/h2>\n<p>Participarea la program a fost condi\u021bionat\u0103 de depunerea unor proiecte educa\u021bionale \u0219i a unor planuri-cadru alternative.<\/p>\n<p>\u00cen total, 43 de licee din Rom\u00e2nia vor implementa noile planuri-cadru \u00eencep\u00e2nd cu elevii care intr\u0103 \u00een clasa a IX-a \u00een anul \u0219colar 2026-2027.<\/p>\n<p>Programul include licee de stat, particulare \u0219i confesionale din toate filierele de \u00eenv\u0103\u021b\u0103m\u00e2nt.<\/p>\n<p>Cele mai multe unit\u0103\u021bi participante sunt \u00een Bucure\u0219ti, \u00eens\u0103 pe list\u0103 se reg\u0103sesc \u0219i licee din Arad, Bihor, Bra\u0219ov, Buz\u0103u, Cara\u0219-Severin, Cluj, Constan\u021ba, Dolj, Ia\u0219i, Sibiu, Timi\u0219 \u0219i alte jude\u021be.<\/p>\n<p><strong>Liceele participante sunt:<\/strong><\/p>\n<p><strong>Bucure\u0219ti<\/strong><\/p>\n<p>Colegiul Na\u021bional \u201eConstantin Br\u00e2ncoveanu\u201d \u2013 Sectorul 1<br \/>\nLiceul Teoretic German IDEES \u2013 Sectorul 1<br \/>\nColegiul Economic \u201eNicolae Kretzulescu\u201d \u2013 Sectorul 3<br \/>\nLiceul Teoretic \u201eMihai Ionescu\u201d \u2013 Sectorul 3<br \/>\nLiceul Teoretic Interna\u021bional de Informatic\u0103 Bucure\u0219ti \u2013 Sectorul 3<br \/>\nColegiul Na\u021bional \u201eGheorghe Laz\u0103r\u201d \u2013 Sectorul 5<br \/>\nLiceul Rom\u00e2no-Finlandez \u2013 Sectorul 6<br \/>\nLiceul Interna\u021bional IOANID \u2013 Sectorul 1<br \/>\nLiceul POLITEHNICA \u2013 Sectorul 6<br \/>\nLiceul Teoretic \u201eEugen Lovinescu\u201d \u2013 Sectorul 6<\/p>\n<p><strong>Arad<\/strong><\/p>\n<p>Colegiul \u201eCsiky Gergely\u201d<br \/>\nColegiul Economic Arad<\/p>\n<p><strong>Bihor<\/strong><\/p>\n<p>Colegiul Na\u021bional \u201eEmanuil Gojdu\u201d \u2013 Oradea<\/p>\n<p><strong>Bistri\u021ba-N\u0103s\u0103ud<\/strong><\/p>\n<p>Colegiul Tehnic INFOEL \u2013 Bistri\u021ba<\/p>\n<p><strong>Br\u0103ila<\/strong><\/p>\n<p>Liceul \u201eDr. Luca\u201d<br \/>\nLiceul Tehnologic \u201eAnghel Saligny\u201d<\/p>\n<p><strong>Bra\u0219ov<\/strong><\/p>\n<p>Colegiul Na\u021bional \u201eAndrei \u0218aguna\u201d<br \/>\nColegiul pentru Agricultur\u0103 \u0219i Industrie Alimentar\u0103 \u201e\u021aara B\u00e2rsei\u201d \u2013 Prejmer<br \/>\nLiceul Interna\u021bional PREMS<br \/>\n\u0218coala Liber\u0103 Waldorf \u201eSophia\u201d<\/p>\n<p><strong>Buz\u0103u<\/strong><\/p>\n<p>Liceul Tehnologic \u201eAlexandru Ioan Cuza\u201d<\/p>\n<p><strong>C\u0103l\u0103ra\u0219i<\/strong><\/p>\n<p>Liceul DANUBIUS<\/p>\n<p><strong>Cara\u0219-Severin<\/strong><\/p>\n<p>Liceul B\u0103n\u0103\u021bean \u2013 O\u021belu Ro\u0219u<br \/>\nColegiul Na\u021bional \u201eTraian Lalescu\u201d \u2013 Re\u0219i\u021ba<\/p>\n<p><strong>Cluj<\/strong><\/p>\n<p>Liceul Teoretic \u201eNicolae B\u0103lcescu\u201d \u2013 Cluj-Napoca<br \/>\nLiceul Teoretic \u201eMihai Eminescu\u201d \u2013 Cluj-Napoca<br \/>\nTransylvania College \u2013 Cluj-Napoca<\/p>\n<p><strong>Constan\u021ba<\/strong><\/p>\n<p>Liceul Teoretic Interna\u021bional de Informatic\u0103 Constan\u021ba<\/p>\n<p><strong>D\u00e2mbovi\u021ba<\/strong><\/p>\n<p>Colegiul Economic \u201eIon Ghica\u201d \u2013 T\u00e2rgovi\u0219te<\/p>\n<p><strong>Dolj<\/strong><\/p>\n<p>Liceul \u201eVoltaire\u201d \u2013 Craiova<\/p>\n<p><strong>Ilfov<\/strong><\/p>\n<p>Liceul Teoretic Little London \u2013 Voluntari<\/p>\n<p><strong>Ia\u0219i<\/strong><\/p>\n<p>Liceul Teoretic \u201eIon Neculce\u201d \u2013 Ia\u0219i<br \/>\nLiceul Teoretic \u201eEVISS\u201d \u2013 Ia\u0219i<br \/>\nColegiul Tehnic de C\u0103i Ferate \u201eUnirea\u201d \u2013 Pa\u0219cani<\/p>\n<p><strong>Maramure\u0219<\/strong><\/p>\n<p>Liceul Tehnologic \u201eGeorge Bari\u021biu\u201d \u2013 Baia Mare<\/p>\n<p><strong>Mure\u0219<\/strong><\/p>\n<p>Liceul Teoretic \u201eGheorghe Marinescu\u201d \u2013 T\u00e2rgu Mure\u0219<br \/>\nLiceul UMFST \u201eGeorge Emil Palade\u201d \u2013 T\u00e2rgu Mure\u0219<\/p>\n<p><strong>Satu Mare<\/strong><\/p>\n<p>Colegiul Na\u021bional \u201eDoamna Stanca\u201d<\/p>\n<p><strong>Sibiu<\/strong><\/p>\n<p>Colegiul \u201e\u0218coala Na\u021bional\u0103 de Gaz\u201d \u2013 Media\u0219<br \/>\nLiceul Rom\u00e2no-Finlandez ERI \u2013 Sibiu<br \/>\nLiceul Tehnologic \u201eIndependen\u021ba\u201d \u2013 Sibiu<\/p>\n<p><strong>Timi\u0219<\/strong><\/p>\n<p>Colegiul Tehnic \u201eEmanuil Ungureanu\u201d \u2013 Timi\u0219oara<br \/>\nLiceul Teologic Romano-Catolic \u201eGerhardinum\u201d \u2013 Timi\u0219oara<\/p>\n<h2><span><strong>Se schimb\u0103 Bacalaureatul?<\/strong><\/span><\/h2>\n<p>Nu.<\/p>\n<p>Ministerul Educa\u021biei precizeaz\u0103 c\u0103 programul-pilot nu modific\u0103 examenele na\u021bionale.<\/p>\n<p>Elevii care vor studia dup\u0103 noile planuri-cadru vor sus\u021bine Bacalaureatul \u0219i celelalte examene \u00een acelea\u0219i condi\u021bii ca restul absolven\u021bilor de liceu. Planurile alternative au fost concepute astfel \u00eenc\u00e2t s\u0103 respecte competen\u021bele obligatorii \u0219i s\u0103 asigure \u0219anse egale tuturor elevilor.<\/p>\n<h2><span><strong>Ce urmeaz\u0103<\/strong><\/span><\/h2>\n<p>Rezultatele ob\u021binute \u00een liceele-pilot vor fi analizate de Ministerul Educa\u021biei, iar experien\u021ba acumulat\u0103 ar putea sta la baza unei reforme mai ample a curriculumului liceal \u00een anii urm\u0103tori.<\/p>\n<p>***<\/p>\n<p><strong><span class=\"dia_suggestion w0\">Mai<\/span><span class=\"dia_suggestion w1\">multe<\/span><span class=\"dia_suggestion w2\">g\u0103si\u021bi<\/span> pe <span class=\"dia_suggestion w4\">pagina noastr<span class=\"dia_suggestion w0\">\u0103<\/span><\/span>\u00a0de <a href=\"https:\/\/www.facebook.com\/OpiniaTM\/?ref=page_internal\" target=\"_blank\" rel=\"noopener\">Facebook opiniatimisoarei.ro<\/a>!<\/strong><\/p>\n<p><strong><span class=\"dia_suggestion w0\">Dac\u0103<\/span><span class=\"dia_suggestion w1\">a\u021bi<\/span> fost martorii unui eveniment <span class=\"dia_suggestion w6\">sau<\/span><span class=\"dia_suggestion w7\">ai<\/span> unei <span class=\"dia_suggestion w9\">situa\u021bii<\/span><span class=\"dia_suggestion w10\">neobi\u0219nuite<\/span><span class=\"dia_suggestion w11\">care<\/span> ar <span class=\"dia_suggestion w13\">putea<\/span> deveni subiect de <span class=\"dia_suggestion w17\">\u0219tire<\/span>, <span class=\"dia_suggestion w18\">contacta\u021bi<\/span>-ne <span class=\"dia_suggestion w20\">la<\/span><span><a href=\"https:\/\/www.opiniatimisoarei.ro\/cdn-cgi\/l\/email-protection\" class=\"__cf_email__\" data-cfemail=\"e29087868381968b87a28d928b8c8b83968b8f8b918d8390878bcc908d\">[email\u00a0protected]<\/a>,<\/span>\u00a0 pe <a href=\"https:\/\/www.facebook.com\/OpiniaTM\">FB<\/a><span>sau pe contul nostru de<\/span><a href=\"https:\/\/www.instagram.com\/opiniatimisoarei.ro\/\" target=\"_blank\" rel=\"noopener\">Instagram<\/a>!<\/strong><\/p>\n<p><strong><span>CITE\u0218TE \u0218I<\/span>: <a href=\"https:\/\/www.opiniatimisoarei.ro\/afli-primul-tot-ceea-ce-se-intampla-cu-adevarat-important-in-timisoara-si-in-regiune-cu-aplicatia-de-stiri-opinia-timisoarei-3-tipuri-de-alerte-te-tin-mereu-conectat-la-evenimente-descarca-gratuit-a\/31\/10\/2022\">Afli primul tot ceea ce se intampla cu adevarat important in Timisoara si in regiune cu Aplicatia de stiri Opinia Timisoarei. 3 tipuri de alerte te tin mereu conectat la evenimente. Descarca gratuit Aplicatia OT aici!<\/a><\/strong><\/p>\n<\/div>\n<p>[analyse_source url=&#8221;https:\/\/www.opiniatimisoarei.ro\/liceele-din-timisoara-in-care-se-schimba-programa-din-toamna-intra-intr-un-program-pilot-iar-elevii-vor-studia-materii-noi-inteligenta-artificiala-robotica-sau-educatie-financiara\/28\/07\/2026&#8243;]<\/p>\n","protected":false},"excerpt":{"rendered":"<p>[analyse_image type=&#8221;featured&#8221; src=&#8221;https:\/\/www.opiniatimisoarei.ro\/wp-content\/uploads\/2024\/09\/elevi-calculatoare-cabinet-informatica-2-728&#215;336.jpghttps:\/\/www.opiniatimisoarei.ro\/wp-content\/uploads\/2024\/09\/elevi-calculatoare-cabinet-informatica-2.jpg&#8221;] TIMISOARA. Elevii care vor \u00eencepe clasa a IX-a \u00een 43 de licee din Rom\u00e2nia vor \u00eenv\u0103\u021ba dup\u0103 planuri-cadru noi, testate \u00een premier\u0103 de Ministerul Educa\u021biei. CITE\u0218TE SI:\u00cencep lucr\u0103rile pentru modernizarea drumului Mo\u0219ni\u021ba Veche \u2013 Centura Sud Timi\u0219oara. Va fi o gur\u0103 de oxigen p\u00e2n\u0103 se face Pasajul de la Drumul Boilor Noile [&hellip;]<\/p>\n","protected":false},"author":1,"featured_media":0,"comment_status":"open","ping_status":"","sticky":false,"template":"","format":"standard","meta":{"footnotes":""},"categories":[89],"tags":[226,190],"class_list":["post-2066417","post","type-post","status-publish","format-standard","hentry","category-romania","tag-crawlmanager","tag-opiniatimisoarei-ro"],"_links":{"self":[{"href":"https:\/\/analyse.optim.biz\/index.php?rest_route=\/wp\/v2\/posts\/2066417","targetHints":{"allow":["GET"]}}],"collection":[{"href":"https:\/\/analyse.optim.biz\/index.php?rest_route=\/wp\/v2\/posts"}],"about":[{"href":"https:\/\/analyse.optim.biz\/index.php?rest_route=\/wp\/v2\/types\/post"}],"author":[{"embeddable":true,"href":"https:\/\/analyse.optim.biz\/index.php?rest_route=\/wp\/v2\/users\/1"}],"replies":[{"embeddable":true,"href":"https:\/\/analyse.optim.biz\/index.php?rest_route=%2Fwp%2Fv2%2Fcomments&post=2066417"}],"version-history":[{"count":0,"href":"https:\/\/analyse.optim.biz\/index.php?rest_route=\/wp\/v2\/posts\/2066417\/revisions"}],"wp:attachment":[{"href":"https:\/\/analyse.optim.biz\/index.php?rest_route=%2Fwp%2Fv2%2Fmedia&parent=2066417"}],"wp:term":[{"taxonomy":"category","embeddable":true,"href":"https:\/\/analyse.optim.biz\/index.php?rest_route=%2Fwp%2Fv2%2Fcategories&post=2066417"},{"taxonomy":"post_tag","embeddable":true,"href":"https:\/\/analyse.optim.biz\/index.php?rest_route=%2Fwp%2Fv2%2Ftags&post=2066417"}],"curies":[{"name":"wp","href":"https:\/\/api.w.org\/{rel}","templated":true}]}}