{"id":2066383,"date":"2026-07-28T09:37:21","date_gmt":"2026-07-28T06:37:21","guid":{"rendered":"https:\/\/analyse.optim.biz\/?p=2066383"},"modified":"2026-07-28T09:37:21","modified_gmt":"2026-07-28T06:37:21","slug":"2-800-de-inscrisi-la-usv-la-prima-runda-cea-de-a-doua-runda-de-inscrieri-va-avea-loc-in-zilele-de-29-si-30-iulie","status":"publish","type":"post","link":"https:\/\/analyse.optim.biz\/?p=2066383","title":{"rendered":"2.800 de \u00eenscri\u0219i, la USV, la prima rund\u0103. Cea de-a doua rund\u0103 de \u00eenscrieri va avea loc \u00een zilele de 29 \u0219i 30 iulie"},"content":{"rendered":"<p>[analyse_image type=&#8221;featured&#8221; src=&#8221;https:\/\/www.radiotop.ro\/img\/media\/2026\/07\/Inscrieri_USV5.jpg&#8221;]<\/p>\n<div class=\"entry-content no-share\">\n<div class=\"content-inner \">\n<div class=\"jeg_preview_slider gallery_1\" data-selector=\"gallery_1\">\n<div class=\"jeg_preview_holder\">\n<div class=\"jeg_preview_media\">\n<div class=\"jeg_preview_media_holder\">\n<h3>\u00a0<\/h3>\n<div class=\"jeg_preview_control\">\n<div class=\"left_control\">\n<div class=\"counter\"><span class=\"current\">1<\/span> of  2<\/div>\n<\/div>\n<div class=\"zoom\"><span class=\"reduce\">&#8211;<\/span><span class=\"increase\">+<\/span><\/div>\n<\/div>\n<\/div>\n<\/div>\n<div class=\"jeg_preview_bottom_slider\"><a data-id=\"0\" data-title data-image=\"https:\/\/www.radiotop.ro\/img\/media\/2026\/07\/inscrieri_USV3.jpeg\" href=\"https:\/\/www.radiotop.ro\/img\/media\/2026\/07\/inscrieri_USV3.jpeg\" class=\"jeg_preview_item active\"><\/p>\n<div class=\"jeg_preview_item_thumbnail\"><img loading=\"lazy\" decoding=\"async\" width=\"120\" height=\"86\" src=\"https:\/\/www.radiotop.ro\/img\/media\/2026\/07\/inscrieri_USV3-120x86.jpeg\" class=\"attachment-jnews-120x86 size-jnews-120x86\" alt><\/div>\n<p><\/a><a data-id=\"1\" data-title data-image=\"https:\/\/www.radiotop.ro\/img\/media\/2026\/07\/inscrieri_USV1.jpeg\" href=\"https:\/\/www.radiotop.ro\/img\/media\/2026\/07\/inscrieri_USV1.jpeg\" class=\"jeg_preview_item \"><\/p>\n<div class=\"jeg_preview_item_thumbnail\"><img loading=\"lazy\" decoding=\"async\" width=\"120\" height=\"86\" src=\"https:\/\/www.radiotop.ro\/img\/media\/2026\/07\/inscrieri_USV1-120x86.jpeg\" class=\"attachment-jnews-120x86 size-jnews-120x86\" alt><\/div>\n<p><\/a><\/div>\n<\/div>\n<\/div>\n<p>La prima rund\u0103 a sesiunii de admitere din iulie 2026, 2.800 de candida\u021bi au ales Universitatea \u201e\u0218tefan cel Mare\u201d Suceava.<\/p>\n<p>Conform USV, \u00een conformitate cu calendarul sesiunii de admitere din vara acestui an, \u00een zilele de 29 \u0219i 30 iulie, pe 30 iulie p\u00een\u0103 la ora 13.00, universitatea sucevean\u0103 va organiza cea de-a doua rund\u0103 de \u00eenscrieri. \u00cen aceast\u0103 rund\u0103 s\u00eent disponibile circa 1000 de locuri la licen\u021b\u0103 \u0219i masterat, exist\u00eend \u0219i multe locuri\u00a0f\u0103r\u0103 tax\u0103. \u00censcrierile se pot face \u00een campusul USV sau online, pe platforma dedicat\u0103 admiterii.<\/p>\n<p>Pentru candida\u021bii rom\u00e2ni de pretutindeni din Republica Moldova \u0219i Ucraina care vor dori s\u0103 studieze la Suceava, USV deschide, \u00een data de 29 iulie 2026, dou\u0103 centre de \u00eenscrieri: \u00een Chi\u0219in\u0103u, la Liceul de Creativitate \u0219i Inventic\u0103 \u201ePrometeu-Prim\u201d, Strada Nicolae Iorga nr. 2, \u00een intervalul orar 9:00-16:00, \u0219i \u00een Cern\u0103u\u021bi, la sediul Societ\u0103\u021bii pentru Cultura \u0219i Literatura Rom\u00e2n\u0103 \u00een Bucovina \u201eMihai Eminescu\u201d, situat \u00een Pia\u021ba Central\u0103 nr.9, \u00een intervalul 10:00-15:00.<\/p>\n<p>Afi\u0219area rezultatelor \u00eenscrierilor din cadrul acestei runde se va face \u00een data de 30 iulie 2026, \u00een intervalul orar 13.00-15.00. \u00cenmatricularea candida\u021bilor declara\u021bi admi\u0219i se va face \u00een zilele de 30 iulie 2026, dup\u0103 ora 15.00, \u0219i 31 iulie 2026,\u00a0 p\u00een\u0103 la ora 16.00. Se pot \u00eenmatricula candida\u0163ii \u00eenscri\u015fi \u00een runda a doua \u015fi candida\u0163ii \u00eenscri\u015fi \u00een runda \u00eent\u00eei, care nu s-au \u00eenmatriculat \u015fi nu \u015fi-au retras dosarul. Locurile scoase la concurs se ocup\u0103 \u00een ordinea descresc\u0103toare a mediilor de admitere.<\/p>\n<p>Detalii \u0219i informa\u021bii actualizate s\u00eent disponibile la urm\u0103toarea leg\u0103tur\u0103: <a href=\"https:\/\/admitere.usv.ro\/\">https:\/\/admitere.usv.ro\/<\/a><\/p>\n<p>\u00a0<\/p>\n<\/div>\n<\/div>\n<div class=\"content-inner \">\n<div class=\"jeg_preview_slider gallery_1\" data-selector=\"gallery_1\">\n<div class=\"jeg_preview_holder\">\n<div class=\"jeg_preview_media\">\n<div class=\"jeg_preview_media_holder\">\n<h3>\u00a0<\/h3>\n<div class=\"jeg_preview_control\">\n<div class=\"left_control\">\n<div class=\"counter\"><span class=\"current\">1<\/span> of  2<\/div>\n<\/div>\n<div class=\"zoom\"><span class=\"reduce\">&#8211;<\/span><span class=\"increase\">+<\/span><\/div>\n<\/div>\n<\/div>\n<\/div>\n<div class=\"jeg_preview_bottom_slider\"><a data-id=\"0\" data-title data-image=\"https:\/\/www.radiotop.ro\/img\/media\/2026\/07\/inscrieri_USV3.jpeg\" href=\"https:\/\/www.radiotop.ro\/img\/media\/2026\/07\/inscrieri_USV3.jpeg\" class=\"jeg_preview_item active\"><\/p>\n<div class=\"jeg_preview_item_thumbnail\"><img loading=\"lazy\" decoding=\"async\" width=\"120\" height=\"86\" src=\"https:\/\/www.radiotop.ro\/img\/media\/2026\/07\/inscrieri_USV3-120x86.jpeg\" class=\"attachment-jnews-120x86 size-jnews-120x86\" alt><\/div>\n<p><\/a><a data-id=\"1\" data-title data-image=\"https:\/\/www.radiotop.ro\/img\/media\/2026\/07\/inscrieri_USV1.jpeg\" href=\"https:\/\/www.radiotop.ro\/img\/media\/2026\/07\/inscrieri_USV1.jpeg\" class=\"jeg_preview_item \"><\/p>\n<div class=\"jeg_preview_item_thumbnail\"><img loading=\"lazy\" decoding=\"async\" width=\"120\" height=\"86\" src=\"https:\/\/www.radiotop.ro\/img\/media\/2026\/07\/inscrieri_USV1-120x86.jpeg\" class=\"attachment-jnews-120x86 size-jnews-120x86\" alt><\/div>\n<p><\/a><\/div>\n<\/div>\n<\/div>\n<p>La prima rund\u0103 a sesiunii de admitere din iulie 2026, 2.800 de candida\u021bi au ales Universitatea \u201e\u0218tefan cel Mare\u201d Suceava.<\/p>\n<p>Conform USV, \u00een conformitate cu calendarul sesiunii de admitere din vara acestui an, \u00een zilele de 29 \u0219i 30 iulie, pe 30 iulie p\u00een\u0103 la ora 13.00, universitatea sucevean\u0103 va organiza cea de-a doua rund\u0103 de \u00eenscrieri. \u00cen aceast\u0103 rund\u0103 s\u00eent disponibile circa 1000 de locuri la licen\u021b\u0103 \u0219i masterat, exist\u00eend \u0219i multe locuri\u00a0f\u0103r\u0103 tax\u0103. \u00censcrierile se pot face \u00een campusul USV sau online, pe platforma dedicat\u0103 admiterii.<\/p>\n<p>Pentru candida\u021bii rom\u00e2ni de pretutindeni din Republica Moldova \u0219i Ucraina care vor dori s\u0103 studieze la Suceava, USV deschide, \u00een data de 29 iulie 2026, dou\u0103 centre de \u00eenscrieri: \u00een Chi\u0219in\u0103u, la Liceul de Creativitate \u0219i Inventic\u0103 \u201ePrometeu-Prim\u201d, Strada Nicolae Iorga nr. 2, \u00een intervalul orar 9:00-16:00, \u0219i \u00een Cern\u0103u\u021bi, la sediul Societ\u0103\u021bii pentru Cultura \u0219i Literatura Rom\u00e2n\u0103 \u00een Bucovina \u201eMihai Eminescu\u201d, situat \u00een Pia\u021ba Central\u0103 nr.9, \u00een intervalul 10:00-15:00.<\/p>\n<p>Afi\u0219area rezultatelor \u00eenscrierilor din cadrul acestei runde se va face \u00een data de 30 iulie 2026, \u00een intervalul orar 13.00-15.00. \u00cenmatricularea candida\u021bilor declara\u021bi admi\u0219i se va face \u00een zilele de 30 iulie 2026, dup\u0103 ora 15.00, \u0219i 31 iulie 2026,\u00a0 p\u00een\u0103 la ora 16.00. Se pot \u00eenmatricula candida\u0163ii \u00eenscri\u015fi \u00een runda a doua \u015fi candida\u0163ii \u00eenscri\u015fi \u00een runda \u00eent\u00eei, care nu s-au \u00eenmatriculat \u015fi nu \u015fi-au retras dosarul. Locurile scoase la concurs se ocup\u0103 \u00een ordinea descresc\u0103toare a mediilor de admitere.<\/p>\n<p>Detalii \u0219i informa\u021bii actualizate s\u00eent disponibile la urm\u0103toarea leg\u0103tur\u0103: <a href=\"https:\/\/admitere.usv.ro\/\">https:\/\/admitere.usv.ro\/<\/a><\/p>\n<p>\u00a0<\/p>\n<\/div>\n<p>[analyse_source url=&#8221;https:\/\/www.radiotop.ro\/educatie\/2-800-de-inscrisi-la-usv-la-prima-runda-cea-de-a-doua-runda-de-inscrieri-va-avea-loc-in-zilele-de-29-si-30-iulie.html&#8221;]<\/p>\n","protected":false},"excerpt":{"rendered":"<p>[analyse_image type=&#8221;featured&#8221; src=&#8221;https:\/\/www.radiotop.ro\/img\/media\/2026\/07\/Inscrieri_USV5.jpg&#8221;] \u00a0 1 of 2 &#8211;+ La prima rund\u0103 a sesiunii de admitere din iulie 2026, 2.800 de candida\u021bi au ales Universitatea \u201e\u0218tefan cel Mare\u201d Suceava. Conform USV, \u00een conformitate cu calendarul sesiunii de admitere din vara acestui an, \u00een zilele de 29 \u0219i 30 iulie, pe 30 iulie p\u00een\u0103 la ora 13.00, [&hellip;]<\/p>\n","protected":false},"author":1,"featured_media":0,"comment_status":"open","ping_status":"","sticky":false,"template":"","format":"standard","meta":{"footnotes":""},"categories":[89],"tags":[226,163],"class_list":["post-2066383","post","type-post","status-publish","format-standard","hentry","category-romania","tag-crawlmanager","tag-radiotop-ro"],"_links":{"self":[{"href":"https:\/\/analyse.optim.biz\/index.php?rest_route=\/wp\/v2\/posts\/2066383","targetHints":{"allow":["GET"]}}],"collection":[{"href":"https:\/\/analyse.optim.biz\/index.php?rest_route=\/wp\/v2\/posts"}],"about":[{"href":"https:\/\/analyse.optim.biz\/index.php?rest_route=\/wp\/v2\/types\/post"}],"author":[{"embeddable":true,"href":"https:\/\/analyse.optim.biz\/index.php?rest_route=\/wp\/v2\/users\/1"}],"replies":[{"embeddable":true,"href":"https:\/\/analyse.optim.biz\/index.php?rest_route=%2Fwp%2Fv2%2Fcomments&post=2066383"}],"version-history":[{"count":0,"href":"https:\/\/analyse.optim.biz\/index.php?rest_route=\/wp\/v2\/posts\/2066383\/revisions"}],"wp:attachment":[{"href":"https:\/\/analyse.optim.biz\/index.php?rest_route=%2Fwp%2Fv2%2Fmedia&parent=2066383"}],"wp:term":[{"taxonomy":"category","embeddable":true,"href":"https:\/\/analyse.optim.biz\/index.php?rest_route=%2Fwp%2Fv2%2Fcategories&post=2066383"},{"taxonomy":"post_tag","embeddable":true,"href":"https:\/\/analyse.optim.biz\/index.php?rest_route=%2Fwp%2Fv2%2Ftags&post=2066383"}],"curies":[{"name":"wp","href":"https:\/\/api.w.org\/{rel}","templated":true}]}}