{"id":2066369,"date":"2026-07-28T18:40:29","date_gmt":"2026-07-28T15:40:29","guid":{"rendered":"https:\/\/analyse.optim.biz\/?p=2066369"},"modified":"2026-07-28T18:40:29","modified_gmt":"2026-07-28T15:40:29","slug":"calendarul-zilei-29-iulie-nasterea-lui-nicolae-steinhardt-monahul-de-la-rohia-evocarea-ips-justinian-chira-video","status":"publish","type":"post","link":"https:\/\/analyse.optim.biz\/?p=2066369","title":{"rendered":"Calendarul zilei 29 iulie: Na\u0219terea lui Nicolae Steinhardt, monahul de la Rohia. Evocarea \u00cePS Justinian Chira | VIDEO"},"content":{"rendered":"<p>[analyse_image type=&#8221;featured&#8221; src=&#8221;https:\/\/r3media.ro\/wp-content\/uploads\/2021\/07\/parintele_nicolae_steinhardt-e1627549680297.jpghttps:\/\/r3media.ro\/wp-content\/uploads\/2021\/07\/parintele_nicolae_steinhardt-e1627549680297.jpg&#8221;]<\/p>\n<article id=\"template-id-109\" class=\"post-109 tdb_templates type-tdb_templates status-publish post\">\n<div id=\"tdi_2\" class=\"tdc-zone\">\n<div class=\"tdc_zone tdi_3  wpb_row td-pb-row\">\n<div id=\"tdi_4\" class=\"tdc-row\">\n<div class=\"vc_row tdi_5  wpb_row td-pb-row\">\n<div class=\"vc_column tdi_7  wpb_column vc_column_container tdc-column td-pb-span8\">\n<div class=\"wpb_wrapper\">\n<div class=\"td_block_wrap tdb_breadcrumbs tdi_8 td-pb-border-top td_block_template_1 tdb-breadcrumbs \" data-td-block-uid=\"tdi_8\">\n<div class=\"tdb-block-inner td-fix-index\"><span><a title=\"Vede\u021bi toate articolele \u00een PRIM PLAN\" class=\"tdb-entry-crumb\" href=\"https:\/\/r3media.ro\/category\/stiri-prim-plan\/\">PRIM PLAN<\/a><\/span><span class=\"tdb-bred-no-url-last\">Calendarul zilei 29 iulie: Na\u0219terea lui Nicolae Steinhardt, monahul de la Rohia&#8230;.<\/span><\/div>\n<\/div>\n<div class=\"td_block_wrap tdb_single_categories tdi_9 td-pb-border-top td_block_template_1 \" data-td-block-uid=\"tdi_9\">\n<div class=\"tdb-category td-fix-index\"><a class=\"tdb-entry-category\" href=\"https:\/\/r3media.ro\/category\/stiri-prim-plan\/\">PRIM PLAN<\/a><a class=\"tdb-entry-category\" href=\"https:\/\/r3media.ro\/category\/stiri\/\">\u0218TIRI<\/a><a class=\"tdb-entry-category\" href=\"https:\/\/r3media.ro\/category\/video-news\/\">VIDEO<\/a><\/div>\n<\/div>\n<div class=\"td_block_wrap tdb_title tdi_10 tdb-single-title td-pb-border-top td_block_template_1\" data-td-block-uid=\"tdi_10\">\n<div class=\"tdb-block-inner td-fix-index\">\n<h1 class=\"tdb-title-text\">Calendarul zilei 29 iulie: Na\u0219terea lui Nicolae Steinhardt, monahul de la Rohia. Evocarea \u00cePS Justinian Chira | VIDEO<\/h1>\n<\/div>\n<\/div>\n<div class=\"vc_row_inner tdi_12  vc_row vc_inner wpb_row td-pb-row\">\n<div class=\"vc_column_inner tdi_14  wpb_column vc_column_container tdc-inner-column td-pb-span12\">\n<div class=\"vc_column-inner\">\n<div class=\"wpb_wrapper\">\n<div class=\"td_block_wrap tdb_single_author tdi_15 td-pb-border-top td_block_template_1 tdb-post-meta\" data-td-block-uid=\"tdi_15\">\n<div class=\"tdb-block-inner td-fix-index\">\n<div class=\"tdb-author-name-wrap\"><a class=\"tdb-author-name\" href=\"https:\/\/r3media.ro\/author\/redactia\/\">Redac\u021bia<\/a><\/div>\n<\/div>\n<\/div>\n<div class=\"td_block_wrap tdb_single_date tdi_16 td-pb-border-top td_block_template_1 tdb-post-meta\" data-td-block-uid=\"tdi_16\">\n<div class=\"tdb-block-inner td-fix-index\"><time class=\"entry-date updated td-module-date\" datetime=\"2026-07-28T21:40:29+03:00\">28\/07\/2026<\/time><\/div>\n<\/div>\n<\/div>\n<\/div>\n<\/div>\n<\/div>\n<div class=\"td_block_wrap tdb_single_content tdi_18 td-pb-border-top td_block_template_1 td-post-content tagdiv-type\" data-td-block-uid=\"tdi_18\">\n<div class=\"tdb-block-inner td-fix-index\">\n<p><strong>Nicolae Aurelian Steinhardt (d. 29 martie 1989, Baia Mare, Rom\u00e2nia) a fost un scriitor, critic literar, eseist, jurist \u0219i publicist rom\u00e2n. De origine evreiasc\u0103, s-a convertit la religia cre\u0219tin\u0103 ortodox\u0103 \u00een \u00eenchisoarea de la Jilava, \u0219i-a luat numele de fratele Nicolae \u0219i s-a c\u0103lug\u0103rit dup\u0103 punerea sa \u00een libertate. <\/strong><\/p>\n<p><strong>Este autorul unei opere unice \u00een literatura rom\u00e2n\u0103, <em>Jurnalul fericirii.<\/em> A fost doctor \u00een drept constitu\u021bional.<\/strong><\/p>\n<p>Unul dintre cei mai importan\u0163i oameni de cultur\u0103 ai secolului trecut, Steinhardt \u015fi-a \u00eenceput periplul prin lumea intelectualilor de v\u00e2rf ai acelei perioade cu o licen\u0163\u0103 \u00een Drept \u015fi Litere la Universitatea din Bucure\u015fti, ob\u0163inut\u0103 \u00een 1934, \u015fi un doctorat \u00een drept constitu\u0163ional, concretizat \u00een 1936, prin lucrarea \u201ePrincipiile clasice \u015fi noile tendin\u0163e ale dreptului constitu\u0163ional. Critica operei lui L\u00e9on Duguit\u201d, publicat\u0103 \u00een acela\u015fi an. Nimic nu prevestea la acel moment, \u00een acei ani \u00een care Nicu Steinhardt a urmat cursurile \u015fcolii primare, apoi ale Liceului \u201eSpiru Haret\u201d \u015fi apoi ale Universit\u0103\u0163ii din Bucure\u015fti, minunea care avea s\u0103-i schimbe via\u0163a. Iar \u201eminunea\u201d a fost \u00eenchisoarea comunist\u0103, care, a\u015fa cum a scris peste ani Virgil Ierunca, i-a fost \u201eacademie \u015fi altar\u201d.<\/p>\n<p>\u015ei totu\u015fi\u2026 De\u015fi provenind dintr-o familie de evrei, cel ce avea s\u0103 cunoasc\u0103 Taina Botezului \u00eentr-o celul\u0103 de la Jilava, de la p\u0103rintele Mina Dobzeu, descoperise \u00eenc\u0103 din copil\u0103rie sunetul chem\u0103tor al clopotelor:\u201eClopotele au fost, a\u015fadar, primul semnal, declan\u015fatorul ini\u0163ial al ursitei mele duhovnice\u015fti. (\u2026) Pentru mine, cre\u015ftin\u0103tatea se confund\u0103 cu o poveste de dragoste:o dubl\u0103 \u00eendr\u0103gostire de biserica cre\u015ftin\u0103 \u015fi de neamul rom\u00e2nesc.\u201d<\/p>\n<p><em><strong>Cite\u0219ti \u0219i aju\u021bi!<\/strong><\/em><em>\u00a0Cump\u0103r\u0103 cartea: <\/em><a href=\"https:\/\/contramundum.ro\/produs\/sa-nu-traim-in-minciuna-rod-dreher\/\">S\u0103 nu tr\u0103im \u00een minciun\u0103. Un manual pentru disiden\u021bii cre\u0219tini, de Rod Dreher<\/a>, <em>vei<\/em> contribui <em>la sus\u021binerea libert\u0103\u021bii ideilor \u0219i implicit, a siteului <span><strong><span>R<\/span><span>3<\/span>media<\/strong>.<\/span><\/em><\/p>\n<p>Iar cheia felului \u00een care a privit poporul rom\u00e2n e plin\u0103 de o sensibilitate crud\u0103 \u015fi aproape \u0163\u0103r\u0103neasc\u0103, pe care inten\u0163ionat nu a l\u0103sat-o \u015flefuit\u0103 de toate \u015fcolile prin care a trecut. \u201eAici e \u0163ara lui \u00abIon\u00bb, a fanario\u0163ilor \u015fi a lui Soarbe-Zeam\u0103, aici Vlad \u0162epe\u015f i-a tras pe solii turci \u00een \u0163eap\u0103, nu le-a spus \u00abtrage\u0163i \u00eent\u00e2i dumneavoastr\u0103, domnilor englezi\u00bb, iar Petrache Carp i-a ar\u0103tat lui Vod\u0103 Carol c\u0103 porumbul se m\u0103n\u00e2nc\u0103 cu m\u00e2na, aici e pe via\u0163\u0103 \u015fi pe moarte, aici nu e decor sofisticat \u015fi suprem de nebunatic, nu-s draperii \u015fi delicii, nu-i paradis ori iad artificial, aici e ca la dughean\u0103, ca la tejghea, ca la obor; nu-i cu giuvaericale, e cu pietre, cu bolovani (\u015fi dintr-odat\u0103, g\u00e2ndul m\u0103 poart\u0103 spre Br\u00e2ncu\u015fi, \u0163\u0103ran hot\u0103r\u00e2t, care-\u015fi ciople\u015fte materialul cu gesturi mari de cosa\u015f.)\u201d<\/p>\n<p>A\u015fa \u00eencepe co\u015fmarul \u00eenchisorii comuniste \u2013 \u00eenso\u0163it de \u201ebinecuv\u00e2ntarea\u201d tat\u0103lui \u201es\u0103 nu fii jidan fricos, s\u0103 nu te caci \u00een pantaloni!\u201d \u2013 care se va transforma \u00een experien\u0163a esen\u0163ial\u0103 a vie\u0163ii lui.<\/p>\n<p>Dup\u0103 1940, Steinhardt \u00eencepe s\u0103 aib\u0103 probleme la Revista Funda\u0163iilor Regale, pentru c\u0103 sunt anii epur\u0103rii etnice, fiind \u00eenl\u0103turat, \u00eempreun\u0103 cu Vladimir Streinu, sub conducerea guvernului Antonescu, iar p\u00e2n\u0103 \u00een 1944 urmeaz\u0103 nenum\u0103rate priva\u0163iuni. Din 1944, revine la revist\u0103 unde \u00ee\u015fi continu\u0103 cu asiduitate activitatea publicistic\u0103. \u00cen 1947, va fi din nou \u00eenl\u0103turat din pricina unui denun\u0163. \u00cen acela\u015fi timp, mai colaboreaz\u0103 la Universul literar \u015fi Via\u0163a rom\u00e2neasc\u0103.<\/p>\n\n<p>La 46 de ani, este arestat \u015fi va fi inculpat \u00een celebrul proces Noica \u2013 Pillat. To\u0163i prietenii lui Constantin Noica, printre care Nicu Steinhardt, Dinu Pillat, Alexandru Paleologu, Vladimir Streinu, Sergiu Al-George, P\u0103storel Teodoreanu, Dinu Ranetti, Mihai R\u0103dulescu, Theodor Enescu, Marieta Sadova vor trece prin acela\u015fi calvar ce va purta diverse nume: Jilava, Aiud sau Gherla\u2026<\/p>\n<p>La 31 decembrie 1959, \u00een ultima zi a anului este convocat la Securitate, cer\u00e2ndu-i-se s\u0103 fie martor al acuz\u0103rii, cu men\u0163iunea c\u0103 dac\u0103 refuz\u0103 va fi arestat \u015fi implicat \u2013 culmea ironiei! \u2013 \u00een \u201elotul intelectualilor mistico-legionari\u201d, el, evreul care suferise priva\u0163iunile lui Antonescu. Anchetat pentru c\u0103 a refuzat s\u0103 depun\u0103 m\u0103rturie \u00eempotriva lui Constantin Noica, este condamnat \u00een \u201elotul Noica-Pillat\u201d la 13 ani de munc\u0103 silnic\u0103, sub acuza\u0163ia de \u201ecrim\u0103 de uneltire contra ordinii sociale\u201d.<\/p>\n<p>Botezul s\u0103v\u00e2r\u015fit \u00een \u00eenchisoare, pe data de 15 martie 1960, \u00eel va des\u0103v\u00e2r\u015fi imediat dup\u0103 eliberare, prin taina primei \u00eemp\u0103rt\u0103\u015fanii, la schitul Darvari din Bucure\u015fti. \u201eJurnalul fericirii\u201d va fi redactat \u00eentr-o prim\u0103 variant\u0103 \u00een 1970 \u015fi confiscat de Securitate \u00een 1972. \u00cei va fi restituit \u00een 1975, dup\u0103 numeroase interven\u0163ii pe l\u00e2ng\u0103 Uniunea Scriitorilor. \u00centre timp, autorul finalizeaz\u0103 a doua variant\u0103, mai ampl\u0103, confiscat\u0103 \u015fi ea. Cartea a circulat \u00een samizdat \u00een r\u00e2ndurile intelectualilor.<\/p>\n<p>Redact\u00e2nd \u00een tot acest timp mai multe versiuni, c\u00e2teva au fost scoase pe ascuns din \u0163ar\u0103, dou\u0103 dintre ele ajung\u00e2nd \u00een posesia Monic\u0103i Lovinescu \u015fi a lui Virgil Ierunca, la Paris. Monica Lovinescu o difuzeaz\u0103 \u00een serial la microfonul postului de radio Europa Liber\u0103 \u00eentre anii 1988 \u015fi 1989.<\/p>\n<p>Pe 29-30 martie 1989, Nicolae Steinhardt, f\u0103r\u0103 s\u0103 fi apucat sf\u00e2r\u015fitul perioadei comuniste, moare \u00eentr-un spital din Baia Mare.<\/p>\n<div class=\"crp_related     crp-masonry\">\n<h2>\u00ceN CONTEXT<\/h2>\n<ul>\n<li><a href=\"https:\/\/r3media.ro\/calendarul-zilei-30-martie-moarte-nicolae-steinhardt\/\" class=\"crp_link post-17242\"><span class=\"crp_title\">Calendarul zilei 30 martie: 37 de ani de la moartea lui Nicolae Steinhardt, monahul de la Rohia<\/span><\/a><\/li>\n<li><a href=\"https:\/\/r3media.ro\/tinere-hristos-este-cheia\/\" class=\"crp_link post-115629\"><span class=\"crp_title\">Tinere, Hristos este Cheia!<\/span><\/a><\/li>\n<li><a href=\"https:\/\/r3media.ro\/calendarul-zilei-7-ianuarie-sfantul-ioan-botezatorul-craciunul-pe-calendarul-vechi\/\" class=\"crp_link post-10400\"><span class=\"crp_title\">Calendarul zilei 7 ianuarie: Sf\u00e2ntul Ioan Botez\u0103torul. Cr\u0103ciunul pe calendarul vechi<\/span><\/a><\/li>\n<li><a href=\"https:\/\/r3media.ro\/8-septembrie-nasterea-maicii-domnului-sau-sfanta-maria-mica\/\" class=\"crp_link post-803\"><span class=\"crp_title\">Calendarul zilei 8 septembrie: Na\u0219terea Maicii Domnului sau Sf\u00e2nta Maria Mic\u0103<\/span><\/a><\/li>\n<li><a href=\"https:\/\/r3media.ro\/calendarul-zilei-19-februarie-nasterea-lui-constantin-brancusi-academia-romana-nu-l-a-refuzat-pe-brancusi\/\" class=\"crp_link post-14238\"><span class=\"crp_title\">Calendarul zilei 19 februarie: 150 de ani de la na\u0219terea lui Constantin Br\u00e2ncu\u0219i. Academia\u2026<\/span><\/a><\/li>\n<li><a href=\"https:\/\/r3media.ro\/calendarul-zilei-25-martie-buna-vestire-si-ziua-politiei-romane\/\" class=\"crp_link post-16813\"><span class=\"crp_title\">Calendarul zilei 25 martie: Buna Vestire \u0219i Ziua Poli\u021biei Rom\u00e2ne<\/span><\/a><\/li>\n<li><a href=\"https:\/\/r3media.ro\/calendarul-zilei-9-mai-sf-proroc-isaia-sf-mc-hristofor-aducerea-la-bari-a-moastelor-sf-ier-nicolae\/\" class=\"crp_link post-94576\"><span class=\"crp_title\">Calendarul zilei 9 mai: Sf. Proroc Isaia; Sf. Mc. Hristofor; Aducerea la Bari a moa\u0219telor\u2026<\/span><\/a><\/li>\n<li><a href=\"https:\/\/r3media.ro\/calendarul-zilei-15-ianuarie-nasterea-lui-mihai-eminescu-ziua-culturii-nationale\/\" class=\"crp_link post-11079\"><span class=\"crp_title\">Calendarul zilei 15 ianuarie: Na\u0219terea lui Mihai Eminescu. Ziua Culturii Na\u021bionale<\/span><\/a><\/li>\n<\/ul>\n<\/div>\n<\/div>\n<\/div>\n<div class=\"td_block_wrap tdb_single_tags tdi_19 td-pb-border-top td_block_template_1\" data-td-block-uid=\"tdi_19\">\n<div class=\"tdb-block-inner td-fix-index\">\n<ul class=\"tdb-tags\">\n<li><span>SUBIECTE FIERBIN\u021aI<\/span><\/li>\n<li><a href=\"https:\/\/r3media.ro\/tag\/calendarul-zilei\/\">calendarul zilei<\/a><\/li>\n<li><a href=\"https:\/\/r3media.ro\/tag\/calendarul-zilei-29-iulie\/\">calendarul zilei 29 iulie<\/a><\/li>\n<li><a href=\"https:\/\/r3media.ro\/tag\/episcopia-maramuresului-si-satmarului\/\">Episcopia Maramure\u0219ului \u0219i S\u0103tmarului<\/a><\/li>\n<li><a href=\"https:\/\/r3media.ro\/tag\/justinian-chira\/\">justinian chira<\/a><\/li>\n<li><a href=\"https:\/\/r3media.ro\/tag\/mari-romani\/\">mari romani<\/a><\/li>\n<li><a href=\"https:\/\/r3media.ro\/tag\/nicolae-steinhardt\/\">nicolae steinhardt<\/a><\/li>\n<\/ul>\n<\/div>\n<\/div>\n<div class=\"td_block_wrap td_block_9 tdi_20 td_with_ajax_pagination td-pb-border-top td_block_template_1 td-column-2 td_block_padding td_block_bot_line\" data-td-block-uid=\"tdi_20\">\n<div class=\"td-block-title-wrap\">\n<h4 class=\"block-title td-block-title\"><span class=\"td-pulldown-size\">CITE\u0218TE MAI MULT<\/span><\/h4>\n<\/div>\n<div id=\"tdi_20\" class=\"td_block_inner\">\n<div class=\"td-block-row\">\n<div class=\"td-block-span6\">\n<div class=\"td_module_8 td_module_wrap\">\n<div class=\"item-details\">\n<h3 class=\"entry-title td-module-title\"><a href=\"https:\/\/r3media.ro\/bnr-recomanda-romani-rezerve-de-cash-atacuri-cibernetice-numerar-relevant-criza\/\" rel=\"bookmark\" title=\"BNR le recomand\u0103 rom\u00e2nilor s\u0103 p\u0103streze rezerve de cash: Numerarul se poate dovedi relevant \u00een criz\u0103\">BNR le recomand\u0103 rom\u00e2nilor s\u0103 p\u0103streze rezerve de cash: Numerarul se poate dovedi relevant&#8230;<\/a><\/h3>\n<div class=\"td-module-meta-info\"><a href=\"https:\/\/r3media.ro\/category\/actualitate\/\" class=\"td-post-category\">ACTUALITATE<\/a><span class=\"td-post-author-name\"><a href=\"https:\/\/r3media.ro\/author\/oana\/\">Oana Ivan<\/a><span>&#8211;<\/span><\/span><span class=\"td-post-date\"><time class=\"entry-date updated td-module-date\" datetime=\"2026-07-27T13:11:47+03:00\">27\/07\/2026<\/time><\/span><\/div>\n<\/div>\n<\/div>\n<\/div>\n<div class=\"td-block-span6\">\n<div class=\"td_module_8 td_module_wrap\">\n<div class=\"item-details\">\n<h3 class=\"entry-title td-module-title\"><a href=\"https:\/\/r3media.ro\/statul-roman-a-semnat-actul-propriei-disparitii\/\" rel=\"bookmark\" title=\"Statul rom\u00e2n a semnat actul propriei dispari\u021bii?\">Statul rom\u00e2n a semnat actul propriei dispari\u021bii?<\/a><\/h3>\n<div class=\"td-module-meta-info\"><a href=\"https:\/\/r3media.ro\/category\/opinii\/\" class=\"td-post-category\">OPINII<\/a><span class=\"td-post-author-name\"><a href=\"https:\/\/r3media.ro\/author\/gabipopa\/\">Gabriel Popa<\/a><span>&#8211;<\/span><\/span><span class=\"td-post-date\"><time class=\"entry-date updated td-module-date\" datetime=\"2026-07-27T15:07:05+03:00\">27\/07\/2026<\/time><\/span><\/div>\n<\/div>\n<\/div>\n<\/div>\n<\/div>\n<div class=\"td-block-row\">\n<div class=\"td-block-span6\">\n<div class=\"td_module_8 td_module_wrap\">\n<div class=\"item-details\">\n<h3 class=\"entry-title td-module-title\"><a href=\"https:\/\/r3media.ro\/prima-oara-istorie-presedintia-document-primplan-patriotism-european\/\" rel=\"bookmark\" title=\"Pentru prima oar\u0103 \u00een istorie, Pre\u0219edin\u021bia Rom\u00e2niei emite un document care pune pe primul plan o alt\u0103 entitate dec\u00e2t \u021bara noastr\u0103: patriotismul european\">Pentru prima oar\u0103 \u00een istorie, Pre\u0219edin\u021bia Rom\u00e2niei emite un document care pune pe primul&#8230;<\/a><\/h3>\n<div class=\"td-module-meta-info\"><a href=\"https:\/\/r3media.ro\/category\/actualitate\/\" class=\"td-post-category\">ACTUALITATE<\/a><span class=\"td-post-author-name\"><a href=\"https:\/\/r3media.ro\/author\/teodor_stan\/\">Teodor Stan<\/a><span>&#8211;<\/span><\/span><span class=\"td-post-date\"><time class=\"entry-date updated td-module-date\" datetime=\"2026-07-26T11:44:31+03:00\">26\/07\/2026<\/time><\/span><\/div>\n<\/div>\n<\/div>\n<\/div>\n<div class=\"td-block-span6\">\n<div class=\"td_module_8 td_module_wrap\">\n<div class=\"item-details\">\n<h3 class=\"entry-title td-module-title\"><a href=\"https:\/\/r3media.ro\/film-nou-stapanul-inelelor-corect-politic-regizor-andy-serkis-diversitate-tolkien-mitologie-nordica\/\" rel=\"bookmark\" title=\"Noul film \u201eSt\u0103p\u00e2nul Inelelor\u201d nu va fi corect politic. Regizorul Andy Serkis: J.R.R. Tolkien a fost influen\u021bat de mitologia nordic\u0103. Nu vrem o distribu\u021bie de dragul de a bifa c\u0103su\u021be\">Noul film \u201eSt\u0103p\u00e2nul Inelelor\u201d nu va fi corect politic. Regizorul Andy Serkis: J.R.R. Tolkien&#8230;<\/a><\/h3>\n<div class=\"td-module-meta-info\"><a href=\"https:\/\/r3media.ro\/category\/actualitate\/\" class=\"td-post-category\">ACTUALITATE<\/a><span class=\"td-post-author-name\"><a href=\"https:\/\/r3media.ro\/author\/oana\/\">Oana Ivan<\/a><span>&#8211;<\/span><\/span><span class=\"td-post-date\"><time class=\"entry-date updated td-module-date\" datetime=\"2026-07-26T15:49:31+03:00\">26\/07\/2026<\/time><\/span><\/div>\n<\/div>\n<\/div>\n<\/div>\n<\/div>\n<div class=\"td-block-row\">\n<div class=\"td-block-span6\">\n<div class=\"td_module_8 td_module_wrap\">\n<div class=\"item-details\">\n<h3 class=\"entry-title td-module-title\"><a href=\"https:\/\/r3media.ro\/dictatura-forma-suprema-a-democratiei\/\" rel=\"bookmark\" title=\"Dictatura \u2013 forma suprem\u0103 a democra\u021biei\">Dictatura \u2013 forma suprem\u0103 a democra\u021biei<\/a><\/h3>\n<div class=\"td-module-meta-info\"><a href=\"https:\/\/r3media.ro\/category\/opinii\/\" class=\"td-post-category\">OPINII<\/a><span class=\"td-post-author-name\"><a href=\"https:\/\/r3media.ro\/author\/tru\/\">TRU (Traian Ungureanu)<\/a><span>&#8211;<\/span><\/span><span class=\"td-post-date\"><time class=\"entry-date updated td-module-date\" datetime=\"2026-07-25T16:43:11+03:00\">25\/07\/2026<\/time><\/span><\/div>\n<\/div>\n<\/div>\n<\/div>\n<div class=\"td-block-span6\">\n<div class=\"td_module_8 td_module_wrap\">\n<div class=\"item-details\">\n<h3 class=\"entry-title td-module-title\"><a href=\"https:\/\/r3media.ro\/marea-britanie-apa-inteligenta-artificiala-romania-centru-ai-restrictii-consum-apa\/\" rel=\"bookmark\" title=\"Marea Britanie nu mai are suficient\u0103 ap\u0103 pentru Inteligen\u021ba Artificial\u0103, dar Rom\u00e2nia vrea s\u0103 g\u0103zduiasc\u0103 un centru AI care consum\u0103 c\u00e2t sute de mii de oameni \u0219i impune restric\u021bii la consumul de ap\u0103 al popula\u021biei\">Marea Britanie nu mai are suficient\u0103 ap\u0103 pentru Inteligen\u021ba Artificial\u0103, dar Rom\u00e2nia vrea s\u0103&#8230;<\/a><\/h3>\n<div class=\"td-module-meta-info\"><a href=\"https:\/\/r3media.ro\/category\/actualitate\/\" class=\"td-post-category\">ACTUALITATE<\/a><span class=\"td-post-author-name\"><a href=\"https:\/\/r3media.ro\/author\/radu_ursan\/\">Radu Ursan<\/a><span>&#8211;<\/span><\/span><span class=\"td-post-date\"><time class=\"entry-date updated td-module-date\" datetime=\"2026-07-23T11:44:13+03:00\">23\/07\/2026<\/time><\/span><\/div>\n<\/div>\n<\/div>\n<\/div>\n<\/div>\n<div class=\"td-block-row\">\n<div class=\"td-block-span6\">\n<div class=\"td_module_8 td_module_wrap\">\n<div class=\"item-details\">\n<h3 class=\"entry-title td-module-title\"><a href=\"https:\/\/r3media.ro\/campion-olimpic-olaf-tufte-mort-subit-50-ani\/\" rel=\"bookmark\" title=\"Campionul olimpic Olaf Tufte a murit subit la 50 de ani\">Campionul olimpic Olaf Tufte a murit subit la 50 de ani<\/a><\/h3>\n<div class=\"td-module-meta-info\"><a href=\"https:\/\/r3media.ro\/category\/actualitate\/\" class=\"td-post-category\">ACTUALITATE<\/a><span class=\"td-post-author-name\"><a href=\"https:\/\/r3media.ro\/author\/oana\/\">Oana Ivan<\/a><span>&#8211;<\/span><\/span><span class=\"td-post-date\"><time class=\"entry-date updated td-module-date\" datetime=\"2026-07-22T12:11:02+03:00\">22\/07\/2026<\/time><\/span><\/div>\n<\/div>\n<\/div>\n<\/div>\n<div class=\"td-block-span6\">\n<div class=\"td_module_8 td_module_wrap\">\n<div class=\"item-details\">\n<h3 class=\"entry-title td-module-title\"><a href=\"https:\/\/r3media.ro\/explozie-incendiu-fabrica-kronospan-brasov-video\/\" rel=\"bookmark\" title=\"VIDEO | Explozie urmat\u0103 de un incendiu la fabrica Kronospan din Bra\u0219ov. \u00cen timp ce pompierii \u00eencercau s\u0103 sting\u0103 focul s-a produs o alt\u0103 explozie\">VIDEO | Explozie urmat\u0103 de un incendiu la fabrica Kronospan din Bra\u0219ov. \u00cen timp&#8230;<\/a><\/h3>\n<div class=\"td-module-meta-info\"><a href=\"https:\/\/r3media.ro\/category\/actualitate\/\" class=\"td-post-category\">ACTUALITATE<\/a><span class=\"td-post-author-name\"><a href=\"https:\/\/r3media.ro\/author\/oana\/\">Oana Ivan<\/a><span>&#8211;<\/span><\/span><span class=\"td-post-date\"><time class=\"entry-date updated td-module-date\" datetime=\"2026-07-22T10:01:28+03:00\">22\/07\/2026<\/time><\/span><\/div>\n<\/div>\n<\/div>\n<\/div>\n<\/div>\n<div class=\"td-block-row\">\n<div class=\"td-block-span6\">\n<div class=\"td_module_8 td_module_wrap\">\n<div class=\"item-details\">\n<h3 class=\"entry-title td-module-title\"><a href=\"https:\/\/r3media.ro\/asa-incepe-compania-openai-afirma-un-model-de-inteligenta-artificiala-a-atacat-din-proprie-initiativa-sistemele-unei-alte-companii\/\" rel=\"bookmark\" title=\"A\u0219a \u00eencepe? Compania OpenAI afirm\u0103 un model de inteligen\u021b\u0103 artificial\u0103 a ATACAT din proprie ini\u021biativ\u0103 sistemele unei alte companii\">A\u0219a \u00eencepe? Compania OpenAI afirm\u0103 un model de inteligen\u021b\u0103 artificial\u0103 a ATACAT din proprie&#8230;<\/a><\/h3>\n<div class=\"td-module-meta-info\"><a href=\"https:\/\/r3media.ro\/category\/actualitate\/\" class=\"td-post-category\">ACTUALITATE<\/a><span class=\"td-post-author-name\"><a href=\"https:\/\/r3media.ro\/author\/teodor_stan\/\">Teodor Stan<\/a><span>&#8211;<\/span><\/span><span class=\"td-post-date\"><time class=\"entry-date updated td-module-date\" datetime=\"2026-07-22T09:10:53+03:00\">22\/07\/2026<\/time><\/span><\/div>\n<\/div>\n<\/div>\n<\/div>\n<div class=\"td-block-span6\">\n<div class=\"td_module_8 td_module_wrap\">\n<div class=\"item-details\">\n<h3 class=\"entry-title td-module-title\"><a href=\"https:\/\/r3media.ro\/episcopul-husilor-oameni-animale-therieni-degradare-progresism\/\" rel=\"bookmark\" title=\"Episcopul Hu\u0219ilor, despre oamenii care se cred animale: V\u0103 da\u021bi seama c\u00e2t\u0103 degradare uman\u0103 este? De ce? Pentru c\u0103 se \u00eencred \u00een progresism\">Episcopul Hu\u0219ilor, despre oamenii care se cred animale: V\u0103 da\u021bi seama c\u00e2t\u0103 degradare uman\u0103&#8230;<\/a><\/h3>\n<div class=\"td-module-meta-info\"><a href=\"https:\/\/r3media.ro\/category\/actualitate\/\" class=\"td-post-category\">ACTUALITATE<\/a><span class=\"td-post-author-name\"><a href=\"https:\/\/r3media.ro\/author\/radu_ursan\/\">Radu Ursan<\/a><span>&#8211;<\/span><\/span><span class=\"td-post-date\"><time class=\"entry-date updated td-module-date\" datetime=\"2026-07-21T19:30:46+03:00\">21\/07\/2026<\/time><\/span><\/div>\n<\/div>\n<\/div>\n<\/div>\n<\/div>\n<div class=\"td-block-row\">\n<div class=\"td-block-span6\">\n<div class=\"td_module_8 td_module_wrap\">\n<div class=\"item-details\">\n<h3 class=\"entry-title td-module-title\"><a href=\"https:\/\/r3media.ro\/video-cult-femeie-dumnezeu-mama-romania\/\" rel=\"bookmark\" title=\"VIDEO | Un cult care consider\u0103 o femeie coreean\u0103 drept \u201eDumnezeu Mama\u201d face prozeli\u021bi \u00een Rom\u00e2nia\">VIDEO | Un cult care consider\u0103 o femeie coreean\u0103 drept \u201eDumnezeu Mama\u201d face prozeli\u021bi&#8230;<\/a><\/h3>\n<div class=\"td-module-meta-info\"><a href=\"https:\/\/r3media.ro\/category\/actualitate\/\" class=\"td-post-category\">ACTUALITATE<\/a><span class=\"td-post-author-name\"><a href=\"https:\/\/r3media.ro\/author\/redactia\/\">Redac\u021bia<\/a><span>&#8211;<\/span><\/span><span class=\"td-post-date\"><time class=\"entry-date updated td-module-date\" datetime=\"2026-07-21T11:14:08+03:00\">21\/07\/2026<\/time><\/span><\/div>\n<\/div>\n<\/div>\n<\/div>\n<div class=\"td-block-span6\">\n<div class=\"td_module_8 td_module_wrap\">\n<div class=\"item-details\">\n<h3 class=\"entry-title td-module-title\"><a href=\"https:\/\/r3media.ro\/cehia-interzice-telefoanele-in-scoli\/\" rel=\"bookmark\" title=\"Cehia se preg\u0103te\u0219te s\u0103 interzic\u0103 telefoanele mobile \u00een \u0219coli\">Cehia se preg\u0103te\u0219te s\u0103 interzic\u0103 telefoanele mobile \u00een \u0219coli<\/a><\/h3>\n<div class=\"td-module-meta-info\"><a href=\"https:\/\/r3media.ro\/category\/actualitate\/\" class=\"td-post-category\">ACTUALITATE<\/a><span class=\"td-post-author-name\"><a href=\"https:\/\/r3media.ro\/author\/redactia\/\">Redac\u021bia<\/a><span>&#8211;<\/span><\/span><span class=\"td-post-date\"><time class=\"entry-date updated td-module-date\" datetime=\"2026-07-20T22:34:13+03:00\">20\/07\/2026<\/time><\/span><\/div>\n<\/div>\n<\/div>\n<\/div>\n<\/div>\n<\/div>\n<div class=\"td-load-more-wrap td-load-more-infinite-wrap\" id=\"infinite-lm-tdi_20\"><a href=\"https:\/\/r3media.ro\/29-iulie-nasterea-nicolae-steinhardt-monahul-de-la-rohia-iustinian-chira\/\" class=\"td_ajax_load_more td_ajax_load_more_js\" aria-label=\"\u00cenc\u0103rca\u021bi mai multe\" id=\"next-page-tdi_20\" data-td_block_id=\"tdi_20\">\u00cenc\u0103rca\u021bi mai multe<\/a><\/div>\n<\/div>\n<div class=\"td_block_wrap tdb_single_comments tdi_21 tdb-comm-layout2 td-pb-border-top td_block_template_1\" data-td-block-uid=\"tdi_21\">\n<div class=\"tdb-block-inner td-fix-index\">\n<div class=\"comments\" id=\"comments\">\n<div class=\"td-comments-title-wrap td_block_template_1\">\n<h4 class=\"td-comments-title block-title\"><span>1 COMENTARIU<\/span><\/h4>\n<\/div>\n<ol class=\"comment-list\">\n<li class=\"comment \" id=\"comment-7956\">\n<article>\n<footer><cite>Dan<\/cite><a class=\"comment-link\" href=\"https:\/\/r3media.ro\/29-iulie-nasterea-nicolae-steinhardt-monahul-de-la-rohia-iustinian-chira\/#comment-7956\"><time><br \/>\n30\/07\/2021\t\t\t\t\t\t    La\t\t\t\t\t\t    04:53<\/time><\/a><\/footer>\n<div class=\"comment-content\">\n<p>\u201cSolu\u021bia\u00a0\u00een\u00a0fa\u021ba\u00a0injusti\u021biilor\u00a0e una singur\u0103: eroismul. S\u0103 nu taci, s\u0103 vorbe\u0219ti, s\u0103 lup\u021bi, s\u0103 te afli \u00een treab\u0103. (S\u0103 nu-\u021bi vezi de treburile tale, ci de treaba drept\u0103\u021bii, care-i adev\u0103rata treab\u0103 a fiec\u0103ruia). Restul e verbalism, spaim\u0103, nimicnicie.\u201d Nicolae Steinhardt<\/p>\n<\/div>\n<div class=\"comment-meta\" id=\"comment-7956\"><a rel=\"nofollow\" class=\"comment-reply-link\" href=\"https:\/\/r3media.ro\/29-iulie-nasterea-nicolae-steinhardt-monahul-de-la-rohia-iustinian-chira\/#comment-7956\" data-commentid=\"7956\" data-postid=\"25088\" data-belowelement=\"comment-7956\" data-respondelement=\"respond\" data-replyto=\"R\u0103spunde-i lui Dan\" aria-label=\"R\u0103spunde-i lui Dan\">R\u0103spund<\/a><\/div>\n<\/article>\n<\/li>\n<\/ol>\n<div id=\"respond\" class=\"comment-respond\">\n<h3 id=\"reply-title\" class=\"comment-reply-title\">AI CEVA DE SPUS? <small><a rel=\"nofollow\" id=\"cancel-comment-reply-link\" href=\"https:\/\/r3media.ro\/29-iulie-nasterea-nicolae-steinhardt-monahul-de-la-rohia-iustinian-chira\/#respond\">Renun\u021ba\u021bi la r\u0103spuns<\/a><\/small><\/h3>\n<div class=\"comment-form-input-wrap td-form-comment\">\n<div class=\"td-warning-comment\">V\u0103 rug\u0103m s\u0103 introduce\u021bi comentariul dvs.!<\/div>\n<\/div>\n<div class=\"comment-form-input-wrap td-form-author\">\n<div class=\"td-warning-author\">Introduce\u021bi aici numele dvs.<\/div>\n<\/div>\n<div class=\"comment-form-input-wrap td-form-email\">\n<div class=\"td-warning-email-error\">A\u021bi introdus o adres\u0103 de e-mail incorect\u0103!<\/div>\n<div class=\"td-warning-email\">V\u0103 rug\u0103m s\u0103 introduce\u021bi adresa dvs. de e-mail aici<\/div>\n<\/div>\n<\/div>\n<\/div>\n<\/div>\n<\/div>\n<\/div>\n<\/div>\n<div class=\"vc_column tdi_23  wpb_column vc_column_container tdc-column td-pb-span4 td-is-sticky\">\n<div class=\"wpb_wrapper\" data-sticky-enabled-on=\"W3RydWUsdHJ1ZSx0cnVlLHRydWVd\" data-sticky-offset=\"20\" data-sticky-is-width-auto=\"W2ZhbHNlLGZhbHNlLGZhbHNlLGZhbHNlXQ==\">\n<div class=\"wpb_wrapper td_block_wrap vc_widget_sidebar tdi_25 \">\n<div class=\"td_block_wrap td_block_7 td_block_widget tdi_26 td-pb-border-top td_block_template_1 td-column-1 td_block_padding\" data-td-block-uid=\"tdi_26\">\n<div class=\"td-block-title-wrap\">\n<h4 class=\"block-title td-block-title\"><span class=\"td-pulldown-size\">Articole RELA\u021aIONATE<\/span><\/h4>\n<\/div>\n<div id=\"tdi_26\" class=\"td_block_inner\">\n<div class=\"td-block-span12\">\n<div class=\"td_module_6 td_module_wrap td-animation-stack\">\n<div class=\"td-module-thumb\"><a href=\"https:\/\/r3media.ro\/29-iulie-ziua-imnului-national\/\" rel=\"bookmark\" class=\"td-image-wrap \" title=\"Calendarul zilei: 29 iulie, Ziua Imnului Na\u021bional\"><img loading=\"lazy\" decoding=\"async\" class=\"entry-thumb\" src=\"https:\/\/r3media.ro\/wp-content\/uploads\/2021\/07\/maxresdefault-13-100x70.jpg\" alt title=\"Calendarul zilei: 29 iulie, Ziua Imnului Na\u021bional\" width=\"100\" height=\"70\"><\/a><\/div>\n<div class=\"item-details\">\n<h3 class=\"entry-title td-module-title\"><a href=\"https:\/\/r3media.ro\/29-iulie-ziua-imnului-national\/\" rel=\"bookmark\" title=\"Calendarul zilei: 29 iulie, Ziua Imnului Na\u021bional\">Calendarul zilei: 29 iulie, Ziua Imnului Na\u021bional<\/a><\/h3>\n<div class=\"td-module-meta-info\"><span class=\"td-post-date\"><time class=\"entry-date updated td-module-date\" datetime=\"2026-07-28T21:20:53+03:00\">28\/07\/2026<\/time><\/span><\/div>\n<\/div>\n<\/div>\n<\/div>\n<div class=\"td-block-span12\">\n<div class=\"td_module_6 td_module_wrap td-animation-stack\">\n<div class=\"td-module-thumb\"><a href=\"https:\/\/r3media.ro\/o-nava-esuata-dunare-mehedinti\/\" rel=\"bookmark\" class=\"td-image-wrap \" title=\"O nav\u0103 de pasageri cu 238 de oameni la bord, e\u0219uat\u0103 pe Dun\u0103re, \u00een Mehedin\u021bi\"><img loading=\"lazy\" decoding=\"async\" class=\"entry-thumb\" src=\"https:\/\/r3media.ro\/wp-content\/uploads\/2026\/07\/dunare-mehedinti-e1785244897635-100x70.jpeg\" alt title=\"O nav\u0103 de pasageri cu 238 de oameni la bord, e\u0219uat\u0103 pe Dun\u0103re, \u00een Mehedin\u021bi\" width=\"100\" height=\"70\"><\/a><\/div>\n<div class=\"item-details\">\n<h3 class=\"entry-title td-module-title\"><a href=\"https:\/\/r3media.ro\/o-nava-esuata-dunare-mehedinti\/\" rel=\"bookmark\" title=\"O nav\u0103 de pasageri cu 238 de oameni la bord, e\u0219uat\u0103 pe Dun\u0103re, \u00een Mehedin\u021bi\">O nav\u0103 de pasageri cu 238 de oameni la bord, e\u0219uat\u0103&#8230;<\/a><\/h3>\n<div class=\"td-module-meta-info\"><span class=\"td-post-date\"><time class=\"entry-date updated td-module-date\" datetime=\"2026-07-28T16:22:05+03:00\">28\/07\/2026<\/time><\/span><\/div>\n<\/div>\n<\/div>\n<\/div>\n<div class=\"td-block-span12\">\n<div class=\"td_module_6 td_module_wrap td-animation-stack\">\n<div class=\"td-module-thumb\"><a href=\"https:\/\/r3media.ro\/george-simion-s-a-intalnit-cu-ambasadorul-sua-in-romania\/\" rel=\"bookmark\" class=\"td-image-wrap \" title=\"George Simion s-a \u00eent\u00e2lnit cu ambasadorul SUA \u00een Rom\u00e2nia\"><img loading=\"lazy\" decoding=\"async\" class=\"entry-thumb\" src=\"https:\/\/r3media.ro\/wp-content\/uploads\/2026\/07\/simion-ambasador-sua-100x70.jpg\" alt title=\"George Simion s-a \u00eent\u00e2lnit cu ambasadorul SUA \u00een Rom\u00e2nia\" width=\"100\" height=\"70\"><\/a><\/div>\n<div class=\"item-details\">\n<h3 class=\"entry-title td-module-title\"><a href=\"https:\/\/r3media.ro\/george-simion-s-a-intalnit-cu-ambasadorul-sua-in-romania\/\" rel=\"bookmark\" title=\"George Simion s-a \u00eent\u00e2lnit cu ambasadorul SUA \u00een Rom\u00e2nia\">George Simion s-a \u00eent\u00e2lnit cu ambasadorul SUA \u00een Rom\u00e2nia<\/a><\/h3>\n<div class=\"td-module-meta-info\"><span class=\"td-post-date\"><time class=\"entry-date updated td-module-date\" datetime=\"2026-07-28T14:19:15+03:00\">28\/07\/2026<\/time><\/span><\/div>\n<\/div>\n<\/div>\n<\/div>\n<div class=\"td-block-span12\">\n<div class=\"td_module_6 td_module_wrap td-animation-stack\">\n<div class=\"td-module-thumb\"><a href=\"https:\/\/r3media.ro\/stefan-popescu-drona-rusia-romania\/\" rel=\"bookmark\" class=\"td-image-wrap \" title=\"VIDEO \u0218tefan Popescu: Drona este simptomul, nu boala \/ Analistul avertizeaz\u0103 c\u0103 reac\u021biile diplomatice ale Rom\u00e2niei nu \u021bin loc de strategie\"><img loading=\"lazy\" decoding=\"async\" class=\"entry-thumb\" src=\"https:\/\/r3media.ro\/wp-content\/uploads\/2026\/07\/maxresdefault-2-100x70.jpg\" alt title=\"VIDEO \u0218tefan Popescu: Drona este simptomul, nu boala \/ Analistul avertizeaz\u0103 c\u0103 reac\u021biile diplomatice ale Rom\u00e2niei nu \u021bin loc de strategie\" width=\"100\" height=\"70\"><\/a><\/div>\n<div class=\"item-details\">\n<h3 class=\"entry-title td-module-title\"><a href=\"https:\/\/r3media.ro\/stefan-popescu-drona-rusia-romania\/\" rel=\"bookmark\" title=\"VIDEO \u0218tefan Popescu: Drona este simptomul, nu boala \/ Analistul avertizeaz\u0103 c\u0103 reac\u021biile diplomatice ale Rom\u00e2niei nu \u021bin loc de strategie\">VIDEO \u0218tefan Popescu: Drona este simptomul, nu boala \/ Analistul avertizeaz\u0103&#8230;<\/a><\/h3>\n<div class=\"td-module-meta-info\"><span class=\"td-post-date\"><time class=\"entry-date updated td-module-date\" datetime=\"2026-07-28T14:09:28+03:00\">28\/07\/2026<\/time><\/span><\/div>\n<\/div>\n<\/div>\n<\/div>\n<div class=\"td-block-span12\">\n<div class=\"td_module_6 td_module_wrap td-animation-stack\">\n<div class=\"td-module-thumb\"><a href=\"https:\/\/r3media.ro\/calin-maties-coalitia-interzicere-lemne-de-foc\/\" rel=\"bookmark\" class=\"td-image-wrap \" title=\"Deputatul C\u0103lin Matie\u0219 acuz\u0103 coali\u021bia PSD-PNL-USR-UDMR c\u0103 vrea s\u0103 interzic\u0103 \u00eenc\u0103lzirea cu lemne de foc\"><img loading=\"lazy\" decoding=\"async\" class=\"entry-thumb\" src=\"https:\/\/r3media.ro\/wp-content\/uploads\/2020\/12\/foc-soba-facebook-100x70.jpg\" alt title=\"Deputatul C\u0103lin Matie\u0219 acuz\u0103 coali\u021bia PSD-PNL-USR-UDMR c\u0103 vrea s\u0103 interzic\u0103 \u00eenc\u0103lzirea cu lemne de foc\" width=\"100\" height=\"70\"><\/a><\/div>\n<div class=\"item-details\">\n<h3 class=\"entry-title td-module-title\"><a href=\"https:\/\/r3media.ro\/calin-maties-coalitia-interzicere-lemne-de-foc\/\" rel=\"bookmark\" title=\"Deputatul C\u0103lin Matie\u0219 acuz\u0103 coali\u021bia PSD-PNL-USR-UDMR c\u0103 vrea s\u0103 interzic\u0103 \u00eenc\u0103lzirea cu lemne de foc\">Deputatul C\u0103lin Matie\u0219 acuz\u0103 coali\u021bia PSD-PNL-USR-UDMR c\u0103 vrea s\u0103 interzic\u0103 \u00eenc\u0103lzirea&#8230;<\/a><\/h3>\n<div class=\"td-module-meta-info\"><span class=\"td-post-date\"><time class=\"entry-date updated td-module-date\" datetime=\"2026-07-28T12:43:53+03:00\">28\/07\/2026<\/time><\/span><\/div>\n<\/div>\n<\/div>\n<\/div>\n<div class=\"td-block-span12\">\n<div class=\"td_module_6 td_module_wrap td-animation-stack\">\n<div class=\"td-module-thumb\"><a href=\"https:\/\/r3media.ro\/metrorex-anunt-bucuresti\/\" rel=\"bookmark\" class=\"td-image-wrap \" title=\"Metrorex a f\u0103cut un anun\u021bul pe care \u00eel a\u0219teptau to\u021bi cei locuiesc \u00een Bucure\u0219ti\"><img loading=\"lazy\" decoding=\"async\" class=\"entry-thumb\" src=\"https:\/\/r3media.ro\/wp-content\/uploads\/2020\/09\/metrou-drumul-taberei-deschidere-statii-harta-100x70.jpg\" alt title=\"Metrorex a f\u0103cut un anun\u021bul pe care \u00eel a\u0219teptau to\u021bi cei locuiesc \u00een Bucure\u0219ti\" width=\"100\" height=\"70\"><\/a><\/div>\n<div class=\"item-details\">\n<h3 class=\"entry-title td-module-title\"><a href=\"https:\/\/r3media.ro\/metrorex-anunt-bucuresti\/\" rel=\"bookmark\" title=\"Metrorex a f\u0103cut un anun\u021bul pe care \u00eel a\u0219teptau to\u021bi cei locuiesc \u00een Bucure\u0219ti\">Metrorex a f\u0103cut un anun\u021bul pe care \u00eel a\u0219teptau to\u021bi cei&#8230;<\/a><\/h3>\n<div class=\"td-module-meta-info\"><span class=\"td-post-date\"><time class=\"entry-date updated td-module-date\" datetime=\"2026-07-28T12:10:18+03:00\">28\/07\/2026<\/time><\/span><\/div>\n<\/div>\n<\/div>\n<\/div>\n<div class=\"td-block-span12\">\n<div class=\"td_module_6 td_module_wrap td-animation-stack\">\n<div class=\"td-module-thumb\"><a href=\"https:\/\/r3media.ro\/stapanul-inelelor-nazgul-khamul-interpretat-actor-zubin-varla-serial-rings-of-power\/\" rel=\"bookmark\" class=\"td-image-wrap \" title=\"St\u0103p\u00e2nul Inelelor: Temutul Nazgul Khamul va fi interpretat de actorul Zubin Varla \u00een serialul \u201eRings of Power\u201c\"><img loading=\"lazy\" decoding=\"async\" class=\"entry-thumb\" src=\"https:\/\/r3media.ro\/wp-content\/uploads\/2026\/07\/zubin-varla-nazgul-khamul-100x70.webp\" alt title=\"St\u0103p\u00e2nul Inelelor: Temutul Nazgul Khamul va fi interpretat de actorul Zubin Varla \u00een serialul \u201eRings of Power\u201c\" width=\"100\" height=\"70\"><\/a><\/div>\n<div class=\"item-details\">\n<h3 class=\"entry-title td-module-title\"><a href=\"https:\/\/r3media.ro\/stapanul-inelelor-nazgul-khamul-interpretat-actor-zubin-varla-serial-rings-of-power\/\" rel=\"bookmark\" title=\"St\u0103p\u00e2nul Inelelor: Temutul Nazgul Khamul va fi interpretat de actorul Zubin Varla \u00een serialul \u201eRings of Power\u201c\">St\u0103p\u00e2nul Inelelor: Temutul Nazgul Khamul va fi interpretat de actorul Zubin&#8230;<\/a><\/h3>\n<div class=\"td-module-meta-info\"><span class=\"td-post-date\"><time class=\"entry-date updated td-module-date\" datetime=\"2026-07-28T12:02:31+03:00\">28\/07\/2026<\/time><\/span><\/div>\n<\/div>\n<\/div>\n<\/div>\n<\/div>\n<\/div>\n<aside class=\"td_block_template_1 widget widget_recent_comments\">\n<h4 class=\"block-title\"><span>INTR\u0102 \u00ceN DISCU\u021aIE!<\/span><\/h4>\n<ul id=\"recentcomments\">\n<li class=\"recentcomments\"><span class=\"comment-author-link\">Nicu<\/span> la <a href=\"https:\/\/r3media.ro\/avioane-americane-bulgaria-energie-radev-sua\/#comment-40326\">Avioane americane la Bezmer, la schimb cu avantaje \u00een zona energetic\u0103 pentru Bulgaria: ce a ob\u021binut guvernul Radev de la SUA<\/a><\/li>\n<li class=\"recentcomments\"><span class=\"comment-author-link\">Constantin<\/span> la <a href=\"https:\/\/r3media.ro\/prima-oara-istorie-presedintia-document-primplan-patriotism-european\/#comment-40325\">Pentru prima oar\u0103 \u00een istorie, Pre\u0219edin\u021bia Rom\u00e2niei emite un document care pune pe primul plan o alt\u0103 entitate dec\u00e2t \u021bara noastr\u0103: patriotismul european<\/a><\/li>\n<li class=\"recentcomments\"><span class=\"comment-author-link\">Constantin<\/span> la <a href=\"https:\/\/r3media.ro\/statul-roman-a-semnat-actul-propriei-disparitii\/#comment-40324\">Statul rom\u00e2n a semnat actul propriei dispari\u021bii?<\/a><\/li>\n<li class=\"recentcomments\"><span class=\"comment-author-link\">Nicu<\/span> la <a href=\"https:\/\/r3media.ro\/statul-roman-a-semnat-actul-propriei-disparitii\/#comment-40323\">Statul rom\u00e2n a semnat actul propriei dispari\u021bii?<\/a><\/li>\n<li class=\"recentcomments\"><span class=\"comment-author-link\">Nicu<\/span> la <a href=\"https:\/\/r3media.ro\/dan-dungaciu-patriotism-european-natiunea-identitatea-europeana\/#comment-40322\">Prof. Dan Dungaciu despre raportul privind \u201epatriotismul european\u201d emis de la Cotroceni: Dac\u0103 na\u021biunea e un construct, atunci \u201eidentitatea european\u0103\u201d ce este?<\/a><\/li>\n<li class=\"recentcomments\"><span class=\"comment-author-link\">boiu<\/span> la <a href=\"https:\/\/r3media.ro\/rusia-romania-drona-ambasador-moscova-porturi-dunare\/#comment-40321\">Rusia, avertizat\u0103 de Rom\u00e2nia dup\u0103 incidentele cu drona. Ambasadorul Moscovei acuz\u0103 Bucure\u0219tiul c\u0103 folose\u0219te porturile de la Dun\u0103re pentru a transporta arme \u00een Ucraina<\/a><\/li>\n<li class=\"recentcomments\"><span class=\"comment-author-link\">panda<\/span> la <a href=\"https:\/\/r3media.ro\/urs-sibiu\/#comment-40320\">Un urs a fost v\u0103zut pe unul dintre cele mai circulate bulevarde din Sibiu<\/a><\/li>\n<\/ul>\n<\/aside>\n<aside class=\"td_block_template_1 widget widget_search\">\n<h4 class=\"block-title\"><span>CAUT\u0102 \u0218I VEI G\u0102SI<\/span><\/h4>\n<\/aside>\n<\/div>\n<\/div>\n<\/div>\n<\/div>\n<\/div>\n<\/div>\n<\/div>\n<p><span class=\"td-page-meta\"><\/span><span class=\"td-page-meta\"><span class=\"td-page-meta\"><\/span><\/span><span class=\"td-page-meta\"><\/span><\/article>\n<\/p>\n<div class=\"td_block_wrap tdb_single_content tdi_18 td-pb-border-top td_block_template_1 td-post-content tagdiv-type\" data-td-block-uid=\"tdi_18\">\n<div class=\"tdb-block-inner td-fix-index\">\n<p><strong>Nicolae Aurelian Steinhardt (d. 29 martie 1989, Baia Mare, Rom\u00e2nia) a fost un scriitor, critic literar, eseist, jurist \u0219i publicist rom\u00e2n. De origine evreiasc\u0103, s-a convertit la religia cre\u0219tin\u0103 ortodox\u0103 \u00een \u00eenchisoarea de la Jilava, \u0219i-a luat numele de fratele Nicolae \u0219i s-a c\u0103lug\u0103rit dup\u0103 punerea sa \u00een libertate. <\/strong><\/p>\n<p><strong>Este autorul unei opere unice \u00een literatura rom\u00e2n\u0103, <em>Jurnalul fericirii.<\/em> A fost doctor \u00een drept constitu\u021bional.<\/strong><\/p>\n<p>Unul dintre cei mai importan\u0163i oameni de cultur\u0103 ai secolului trecut, Steinhardt \u015fi-a \u00eenceput periplul prin lumea intelectualilor de v\u00e2rf ai acelei perioade cu o licen\u0163\u0103 \u00een Drept \u015fi Litere la Universitatea din Bucure\u015fti, ob\u0163inut\u0103 \u00een 1934, \u015fi un doctorat \u00een drept constitu\u0163ional, concretizat \u00een 1936, prin lucrarea \u201ePrincipiile clasice \u015fi noile tendin\u0163e ale dreptului constitu\u0163ional. Critica operei lui L\u00e9on Duguit\u201d, publicat\u0103 \u00een acela\u015fi an. Nimic nu prevestea la acel moment, \u00een acei ani \u00een care Nicu Steinhardt a urmat cursurile \u015fcolii primare, apoi ale Liceului \u201eSpiru Haret\u201d \u015fi apoi ale Universit\u0103\u0163ii din Bucure\u015fti, minunea care avea s\u0103-i schimbe via\u0163a. Iar \u201eminunea\u201d a fost \u00eenchisoarea comunist\u0103, care, a\u015fa cum a scris peste ani Virgil Ierunca, i-a fost \u201eacademie \u015fi altar\u201d.<\/p>\n<p>\u015ei totu\u015fi\u2026 De\u015fi provenind dintr-o familie de evrei, cel ce avea s\u0103 cunoasc\u0103 Taina Botezului \u00eentr-o celul\u0103 de la Jilava, de la p\u0103rintele Mina Dobzeu, descoperise \u00eenc\u0103 din copil\u0103rie sunetul chem\u0103tor al clopotelor:\u201eClopotele au fost, a\u015fadar, primul semnal, declan\u015fatorul ini\u0163ial al ursitei mele duhovnice\u015fti. (\u2026) Pentru mine, cre\u015ftin\u0103tatea se confund\u0103 cu o poveste de dragoste:o dubl\u0103 \u00eendr\u0103gostire de biserica cre\u015ftin\u0103 \u015fi de neamul rom\u00e2nesc.\u201d<\/p>\n<p><em><strong>Cite\u0219ti \u0219i aju\u021bi!<\/strong><\/em><em>\u00a0Cump\u0103r\u0103 cartea: <\/em><a href=\"https:\/\/contramundum.ro\/produs\/sa-nu-traim-in-minciuna-rod-dreher\/\">S\u0103 nu tr\u0103im \u00een minciun\u0103. Un manual pentru disiden\u021bii cre\u0219tini, de Rod Dreher<\/a>, <em>vei<\/em> contribui <em>la sus\u021binerea libert\u0103\u021bii ideilor \u0219i implicit, a siteului <span><strong><span>R<\/span><span>3<\/span>media<\/strong>.<\/span><\/em><\/p>\n<p>Iar cheia felului \u00een care a privit poporul rom\u00e2n e plin\u0103 de o sensibilitate crud\u0103 \u015fi aproape \u0163\u0103r\u0103neasc\u0103, pe care inten\u0163ionat nu a l\u0103sat-o \u015flefuit\u0103 de toate \u015fcolile prin care a trecut. \u201eAici e \u0163ara lui \u00abIon\u00bb, a fanario\u0163ilor \u015fi a lui Soarbe-Zeam\u0103, aici Vlad \u0162epe\u015f i-a tras pe solii turci \u00een \u0163eap\u0103, nu le-a spus \u00abtrage\u0163i \u00eent\u00e2i dumneavoastr\u0103, domnilor englezi\u00bb, iar Petrache Carp i-a ar\u0103tat lui Vod\u0103 Carol c\u0103 porumbul se m\u0103n\u00e2nc\u0103 cu m\u00e2na, aici e pe via\u0163\u0103 \u015fi pe moarte, aici nu e decor sofisticat \u015fi suprem de nebunatic, nu-s draperii \u015fi delicii, nu-i paradis ori iad artificial, aici e ca la dughean\u0103, ca la tejghea, ca la obor; nu-i cu giuvaericale, e cu pietre, cu bolovani (\u015fi dintr-odat\u0103, g\u00e2ndul m\u0103 poart\u0103 spre Br\u00e2ncu\u015fi, \u0163\u0103ran hot\u0103r\u00e2t, care-\u015fi ciople\u015fte materialul cu gesturi mari de cosa\u015f.)\u201d<\/p>\n<p>A\u015fa \u00eencepe co\u015fmarul \u00eenchisorii comuniste \u2013 \u00eenso\u0163it de \u201ebinecuv\u00e2ntarea\u201d tat\u0103lui \u201es\u0103 nu fii jidan fricos, s\u0103 nu te caci \u00een pantaloni!\u201d \u2013 care se va transforma \u00een experien\u0163a esen\u0163ial\u0103 a vie\u0163ii lui.<\/p>\n<p>Dup\u0103 1940, Steinhardt \u00eencepe s\u0103 aib\u0103 probleme la Revista Funda\u0163iilor Regale, pentru c\u0103 sunt anii epur\u0103rii etnice, fiind \u00eenl\u0103turat, \u00eempreun\u0103 cu Vladimir Streinu, sub conducerea guvernului Antonescu, iar p\u00e2n\u0103 \u00een 1944 urmeaz\u0103 nenum\u0103rate priva\u0163iuni. Din 1944, revine la revist\u0103 unde \u00ee\u015fi continu\u0103 cu asiduitate activitatea publicistic\u0103. \u00cen 1947, va fi din nou \u00eenl\u0103turat din pricina unui denun\u0163. \u00cen acela\u015fi timp, mai colaboreaz\u0103 la Universul literar \u015fi Via\u0163a rom\u00e2neasc\u0103.<\/p>\n\n<p>La 46 de ani, este arestat \u015fi va fi inculpat \u00een celebrul proces Noica \u2013 Pillat. To\u0163i prietenii lui Constantin Noica, printre care Nicu Steinhardt, Dinu Pillat, Alexandru Paleologu, Vladimir Streinu, Sergiu Al-George, P\u0103storel Teodoreanu, Dinu Ranetti, Mihai R\u0103dulescu, Theodor Enescu, Marieta Sadova vor trece prin acela\u015fi calvar ce va purta diverse nume: Jilava, Aiud sau Gherla\u2026<\/p>\n<p>La 31 decembrie 1959, \u00een ultima zi a anului este convocat la Securitate, cer\u00e2ndu-i-se s\u0103 fie martor al acuz\u0103rii, cu men\u0163iunea c\u0103 dac\u0103 refuz\u0103 va fi arestat \u015fi implicat \u2013 culmea ironiei! \u2013 \u00een \u201elotul intelectualilor mistico-legionari\u201d, el, evreul care suferise priva\u0163iunile lui Antonescu. Anchetat pentru c\u0103 a refuzat s\u0103 depun\u0103 m\u0103rturie \u00eempotriva lui Constantin Noica, este condamnat \u00een \u201elotul Noica-Pillat\u201d la 13 ani de munc\u0103 silnic\u0103, sub acuza\u0163ia de \u201ecrim\u0103 de uneltire contra ordinii sociale\u201d.<\/p>\n<p>Botezul s\u0103v\u00e2r\u015fit \u00een \u00eenchisoare, pe data de 15 martie 1960, \u00eel va des\u0103v\u00e2r\u015fi imediat dup\u0103 eliberare, prin taina primei \u00eemp\u0103rt\u0103\u015fanii, la schitul Darvari din Bucure\u015fti. \u201eJurnalul fericirii\u201d va fi redactat \u00eentr-o prim\u0103 variant\u0103 \u00een 1970 \u015fi confiscat de Securitate \u00een 1972. \u00cei va fi restituit \u00een 1975, dup\u0103 numeroase interven\u0163ii pe l\u00e2ng\u0103 Uniunea Scriitorilor. \u00centre timp, autorul finalizeaz\u0103 a doua variant\u0103, mai ampl\u0103, confiscat\u0103 \u015fi ea. Cartea a circulat \u00een samizdat \u00een r\u00e2ndurile intelectualilor.<\/p>\n<p>Redact\u00e2nd \u00een tot acest timp mai multe versiuni, c\u00e2teva au fost scoase pe ascuns din \u0163ar\u0103, dou\u0103 dintre ele ajung\u00e2nd \u00een posesia Monic\u0103i Lovinescu \u015fi a lui Virgil Ierunca, la Paris. Monica Lovinescu o difuzeaz\u0103 \u00een serial la microfonul postului de radio Europa Liber\u0103 \u00eentre anii 1988 \u015fi 1989.<\/p>\n<p>Pe 29-30 martie 1989, Nicolae Steinhardt, f\u0103r\u0103 s\u0103 fi apucat sf\u00e2r\u015fitul perioadei comuniste, moare \u00eentr-un spital din Baia Mare.<\/p>\n<div class=\"crp_related     crp-masonry\">\n<h2>\u00ceN CONTEXT<\/h2>\n<ul>\n<li><a href=\"https:\/\/r3media.ro\/calendarul-zilei-30-martie-moarte-nicolae-steinhardt\/\" class=\"crp_link post-17242\"><span class=\"crp_title\">Calendarul zilei 30 martie: 37 de ani de la moartea lui Nicolae Steinhardt, monahul de la Rohia<\/span><\/a><\/li>\n<li><a href=\"https:\/\/r3media.ro\/tinere-hristos-este-cheia\/\" class=\"crp_link post-115629\"><span class=\"crp_title\">Tinere, Hristos este Cheia!<\/span><\/a><\/li>\n<li><a href=\"https:\/\/r3media.ro\/calendarul-zilei-7-ianuarie-sfantul-ioan-botezatorul-craciunul-pe-calendarul-vechi\/\" class=\"crp_link post-10400\"><span class=\"crp_title\">Calendarul zilei 7 ianuarie: Sf\u00e2ntul Ioan Botez\u0103torul. Cr\u0103ciunul pe calendarul vechi<\/span><\/a><\/li>\n<li><a href=\"https:\/\/r3media.ro\/8-septembrie-nasterea-maicii-domnului-sau-sfanta-maria-mica\/\" class=\"crp_link post-803\"><span class=\"crp_title\">Calendarul zilei 8 septembrie: Na\u0219terea Maicii Domnului sau Sf\u00e2nta Maria Mic\u0103<\/span><\/a><\/li>\n<li><a href=\"https:\/\/r3media.ro\/calendarul-zilei-19-februarie-nasterea-lui-constantin-brancusi-academia-romana-nu-l-a-refuzat-pe-brancusi\/\" class=\"crp_link post-14238\"><span class=\"crp_title\">Calendarul zilei 19 februarie: 150 de ani de la na\u0219terea lui Constantin Br\u00e2ncu\u0219i. Academia\u2026<\/span><\/a><\/li>\n<li><a href=\"https:\/\/r3media.ro\/calendarul-zilei-25-martie-buna-vestire-si-ziua-politiei-romane\/\" class=\"crp_link post-16813\"><span class=\"crp_title\">Calendarul zilei 25 martie: Buna Vestire \u0219i Ziua Poli\u021biei Rom\u00e2ne<\/span><\/a><\/li>\n<li><a href=\"https:\/\/r3media.ro\/calendarul-zilei-9-mai-sf-proroc-isaia-sf-mc-hristofor-aducerea-la-bari-a-moastelor-sf-ier-nicolae\/\" class=\"crp_link post-94576\"><span class=\"crp_title\">Calendarul zilei 9 mai: Sf. Proroc Isaia; Sf. Mc. Hristofor; Aducerea la Bari a moa\u0219telor\u2026<\/span><\/a><\/li>\n<li><a href=\"https:\/\/r3media.ro\/calendarul-zilei-15-ianuarie-nasterea-lui-mihai-eminescu-ziua-culturii-nationale\/\" class=\"crp_link post-11079\"><span class=\"crp_title\">Calendarul zilei 15 ianuarie: Na\u0219terea lui Mihai Eminescu. Ziua Culturii Na\u021bionale<\/span><\/a><\/li>\n<\/ul>\n<\/div>\n<\/div>\n<\/div>\n<p>[analyse_source url=&#8221;https:\/\/r3media.ro\/29-iulie-nasterea-nicolae-steinhardt-monahul-de-la-rohia-iustinian-chira\/&#8221;]<\/p>\n","protected":false},"excerpt":{"rendered":"<p>[analyse_image type=&#8221;featured&#8221; src=&#8221;https:\/\/r3media.ro\/wp-content\/uploads\/2021\/07\/parintele_nicolae_steinhardt-e1627549680297.jpghttps:\/\/r3media.ro\/wp-content\/uploads\/2021\/07\/parintele_nicolae_steinhardt-e1627549680297.jpg&#8221;] PRIM PLANCalendarul zilei 29 iulie: Na\u0219terea lui Nicolae Steinhardt, monahul de la Rohia&#8230;. PRIM PLAN\u0218TIRIVIDEO Calendarul zilei 29 iulie: Na\u0219terea lui Nicolae Steinhardt, monahul de la Rohia. Evocarea \u00cePS Justinian Chira | VIDEO Redac\u021bia 28\/07\/2026 Nicolae Aurelian Steinhardt (d. 29 martie 1989, Baia Mare, Rom\u00e2nia) a fost un scriitor, critic literar, eseist, [&hellip;]<\/p>\n","protected":false},"author":1,"featured_media":0,"comment_status":"open","ping_status":"","sticky":false,"template":"","format":"standard","meta":{"footnotes":""},"categories":[89],"tags":[226,93],"class_list":["post-2066369","post","type-post","status-publish","format-standard","hentry","category-romania","tag-crawlmanager","tag-r3media-ro"],"_links":{"self":[{"href":"https:\/\/analyse.optim.biz\/index.php?rest_route=\/wp\/v2\/posts\/2066369","targetHints":{"allow":["GET"]}}],"collection":[{"href":"https:\/\/analyse.optim.biz\/index.php?rest_route=\/wp\/v2\/posts"}],"about":[{"href":"https:\/\/analyse.optim.biz\/index.php?rest_route=\/wp\/v2\/types\/post"}],"author":[{"embeddable":true,"href":"https:\/\/analyse.optim.biz\/index.php?rest_route=\/wp\/v2\/users\/1"}],"replies":[{"embeddable":true,"href":"https:\/\/analyse.optim.biz\/index.php?rest_route=%2Fwp%2Fv2%2Fcomments&post=2066369"}],"version-history":[{"count":0,"href":"https:\/\/analyse.optim.biz\/index.php?rest_route=\/wp\/v2\/posts\/2066369\/revisions"}],"wp:attachment":[{"href":"https:\/\/analyse.optim.biz\/index.php?rest_route=%2Fwp%2Fv2%2Fmedia&parent=2066369"}],"wp:term":[{"taxonomy":"category","embeddable":true,"href":"https:\/\/analyse.optim.biz\/index.php?rest_route=%2Fwp%2Fv2%2Fcategories&post=2066369"},{"taxonomy":"post_tag","embeddable":true,"href":"https:\/\/analyse.optim.biz\/index.php?rest_route=%2Fwp%2Fv2%2Ftags&post=2066369"}],"curies":[{"name":"wp","href":"https:\/\/api.w.org\/{rel}","templated":true}]}}