{"id":2066367,"date":"2026-07-28T18:20:53","date_gmt":"2026-07-28T15:20:53","guid":{"rendered":"https:\/\/analyse.optim.biz\/?p=2066367"},"modified":"2026-07-28T18:20:53","modified_gmt":"2026-07-28T15:20:53","slug":"calendarul-zilei-29-iulie-ziua-imnului-national","status":"publish","type":"post","link":"https:\/\/analyse.optim.biz\/?p=2066367","title":{"rendered":"Calendarul zilei: 29 iulie, Ziua Imnului Na\u021bional"},"content":{"rendered":"<p>[analyse_image type=&#8221;featured&#8221; src=&#8221;https:\/\/r3media.ro\/wp-content\/uploads\/2021\/07\/maxresdefault-13.jpghttps:\/\/r3media.ro\/wp-content\/uploads\/2021\/07\/maxresdefault-13.jpg&#8221;]<\/p>\n<article id=\"template-id-109\" class=\"post-109 tdb_templates type-tdb_templates status-publish post\">\n<div id=\"tdi_2\" class=\"tdc-zone\">\n<div class=\"tdc_zone tdi_3  wpb_row td-pb-row\">\n<div id=\"tdi_4\" class=\"tdc-row\">\n<div class=\"vc_row tdi_5  wpb_row td-pb-row\">\n<div class=\"vc_column tdi_7  wpb_column vc_column_container tdc-column td-pb-span8\">\n<div class=\"wpb_wrapper\">\n<div class=\"td_block_wrap tdb_breadcrumbs tdi_8 td-pb-border-top td_block_template_1 tdb-breadcrumbs \" data-td-block-uid=\"tdi_8\">\n<div class=\"tdb-block-inner td-fix-index\"><span><a title=\"Vede\u021bi toate articolele \u00een PRIM PLAN\" class=\"tdb-entry-crumb\" href=\"https:\/\/r3media.ro\/category\/stiri-prim-plan\/\">PRIM PLAN<\/a><\/span><span class=\"tdb-bred-no-url-last\">Calendarul zilei: 29 iulie, Ziua Imnului Na\u021bional<\/span><\/div>\n<\/div>\n<div class=\"td_block_wrap tdb_single_categories tdi_9 td-pb-border-top td_block_template_1 \" data-td-block-uid=\"tdi_9\">\n<div class=\"tdb-category td-fix-index\"><a class=\"tdb-entry-category\" href=\"https:\/\/r3media.ro\/category\/stiri-prim-plan\/\">PRIM PLAN<\/a><a class=\"tdb-entry-category\" href=\"https:\/\/r3media.ro\/category\/stiri\/\">\u0218TIRI<\/a><a class=\"tdb-entry-category\" href=\"https:\/\/r3media.ro\/category\/video-news\/\">VIDEO<\/a><\/div>\n<\/div>\n<div class=\"td_block_wrap tdb_title tdi_10 tdb-single-title td-pb-border-top td_block_template_1\" data-td-block-uid=\"tdi_10\">\n<div class=\"tdb-block-inner td-fix-index\">\n<h1 class=\"tdb-title-text\">Calendarul zilei: 29 iulie, Ziua Imnului Na\u021bional<\/h1>\n<\/div>\n<\/div>\n<div class=\"vc_row_inner tdi_12  vc_row vc_inner wpb_row td-pb-row\">\n<div class=\"vc_column_inner tdi_14  wpb_column vc_column_container tdc-inner-column td-pb-span12\">\n<div class=\"vc_column-inner\">\n<div class=\"wpb_wrapper\">\n<div class=\"td_block_wrap tdb_single_author tdi_15 td-pb-border-top td_block_template_1 tdb-post-meta\" data-td-block-uid=\"tdi_15\">\n<div class=\"tdb-block-inner td-fix-index\">\n<div class=\"tdb-author-name-wrap\"><a class=\"tdb-author-name\" href=\"https:\/\/r3media.ro\/author\/radu_ursan\/\">Radu Ursan<\/a><\/div>\n<\/div>\n<\/div>\n<div class=\"td_block_wrap tdb_single_date tdi_16 td-pb-border-top td_block_template_1 tdb-post-meta\" data-td-block-uid=\"tdi_16\">\n<div class=\"tdb-block-inner td-fix-index\"><time class=\"entry-date updated td-module-date\" datetime=\"2026-07-28T21:20:53+03:00\">28\/07\/2026<\/time><\/div>\n<\/div>\n<\/div>\n<\/div>\n<\/div>\n<\/div>\n<div class=\"td_block_wrap tdb_single_featured_image tdi_17 tdb-content-horiz-left td-pb-border-top td_block_template_1\" data-td-block-uid=\"tdi_17\">\n<div class=\"tdb-block-inner td-fix-index\">\n<div class=\"wpb_video_wrapper\">\n<\/div>\n<\/div>\n<\/div>\n<div class=\"td_block_wrap tdb_single_content tdi_18 td-pb-border-top td_block_template_1 td-post-content tagdiv-type\" data-td-block-uid=\"tdi_18\">\n<div class=\"tdb-block-inner td-fix-index\">\n<p><strong>29 iulie este Ziua Imnului Na\u021bional. Actualmente, imnul na\u021bional este \u201eDe\u0219teapt\u0103-te rom\u00e2ne\u201d, adoptat la finalul anului 1989.<\/strong><\/p>\n<p>Ziua imnului na\u0163ional al Rom\u00e2niei a fost instituit\u0103 \u00een anul 1998, prin Legea nr. 99\/1998, care prevede c\u0103 aceast\u0103 zi va fi marcat\u0103 de c\u0103tre autorit\u0103\u0163ile publice \u015fi de c\u0103tre celelalte institu\u0163ii ale statului, prin organizarea unor programe \u015fi manifest\u0103ri cultural-educative cu caracter evocator \u015fi \u015ftiin\u0163ific, \u00een spiritul tradi\u0163iilor poporului rom\u00e2n, precum \u015fi prin ceremonii militare specifice, organizate \u00een cadrul unit\u0103\u0163ilor Ministerului Ap\u0103r\u0103rii Na\u0163ionale \u015fi ale Ministerului de Interne.<\/p>\n<p>Tot \u00een anul 1998, \u00een cadrul manifest\u0103rilor prilejuite de \u00eemplinirea unui secol \u015fi jum\u0103tate de la Revolu\u0163ia rom\u00e2n\u0103 din anul 1848, Banca Na\u0163ional\u0103 a Rom\u00e2niei (BNR) a pus \u00een circula\u0163ie, \u00een scop numismatic, \u00eencep\u00e2nd cu data de 29 iulie 1998, Zi a imnului na\u0163ional, dou\u0103 monede din aur cu valori nominale de 500 lei \u015fi 1.000 lei, dedicate acestei anivers\u0103ri, potrivit Circularei nr. 12\/1998 emise de BNR.<\/p>\n<p>Ideea unui imn na\u021bional s-a n\u0103scut \u00eenc\u0103 din 1840 \u00een Principatele Rom\u00e2ne, c\u00e2nd era c\u00e2ntat mai ales la festivit\u0103\u021bile oficiale unde ap\u0103rea domnitorul \u021b\u0103rii. \u00cen anul 1881 cu prilejul \u00eencoron\u0103rii regelui Carol I, poetul Vasile Alecsandri a scris textul <em>Imnului regal rom\u00e2n.<\/em> Imnul s-a c\u00e2ntat \u00een mod oficial pentru prima dat\u0103 \u00een Rom\u00e2nia \u00een anul 1884, la \u00eencoronarea regelui Carol I.<\/p>\n<p>Imnul regal a fost \u00eenlocuit \u00een 1948 de \u201eZdrobite c\u0103tu\u0219e\u201d, apoi de \u201eTe sl\u0103vim, Rom\u00e2nie!\u201d \u0219i de imnul \u201eTrei culori.\u201d Acestuia i-a luat \u201eDe\u0219teapt\u0103-te, rom\u00e2ne!\u201d dup\u0103 1989.<\/p>\n<p>Mai mult, \u00een 21 decembrie 1989, la mitingul care i-a pecetluit soarta, Nicolae Ceau\u0219escu a rostit dou\u0103 versuri chiar din \u201eDe\u0219teapt\u0103-te rom\u00e2ne\u201d.<\/p>\n<p><em><strong>Poart\u0103 simbolurile na\u021bionale aproape de suflet. La propriu!<\/strong><\/em> Cump\u0103r\u0103 <a href=\"https:\/\/www.patriotromania.ro\/stema-color.html\"><em>un tricou cu stema Rom\u00e2niei<\/em><\/a> \u0219i vei contribui la sus\u021binerea siteului <span><span><strong><em>R<\/em><\/strong><\/span><span><strong><em>3<\/em><\/strong><\/span><strong><em>media<\/em><\/strong><em>.<\/em><\/span><\/p>\n<p>Timp de c\u00e2\u021biva ani \u201eDe\u0219teapt\u0103-te, rom\u00e2ne!\u201d a fost \u0219i imnul na\u021bional al Republicii Moldova, fiind \u00eenlocuit \u00een 1994 cu \u201eLimba noastr\u0103\u201d.<\/p>\n<div class=\"youtube-embed\" data-video_id=\"tFNoGl6ckfU\"><\/div>\n<p>Iat\u0103 versurile imnului na\u021bional:<\/p>\n<p>De\u0219teapt\u0103-te, rom\u00e2ne, din somnul cel de moarte,<br \/>\n\u00cen care te-ad\u00e2ncir\u0103 barbarii de tirani!<br \/>\nAcum ori niciodat\u0103 croie\u0219te-\u021bi alt\u0103 soarte,<br \/>\nLa care s\u0103 se-nchine \u0219i cruzii t\u0103i du\u0219mani!<\/p>\n<p>Acum ori niciodat\u0103 s\u0103 d\u0103m dovezi la lume<br \/>\nC\u0103-n aste m\u00e2ni mai curge un s\u00e2nge de roman,<br \/>\n\u0218i c\u0103-n a noastre piepturi p\u0103str\u0103m cu fal\u0103-un nume<br \/>\nTriumf\u0103tor \u00een lupte, un nume de Traian!<\/p>\n<p>\u00cenal\u021b\u0103-\u021bi lata frunte \u0219i caut\u0103-n giur de tine,<br \/>\nCum stau ca brazi \u00een munte voinici sute de mii;<br \/>\nUn glas ei mai a\u0219teapt\u0103 \u0219i sar ca lupi \u00een st\u00e2ne,<br \/>\nB\u0103tr\u00e2ni, b\u0103rba\u021bi, juni, tineri, din mun\u021bi \u0219i din c\u00e2mpii!<\/p>\n<p>Privi\u021bi, m\u0103re\u021be umbre, Mihai, \u0218tefan, Corvine,<br \/>\nRom\u00e2na na\u021biune, ai vo\u0219tri str\u0103nepo\u021bi,<br \/>\nCu bra\u021bele armate, cu focul vostru-n vine,<br \/>\n\u201eVia\u021b\u0103-n libertate ori moarte!\u201d strig\u0103 to\u021bi.<\/p>\n<p>Pre voi v\u0103 nimicir\u0103 a pizmei r\u0103utate<br \/>\n\u0218i oarba neunire la Milcov \u0219i Carpa\u021bi!<br \/>\nDar noi, p\u0103trun\u0219i la suflet de sf\u00e2nta libertate,<br \/>\nJur\u0103m c\u0103 vom da m\u00e2na, s\u0103 fim pururea fra\u021bi!<\/p>\n<p>O mam\u0103 v\u0103duvit\u0103 de la Mihai cel Mare<br \/>\nPretinde de la fii-\u0219i azi m\u00e2n\u0103 d-ajutori,<br \/>\n\u0218i blast\u0103m\u0103 cu lacrimi \u00een ochi pe ori\u0219icare,<br \/>\n\u00cen astfel de pericol s-ar face v\u00e2nz\u0103tori!<\/p>\n<p>De fulgere s\u0103 piar\u0103, de tr\u0103snet \u0219i pucioas\u0103,<br \/>\nOricare s-ar retrage din gloriosul loc,<br \/>\nC\u00e2nd patria sau mama, cu inim\u0103 duioas\u0103,<br \/>\nVa cere ca s\u0103 trecem prin sabie \u0219i foc!<\/p>\n<p>N-ajunse iataganul barbarei semilune,<br \/>\nA c\u0103rui pl\u0103gi fatale \u0219i azi le mai sim\u021bim;<br \/>\nAcum se v\u00e2r\u0103 cnuta \u00een vetrele str\u0103bune,<br \/>\nDar martor ne e Domnul c\u0103 vii nu o primim!<\/p>\n<p>N-ajunse despotismul cu-ntreaga lui orbie,<br \/>\nAl c\u0103rui jug din seculi ca vitele-l purt\u0103m ;<br \/>\nAcum se-ncearc\u0103 cruzii, \u00een oarba lor trufie,<br \/>\nS\u0103 ne r\u0103peasc\u0103 limba, dar mor\u021bi numai o d\u0103m!<\/p>\n<p>Rom\u00e2ni din patru unghiuri, acum ori niciodat\u0103<br \/>\nUni\u021bi-v\u0103 \u00een cuget, uni\u021bi-v\u0103-n sim\u021biri!<br \/>\nStriga\u021bi \u00een lumea larg\u0103 c\u0103 Dun\u0103rea-i furat\u0103<br \/>\nPrin intrig\u0103 \u0219i sil\u0103, viclene uneltiri!<\/p>\n<p>Preo\u021bi, cu cruce-n frunte! c\u0103ci oastea e cre\u0219tin\u0103,<br \/>\nDeviza-i libertate \u0219i scopul ei preasf\u00e2nt.<br \/>\nMurim mai bine-n lupt\u0103, cu glorie deplin\u0103,<br \/>\nDec\u00e2t s\u0103 fim sclavi iar\u0103\u0219i \u00een vechiul nost\u2019 p\u0103m\u00e2nt!<\/p>\n<div class=\"crp_related     crp-masonry\">\n<h2>\u00ceN CONTEXT<\/h2>\n<ul>\n<li><a href=\"https:\/\/r3media.ro\/10-mai-ziua-independentei-romaniei-ziua-aromanilor-ziua-regalitatii\/\" class=\"crp_link post-20081\"><span class=\"crp_title\">Calendarul zilei: 10 mai, Ziua Independen\u021bei Romaniei, Ziua Rom\u00e2nilor din Balcani sau Ziua\u2026<\/span><\/a><\/li>\n<li><a href=\"https:\/\/r3media.ro\/calendarul-zilei-7-ianuarie-sfantul-ioan-botezatorul-craciunul-pe-calendarul-vechi\/\" class=\"crp_link post-10400\"><span class=\"crp_title\">Calendarul zilei 7 ianuarie: Sf\u00e2ntul Ioan Botez\u0103torul. Cr\u0103ciunul pe calendarul vechi<\/span><\/a><\/li>\n<li><a href=\"https:\/\/r3media.ro\/calendarul-zilei-4-aprilie-1944-cea-mai-neagra-zi-a-capitalei-2942-de-bucuresteni-ucisi-de-bombardamentele-americane-aviatorii-care-au-adus-moartea-au-monumente-romanii\/\" class=\"crp_link post-17571\"><span class=\"crp_title\">Calendarul zilei | 4 aprilie 1944, cea mai neagr\u0103 zi a Capitalei: 2942 de bucure\u0219teni uci\u0219i\u2026<\/span><\/a><\/li>\n<li><a href=\"https:\/\/r3media.ro\/14-iulie-ziua-nationala-a-frantei\/\" class=\"crp_link post-50509\"><span class=\"crp_title\">Calendarul zilei 14 iulie: Ziua Na\u021bional\u0103 a Fran\u021bei<\/span><\/a><\/li>\n<li><a href=\"https:\/\/r3media.ro\/6-iunie-moartea-ciprian-porumbescu\/\" class=\"crp_link post-21082\"><span class=\"crp_title\">Calendarul zilei 6 iunie: 143 de ani de la moartea lui Ciprian Porumbescu. Ultima sa dorin\u021b\u0103\u2026<\/span><\/a><\/li>\n<li><a href=\"https:\/\/r3media.ro\/calendarul-zilei-4-august-1919-cucerirea-budapestei-de-catre-armata-romana\/\" class=\"crp_link post-25422\"><span class=\"crp_title\">Calendarul zilei: 4 august 1919, cucerirea Budapestei de c\u0103tre Armata Rom\u00e2n\u0103<\/span><\/a><\/li>\n<li><a href=\"https:\/\/r3media.ro\/calendarul-zilei-1-septembrie-inceputul-noului-an-bisericesc-si-prima-zi-in-noul-an-traditional-romanesc\/\" class=\"crp_link post-27187\"><span class=\"crp_title\">Calendarul zilei: 1 septembrie, \u00eenceputul noului an bisericesc \u0219i prima zi \u00een noul an\u2026<\/span><\/a><\/li>\n<li><a href=\"https:\/\/r3media.ro\/calendarul-zilei-25-martie-buna-vestire-si-ziua-politiei-romane\/\" class=\"crp_link post-16813\"><span class=\"crp_title\">Calendarul zilei 25 martie: Buna Vestire \u0219i Ziua Poli\u021biei Rom\u00e2ne<\/span><\/a><\/li>\n<\/ul>\n<\/div>\n<\/div>\n<\/div>\n<div class=\"td_block_wrap tdb_single_tags tdi_19 td-pb-border-top td_block_template_1\" data-td-block-uid=\"tdi_19\">\n<div class=\"tdb-block-inner td-fix-index\">\n<ul class=\"tdb-tags\">\n<li><span>SUBIECTE FIERBIN\u021aI<\/span><\/li>\n<li><a href=\"https:\/\/r3media.ro\/tag\/calendarul-zilei\/\">calendarul zilei<\/a><\/li>\n<li><a href=\"https:\/\/r3media.ro\/tag\/calendarul-zilei-29-iulie\/\">calendarul zilei 29 iulie<\/a><\/li>\n<li><a href=\"https:\/\/r3media.ro\/tag\/desteapta-te-romane\/\">desteapta-te romane<\/a><\/li>\n<li><a href=\"https:\/\/r3media.ro\/tag\/imnul-romaniei\/\">imnul romaniei<\/a><\/li>\n<li><a href=\"https:\/\/r3media.ro\/tag\/ziua-imnului-national\/\">ziua imnului national<\/a><\/li>\n<\/ul>\n<\/div>\n<\/div>\n<div class=\"td_block_wrap td_block_9 tdi_20 td_with_ajax_pagination td-pb-border-top td_block_template_1 td-column-2 td_block_padding td_block_bot_line\" data-td-block-uid=\"tdi_20\">\n<div class=\"td-block-title-wrap\">\n<h4 class=\"block-title td-block-title\"><span class=\"td-pulldown-size\">CITE\u0218TE MAI MULT<\/span><\/h4>\n<\/div>\n<div id=\"tdi_20\" class=\"td_block_inner\">\n<div class=\"td-block-row\">\n<div class=\"td-block-span6\">\n<div class=\"td_module_8 td_module_wrap\">\n<div class=\"item-details\">\n<h3 class=\"entry-title td-module-title\"><a href=\"https:\/\/r3media.ro\/bnr-recomanda-romani-rezerve-de-cash-atacuri-cibernetice-numerar-relevant-criza\/\" rel=\"bookmark\" title=\"BNR le recomand\u0103 rom\u00e2nilor s\u0103 p\u0103streze rezerve de cash: Numerarul se poate dovedi relevant \u00een criz\u0103\">BNR le recomand\u0103 rom\u00e2nilor s\u0103 p\u0103streze rezerve de cash: Numerarul se poate dovedi relevant&#8230;<\/a><\/h3>\n<div class=\"td-module-meta-info\"><a href=\"https:\/\/r3media.ro\/category\/actualitate\/\" class=\"td-post-category\">ACTUALITATE<\/a><span class=\"td-post-author-name\"><a href=\"https:\/\/r3media.ro\/author\/oana\/\">Oana Ivan<\/a><span>&#8211;<\/span><\/span><span class=\"td-post-date\"><time class=\"entry-date updated td-module-date\" datetime=\"2026-07-27T13:11:47+03:00\">27\/07\/2026<\/time><\/span><\/div>\n<\/div>\n<\/div>\n<\/div>\n<div class=\"td-block-span6\">\n<div class=\"td_module_8 td_module_wrap\">\n<div class=\"item-details\">\n<h3 class=\"entry-title td-module-title\"><a href=\"https:\/\/r3media.ro\/statul-roman-a-semnat-actul-propriei-disparitii\/\" rel=\"bookmark\" title=\"Statul rom\u00e2n a semnat actul propriei dispari\u021bii?\">Statul rom\u00e2n a semnat actul propriei dispari\u021bii?<\/a><\/h3>\n<div class=\"td-module-meta-info\"><a href=\"https:\/\/r3media.ro\/category\/opinii\/\" class=\"td-post-category\">OPINII<\/a><span class=\"td-post-author-name\"><a href=\"https:\/\/r3media.ro\/author\/gabipopa\/\">Gabriel Popa<\/a><span>&#8211;<\/span><\/span><span class=\"td-post-date\"><time class=\"entry-date updated td-module-date\" datetime=\"2026-07-27T15:07:05+03:00\">27\/07\/2026<\/time><\/span><\/div>\n<\/div>\n<\/div>\n<\/div>\n<\/div>\n<div class=\"td-block-row\">\n<div class=\"td-block-span6\">\n<div class=\"td_module_8 td_module_wrap\">\n<div class=\"item-details\">\n<h3 class=\"entry-title td-module-title\"><a href=\"https:\/\/r3media.ro\/prima-oara-istorie-presedintia-document-primplan-patriotism-european\/\" rel=\"bookmark\" title=\"Pentru prima oar\u0103 \u00een istorie, Pre\u0219edin\u021bia Rom\u00e2niei emite un document care pune pe primul plan o alt\u0103 entitate dec\u00e2t \u021bara noastr\u0103: patriotismul european\">Pentru prima oar\u0103 \u00een istorie, Pre\u0219edin\u021bia Rom\u00e2niei emite un document care pune pe primul&#8230;<\/a><\/h3>\n<div class=\"td-module-meta-info\"><a href=\"https:\/\/r3media.ro\/category\/actualitate\/\" class=\"td-post-category\">ACTUALITATE<\/a><span class=\"td-post-author-name\"><a href=\"https:\/\/r3media.ro\/author\/teodor_stan\/\">Teodor Stan<\/a><span>&#8211;<\/span><\/span><span class=\"td-post-date\"><time class=\"entry-date updated td-module-date\" datetime=\"2026-07-26T11:44:31+03:00\">26\/07\/2026<\/time><\/span><\/div>\n<\/div>\n<\/div>\n<\/div>\n<div class=\"td-block-span6\">\n<div class=\"td_module_8 td_module_wrap\">\n<div class=\"item-details\">\n<h3 class=\"entry-title td-module-title\"><a href=\"https:\/\/r3media.ro\/film-nou-stapanul-inelelor-corect-politic-regizor-andy-serkis-diversitate-tolkien-mitologie-nordica\/\" rel=\"bookmark\" title=\"Noul film \u201eSt\u0103p\u00e2nul Inelelor\u201d nu va fi corect politic. Regizorul Andy Serkis: J.R.R. Tolkien a fost influen\u021bat de mitologia nordic\u0103. Nu vrem o distribu\u021bie de dragul de a bifa c\u0103su\u021be\">Noul film \u201eSt\u0103p\u00e2nul Inelelor\u201d nu va fi corect politic. Regizorul Andy Serkis: J.R.R. Tolkien&#8230;<\/a><\/h3>\n<div class=\"td-module-meta-info\"><a href=\"https:\/\/r3media.ro\/category\/actualitate\/\" class=\"td-post-category\">ACTUALITATE<\/a><span class=\"td-post-author-name\"><a href=\"https:\/\/r3media.ro\/author\/oana\/\">Oana Ivan<\/a><span>&#8211;<\/span><\/span><span class=\"td-post-date\"><time class=\"entry-date updated td-module-date\" datetime=\"2026-07-26T15:49:31+03:00\">26\/07\/2026<\/time><\/span><\/div>\n<\/div>\n<\/div>\n<\/div>\n<\/div>\n<div class=\"td-block-row\">\n<div class=\"td-block-span6\">\n<div class=\"td_module_8 td_module_wrap\">\n<div class=\"item-details\">\n<h3 class=\"entry-title td-module-title\"><a href=\"https:\/\/r3media.ro\/dictatura-forma-suprema-a-democratiei\/\" rel=\"bookmark\" title=\"Dictatura \u2013 forma suprem\u0103 a democra\u021biei\">Dictatura \u2013 forma suprem\u0103 a democra\u021biei<\/a><\/h3>\n<div class=\"td-module-meta-info\"><a href=\"https:\/\/r3media.ro\/category\/opinii\/\" class=\"td-post-category\">OPINII<\/a><span class=\"td-post-author-name\"><a href=\"https:\/\/r3media.ro\/author\/tru\/\">TRU (Traian Ungureanu)<\/a><span>&#8211;<\/span><\/span><span class=\"td-post-date\"><time class=\"entry-date updated td-module-date\" datetime=\"2026-07-25T16:43:11+03:00\">25\/07\/2026<\/time><\/span><\/div>\n<\/div>\n<\/div>\n<\/div>\n<div class=\"td-block-span6\">\n<div class=\"td_module_8 td_module_wrap\">\n<div class=\"item-details\">\n<h3 class=\"entry-title td-module-title\"><a href=\"https:\/\/r3media.ro\/marea-britanie-apa-inteligenta-artificiala-romania-centru-ai-restrictii-consum-apa\/\" rel=\"bookmark\" title=\"Marea Britanie nu mai are suficient\u0103 ap\u0103 pentru Inteligen\u021ba Artificial\u0103, dar Rom\u00e2nia vrea s\u0103 g\u0103zduiasc\u0103 un centru AI care consum\u0103 c\u00e2t sute de mii de oameni \u0219i impune restric\u021bii la consumul de ap\u0103 al popula\u021biei\">Marea Britanie nu mai are suficient\u0103 ap\u0103 pentru Inteligen\u021ba Artificial\u0103, dar Rom\u00e2nia vrea s\u0103&#8230;<\/a><\/h3>\n<div class=\"td-module-meta-info\"><a href=\"https:\/\/r3media.ro\/category\/actualitate\/\" class=\"td-post-category\">ACTUALITATE<\/a><span class=\"td-post-author-name\"><a href=\"https:\/\/r3media.ro\/author\/radu_ursan\/\">Radu Ursan<\/a><span>&#8211;<\/span><\/span><span class=\"td-post-date\"><time class=\"entry-date updated td-module-date\" datetime=\"2026-07-23T11:44:13+03:00\">23\/07\/2026<\/time><\/span><\/div>\n<\/div>\n<\/div>\n<\/div>\n<\/div>\n<div class=\"td-block-row\">\n<div class=\"td-block-span6\">\n<div class=\"td_module_8 td_module_wrap\">\n<div class=\"item-details\">\n<h3 class=\"entry-title td-module-title\"><a href=\"https:\/\/r3media.ro\/campion-olimpic-olaf-tufte-mort-subit-50-ani\/\" rel=\"bookmark\" title=\"Campionul olimpic Olaf Tufte a murit subit la 50 de ani\">Campionul olimpic Olaf Tufte a murit subit la 50 de ani<\/a><\/h3>\n<div class=\"td-module-meta-info\"><a href=\"https:\/\/r3media.ro\/category\/actualitate\/\" class=\"td-post-category\">ACTUALITATE<\/a><span class=\"td-post-author-name\"><a href=\"https:\/\/r3media.ro\/author\/oana\/\">Oana Ivan<\/a><span>&#8211;<\/span><\/span><span class=\"td-post-date\"><time class=\"entry-date updated td-module-date\" datetime=\"2026-07-22T12:11:02+03:00\">22\/07\/2026<\/time><\/span><\/div>\n<\/div>\n<\/div>\n<\/div>\n<div class=\"td-block-span6\">\n<div class=\"td_module_8 td_module_wrap\">\n<div class=\"item-details\">\n<h3 class=\"entry-title td-module-title\"><a href=\"https:\/\/r3media.ro\/explozie-incendiu-fabrica-kronospan-brasov-video\/\" rel=\"bookmark\" title=\"VIDEO | Explozie urmat\u0103 de un incendiu la fabrica Kronospan din Bra\u0219ov. \u00cen timp ce pompierii \u00eencercau s\u0103 sting\u0103 focul s-a produs o alt\u0103 explozie\">VIDEO | Explozie urmat\u0103 de un incendiu la fabrica Kronospan din Bra\u0219ov. \u00cen timp&#8230;<\/a><\/h3>\n<div class=\"td-module-meta-info\"><a href=\"https:\/\/r3media.ro\/category\/actualitate\/\" class=\"td-post-category\">ACTUALITATE<\/a><span class=\"td-post-author-name\"><a href=\"https:\/\/r3media.ro\/author\/oana\/\">Oana Ivan<\/a><span>&#8211;<\/span><\/span><span class=\"td-post-date\"><time class=\"entry-date updated td-module-date\" datetime=\"2026-07-22T10:01:28+03:00\">22\/07\/2026<\/time><\/span><\/div>\n<\/div>\n<\/div>\n<\/div>\n<\/div>\n<div class=\"td-block-row\">\n<div class=\"td-block-span6\">\n<div class=\"td_module_8 td_module_wrap\">\n<div class=\"item-details\">\n<h3 class=\"entry-title td-module-title\"><a href=\"https:\/\/r3media.ro\/asa-incepe-compania-openai-afirma-un-model-de-inteligenta-artificiala-a-atacat-din-proprie-initiativa-sistemele-unei-alte-companii\/\" rel=\"bookmark\" title=\"A\u0219a \u00eencepe? Compania OpenAI afirm\u0103 un model de inteligen\u021b\u0103 artificial\u0103 a ATACAT din proprie ini\u021biativ\u0103 sistemele unei alte companii\">A\u0219a \u00eencepe? Compania OpenAI afirm\u0103 un model de inteligen\u021b\u0103 artificial\u0103 a ATACAT din proprie&#8230;<\/a><\/h3>\n<div class=\"td-module-meta-info\"><a href=\"https:\/\/r3media.ro\/category\/actualitate\/\" class=\"td-post-category\">ACTUALITATE<\/a><span class=\"td-post-author-name\"><a href=\"https:\/\/r3media.ro\/author\/teodor_stan\/\">Teodor Stan<\/a><span>&#8211;<\/span><\/span><span class=\"td-post-date\"><time class=\"entry-date updated td-module-date\" datetime=\"2026-07-22T09:10:53+03:00\">22\/07\/2026<\/time><\/span><\/div>\n<\/div>\n<\/div>\n<\/div>\n<div class=\"td-block-span6\">\n<div class=\"td_module_8 td_module_wrap\">\n<div class=\"item-details\">\n<h3 class=\"entry-title td-module-title\"><a href=\"https:\/\/r3media.ro\/episcopul-husilor-oameni-animale-therieni-degradare-progresism\/\" rel=\"bookmark\" title=\"Episcopul Hu\u0219ilor, despre oamenii care se cred animale: V\u0103 da\u021bi seama c\u00e2t\u0103 degradare uman\u0103 este? De ce? Pentru c\u0103 se \u00eencred \u00een progresism\">Episcopul Hu\u0219ilor, despre oamenii care se cred animale: V\u0103 da\u021bi seama c\u00e2t\u0103 degradare uman\u0103&#8230;<\/a><\/h3>\n<div class=\"td-module-meta-info\"><a href=\"https:\/\/r3media.ro\/category\/actualitate\/\" class=\"td-post-category\">ACTUALITATE<\/a><span class=\"td-post-author-name\"><a href=\"https:\/\/r3media.ro\/author\/radu_ursan\/\">Radu Ursan<\/a><span>&#8211;<\/span><\/span><span class=\"td-post-date\"><time class=\"entry-date updated td-module-date\" datetime=\"2026-07-21T19:30:46+03:00\">21\/07\/2026<\/time><\/span><\/div>\n<\/div>\n<\/div>\n<\/div>\n<\/div>\n<div class=\"td-block-row\">\n<div class=\"td-block-span6\">\n<div class=\"td_module_8 td_module_wrap\">\n<div class=\"item-details\">\n<h3 class=\"entry-title td-module-title\"><a href=\"https:\/\/r3media.ro\/video-cult-femeie-dumnezeu-mama-romania\/\" rel=\"bookmark\" title=\"VIDEO | Un cult care consider\u0103 o femeie coreean\u0103 drept \u201eDumnezeu Mama\u201d face prozeli\u021bi \u00een Rom\u00e2nia\">VIDEO | Un cult care consider\u0103 o femeie coreean\u0103 drept \u201eDumnezeu Mama\u201d face prozeli\u021bi&#8230;<\/a><\/h3>\n<div class=\"td-module-meta-info\"><a href=\"https:\/\/r3media.ro\/category\/actualitate\/\" class=\"td-post-category\">ACTUALITATE<\/a><span class=\"td-post-author-name\"><a href=\"https:\/\/r3media.ro\/author\/redactia\/\">Redac\u021bia<\/a><span>&#8211;<\/span><\/span><span class=\"td-post-date\"><time class=\"entry-date updated td-module-date\" datetime=\"2026-07-21T11:14:08+03:00\">21\/07\/2026<\/time><\/span><\/div>\n<\/div>\n<\/div>\n<\/div>\n<div class=\"td-block-span6\">\n<div class=\"td_module_8 td_module_wrap\">\n<div class=\"item-details\">\n<h3 class=\"entry-title td-module-title\"><a href=\"https:\/\/r3media.ro\/cehia-interzice-telefoanele-in-scoli\/\" rel=\"bookmark\" title=\"Cehia se preg\u0103te\u0219te s\u0103 interzic\u0103 telefoanele mobile \u00een \u0219coli\">Cehia se preg\u0103te\u0219te s\u0103 interzic\u0103 telefoanele mobile \u00een \u0219coli<\/a><\/h3>\n<div class=\"td-module-meta-info\"><a href=\"https:\/\/r3media.ro\/category\/actualitate\/\" class=\"td-post-category\">ACTUALITATE<\/a><span class=\"td-post-author-name\"><a href=\"https:\/\/r3media.ro\/author\/redactia\/\">Redac\u021bia<\/a><span>&#8211;<\/span><\/span><span class=\"td-post-date\"><time class=\"entry-date updated td-module-date\" datetime=\"2026-07-20T22:34:13+03:00\">20\/07\/2026<\/time><\/span><\/div>\n<\/div>\n<\/div>\n<\/div>\n<\/div>\n<\/div>\n<div class=\"td-load-more-wrap td-load-more-infinite-wrap\" id=\"infinite-lm-tdi_20\"><a href=\"https:\/\/r3media.ro\/29-iulie-ziua-imnului-national\/\" class=\"td_ajax_load_more td_ajax_load_more_js\" aria-label=\"\u00cenc\u0103rca\u021bi mai multe\" id=\"next-page-tdi_20\" data-td_block_id=\"tdi_20\">\u00cenc\u0103rca\u021bi mai multe<\/a><\/div>\n<\/div>\n<div class=\"td_block_wrap tdb_single_comments tdi_21 tdb-comm-layout2 td-pb-border-top td_block_template_1\" data-td-block-uid=\"tdi_21\">\n<div class=\"tdb-block-inner td-fix-index\">\n<div class=\"comments\" id=\"comments\">\n<div class=\"td-comments-title-wrap td_block_template_1\">\n<h4 class=\"td-comments-title block-title\"><span>1 COMENTARIU<\/span><\/h4>\n<\/div>\n<ol class=\"comment-list\">\n<li class=\"comment \" id=\"comment-7939\">\n<article>\n<footer><cite>marin<\/cite><a class=\"comment-link\" href=\"https:\/\/r3media.ro\/29-iulie-ziua-imnului-national\/#comment-7939\"><time><br \/>\n29\/07\/2021\t\t\t\t\t\t    La\t\t\t\t\t\t    11:22<\/time><\/a><\/footer>\n<div class=\"comment-content\">\n<p>mda\u2026cuvinte care se pierd in vant cand rumanu la tara se crede pe venus, pe marte, pe luna etc.! s-a lucrat la #indobitocirea natiei intru vanzarea teritoriului bogat. totul pe somnul nostru de 31 de ani. avem ce meritam.<br \/><a href=\"https:\/\/www.youtube.com\/watch?v=R_cWgq31_MU\" rel=\"nofollow ugc\">https:\/\/www.youtube.com\/watch?v=R_cWgq31_MU<\/a><\/p>\n<\/div>\n<div class=\"comment-meta\" id=\"comment-7939\"><a rel=\"nofollow\" class=\"comment-reply-link\" href=\"https:\/\/r3media.ro\/29-iulie-ziua-imnului-national\/#comment-7939\" data-commentid=\"7939\" data-postid=\"25061\" data-belowelement=\"comment-7939\" data-respondelement=\"respond\" data-replyto=\"R\u0103spunde-i lui marin\" aria-label=\"R\u0103spunde-i lui marin\">R\u0103spund<\/a><\/div>\n<\/article>\n<\/li>\n<\/ol>\n<div id=\"respond\" class=\"comment-respond\">\n<h3 id=\"reply-title\" class=\"comment-reply-title\">AI CEVA DE SPUS? <small><a rel=\"nofollow\" id=\"cancel-comment-reply-link\" href=\"https:\/\/r3media.ro\/29-iulie-ziua-imnului-national\/#respond\">Renun\u021ba\u021bi la r\u0103spuns<\/a><\/small><\/h3>\n<div class=\"comment-form-input-wrap td-form-comment\">\n<div class=\"td-warning-comment\">V\u0103 rug\u0103m s\u0103 introduce\u021bi comentariul dvs.!<\/div>\n<\/div>\n<div class=\"comment-form-input-wrap td-form-author\">\n<div class=\"td-warning-author\">Introduce\u021bi aici numele dvs.<\/div>\n<\/div>\n<div class=\"comment-form-input-wrap td-form-email\">\n<div class=\"td-warning-email-error\">A\u021bi introdus o adres\u0103 de e-mail incorect\u0103!<\/div>\n<div class=\"td-warning-email\">V\u0103 rug\u0103m s\u0103 introduce\u021bi adresa dvs. de e-mail aici<\/div>\n<\/div>\n<\/div>\n<\/div>\n<\/div>\n<\/div>\n<\/div>\n<\/div>\n<div class=\"vc_column tdi_23  wpb_column vc_column_container tdc-column td-pb-span4 td-is-sticky\">\n<div class=\"wpb_wrapper\" data-sticky-enabled-on=\"W3RydWUsdHJ1ZSx0cnVlLHRydWVd\" data-sticky-offset=\"20\" data-sticky-is-width-auto=\"W2ZhbHNlLGZhbHNlLGZhbHNlLGZhbHNlXQ==\">\n<div class=\"wpb_wrapper td_block_wrap vc_widget_sidebar tdi_25 \">\n<div class=\"td_block_wrap td_block_7 td_block_widget tdi_26 td-pb-border-top td_block_template_1 td-column-1 td_block_padding\" data-td-block-uid=\"tdi_26\">\n<div class=\"td-block-title-wrap\">\n<h4 class=\"block-title td-block-title\"><span class=\"td-pulldown-size\">Articole RELA\u021aIONATE<\/span><\/h4>\n<\/div>\n<div id=\"tdi_26\" class=\"td_block_inner\">\n<div class=\"td-block-span12\">\n<div class=\"td_module_6 td_module_wrap td-animation-stack\">\n<div class=\"td-module-thumb\"><a href=\"https:\/\/r3media.ro\/29-iulie-nasterea-nicolae-steinhardt-monahul-de-la-rohia-iustinian-chira\/\" rel=\"bookmark\" class=\"td-image-wrap \" title=\"Calendarul zilei 29 iulie: Na\u0219terea lui Nicolae Steinhardt, monahul de la Rohia. Evocarea \u00cePS Justinian Chira | VIDEO\"><img loading=\"lazy\" decoding=\"async\" class=\"entry-thumb\" src=\"https:\/\/r3media.ro\/wp-content\/uploads\/2021\/07\/parintele_nicolae_steinhardt-100x70.jpg\" alt title=\"Calendarul zilei 29 iulie: Na\u0219terea lui Nicolae Steinhardt, monahul de la Rohia. Evocarea \u00cePS Justinian Chira | VIDEO\" width=\"100\" height=\"70\"><\/a><\/div>\n<div class=\"item-details\">\n<h3 class=\"entry-title td-module-title\"><a href=\"https:\/\/r3media.ro\/29-iulie-nasterea-nicolae-steinhardt-monahul-de-la-rohia-iustinian-chira\/\" rel=\"bookmark\" title=\"Calendarul zilei 29 iulie: Na\u0219terea lui Nicolae Steinhardt, monahul de la Rohia. Evocarea \u00cePS Justinian Chira | VIDEO\">Calendarul zilei 29 iulie: Na\u0219terea lui Nicolae Steinhardt, monahul de la&#8230;<\/a><\/h3>\n<div class=\"td-module-meta-info\"><span class=\"td-post-date\"><time class=\"entry-date updated td-module-date\" datetime=\"2026-07-28T21:40:29+03:00\">28\/07\/2026<\/time><\/span><\/div>\n<\/div>\n<\/div>\n<\/div>\n<div class=\"td-block-span12\">\n<div class=\"td_module_6 td_module_wrap td-animation-stack\">\n<div class=\"td-module-thumb\"><a href=\"https:\/\/r3media.ro\/o-nava-esuata-dunare-mehedinti\/\" rel=\"bookmark\" class=\"td-image-wrap \" title=\"O nav\u0103 de pasageri cu 238 de oameni la bord, e\u0219uat\u0103 pe Dun\u0103re, \u00een Mehedin\u021bi\"><img loading=\"lazy\" decoding=\"async\" class=\"entry-thumb\" src=\"https:\/\/r3media.ro\/wp-content\/uploads\/2026\/07\/dunare-mehedinti-e1785244897635-100x70.jpeg\" alt title=\"O nav\u0103 de pasageri cu 238 de oameni la bord, e\u0219uat\u0103 pe Dun\u0103re, \u00een Mehedin\u021bi\" width=\"100\" height=\"70\"><\/a><\/div>\n<div class=\"item-details\">\n<h3 class=\"entry-title td-module-title\"><a href=\"https:\/\/r3media.ro\/o-nava-esuata-dunare-mehedinti\/\" rel=\"bookmark\" title=\"O nav\u0103 de pasageri cu 238 de oameni la bord, e\u0219uat\u0103 pe Dun\u0103re, \u00een Mehedin\u021bi\">O nav\u0103 de pasageri cu 238 de oameni la bord, e\u0219uat\u0103&#8230;<\/a><\/h3>\n<div class=\"td-module-meta-info\"><span class=\"td-post-date\"><time class=\"entry-date updated td-module-date\" datetime=\"2026-07-28T16:22:05+03:00\">28\/07\/2026<\/time><\/span><\/div>\n<\/div>\n<\/div>\n<\/div>\n<div class=\"td-block-span12\">\n<div class=\"td_module_6 td_module_wrap td-animation-stack\">\n<div class=\"td-module-thumb\"><a href=\"https:\/\/r3media.ro\/george-simion-s-a-intalnit-cu-ambasadorul-sua-in-romania\/\" rel=\"bookmark\" class=\"td-image-wrap \" title=\"George Simion s-a \u00eent\u00e2lnit cu ambasadorul SUA \u00een Rom\u00e2nia\"><img loading=\"lazy\" decoding=\"async\" class=\"entry-thumb\" src=\"https:\/\/r3media.ro\/wp-content\/uploads\/2026\/07\/simion-ambasador-sua-100x70.jpg\" alt title=\"George Simion s-a \u00eent\u00e2lnit cu ambasadorul SUA \u00een Rom\u00e2nia\" width=\"100\" height=\"70\"><\/a><\/div>\n<div class=\"item-details\">\n<h3 class=\"entry-title td-module-title\"><a href=\"https:\/\/r3media.ro\/george-simion-s-a-intalnit-cu-ambasadorul-sua-in-romania\/\" rel=\"bookmark\" title=\"George Simion s-a \u00eent\u00e2lnit cu ambasadorul SUA \u00een Rom\u00e2nia\">George Simion s-a \u00eent\u00e2lnit cu ambasadorul SUA \u00een Rom\u00e2nia<\/a><\/h3>\n<div class=\"td-module-meta-info\"><span class=\"td-post-date\"><time class=\"entry-date updated td-module-date\" datetime=\"2026-07-28T14:19:15+03:00\">28\/07\/2026<\/time><\/span><\/div>\n<\/div>\n<\/div>\n<\/div>\n<div class=\"td-block-span12\">\n<div class=\"td_module_6 td_module_wrap td-animation-stack\">\n<div class=\"td-module-thumb\"><a href=\"https:\/\/r3media.ro\/stefan-popescu-drona-rusia-romania\/\" rel=\"bookmark\" class=\"td-image-wrap \" title=\"VIDEO \u0218tefan Popescu: Drona este simptomul, nu boala \/ Analistul avertizeaz\u0103 c\u0103 reac\u021biile diplomatice ale Rom\u00e2niei nu \u021bin loc de strategie\"><img loading=\"lazy\" decoding=\"async\" class=\"entry-thumb\" src=\"https:\/\/r3media.ro\/wp-content\/uploads\/2026\/07\/maxresdefault-2-100x70.jpg\" alt title=\"VIDEO \u0218tefan Popescu: Drona este simptomul, nu boala \/ Analistul avertizeaz\u0103 c\u0103 reac\u021biile diplomatice ale Rom\u00e2niei nu \u021bin loc de strategie\" width=\"100\" height=\"70\"><\/a><\/div>\n<div class=\"item-details\">\n<h3 class=\"entry-title td-module-title\"><a href=\"https:\/\/r3media.ro\/stefan-popescu-drona-rusia-romania\/\" rel=\"bookmark\" title=\"VIDEO \u0218tefan Popescu: Drona este simptomul, nu boala \/ Analistul avertizeaz\u0103 c\u0103 reac\u021biile diplomatice ale Rom\u00e2niei nu \u021bin loc de strategie\">VIDEO \u0218tefan Popescu: Drona este simptomul, nu boala \/ Analistul avertizeaz\u0103&#8230;<\/a><\/h3>\n<div class=\"td-module-meta-info\"><span class=\"td-post-date\"><time class=\"entry-date updated td-module-date\" datetime=\"2026-07-28T14:09:28+03:00\">28\/07\/2026<\/time><\/span><\/div>\n<\/div>\n<\/div>\n<\/div>\n<div class=\"td-block-span12\">\n<div class=\"td_module_6 td_module_wrap td-animation-stack\">\n<div class=\"td-module-thumb\"><a href=\"https:\/\/r3media.ro\/calin-maties-coalitia-interzicere-lemne-de-foc\/\" rel=\"bookmark\" class=\"td-image-wrap \" title=\"Deputatul C\u0103lin Matie\u0219 acuz\u0103 coali\u021bia PSD-PNL-USR-UDMR c\u0103 vrea s\u0103 interzic\u0103 \u00eenc\u0103lzirea cu lemne de foc\"><img loading=\"lazy\" decoding=\"async\" class=\"entry-thumb\" src=\"https:\/\/r3media.ro\/wp-content\/uploads\/2020\/12\/foc-soba-facebook-100x70.jpg\" alt title=\"Deputatul C\u0103lin Matie\u0219 acuz\u0103 coali\u021bia PSD-PNL-USR-UDMR c\u0103 vrea s\u0103 interzic\u0103 \u00eenc\u0103lzirea cu lemne de foc\" width=\"100\" height=\"70\"><\/a><\/div>\n<div class=\"item-details\">\n<h3 class=\"entry-title td-module-title\"><a href=\"https:\/\/r3media.ro\/calin-maties-coalitia-interzicere-lemne-de-foc\/\" rel=\"bookmark\" title=\"Deputatul C\u0103lin Matie\u0219 acuz\u0103 coali\u021bia PSD-PNL-USR-UDMR c\u0103 vrea s\u0103 interzic\u0103 \u00eenc\u0103lzirea cu lemne de foc\">Deputatul C\u0103lin Matie\u0219 acuz\u0103 coali\u021bia PSD-PNL-USR-UDMR c\u0103 vrea s\u0103 interzic\u0103 \u00eenc\u0103lzirea&#8230;<\/a><\/h3>\n<div class=\"td-module-meta-info\"><span class=\"td-post-date\"><time class=\"entry-date updated td-module-date\" datetime=\"2026-07-28T12:43:53+03:00\">28\/07\/2026<\/time><\/span><\/div>\n<\/div>\n<\/div>\n<\/div>\n<div class=\"td-block-span12\">\n<div class=\"td_module_6 td_module_wrap td-animation-stack\">\n<div class=\"td-module-thumb\"><a href=\"https:\/\/r3media.ro\/metrorex-anunt-bucuresti\/\" rel=\"bookmark\" class=\"td-image-wrap \" title=\"Metrorex a f\u0103cut un anun\u021bul pe care \u00eel a\u0219teptau to\u021bi cei locuiesc \u00een Bucure\u0219ti\"><img loading=\"lazy\" decoding=\"async\" class=\"entry-thumb\" src=\"https:\/\/r3media.ro\/wp-content\/uploads\/2020\/09\/metrou-drumul-taberei-deschidere-statii-harta-100x70.jpg\" alt title=\"Metrorex a f\u0103cut un anun\u021bul pe care \u00eel a\u0219teptau to\u021bi cei locuiesc \u00een Bucure\u0219ti\" width=\"100\" height=\"70\"><\/a><\/div>\n<div class=\"item-details\">\n<h3 class=\"entry-title td-module-title\"><a href=\"https:\/\/r3media.ro\/metrorex-anunt-bucuresti\/\" rel=\"bookmark\" title=\"Metrorex a f\u0103cut un anun\u021bul pe care \u00eel a\u0219teptau to\u021bi cei locuiesc \u00een Bucure\u0219ti\">Metrorex a f\u0103cut un anun\u021bul pe care \u00eel a\u0219teptau to\u021bi cei&#8230;<\/a><\/h3>\n<div class=\"td-module-meta-info\"><span class=\"td-post-date\"><time class=\"entry-date updated td-module-date\" datetime=\"2026-07-28T12:10:18+03:00\">28\/07\/2026<\/time><\/span><\/div>\n<\/div>\n<\/div>\n<\/div>\n<div class=\"td-block-span12\">\n<div class=\"td_module_6 td_module_wrap td-animation-stack\">\n<div class=\"td-module-thumb\"><a href=\"https:\/\/r3media.ro\/stapanul-inelelor-nazgul-khamul-interpretat-actor-zubin-varla-serial-rings-of-power\/\" rel=\"bookmark\" class=\"td-image-wrap \" title=\"St\u0103p\u00e2nul Inelelor: Temutul Nazgul Khamul va fi interpretat de actorul Zubin Varla \u00een serialul \u201eRings of Power\u201c\"><img loading=\"lazy\" decoding=\"async\" class=\"entry-thumb\" src=\"https:\/\/r3media.ro\/wp-content\/uploads\/2026\/07\/zubin-varla-nazgul-khamul-100x70.webp\" alt title=\"St\u0103p\u00e2nul Inelelor: Temutul Nazgul Khamul va fi interpretat de actorul Zubin Varla \u00een serialul \u201eRings of Power\u201c\" width=\"100\" height=\"70\"><\/a><\/div>\n<div class=\"item-details\">\n<h3 class=\"entry-title td-module-title\"><a href=\"https:\/\/r3media.ro\/stapanul-inelelor-nazgul-khamul-interpretat-actor-zubin-varla-serial-rings-of-power\/\" rel=\"bookmark\" title=\"St\u0103p\u00e2nul Inelelor: Temutul Nazgul Khamul va fi interpretat de actorul Zubin Varla \u00een serialul \u201eRings of Power\u201c\">St\u0103p\u00e2nul Inelelor: Temutul Nazgul Khamul va fi interpretat de actorul Zubin&#8230;<\/a><\/h3>\n<div class=\"td-module-meta-info\"><span class=\"td-post-date\"><time class=\"entry-date updated td-module-date\" datetime=\"2026-07-28T12:02:31+03:00\">28\/07\/2026<\/time><\/span><\/div>\n<\/div>\n<\/div>\n<\/div>\n<\/div>\n<\/div>\n<aside class=\"td_block_template_1 widget widget_recent_comments\">\n<h4 class=\"block-title\"><span>INTR\u0102 \u00ceN DISCU\u021aIE!<\/span><\/h4>\n<ul id=\"recentcomments\">\n<li class=\"recentcomments\"><span class=\"comment-author-link\">Nicu<\/span> la <a href=\"https:\/\/r3media.ro\/avioane-americane-bulgaria-energie-radev-sua\/#comment-40326\">Avioane americane la Bezmer, la schimb cu avantaje \u00een zona energetic\u0103 pentru Bulgaria: ce a ob\u021binut guvernul Radev de la SUA<\/a><\/li>\n<li class=\"recentcomments\"><span class=\"comment-author-link\">Constantin<\/span> la <a href=\"https:\/\/r3media.ro\/prima-oara-istorie-presedintia-document-primplan-patriotism-european\/#comment-40325\">Pentru prima oar\u0103 \u00een istorie, Pre\u0219edin\u021bia Rom\u00e2niei emite un document care pune pe primul plan o alt\u0103 entitate dec\u00e2t \u021bara noastr\u0103: patriotismul european<\/a><\/li>\n<li class=\"recentcomments\"><span class=\"comment-author-link\">Constantin<\/span> la <a href=\"https:\/\/r3media.ro\/statul-roman-a-semnat-actul-propriei-disparitii\/#comment-40324\">Statul rom\u00e2n a semnat actul propriei dispari\u021bii?<\/a><\/li>\n<li class=\"recentcomments\"><span class=\"comment-author-link\">Nicu<\/span> la <a href=\"https:\/\/r3media.ro\/statul-roman-a-semnat-actul-propriei-disparitii\/#comment-40323\">Statul rom\u00e2n a semnat actul propriei dispari\u021bii?<\/a><\/li>\n<li class=\"recentcomments\"><span class=\"comment-author-link\">Nicu<\/span> la <a href=\"https:\/\/r3media.ro\/dan-dungaciu-patriotism-european-natiunea-identitatea-europeana\/#comment-40322\">Prof. Dan Dungaciu despre raportul privind \u201epatriotismul european\u201d emis de la Cotroceni: Dac\u0103 na\u021biunea e un construct, atunci \u201eidentitatea european\u0103\u201d ce este?<\/a><\/li>\n<li class=\"recentcomments\"><span class=\"comment-author-link\">boiu<\/span> la <a href=\"https:\/\/r3media.ro\/rusia-romania-drona-ambasador-moscova-porturi-dunare\/#comment-40321\">Rusia, avertizat\u0103 de Rom\u00e2nia dup\u0103 incidentele cu drona. Ambasadorul Moscovei acuz\u0103 Bucure\u0219tiul c\u0103 folose\u0219te porturile de la Dun\u0103re pentru a transporta arme \u00een Ucraina<\/a><\/li>\n<li class=\"recentcomments\"><span class=\"comment-author-link\">panda<\/span> la <a href=\"https:\/\/r3media.ro\/urs-sibiu\/#comment-40320\">Un urs a fost v\u0103zut pe unul dintre cele mai circulate bulevarde din Sibiu<\/a><\/li>\n<\/ul>\n<\/aside>\n<aside class=\"td_block_template_1 widget widget_search\">\n<h4 class=\"block-title\"><span>CAUT\u0102 \u0218I VEI G\u0102SI<\/span><\/h4>\n<\/aside>\n<\/div>\n<\/div>\n<\/div>\n<\/div>\n<\/div>\n<\/div>\n<\/div>\n<p><span class=\"td-page-meta\"><\/span><span class=\"td-page-meta\"><span class=\"td-page-meta\"><\/span><\/span><span class=\"td-page-meta\"><\/span><\/article>\n<\/p>\n<div class=\"td_block_wrap tdb_single_content tdi_18 td-pb-border-top td_block_template_1 td-post-content tagdiv-type\" data-td-block-uid=\"tdi_18\">\n<div class=\"tdb-block-inner td-fix-index\">\n<p><strong>29 iulie este Ziua Imnului Na\u021bional. Actualmente, imnul na\u021bional este \u201eDe\u0219teapt\u0103-te rom\u00e2ne\u201d, adoptat la finalul anului 1989.<\/strong><\/p>\n<p>Ziua imnului na\u0163ional al Rom\u00e2niei a fost instituit\u0103 \u00een anul 1998, prin Legea nr. 99\/1998, care prevede c\u0103 aceast\u0103 zi va fi marcat\u0103 de c\u0103tre autorit\u0103\u0163ile publice \u015fi de c\u0103tre celelalte institu\u0163ii ale statului, prin organizarea unor programe \u015fi manifest\u0103ri cultural-educative cu caracter evocator \u015fi \u015ftiin\u0163ific, \u00een spiritul tradi\u0163iilor poporului rom\u00e2n, precum \u015fi prin ceremonii militare specifice, organizate \u00een cadrul unit\u0103\u0163ilor Ministerului Ap\u0103r\u0103rii Na\u0163ionale \u015fi ale Ministerului de Interne.<\/p>\n<p>Tot \u00een anul 1998, \u00een cadrul manifest\u0103rilor prilejuite de \u00eemplinirea unui secol \u015fi jum\u0103tate de la Revolu\u0163ia rom\u00e2n\u0103 din anul 1848, Banca Na\u0163ional\u0103 a Rom\u00e2niei (BNR) a pus \u00een circula\u0163ie, \u00een scop numismatic, \u00eencep\u00e2nd cu data de 29 iulie 1998, Zi a imnului na\u0163ional, dou\u0103 monede din aur cu valori nominale de 500 lei \u015fi 1.000 lei, dedicate acestei anivers\u0103ri, potrivit Circularei nr. 12\/1998 emise de BNR.<\/p>\n<p>Ideea unui imn na\u021bional s-a n\u0103scut \u00eenc\u0103 din 1840 \u00een Principatele Rom\u00e2ne, c\u00e2nd era c\u00e2ntat mai ales la festivit\u0103\u021bile oficiale unde ap\u0103rea domnitorul \u021b\u0103rii. \u00cen anul 1881 cu prilejul \u00eencoron\u0103rii regelui Carol I, poetul Vasile Alecsandri a scris textul <em>Imnului regal rom\u00e2n.<\/em> Imnul s-a c\u00e2ntat \u00een mod oficial pentru prima dat\u0103 \u00een Rom\u00e2nia \u00een anul 1884, la \u00eencoronarea regelui Carol I.<\/p>\n<p>Imnul regal a fost \u00eenlocuit \u00een 1948 de \u201eZdrobite c\u0103tu\u0219e\u201d, apoi de \u201eTe sl\u0103vim, Rom\u00e2nie!\u201d \u0219i de imnul \u201eTrei culori.\u201d Acestuia i-a luat \u201eDe\u0219teapt\u0103-te, rom\u00e2ne!\u201d dup\u0103 1989.<\/p>\n<p>Mai mult, \u00een 21 decembrie 1989, la mitingul care i-a pecetluit soarta, Nicolae Ceau\u0219escu a rostit dou\u0103 versuri chiar din \u201eDe\u0219teapt\u0103-te rom\u00e2ne\u201d.<\/p>\n<p><em><strong>Poart\u0103 simbolurile na\u021bionale aproape de suflet. La propriu!<\/strong><\/em> Cump\u0103r\u0103 <a href=\"https:\/\/www.patriotromania.ro\/stema-color.html\"><em>un tricou cu stema Rom\u00e2niei<\/em><\/a> \u0219i vei contribui la sus\u021binerea siteului <span><span><strong><em>R<\/em><\/strong><\/span><span><strong><em>3<\/em><\/strong><\/span><strong><em>media<\/em><\/strong><em>.<\/em><\/span><\/p>\n<p>Timp de c\u00e2\u021biva ani \u201eDe\u0219teapt\u0103-te, rom\u00e2ne!\u201d a fost \u0219i imnul na\u021bional al Republicii Moldova, fiind \u00eenlocuit \u00een 1994 cu \u201eLimba noastr\u0103\u201d.<\/p>\n<div class=\"youtube-embed\" data-video_id=\"tFNoGl6ckfU\"><\/div>\n<p>Iat\u0103 versurile imnului na\u021bional:<\/p>\n<p>De\u0219teapt\u0103-te, rom\u00e2ne, din somnul cel de moarte,<br \/>\n\u00cen care te-ad\u00e2ncir\u0103 barbarii de tirani!<br \/>\nAcum ori niciodat\u0103 croie\u0219te-\u021bi alt\u0103 soarte,<br \/>\nLa care s\u0103 se-nchine \u0219i cruzii t\u0103i du\u0219mani!<\/p>\n<p>Acum ori niciodat\u0103 s\u0103 d\u0103m dovezi la lume<br \/>\nC\u0103-n aste m\u00e2ni mai curge un s\u00e2nge de roman,<br \/>\n\u0218i c\u0103-n a noastre piepturi p\u0103str\u0103m cu fal\u0103-un nume<br \/>\nTriumf\u0103tor \u00een lupte, un nume de Traian!<\/p>\n<p>\u00cenal\u021b\u0103-\u021bi lata frunte \u0219i caut\u0103-n giur de tine,<br \/>\nCum stau ca brazi \u00een munte voinici sute de mii;<br \/>\nUn glas ei mai a\u0219teapt\u0103 \u0219i sar ca lupi \u00een st\u00e2ne,<br \/>\nB\u0103tr\u00e2ni, b\u0103rba\u021bi, juni, tineri, din mun\u021bi \u0219i din c\u00e2mpii!<\/p>\n<p>Privi\u021bi, m\u0103re\u021be umbre, Mihai, \u0218tefan, Corvine,<br \/>\nRom\u00e2na na\u021biune, ai vo\u0219tri str\u0103nepo\u021bi,<br \/>\nCu bra\u021bele armate, cu focul vostru-n vine,<br \/>\n\u201eVia\u021b\u0103-n libertate ori moarte!\u201d strig\u0103 to\u021bi.<\/p>\n<p>Pre voi v\u0103 nimicir\u0103 a pizmei r\u0103utate<br \/>\n\u0218i oarba neunire la Milcov \u0219i Carpa\u021bi!<br \/>\nDar noi, p\u0103trun\u0219i la suflet de sf\u00e2nta libertate,<br \/>\nJur\u0103m c\u0103 vom da m\u00e2na, s\u0103 fim pururea fra\u021bi!<\/p>\n<p>O mam\u0103 v\u0103duvit\u0103 de la Mihai cel Mare<br \/>\nPretinde de la fii-\u0219i azi m\u00e2n\u0103 d-ajutori,<br \/>\n\u0218i blast\u0103m\u0103 cu lacrimi \u00een ochi pe ori\u0219icare,<br \/>\n\u00cen astfel de pericol s-ar face v\u00e2nz\u0103tori!<\/p>\n<p>De fulgere s\u0103 piar\u0103, de tr\u0103snet \u0219i pucioas\u0103,<br \/>\nOricare s-ar retrage din gloriosul loc,<br \/>\nC\u00e2nd patria sau mama, cu inim\u0103 duioas\u0103,<br \/>\nVa cere ca s\u0103 trecem prin sabie \u0219i foc!<\/p>\n<p>N-ajunse iataganul barbarei semilune,<br \/>\nA c\u0103rui pl\u0103gi fatale \u0219i azi le mai sim\u021bim;<br \/>\nAcum se v\u00e2r\u0103 cnuta \u00een vetrele str\u0103bune,<br \/>\nDar martor ne e Domnul c\u0103 vii nu o primim!<\/p>\n<p>N-ajunse despotismul cu-ntreaga lui orbie,<br \/>\nAl c\u0103rui jug din seculi ca vitele-l purt\u0103m ;<br \/>\nAcum se-ncearc\u0103 cruzii, \u00een oarba lor trufie,<br \/>\nS\u0103 ne r\u0103peasc\u0103 limba, dar mor\u021bi numai o d\u0103m!<\/p>\n<p>Rom\u00e2ni din patru unghiuri, acum ori niciodat\u0103<br \/>\nUni\u021bi-v\u0103 \u00een cuget, uni\u021bi-v\u0103-n sim\u021biri!<br \/>\nStriga\u021bi \u00een lumea larg\u0103 c\u0103 Dun\u0103rea-i furat\u0103<br \/>\nPrin intrig\u0103 \u0219i sil\u0103, viclene uneltiri!<\/p>\n<p>Preo\u021bi, cu cruce-n frunte! c\u0103ci oastea e cre\u0219tin\u0103,<br \/>\nDeviza-i libertate \u0219i scopul ei preasf\u00e2nt.<br \/>\nMurim mai bine-n lupt\u0103, cu glorie deplin\u0103,<br \/>\nDec\u00e2t s\u0103 fim sclavi iar\u0103\u0219i \u00een vechiul nost\u2019 p\u0103m\u00e2nt!<\/p>\n<div class=\"crp_related     crp-masonry\">\n<h2>\u00ceN CONTEXT<\/h2>\n<ul>\n<li><a href=\"https:\/\/r3media.ro\/10-mai-ziua-independentei-romaniei-ziua-aromanilor-ziua-regalitatii\/\" class=\"crp_link post-20081\"><span class=\"crp_title\">Calendarul zilei: 10 mai, Ziua Independen\u021bei Romaniei, Ziua Rom\u00e2nilor din Balcani sau Ziua\u2026<\/span><\/a><\/li>\n<li><a href=\"https:\/\/r3media.ro\/calendarul-zilei-7-ianuarie-sfantul-ioan-botezatorul-craciunul-pe-calendarul-vechi\/\" class=\"crp_link post-10400\"><span class=\"crp_title\">Calendarul zilei 7 ianuarie: Sf\u00e2ntul Ioan Botez\u0103torul. Cr\u0103ciunul pe calendarul vechi<\/span><\/a><\/li>\n<li><a href=\"https:\/\/r3media.ro\/calendarul-zilei-4-aprilie-1944-cea-mai-neagra-zi-a-capitalei-2942-de-bucuresteni-ucisi-de-bombardamentele-americane-aviatorii-care-au-adus-moartea-au-monumente-romanii\/\" class=\"crp_link post-17571\"><span class=\"crp_title\">Calendarul zilei | 4 aprilie 1944, cea mai neagr\u0103 zi a Capitalei: 2942 de bucure\u0219teni uci\u0219i\u2026<\/span><\/a><\/li>\n<li><a href=\"https:\/\/r3media.ro\/14-iulie-ziua-nationala-a-frantei\/\" class=\"crp_link post-50509\"><span class=\"crp_title\">Calendarul zilei 14 iulie: Ziua Na\u021bional\u0103 a Fran\u021bei<\/span><\/a><\/li>\n<li><a href=\"https:\/\/r3media.ro\/6-iunie-moartea-ciprian-porumbescu\/\" class=\"crp_link post-21082\"><span class=\"crp_title\">Calendarul zilei 6 iunie: 143 de ani de la moartea lui Ciprian Porumbescu. Ultima sa dorin\u021b\u0103\u2026<\/span><\/a><\/li>\n<li><a href=\"https:\/\/r3media.ro\/calendarul-zilei-4-august-1919-cucerirea-budapestei-de-catre-armata-romana\/\" class=\"crp_link post-25422\"><span class=\"crp_title\">Calendarul zilei: 4 august 1919, cucerirea Budapestei de c\u0103tre Armata Rom\u00e2n\u0103<\/span><\/a><\/li>\n<li><a href=\"https:\/\/r3media.ro\/calendarul-zilei-1-septembrie-inceputul-noului-an-bisericesc-si-prima-zi-in-noul-an-traditional-romanesc\/\" class=\"crp_link post-27187\"><span class=\"crp_title\">Calendarul zilei: 1 septembrie, \u00eenceputul noului an bisericesc \u0219i prima zi \u00een noul an\u2026<\/span><\/a><\/li>\n<li><a href=\"https:\/\/r3media.ro\/calendarul-zilei-25-martie-buna-vestire-si-ziua-politiei-romane\/\" class=\"crp_link post-16813\"><span class=\"crp_title\">Calendarul zilei 25 martie: Buna Vestire \u0219i Ziua Poli\u021biei Rom\u00e2ne<\/span><\/a><\/li>\n<\/ul>\n<\/div>\n<\/div>\n<\/div>\n<p>[analyse_source url=&#8221;https:\/\/r3media.ro\/29-iulie-ziua-imnului-national\/&#8221;]<\/p>\n","protected":false},"excerpt":{"rendered":"<p>[analyse_image type=&#8221;featured&#8221; src=&#8221;https:\/\/r3media.ro\/wp-content\/uploads\/2021\/07\/maxresdefault-13.jpghttps:\/\/r3media.ro\/wp-content\/uploads\/2021\/07\/maxresdefault-13.jpg&#8221;] PRIM PLANCalendarul zilei: 29 iulie, Ziua Imnului Na\u021bional PRIM PLAN\u0218TIRIVIDEO Calendarul zilei: 29 iulie, Ziua Imnului Na\u021bional Radu Ursan 28\/07\/2026 29 iulie este Ziua Imnului Na\u021bional. Actualmente, imnul na\u021bional este \u201eDe\u0219teapt\u0103-te rom\u00e2ne\u201d, adoptat la finalul anului 1989. Ziua imnului na\u0163ional al Rom\u00e2niei a fost instituit\u0103 \u00een anul 1998, prin Legea nr. 99\/1998, [&hellip;]<\/p>\n","protected":false},"author":1,"featured_media":0,"comment_status":"open","ping_status":"","sticky":false,"template":"","format":"standard","meta":{"footnotes":""},"categories":[89],"tags":[226,93],"class_list":["post-2066367","post","type-post","status-publish","format-standard","hentry","category-romania","tag-crawlmanager","tag-r3media-ro"],"_links":{"self":[{"href":"https:\/\/analyse.optim.biz\/index.php?rest_route=\/wp\/v2\/posts\/2066367","targetHints":{"allow":["GET"]}}],"collection":[{"href":"https:\/\/analyse.optim.biz\/index.php?rest_route=\/wp\/v2\/posts"}],"about":[{"href":"https:\/\/analyse.optim.biz\/index.php?rest_route=\/wp\/v2\/types\/post"}],"author":[{"embeddable":true,"href":"https:\/\/analyse.optim.biz\/index.php?rest_route=\/wp\/v2\/users\/1"}],"replies":[{"embeddable":true,"href":"https:\/\/analyse.optim.biz\/index.php?rest_route=%2Fwp%2Fv2%2Fcomments&post=2066367"}],"version-history":[{"count":0,"href":"https:\/\/analyse.optim.biz\/index.php?rest_route=\/wp\/v2\/posts\/2066367\/revisions"}],"wp:attachment":[{"href":"https:\/\/analyse.optim.biz\/index.php?rest_route=%2Fwp%2Fv2%2Fmedia&parent=2066367"}],"wp:term":[{"taxonomy":"category","embeddable":true,"href":"https:\/\/analyse.optim.biz\/index.php?rest_route=%2Fwp%2Fv2%2Fcategories&post=2066367"},{"taxonomy":"post_tag","embeddable":true,"href":"https:\/\/analyse.optim.biz\/index.php?rest_route=%2Fwp%2Fv2%2Ftags&post=2066367"}],"curies":[{"name":"wp","href":"https:\/\/api.w.org\/{rel}","templated":true}]}}