{"id":2066342,"date":"2026-07-28T16:43:00","date_gmt":"2026-07-28T13:43:00","guid":{"rendered":"https:\/\/analyse.optim.biz\/?p=2066342"},"modified":"2026-07-28T16:43:00","modified_gmt":"2026-07-28T13:43:00","slug":"antrenati-sa-infrunte-infractorii-stagiu-de-pregatire-pentru-cei-mai-noi-politisti-buzoieni","status":"publish","type":"post","link":"https:\/\/analyse.optim.biz\/?p=2066342","title":{"rendered":"Antrena\u021bi s\u0103 \u00eenfrunte infractorii. Stagiu de preg\u0103tire pentru cei mai noi poli\u021bi\u0219ti buzoieni"},"content":{"rendered":"<p>[analyse_image type=&#8221;featured&#8221; src=&#8221;https:\/\/www.campusbuzau.ro\/wp-content\/uploads\/2026\/07\/politisti-noi-2.jpghttps:\/\/www.campusbuzau.ro\/wp-content\/uploads\/2026\/07\/politisti-noi-2.jpg&#8221;]<\/p>\n<div class=\"entry-content\">\n<p><strong><em>La 1 iulie 2026, 26 de agen\u0163i de poli\u0163ie \u0219i-au \u00eenceput cariera la Inspectoratul de Poli\u021bie Jude\u021bean Buz\u0103u, dup\u0103 ce au absolvit \u0218coala de Agen\u021bi de la C\u00e2mpina. Cei mai noi angaja\u021bi ai Poli\u021biei buzoiene au fost repartiza\u021bi deja pe locurile vacante, \u00een func\u021bie de media final\u0103 ob\u021binut\u0103 la absolvirea perioadei de \u0219colarizare.<\/em><\/strong><\/p>\n<p>P\u00e2n\u0103 s\u0103 \u00eenceap\u0103 activitatea propriu-ziz\u0103 la sec\u021biile la care au fost distribui\u021bi, tinerii agen\u021bi de poli\u021bie au fost nevoi\u021bi s\u0103 parcurg\u0103 un stagiu intens de preg\u0103tire profesional\u0103.\u00a0<\/p>\n<figure class=\"wp-block-image size-full is-resized\"><img loading=\"lazy\" decoding=\"async\" width=\"900\" height=\"499\" src=\"https:\/\/www.campusbuzau.ro\/wp-content\/uploads\/2026\/07\/politisti-noi-1.jpg\" alt class=\"wp-image-155905\"><\/figure>\n<p>Stagiul a fost unul complex \u0219i s-a axat pe mai multe module de preg\u0103tire. S-a insistat, \u00een special, pe instruc\u021bia tragerii cu pistolul din dotare, autoap\u0103rarea \u0219i tactic\u0103 poli\u021bieneasc\u0103. <\/p>\n<p>\u00cen perioada urm\u0103toare, cei 26 de agen\u021bi de poli\u021bie vor parcurge o perioad\u0103 de tutel\u0103 profesional\u0103, \u00een care vor desf\u0103\u0219ura activit\u0103\u021bi al\u0103turi de poli\u021bi\u0219ti cu experien\u021b\u0103.<\/p>\n<figure class=\"wp-block-embed is-type-video is-provider-youtube wp-block-embed-youtube wp-embed-aspect-16-9 wp-has-aspect-ratio\">\n<div class=\"wp-block-embed__wrapper\">\n<iframe loading=\"lazy\" title=\"TINERII POLI\u0162I\u015eTI, ANTRENA\u0162I S\u0102 \u00ceNFRUNTE INFRACTORII\" width=\"500\" height=\"281\" src=\"https:\/\/www.youtube.com\/embed\/bnrARZ3EEfg?feature=oembed\" frameborder allow=\"accelerometer; autoplay; clipboard-write; encrypted-media; gyroscope; picture-in-picture; web-share\" referrerpolicy=\"strict-origin-when-cross-origin\" allowfullscreen><\/iframe>\n<\/div>\n<\/figure>\n<\/div>\n<p>[analyse_source url=&#8221;https:\/\/www.campusbuzau.ro\/antrenati-sa-infrunte-infractorii-stagiu-de-pregatire-pentru-cei-mai-noi-politisti-buzoieni\/&#8221;]<\/p>\n","protected":false},"excerpt":{"rendered":"<p>[analyse_image type=&#8221;featured&#8221; src=&#8221;https:\/\/www.campusbuzau.ro\/wp-content\/uploads\/2026\/07\/politisti-noi-2.jpghttps:\/\/www.campusbuzau.ro\/wp-content\/uploads\/2026\/07\/politisti-noi-2.jpg&#8221;] La 1 iulie 2026, 26 de agen\u0163i de poli\u0163ie \u0219i-au \u00eenceput cariera la Inspectoratul de Poli\u021bie Jude\u021bean Buz\u0103u, dup\u0103 ce au absolvit \u0218coala de Agen\u021bi de la C\u00e2mpina. Cei mai noi angaja\u021bi ai Poli\u021biei buzoiene au fost repartiza\u021bi deja pe locurile vacante, \u00een func\u021bie de media final\u0103 ob\u021binut\u0103 la absolvirea perioadei de [&hellip;]<\/p>\n","protected":false},"author":1,"featured_media":0,"comment_status":"open","ping_status":"","sticky":false,"template":"","format":"standard","meta":{"footnotes":""},"categories":[2],"tags":[118,226],"class_list":["post-2066342","post","type-post","status-publish","format-standard","hentry","category-politics","tag-campusbuzau-ro","tag-crawlmanager"],"_links":{"self":[{"href":"https:\/\/analyse.optim.biz\/index.php?rest_route=\/wp\/v2\/posts\/2066342","targetHints":{"allow":["GET"]}}],"collection":[{"href":"https:\/\/analyse.optim.biz\/index.php?rest_route=\/wp\/v2\/posts"}],"about":[{"href":"https:\/\/analyse.optim.biz\/index.php?rest_route=\/wp\/v2\/types\/post"}],"author":[{"embeddable":true,"href":"https:\/\/analyse.optim.biz\/index.php?rest_route=\/wp\/v2\/users\/1"}],"replies":[{"embeddable":true,"href":"https:\/\/analyse.optim.biz\/index.php?rest_route=%2Fwp%2Fv2%2Fcomments&post=2066342"}],"version-history":[{"count":0,"href":"https:\/\/analyse.optim.biz\/index.php?rest_route=\/wp\/v2\/posts\/2066342\/revisions"}],"wp:attachment":[{"href":"https:\/\/analyse.optim.biz\/index.php?rest_route=%2Fwp%2Fv2%2Fmedia&parent=2066342"}],"wp:term":[{"taxonomy":"category","embeddable":true,"href":"https:\/\/analyse.optim.biz\/index.php?rest_route=%2Fwp%2Fv2%2Fcategories&post=2066342"},{"taxonomy":"post_tag","embeddable":true,"href":"https:\/\/analyse.optim.biz\/index.php?rest_route=%2Fwp%2Fv2%2Ftags&post=2066342"}],"curies":[{"name":"wp","href":"https:\/\/api.w.org\/{rel}","templated":true}]}}