{"id":2066339,"date":"2026-07-28T16:42:00","date_gmt":"2026-07-28T13:42:00","guid":{"rendered":"https:\/\/analyse.optim.biz\/?p=2066339"},"modified":"2026-07-28T16:42:00","modified_gmt":"2026-07-28T13:42:00","slug":"transformare-estetica-pentru-parcul-de-langa-prefectura","status":"publish","type":"post","link":"https:\/\/analyse.optim.biz\/?p=2066339","title":{"rendered":"Transformare estetic\u0103 pentru parcul de l\u00e2ng\u0103 Prefectur\u0103"},"content":{"rendered":"<p>[analyse_image type=&#8221;featured&#8221; src=&#8221;https:\/\/www.campusbuzau.ro\/wp-content\/uploads\/2026\/07\/vlcsnap-2026-07-28-12h11m51s636.jpghttps:\/\/www.campusbuzau.ro\/wp-content\/uploads\/2026\/07\/vlcsnap-2026-07-28-12h11m51s636.jpg&#8221;]<\/p>\n<div class=\"entry-content\">\n<p><strong><em>O echip\u0103 de la Urbis Serv care se ocup\u0103 de spa\u021biile verzi din ora\u0219 reface p\u0103rcule\u021bul de l\u00e2ng\u0103 Prefectur\u0103 dup\u0103 ce aleile au fost ref\u0103cute deja. P\u0103rcule\u021bul a re\u00eenviat \u0219i decorul realizat de peisagi\u0219tii de la Urbis atrage deja toate privirile. Poate c\u0103 noua \u00eenf\u0103\u021bi\u0219are a loca\u021biei \u00eei va convinge pe consumatorii de preparate fastfood de peste drum s\u0103 men\u021bin\u0103 cur\u0103\u021benia \u0219i s\u0103 foloseasc\u0103 exclusiv co\u0219urile de gunoi.<\/em><\/strong><\/p>\n<p>P\u0103rcule\u021bul din apropierea Prefecturii care ad\u0103poste\u0219te un monument dedicat eroilor revine la via\u021b\u0103 dup\u0103 o reabilitare a aleilor \u0219i a spa\u021biilor verzi.<\/p>\n<p>Amenajarea spa\u021biului verde din parc este \u00een curs de def\u0103\u0219urare de o echip\u0103 de la Urbis Serv, dup\u0103 modelul folosit \u0219i \u00een Parcul Hasdeu dar \u0219i a benzilor din centrul Bulevardului Unirii.<\/p>\n<p>Inginerul peisagist Mara \u0218erban a \u201eales o combina\u021bie de plante perene \u0219i arbu\u0219ti cu frunz\u0103 persistent\u0103, completat\u0103 de specii cu \u00eenflorire, precum lavanda, salvia, margaretele \u0219i gailardia pentru a crea un decor atractiv pe o perioad\u0103 c\u00e2t mai lung\u0103\u201d.<\/p>\n<p>A fost montat un sistem de irigare prin picurare cu furtun pentru ca plantele s\u0103 se poat\u0103 dezvolta s\u0103n\u0103tos.<\/p>\n<p>Zonele plantate au fost completate cu rulouri de gazon \u0219i sunt protejate cu folie \u0219i piatr\u0103 decorativ\u0103.<\/p>\n<p>Urmeaz\u0103 s\u0103 fie adus \u0219i montat \u0219i mobilierul stradal, b\u0103nci \u0219i co\u0219uri de gunoi \u0219i s\u0103 fie men\u021binut\u0103 cur\u0103\u021benia, at\u00e2t \u00een parc, dar \u0219i \u00een vecin\u0103tatea lui, acolo unde foarte mul\u021bi buzoieni \u00ee\u0219i iau micul dejun, pr\u00e2nzul sau cina \u0219i unde ambalajele sunt r\u0103sp\u00e2ndite peste tot.<\/p>\n<p>Poate c\u0103 dup\u0103 aceast\u0103 reabilitare, finan\u021bat\u0103 de patronii firmelor de fastfood, care a f\u0103cut din p\u0103rcule\u021b unul dintre cele mai cochete din ora\u0219 se va schimba \u0219i comportamentul unora dintre clien\u021bi \u0219i nu se va mai face mizerie \u00een zon\u0103.<\/p>\n<figure class=\"wp-block-embed is-type-video is-provider-youtube wp-block-embed-youtube wp-embed-aspect-16-9 wp-has-aspect-ratio\">\n<div class=\"wp-block-embed__wrapper\">\n<iframe loading=\"lazy\" title=\"TRANSFORMARE ESTETIC\u0102 PENTRU P\u0102RCULE\u0162UL DIN APROPIEREA PREFECTURII\" width=\"500\" height=\"281\" src=\"https:\/\/www.youtube.com\/embed\/_JTTX_KoW7k?feature=oembed\" frameborder allow=\"accelerometer; autoplay; clipboard-write; encrypted-media; gyroscope; picture-in-picture; web-share\" referrerpolicy=\"strict-origin-when-cross-origin\" allowfullscreen><\/iframe>\n<\/div>\n<\/figure>\n<\/div>\n<p>[analyse_source url=&#8221;https:\/\/www.campusbuzau.ro\/transformare-estetica-se-reabiliteaza-parcul-prefecturii\/&#8221;]<\/p>\n","protected":false},"excerpt":{"rendered":"<p>[analyse_image type=&#8221;featured&#8221; src=&#8221;https:\/\/www.campusbuzau.ro\/wp-content\/uploads\/2026\/07\/vlcsnap-2026-07-28-12h11m51s636.jpghttps:\/\/www.campusbuzau.ro\/wp-content\/uploads\/2026\/07\/vlcsnap-2026-07-28-12h11m51s636.jpg&#8221;] O echip\u0103 de la Urbis Serv care se ocup\u0103 de spa\u021biile verzi din ora\u0219 reface p\u0103rcule\u021bul de l\u00e2ng\u0103 Prefectur\u0103 dup\u0103 ce aleile au fost ref\u0103cute deja. P\u0103rcule\u021bul a re\u00eenviat \u0219i decorul realizat de peisagi\u0219tii de la Urbis atrage deja toate privirile. Poate c\u0103 noua \u00eenf\u0103\u021bi\u0219are a loca\u021biei \u00eei va convinge pe consumatorii [&hellip;]<\/p>\n","protected":false},"author":1,"featured_media":0,"comment_status":"open","ping_status":"","sticky":false,"template":"","format":"standard","meta":{"footnotes":""},"categories":[2],"tags":[118,226],"class_list":["post-2066339","post","type-post","status-publish","format-standard","hentry","category-politics","tag-campusbuzau-ro","tag-crawlmanager"],"_links":{"self":[{"href":"https:\/\/analyse.optim.biz\/index.php?rest_route=\/wp\/v2\/posts\/2066339","targetHints":{"allow":["GET"]}}],"collection":[{"href":"https:\/\/analyse.optim.biz\/index.php?rest_route=\/wp\/v2\/posts"}],"about":[{"href":"https:\/\/analyse.optim.biz\/index.php?rest_route=\/wp\/v2\/types\/post"}],"author":[{"embeddable":true,"href":"https:\/\/analyse.optim.biz\/index.php?rest_route=\/wp\/v2\/users\/1"}],"replies":[{"embeddable":true,"href":"https:\/\/analyse.optim.biz\/index.php?rest_route=%2Fwp%2Fv2%2Fcomments&post=2066339"}],"version-history":[{"count":0,"href":"https:\/\/analyse.optim.biz\/index.php?rest_route=\/wp\/v2\/posts\/2066339\/revisions"}],"wp:attachment":[{"href":"https:\/\/analyse.optim.biz\/index.php?rest_route=%2Fwp%2Fv2%2Fmedia&parent=2066339"}],"wp:term":[{"taxonomy":"category","embeddable":true,"href":"https:\/\/analyse.optim.biz\/index.php?rest_route=%2Fwp%2Fv2%2Fcategories&post=2066339"},{"taxonomy":"post_tag","embeddable":true,"href":"https:\/\/analyse.optim.biz\/index.php?rest_route=%2Fwp%2Fv2%2Ftags&post=2066339"}],"curies":[{"name":"wp","href":"https:\/\/api.w.org\/{rel}","templated":true}]}}