{"id":2066336,"date":"2026-07-28T14:40:00","date_gmt":"2026-07-28T11:40:00","guid":{"rendered":"https:\/\/analyse.optim.biz\/?p=2066336"},"modified":"2026-07-28T14:40:00","modified_gmt":"2026-07-28T11:40:00","slug":"info-transbus-statia-de-autobuz-spitalul-judetean-aferenta-sensului-de-deplasare-parcul-crang-micro-14-va-fi-relocata","status":"publish","type":"post","link":"https:\/\/analyse.optim.biz\/?p=2066336","title":{"rendered":"Info Transbus | Sta\u021bia de autobuz\u00a0\u201eSpitalul Jude\u021bean\u201d, aferent\u0103 sensului de deplasare\u00a0Parcul Cr\u00e2ng \u2013 Micro 14, va fi relocat\u0103"},"content":{"rendered":"<p>[analyse_image type=&#8221;featured&#8221; src=&#8221;https:\/\/www.campusbuzau.ro\/wp-content\/uploads\/2026\/07\/statie-transbus-sens-spitalul-judetean-micro-14.jpghttps:\/\/www.campusbuzau.ro\/wp-content\/uploads\/2026\/07\/statie-transbus-sens-spitalul-judetean-micro-14.jpg&#8221;]<\/p>\n<div class=\"entry-content\">\n<p><strong><mark class=\"has-inline-color has-maincolor-color\">Stima\u021bi c\u0103l\u0103tori, ca urmare a lucr\u0103rilor de reabilitare a infrastructurii rutiere desf\u0103\u0219urate pe Bulevardul Stadionului, sta\u021bia de autobuz\u00a0\u201eSpitalul Jude\u021bean\u201d, aferent\u0103 sensului de deplasare\u00a0Parcul Cr\u00e2ng \u2013 Micro 14, va fi relocat\u0103 temporar \u00een dreptul\u00a0Casei Funerare Etern, p\u00e2n\u0103 la finalizarea lucr\u0103rilor.<\/mark><\/strong><\/p>\n<p><strong><mark class=\"has-inline-color has-maincolor-color\">Programul de transport \u0219i orarul curselor din capetele de linie ale traseelor r\u0103m\u00e2n neschimbate.<\/mark><\/strong><\/p>\n<p><strong><mark class=\"has-inline-color has-maincolor-color\">V\u0103 mul\u021bumim pentru \u00een\u021belegere \u0219i ne cerem scuze pentru eventualele inconveniente create.<\/mark><\/strong><\/p>\n<\/div>\n<p>[analyse_source url=&#8221;https:\/\/www.campusbuzau.ro\/info-transbus-statia-de-autobuz-spitalul-judetean-aferenta-sensului-de-deplasare-parcul-crang-micro-14-va-fi-relocata\/&#8221;]<\/p>\n","protected":false},"excerpt":{"rendered":"<p>[analyse_image type=&#8221;featured&#8221; src=&#8221;https:\/\/www.campusbuzau.ro\/wp-content\/uploads\/2026\/07\/statie-transbus-sens-spitalul-judetean-micro-14.jpghttps:\/\/www.campusbuzau.ro\/wp-content\/uploads\/2026\/07\/statie-transbus-sens-spitalul-judetean-micro-14.jpg&#8221;] Stima\u021bi c\u0103l\u0103tori, ca urmare a lucr\u0103rilor de reabilitare a infrastructurii rutiere desf\u0103\u0219urate pe Bulevardul Stadionului, sta\u021bia de autobuz\u00a0\u201eSpitalul Jude\u021bean\u201d, aferent\u0103 sensului de deplasare\u00a0Parcul Cr\u00e2ng \u2013 Micro 14, va fi relocat\u0103 temporar \u00een dreptul\u00a0Casei Funerare Etern, p\u00e2n\u0103 la finalizarea lucr\u0103rilor. Programul de transport \u0219i orarul curselor din capetele de linie ale traseelor r\u0103m\u00e2n [&hellip;]<\/p>\n","protected":false},"author":1,"featured_media":0,"comment_status":"open","ping_status":"","sticky":false,"template":"","format":"standard","meta":{"footnotes":""},"categories":[2],"tags":[118,226],"class_list":["post-2066336","post","type-post","status-publish","format-standard","hentry","category-politics","tag-campusbuzau-ro","tag-crawlmanager"],"_links":{"self":[{"href":"https:\/\/analyse.optim.biz\/index.php?rest_route=\/wp\/v2\/posts\/2066336","targetHints":{"allow":["GET"]}}],"collection":[{"href":"https:\/\/analyse.optim.biz\/index.php?rest_route=\/wp\/v2\/posts"}],"about":[{"href":"https:\/\/analyse.optim.biz\/index.php?rest_route=\/wp\/v2\/types\/post"}],"author":[{"embeddable":true,"href":"https:\/\/analyse.optim.biz\/index.php?rest_route=\/wp\/v2\/users\/1"}],"replies":[{"embeddable":true,"href":"https:\/\/analyse.optim.biz\/index.php?rest_route=%2Fwp%2Fv2%2Fcomments&post=2066336"}],"version-history":[{"count":0,"href":"https:\/\/analyse.optim.biz\/index.php?rest_route=\/wp\/v2\/posts\/2066336\/revisions"}],"wp:attachment":[{"href":"https:\/\/analyse.optim.biz\/index.php?rest_route=%2Fwp%2Fv2%2Fmedia&parent=2066336"}],"wp:term":[{"taxonomy":"category","embeddable":true,"href":"https:\/\/analyse.optim.biz\/index.php?rest_route=%2Fwp%2Fv2%2Fcategories&post=2066336"},{"taxonomy":"post_tag","embeddable":true,"href":"https:\/\/analyse.optim.biz\/index.php?rest_route=%2Fwp%2Fv2%2Ftags&post=2066336"}],"curies":[{"name":"wp","href":"https:\/\/api.w.org\/{rel}","templated":true}]}}