{"id":2066176,"date":"2026-07-28T00:00:00","date_gmt":"2026-07-27T21:00:00","guid":{"rendered":"https:\/\/analyse.optim.biz\/?p=2066176"},"modified":"2026-07-28T00:00:00","modified_gmt":"2026-07-27T21:00:00","slug":"primarul-comunei-crisan-silviu-rahau-clarifica-situatia-privind-constructia-bisericii-din-localitate","status":"publish","type":"post","link":"https:\/\/analyse.optim.biz\/?p=2066176","title":{"rendered":"Primarul comunei Cri\u0219an, Silviu Rah\u0103u, clarific\u0103 situa\u021bia privind construc\u021bia bisericii din localitate"},"content":{"rendered":"<p>[analyse_image type=&#8221;featured&#8221; src=&#8221;https:\/\/ziaruldetulcea.ro\/wp-content\/uploads\/2026\/07\/ef1ae53b-73b0-414f-8ea9-06adeda107c0-640&#215;300.png&#8221;]<\/p>\n<div class=\"post\">\n<p><strong><img loading=\"lazy\" decoding=\"async\" class=\"alignleft size-full wp-image-43900\" src=\"https:\/\/ziaruldetulcea.ro\/wp-content\/uploads\/2026\/07\/ef1ae53b-73b0-414f-8ea9-06adeda107c0.png\" alt width=\"1448\" height=\"1086\">CRI\u0218AN<\/strong> \u2013 Primarul comunei Cri\u0219an, <strong>Silviu Rah\u0103u<\/strong>, a transmis un punct de vedere referitor la informa\u021biile ap\u0103rute \u00een spa\u021biul public cu privire la construc\u021bia Bisericii din Cri\u0219an, preciz\u00e2nd c\u0103 dore\u0219te s\u0103 prezinte cet\u0103\u021benilor fapte verificabile \u0219i documentate.<\/p>\n<p>Edilul sus\u021bine c\u0103, de la preluarea primului s\u0103u mandat, lucr\u0103rile la l\u0103ca\u0219ul de cult nu au fost finan\u021bate din fonduri alocate de la bugetul de stat. Potrivit acestuia, investi\u021biile au fost realizate din sponsoriz\u0103ri ob\u021binute prin implicarea Prim\u0103riei Cri\u0219an \u0219i a sa, \u00een calitate de primar, de la agen\u021bi economici din afara comunei.<\/p>\n<p>\u201ePentru o informare complet\u0103, cet\u0103\u021benii pot consulta, la sediul Prim\u0103riei, situa\u021bia sponsoriz\u0103rilor, a sumelor \u00eencasate \u0219i a lucr\u0103rilor executate, astfel \u00eenc\u00e2t fiecare s\u0103 poat\u0103 verifica modul \u00een care au fost realizate investi\u021biile\u201d, a transmis primarul.<\/p>\n<p>\u00cen declara\u021bia sa, Silviu Rah\u0103u afirm\u0103 c\u0103 lucr\u0103rile la biseric\u0103 au fost \u00eentrerupte dup\u0103 incidentul care face obiectul unui dosar penal privind infrac\u021biunea de ultraj, \u00een care este implicat preotul paroh.<\/p>\n<p>Totodat\u0103, edilul precizeaz\u0103 c\u0103 exist\u0103 un litigiu \u00eentre Parohia Cri\u0219an \u0219i constructor, av\u00e2nd ca obiect neachitarea unor lucr\u0103ri executate. El subliniaz\u0103 c\u0103 acest litigiu prive\u0219te exclusiv rela\u021bia contractual\u0103 dintre cele dou\u0103 p\u0103r\u021bi \u0219i c\u0103 Prim\u0103ria Cri\u0219an nu are nicio calitate \u00een dosar.<\/p>\n<p>Primarul a respins \u0219i afirma\u021biile potrivit c\u0103rora \u00een biserica din Cri\u0219an slujbele ar fi oficiate \u00een limba ucrainean\u0103 sau dup\u0103 calendarul ucrainean.<\/p>\n<p>\u201eSlujbele religioase sunt oficiate \u00een limba rom\u00e2n\u0103, iar servicii religioase dup\u0103 calendarul ucrainean nu sunt desf\u0103\u0219urate\u201d, a precizat acesta.<\/p>\n<p>\u00cen \u00eencheiere, Silviu Rah\u0103u afirm\u0103 c\u0103 nu urm\u0103re\u0219te o polemic\u0103, ci dore\u0219te s\u0103 ofere informa\u021bii corecte \u0219i verificabile.<\/p>\n<p>\u201eRespect dreptul fiec\u0103rei persoane de a-\u0219i exprima opiniile, \u00eens\u0103 consider c\u0103 \u0219i comunitatea din Cri\u0219an are dreptul s\u0103 cunoasc\u0103 adev\u0103rul bazat pe fapte \u0219i documente\u201d, a transmis primarul.<\/p>\n<p>Fotografiile publicate de edil ilustreaz\u0103 stadiul Bisericii din Cri\u0219an la momentul prelu\u0103rii primului s\u0103u mandat \u0219i aspectul actual al construc\u021biei.<\/p>\n<\/div>\n<p>[analyse_source url=&#8221;https:\/\/ziaruldetulcea.ro\/primarul-comunei-crisan-silviu-rahau-clarifica-situatia-privind-constructia-bisericii-din-localitate\/&#8221;]<\/p>\n","protected":false},"excerpt":{"rendered":"<p>[analyse_image type=&#8221;featured&#8221; src=&#8221;https:\/\/ziaruldetulcea.ro\/wp-content\/uploads\/2026\/07\/ef1ae53b-73b0-414f-8ea9-06adeda107c0-640&#215;300.png&#8221;] CRI\u0218AN \u2013 Primarul comunei Cri\u0219an, Silviu Rah\u0103u, a transmis un punct de vedere referitor la informa\u021biile ap\u0103rute \u00een spa\u021biul public cu privire la construc\u021bia Bisericii din Cri\u0219an, preciz\u00e2nd c\u0103 dore\u0219te s\u0103 prezinte cet\u0103\u021benilor fapte verificabile \u0219i documentate. Edilul sus\u021bine c\u0103, de la preluarea primului s\u0103u mandat, lucr\u0103rile la l\u0103ca\u0219ul de cult nu [&hellip;]<\/p>\n","protected":false},"author":1,"featured_media":0,"comment_status":"open","ping_status":"","sticky":false,"template":"","format":"standard","meta":{"footnotes":""},"categories":[89],"tags":[226,205],"class_list":["post-2066176","post","type-post","status-publish","format-standard","hentry","category-romania","tag-crawlmanager","tag-ziaruldetulcea-ro"],"_links":{"self":[{"href":"https:\/\/analyse.optim.biz\/index.php?rest_route=\/wp\/v2\/posts\/2066176","targetHints":{"allow":["GET"]}}],"collection":[{"href":"https:\/\/analyse.optim.biz\/index.php?rest_route=\/wp\/v2\/posts"}],"about":[{"href":"https:\/\/analyse.optim.biz\/index.php?rest_route=\/wp\/v2\/types\/post"}],"author":[{"embeddable":true,"href":"https:\/\/analyse.optim.biz\/index.php?rest_route=\/wp\/v2\/users\/1"}],"replies":[{"embeddable":true,"href":"https:\/\/analyse.optim.biz\/index.php?rest_route=%2Fwp%2Fv2%2Fcomments&post=2066176"}],"version-history":[{"count":0,"href":"https:\/\/analyse.optim.biz\/index.php?rest_route=\/wp\/v2\/posts\/2066176\/revisions"}],"wp:attachment":[{"href":"https:\/\/analyse.optim.biz\/index.php?rest_route=%2Fwp%2Fv2%2Fmedia&parent=2066176"}],"wp:term":[{"taxonomy":"category","embeddable":true,"href":"https:\/\/analyse.optim.biz\/index.php?rest_route=%2Fwp%2Fv2%2Fcategories&post=2066176"},{"taxonomy":"post_tag","embeddable":true,"href":"https:\/\/analyse.optim.biz\/index.php?rest_route=%2Fwp%2Fv2%2Ftags&post=2066176"}],"curies":[{"name":"wp","href":"https:\/\/api.w.org\/{rel}","templated":true}]}}